{"id":16705,"date":"2013-05-15T08:00:47","date_gmt":"2013-05-15T14:00:47","guid":{"rendered":"http:\/\/quechilero.com\/blog\/?p=16705"},"modified":"2013-08-16T12:13:14","modified_gmt":"2013-08-16T18:13:14","slug":"%ef%bb%bfagarrate","status":"publish","type":"post","link":"https:\/\/quechilero.com\/blog\/2013\/05\/15\/%ef%bb%bfagarrate\/","title":{"rendered":"\ufeff\u00a1Ag\u00e1rrate!"},"content":{"rendered":"<p>Una ni\u00f1a peque\u00f1a estaba muy nerviosa ante la perspectiva de montar a caballo por primera vez, a\u00fan cuando iba a montar detr\u00e1s de su abuelo, que era un excelente jinete. Cuando sus padres la ayudaban a montarse en el caballo, ella grit\u00f3: \u00bfQu\u00e9 hago ahora? \u00a1Yo no s\u00e9 montar a caballo! \u00a1Nunca lo he hecho antes! \u00bfQu\u00e9 hago?<\/p>\n<p>Su abuelo le respondi\u00f3 con un tono reconfortante: No te preocupes del caballo, ni de c\u00f3mo montarlo. Solo ag\u00e1rrate de m\u00ed, mi amor, solo ag\u00e1rrate de m\u00ed.<\/p>\n<p>\u00a1Qu\u00e9 gran consejo para nosotros hoy! Pensamos que nuestro d\u00eda va a ser lento, pesado y aburrido, pero resulta en un d\u00eda bien movido y agitado. En esos d\u00edas es cuando necesitamos aferrarnos a nuestra fe en el Se\u00f1or y permanecer en la montura.<\/p>\n<p>Una de las formas m\u00e1s importantes en las que nos aferramos al Se\u00f1or es mediante la constante comunicaci\u00f3n con \u00c9l en un flujo continuo de oraci\u00f3n y alabanza. Podemos orar en cualquier lugar y momento. Incluso un pensamiento de oraci\u00f3n nos lleva a centrar nuestra voluntad y atenci\u00f3n en el Se\u00f1or y a depositar toda nuestra confianza en \u00c9l. S\u00f3lo cuando perdemos el contacto con el Se\u00f1or caemos en el peligro del p\u00e1nico, la frustraci\u00f3n, el frenes\u00ed y el fracaso que traen consigo.<\/p>\n<p>El Se\u00f1or conoce el final del camino desde el comienzo de cada d\u00eda y sabe cu\u00e1nto va a durar la presente agitaci\u00f3n en tu vida. Sobre todo, \u00c9l sabe c\u00f3mo guiarte con seguridad a trav\u00e9s de cada desenfrenada cabalgata, conserv\u00e1ndote en su divina paz durante todo el camino.<\/p>\n<p>Harriet Beecher Stowe nos da el siguiente consejo:<\/p>\n<p>Cuando te encuentres metido en situaciones dif\u00edciles y todo parezca estar en tu contra, al punto de que sientes que ya no vas a poder aguantar ni un minuto m\u00e1s, nunca te rindas entonces, pues ese es s\u00f3lo el lugar y el momento en que cambiar\u00e1 la marea.<\/p>\n<p>Recuerda siempre que nunca montas solo en las bestias de la vida. El Se\u00f1or est\u00e1 contigo y sostiene las riendas con firmeza en su mano. \u00a1Solo ag\u00e1rrate!<\/p>\n","protected":false},"excerpt":{"rendered":"<p>Una ni\u00f1a peque\u00f1a estaba muy nerviosa ante la perspectiva de montar a caballo por primera vez, a\u00fan cuando iba a montar detr\u00e1s de su abuelo, que era un excelente jinete. Cuando sus padres la ayudaban a montarse en el caballo, ella grit\u00f3: \u00bfQu\u00e9 hago ahora? \u00a1Yo no s\u00e9 montar a caballo! \u00a1Nunca lo he hecho &#8230; <a title=\"\ufeff\u00a1Ag\u00e1rrate!\" class=\"read-more\" href=\"https:\/\/quechilero.com\/blog\/2013\/05\/15\/%ef%bb%bfagarrate\/\" aria-label=\"Leer m\u00e1s sobre \ufeff\u00a1Ag\u00e1rrate!\">Leer m\u00e1s<\/a><\/p>\n","protected":false},"author":1,"featured_media":0,"comment_status":"open","ping_status":"open","sticky":false,"template":"","format":"standard","meta":{"advanced_seo_description":"","jetpack_seo_html_title":"","jetpack_seo_noindex":false,"jetpack_seo_schema_type":"","episode_type":"","audio_file":"","podmotor_file_id":"","podmotor_episode_id":"","cover_image":"","cover_image_id":"","duration":"","filesize":"","filesize_raw":"","date_recorded":"","explicit":"","block":"","_jetpack_newsletter_access":"","_jetpack_dont_email_post_to_subs":false,"_jetpack_newsletter_tier_id":0,"_jetpack_memberships_contains_paywalled_content":false,"_jetpack_feature_clip_id":0,"_jetpack_memberships_contains_paid_content":false,"footnotes":"","jetpack_publicize_message":"","jetpack_publicize_feature_enabled":true,"jetpack_social_post_already_shared":false,"jetpack_social_options":{"image_generator_settings":{"template":"highway","default_image_id":0,"font":"","enabled":false},"version":2},"jetpack_post_was_ever_published":false},"categories":[2],"tags":[15,37,38,92,86,40,24],"series":[],"class_list":["post-16705","post","type-post","status-publish","format-standard","hentry","category-limones","tag-amor","tag-ayuda","tag-confianza","tag-frustracion","tag-oracion","tag-paz","tag-vida"],"episode_featured_image":false,"episode_player_image":"https:\/\/i0.wp.com\/quechilero.com\/blog\/imagenes\/podcast.png?fit=1831%2C1831&ssl=1","download_link":"","player_link":"","audio_player":false,"episode_data":{"playerMode":"dark","subscribeUrls":{"amazon":{"key":"amazon","url":"","label":"Amazon","class":"amazon","icon":"amazon.png"},"apple_podcasts":{"key":"apple_podcasts","url":"","label":"Apple Podcasts","class":"apple_podcasts","icon":"apple-podcasts.png"},"castbox":{"key":"castbox","url":"","label":"CastBox","class":"castbox","icon":"castbox.png"},"deezer":{"key":"deezer","url":"","label":"Deezer","class":"deezer","icon":"deezer.png"},"google_podcasts":{"key":"google_podcasts","url":"","label":"Google Podcasts","class":"google_podcasts","icon":"google-podcasts.png"},"listen_notes":{"key":"listen_notes","url":"","label":"Listen Notes","class":"listen_notes","icon":"listen-notes.png"},"pandora":{"key":"pandora","url":"","label":"Pandora","class":"pandora","icon":"pandora.png"},"podbean":{"key":"podbean","url":"","label":"Podbean","class":"podbean","icon":"podbean.png"},"podcast_republic":{"key":"podcast_republic","url":"","label":"Podcast Republic","class":"podcast_republic","icon":"podcast-republic.png"},"rss":{"key":"rss","url":"","label":"RSS","class":"rss","icon":"rss.png"},"spotify":{"key":"spotify","url":"","label":"Spotify","class":"spotify","icon":"spotify.png"},"stitcher":{"key":"stitcher","url":"","label":"Stitcher","class":"stitcher","icon":"stitcher.png"},"tunein":{"key":"tunein","url":"","label":"TuneIn","class":"tunein","icon":"tunein.png"},"youtube":{"key":"youtube","url":"","label":"YouTube","class":"youtube","icon":"youtube.png"},"iheartradio":{"key":"iheartradio","url":"","label":"iHeartRadio","class":"iheartradio","icon":"iheartradio.png"},"ivoox":{"key":"ivoox","url":"","label":"iVoox","class":"ivoox","icon":"ivoox.png"}},"rssFeedUrl":"https:\/\/quechilero.com\/blog\/feed\/podcast\/si-la-vida-nos-da-limones","embedCode":"<blockquote class=\"wp-embedded-content\" data-secret=\"y7zEIgtDut\"><a href=\"https:\/\/quechilero.com\/blog\/2013\/05\/15\/%ef%bb%bfagarrate\/\">\ufeff\u00a1Ag\u00e1rrate!<\/a><\/blockquote><iframe sandbox=\"allow-scripts\" security=\"restricted\" src=\"https:\/\/quechilero.com\/blog\/2013\/05\/15\/%ef%bb%bfagarrate\/embed\/#?secret=y7zEIgtDut\" width=\"500\" height=\"350\" title=\"\u00ab\ufeff\u00a1Ag\u00e1rrate!\u00bb \u2014 Si la Vida nos da Limones...\" data-secret=\"y7zEIgtDut\" frameborder=\"0\" marginwidth=\"0\" marginheight=\"0\" scrolling=\"no\" class=\"wp-embedded-content\"><\/iframe><script>\n\/*! This file is auto-generated *\/\n!function(d,l){\"use strict\";l.querySelector&&d.addEventListener&&\"undefined\"!=typeof URL&&(d.wp=d.wp||{},d.wp.receiveEmbedMessage||(d.wp.receiveEmbedMessage=function(e){var t=e.data;if((t||t.secret||t.message||t.value)&&!\/[^a-zA-Z0-9]\/.test(t.secret)){for(var s,r,n,a=l.querySelectorAll('iframe[data-secret=\"'+t.secret+'\"]'),o=l.querySelectorAll('blockquote[data-secret=\"'+t.secret+'\"]'),c=new RegExp(\"^https?:$\",\"i\"),i=0;i<o.length;i++)o[i].style.display=\"none\";for(i=0;i<a.length;i++)s=a[i],e.source===s.contentWindow&&(s.removeAttribute(\"style\"),\"height\"===t.message?(1e3<(r=parseInt(t.value,10))?r=1e3:~~r<200&&(r=200),s.height=r):\"link\"===t.message&&(r=new URL(s.getAttribute(\"src\")),n=new URL(t.value),c.test(n.protocol))&&n.host===r.host&&l.activeElement===s&&(d.top.location.href=t.value))}},d.addEventListener(\"message\",d.wp.receiveEmbedMessage,!1),l.addEventListener(\"DOMContentLoaded\",function(){for(var e,t,s=l.querySelectorAll(\"iframe.wp-embedded-content\"),r=0;r<s.length;r++)(t=(e=s[r]).getAttribute(\"data-secret\"))||(t=Math.random().toString(36).substring(2,12),e.src+=\"#?secret=\"+t,e.setAttribute(\"data-secret\",t)),e.contentWindow.postMessage({message:\"ready\",secret:t},\"*\")},!1)))}(window,document);\n\/\/# sourceURL=https:\/\/quechilero.com\/blog\/wp-includes\/js\/wp-embed.min.js\n<\/script>\n"},"jetpack_publicize_connections":[],"jetpack_shortlink":"https:\/\/wp.me\/pDKli-4lr","jetpack_sharing_enabled":true,"jetpack-related-posts":[{"id":11971,"url":"https:\/\/quechilero.com\/blog\/2012\/01\/17\/agarrate-a-la-vida\/","url_meta":{"origin":16705,"position":0},"title":"Ag\u00e1rrate a la vida","author":"Pepe Barrascout Ortiz","date":"17 enero 2012","format":false,"excerpt":"https:\/\/youtu.be\/QPMqFeOmSKI No deber\u00eda ser necesario recordar el usar el cintur\u00f3n de seguridad. Sin embargo hay gente que cree que no es importante utilizarlo, no es por que la ley lo exige, o porque nuestros familiares y seres queridos lo piden, o para no hacer da\u00f1o a personas inocentes, a parte\u2026","rel":"","context":"En \u00abLimones\u00bb","block_context":{"text":"Limones","link":"https:\/\/quechilero.com\/blog\/category\/limones\/"},"img":{"alt_text":"","src":"https:\/\/i0.wp.com\/img.youtube.com\/vi\/QPMqFeOmSKI\/0.jpg?resize=350%2C200","width":350,"height":200},"classes":[]},{"id":9191,"url":"https:\/\/quechilero.com\/blog\/2011\/11\/04\/castigando-al-caballo\/","url_meta":{"origin":16705,"position":1},"title":"Castigando al caballo","author":"Pepe Barrascout Ortiz","date":"4 noviembre 2011","format":false,"excerpt":"Un viajero en el Reino de Song meti\u00f3 a su caballo en un arroyo porque \u00e9ste se negaba a avanzar; luego lo volvi\u00f3 a montar para partir. El caballo se neg\u00f3 de nuevo a nadar. Lo castig\u00f3 otra vez en la misma forma. Esto se repiti\u00f3 tres veces. Ni el\u2026","rel":"","context":"En \u00abLimones\u00bb","block_context":{"text":"Limones","link":"https:\/\/quechilero.com\/blog\/category\/limones\/"},"img":{"alt_text":"","src":"","width":0,"height":0},"classes":[]},{"id":2441,"url":"https:\/\/quechilero.com\/blog\/2009\/03\/22\/alejandro-magno\/","url_meta":{"origin":16705,"position":2},"title":"Alejandro Magno","author":"Pepe Barrascout Ortiz","date":"22 marzo 2009","format":false,"excerpt":"El mejor retrato de Alejandro Magno nos lo proporciona Plutarco con la an\u00e9cdota del ind\u00f3mito caballo Buc\u00e9falo cuya compra ofrecen a Filipo de Macedonia, el padre de Alejandro. El caballo no permite que se le acerque jinete alguno; es tan rebelde que Filipo est\u00e1 a punto de renunciar definitivamente, cuando\u2026","rel":"","context":"En \u00abLimones\u00bb","block_context":{"text":"Limones","link":"https:\/\/quechilero.com\/blog\/category\/limones\/"},"img":{"alt_text":"","src":"","width":0,"height":0},"classes":[]},{"id":18729,"url":"https:\/\/quechilero.com\/blog\/2014\/08\/07\/alegres-y-tristes\/","url_meta":{"origin":16705,"position":3},"title":"Alegres y tristes","author":"Pepe Barrascout Ortiz","date":"7 agosto 2014","format":false,"excerpt":"Cuenta una vieja leyenda que tres hombres estaban una vez cruzando un desierto a caballo durante la noche. Cuando se acercaban a un riachuelo seco escucharon una voz que les orden\u00f3 desmontarse, recoger unas piedras, pon\u00e9rselas en los bolsillos, y no mirarlas hasta la ma\u00f1ana siguiente. A los hombres se\u2026","rel":"","context":"En \u00abLimones\u00bb","block_context":{"text":"Limones","link":"https:\/\/quechilero.com\/blog\/category\/limones\/"},"img":{"alt_text":"","src":"","width":0,"height":0},"classes":[]},{"id":338,"url":"https:\/\/quechilero.com\/blog\/2006\/11\/29\/el-caballo-y-el-cerdo\/","url_meta":{"origin":16705,"position":4},"title":"El caballo y el cerdo","author":"Pepe Barrascout Ortiz","date":"29 noviembre 2006","format":false,"excerpt":"Un hacendado coleccionaba caballos y s\u00f3lo le faltaba una determinada raza. Un d\u00eda se dio cuenta que su vecino ten\u00eda precisamente un caballo de esa raza. As\u00ed que trat\u00f3, d\u00eda tras d\u00eda, de convencer a su vecino de que se lo vendiera, hasta que lo logr\u00f3. Un mes despu\u00e9s, el\u2026","rel":"","context":"En \u00abLimones\u00bb","block_context":{"text":"Limones","link":"https:\/\/quechilero.com\/blog\/category\/limones\/"},"img":{"alt_text":"","src":"","width":0,"height":0},"classes":[]},{"id":15092,"url":"https:\/\/quechilero.com\/blog\/2012\/11\/04\/ciega-y-sordomuda\/","url_meta":{"origin":16705,"position":5},"title":"Ciega y sordomuda","author":"Pepe Barrascout Ortiz","date":"4 noviembre 2012","format":false,"excerpt":"Uno de los ejemplos m\u00e1s formidables que se pueden poner de tes\u00f3n lo ofrece, con su conducta, la c\u00e9lebre Hellen K\u00e9ller. Cuando ten\u00eda s\u00f3lo 19 meses de edad, a causa de una enfermedad, queda ciega y sordomuda de por vida. Con gran esfuerzo logr\u00f3 aprender a leer y a escribir;\u2026","rel":"","context":"En \u00abLimones\u00bb","block_context":{"text":"Limones","link":"https:\/\/quechilero.com\/blog\/category\/limones\/"},"img":{"alt_text":"","src":"","width":0,"height":0},"classes":[]}],"jetpack_featured_media_url":"","_links":{"self":[{"href":"https:\/\/quechilero.com\/blog\/wp-json\/wp\/v2\/posts\/16705","targetHints":{"allow":["GET"]}}],"collection":[{"href":"https:\/\/quechilero.com\/blog\/wp-json\/wp\/v2\/posts"}],"about":[{"href":"https:\/\/quechilero.com\/blog\/wp-json\/wp\/v2\/types\/post"}],"author":[{"embeddable":true,"href":"https:\/\/quechilero.com\/blog\/wp-json\/wp\/v2\/users\/1"}],"replies":[{"embeddable":true,"href":"https:\/\/quechilero.com\/blog\/wp-json\/wp\/v2\/comments?post=16705"}],"version-history":[{"count":0,"href":"https:\/\/quechilero.com\/blog\/wp-json\/wp\/v2\/posts\/16705\/revisions"}],"wp:attachment":[{"href":"https:\/\/quechilero.com\/blog\/wp-json\/wp\/v2\/media?parent=16705"}],"wp:term":[{"taxonomy":"category","embeddable":true,"href":"https:\/\/quechilero.com\/blog\/wp-json\/wp\/v2\/categories?post=16705"},{"taxonomy":"post_tag","embeddable":true,"href":"https:\/\/quechilero.com\/blog\/wp-json\/wp\/v2\/tags?post=16705"},{"taxonomy":"series","embeddable":true,"href":"https:\/\/quechilero.com\/blog\/wp-json\/wp\/v2\/series?post=16705"}],"curies":[{"name":"wp","href":"https:\/\/api.w.org\/{rel}","templated":true}]}}