{"id":16701,"date":"2013-05-14T08:00:35","date_gmt":"2013-05-14T14:00:35","guid":{"rendered":"http:\/\/quechilero.com\/blog\/?p=16701"},"modified":"2013-08-16T12:06:19","modified_gmt":"2013-08-16T18:06:19","slug":"%ef%bb%bfte-resistes-al-cambio","status":"publish","type":"post","link":"https:\/\/quechilero.com\/blog\/2013\/05\/14\/%ef%bb%bfte-resistes-al-cambio\/","title":{"rendered":"\ufeff\u00bfTe resistes al cambio?"},"content":{"rendered":"<p>Una tira c\u00f3mica de Calvin y Hobbes ilustra la manera en que muchos de nosotros percibimos el cambio. Calvin y su amigo el tigre presumido ven\u00edan bajando un cerro a toda velocidad en el cochecito del ni\u00f1o. Calvin le grit\u00f3 a Hobbes, que ven\u00eda tras \u00e9l:<\/p>\n<p>&#8211; Me encanta el cambio.<\/p>\n<p>Sorprendido, Hobbes, le dijo:<\/p>\n<p>&#8211; \u00bfT\u00fa, que esta ma\u00f1ana te pusiste furioso cuando mam\u00e1 puso menos mermelada en tu tostada que ayer?<\/p>\n<p>Calvin enfrent\u00f3 a Hobbes y le explic\u00f3:<\/p>\n<p>&#8211; No me has entendido. Me encanta el cambio en otras personas.<\/p>\n<p>El denominador com\u00fan del \u00e9xito radica, en formarse el h\u00e1bito de hacer cosas, que a los que fracasan no les gusta hacer.<i>\u00a0&#8211; Albert Gray<\/i><\/p>\n<p>Usted no tiene que estar loco por cambiar para tener \u00e9xito, pero s\u00ed tiene que estar dispuesto a aceptar el cambio.<\/p>\n<p>El cambio es un catal\u00edtico para el crecimiento personal. Lo saca de la rutina, le da un nuevo comienzo y le provee de una oportunidad para reevaluar el rumbo que lleva.<\/p>\n<p>Si se resiste al cambio, en realidad se est\u00e1 resistiendo al \u00e9xito. Aprenda a ser flexible o aprenda como vivir con sus fracasos.<\/p>\n","protected":false},"excerpt":{"rendered":"<p>Una tira c\u00f3mica de Calvin y Hobbes ilustra la manera en que muchos de nosotros percibimos el cambio. Calvin y su amigo el tigre presumido ven\u00edan bajando un cerro a toda velocidad en el cochecito del ni\u00f1o. Calvin le grit\u00f3 a Hobbes, que ven\u00eda tras \u00e9l: &#8211; Me encanta el cambio. Sorprendido, Hobbes, le dijo: &#8230; <a title=\"\ufeff\u00bfTe resistes al cambio?\" class=\"read-more\" href=\"https:\/\/quechilero.com\/blog\/2013\/05\/14\/%ef%bb%bfte-resistes-al-cambio\/\" aria-label=\"Leer m\u00e1s sobre \ufeff\u00bfTe resistes al cambio?\">Leer m\u00e1s<\/a><\/p>\n","protected":false},"author":1,"featured_media":0,"comment_status":"open","ping_status":"open","sticky":false,"template":"","format":"standard","meta":{"advanced_seo_description":"","jetpack_seo_html_title":"","jetpack_seo_noindex":false,"jetpack_seo_schema_type":"","episode_type":"","audio_file":"","podmotor_file_id":"","podmotor_episode_id":"","cover_image":"","cover_image_id":"","duration":"","filesize":"","filesize_raw":"","date_recorded":"","explicit":"","block":"","_jetpack_newsletter_access":"","_jetpack_dont_email_post_to_subs":false,"_jetpack_newsletter_tier_id":0,"_jetpack_memberships_contains_paywalled_content":false,"_jetpack_feature_clip_id":0,"_jetpack_memberships_contains_paid_content":false,"footnotes":"","jetpack_publicize_message":"","jetpack_publicize_feature_enabled":true,"jetpack_social_post_already_shared":false,"jetpack_social_options":{"image_generator_settings":{"template":"highway","default_image_id":0,"font":"","enabled":false},"version":2},"jetpack_post_was_ever_published":false},"categories":[2],"tags":[11,12],"series":[],"class_list":["post-16701","post","type-post","status-publish","format-standard","hentry","category-limones","tag-amigo","tag-cosas"],"episode_featured_image":false,"episode_player_image":"https:\/\/i0.wp.com\/quechilero.com\/blog\/imagenes\/podcast.png?fit=1831%2C1831&ssl=1","download_link":"","player_link":"","audio_player":false,"episode_data":{"playerMode":"dark","subscribeUrls":{"amazon":{"key":"amazon","url":"","label":"Amazon","class":"amazon","icon":"amazon.png"},"apple_podcasts":{"key":"apple_podcasts","url":"","label":"Apple Podcasts","class":"apple_podcasts","icon":"apple-podcasts.png"},"castbox":{"key":"castbox","url":"","label":"CastBox","class":"castbox","icon":"castbox.png"},"deezer":{"key":"deezer","url":"","label":"Deezer","class":"deezer","icon":"deezer.png"},"google_podcasts":{"key":"google_podcasts","url":"","label":"Google Podcasts","class":"google_podcasts","icon":"google-podcasts.png"},"listen_notes":{"key":"listen_notes","url":"","label":"Listen Notes","class":"listen_notes","icon":"listen-notes.png"},"pandora":{"key":"pandora","url":"","label":"Pandora","class":"pandora","icon":"pandora.png"},"podbean":{"key":"podbean","url":"","label":"Podbean","class":"podbean","icon":"podbean.png"},"podcast_republic":{"key":"podcast_republic","url":"","label":"Podcast Republic","class":"podcast_republic","icon":"podcast-republic.png"},"rss":{"key":"rss","url":"","label":"RSS","class":"rss","icon":"rss.png"},"spotify":{"key":"spotify","url":"","label":"Spotify","class":"spotify","icon":"spotify.png"},"stitcher":{"key":"stitcher","url":"","label":"Stitcher","class":"stitcher","icon":"stitcher.png"},"tunein":{"key":"tunein","url":"","label":"TuneIn","class":"tunein","icon":"tunein.png"},"youtube":{"key":"youtube","url":"","label":"YouTube","class":"youtube","icon":"youtube.png"},"iheartradio":{"key":"iheartradio","url":"","label":"iHeartRadio","class":"iheartradio","icon":"iheartradio.png"},"ivoox":{"key":"ivoox","url":"","label":"iVoox","class":"ivoox","icon":"ivoox.png"}},"rssFeedUrl":"https:\/\/quechilero.com\/blog\/feed\/podcast\/si-la-vida-nos-da-limones","embedCode":"<blockquote class=\"wp-embedded-content\" data-secret=\"4Qrj3nZRRp\"><a href=\"https:\/\/quechilero.com\/blog\/2013\/05\/14\/%ef%bb%bfte-resistes-al-cambio\/\">\ufeff\u00bfTe resistes al cambio?<\/a><\/blockquote><iframe sandbox=\"allow-scripts\" security=\"restricted\" src=\"https:\/\/quechilero.com\/blog\/2013\/05\/14\/%ef%bb%bfte-resistes-al-cambio\/embed\/#?secret=4Qrj3nZRRp\" width=\"500\" height=\"350\" title=\"\u00ab\ufeff\u00bfTe resistes al cambio?\u00bb \u2014 Si la Vida nos da Limones...\" data-secret=\"4Qrj3nZRRp\" frameborder=\"0\" marginwidth=\"0\" marginheight=\"0\" scrolling=\"no\" class=\"wp-embedded-content\"><\/iframe><script>\n\/*! This file is auto-generated *\/\n!function(d,l){\"use strict\";l.querySelector&&d.addEventListener&&\"undefined\"!=typeof URL&&(d.wp=d.wp||{},d.wp.receiveEmbedMessage||(d.wp.receiveEmbedMessage=function(e){var t=e.data;if((t||t.secret||t.message||t.value)&&!\/[^a-zA-Z0-9]\/.test(t.secret)){for(var s,r,n,a=l.querySelectorAll('iframe[data-secret=\"'+t.secret+'\"]'),o=l.querySelectorAll('blockquote[data-secret=\"'+t.secret+'\"]'),c=new RegExp(\"^https?:$\",\"i\"),i=0;i<o.length;i++)o[i].style.display=\"none\";for(i=0;i<a.length;i++)s=a[i],e.source===s.contentWindow&&(s.removeAttribute(\"style\"),\"height\"===t.message?(1e3<(r=parseInt(t.value,10))?r=1e3:~~r<200&&(r=200),s.height=r):\"link\"===t.message&&(r=new URL(s.getAttribute(\"src\")),n=new URL(t.value),c.test(n.protocol))&&n.host===r.host&&l.activeElement===s&&(d.top.location.href=t.value))}},d.addEventListener(\"message\",d.wp.receiveEmbedMessage,!1),l.addEventListener(\"DOMContentLoaded\",function(){for(var e,t,s=l.querySelectorAll(\"iframe.wp-embedded-content\"),r=0;r<s.length;r++)(t=(e=s[r]).getAttribute(\"data-secret\"))||(t=Math.random().toString(36).substring(2,12),e.src+=\"#?secret=\"+t,e.setAttribute(\"data-secret\",t)),e.contentWindow.postMessage({message:\"ready\",secret:t},\"*\")},!1)))}(window,document);\n\/\/# sourceURL=https:\/\/quechilero.com\/blog\/wp-includes\/js\/wp-embed.min.js\n<\/script>\n"},"jetpack_publicize_connections":[],"jetpack_shortlink":"https:\/\/wp.me\/pDKli-4ln","jetpack_sharing_enabled":true,"jetpack-related-posts":[{"id":16882,"url":"https:\/\/quechilero.com\/blog\/2013\/08\/11\/los-mejores-socios\/","url_meta":{"origin":16701,"position":0},"title":"Los mejores socios","author":"Pepe Barrascout Ortiz","date":"11 agosto 2013","format":false,"excerpt":"\u00bfNo puedes dormir porque te preocupa tu situaci\u00f3n profesional y financiera? Ese era el caso de Bill, un hombre de negocios de mediana edad que siempre le dec\u00eda a la gente que har\u00eda esto o aquello en su negocio de relaciones p\u00fablicas; siempre era algo que de seguro le dar\u00eda\u2026","rel":"","context":"En \u00abLimones\u00bb","block_context":{"text":"Limones","link":"https:\/\/quechilero.com\/blog\/category\/limones\/"},"img":{"alt_text":"","src":"","width":0,"height":0},"classes":[]},{"id":5797,"url":"https:\/\/quechilero.com\/blog\/2010\/11\/06\/el-aguila-y-los-gallos\/","url_meta":{"origin":16701,"position":1},"title":"El \u00e1guila y los gallos","author":"Pepe Barrascout Ortiz","date":"6 noviembre 2010","format":false,"excerpt":"Dos gallos re\u00f1\u00edan por la preferencia de las gallinas, y al fin uno puso en fuga al otro. Resignadamente se retir\u00f3 el vencido a un matorral, ocult\u00e1ndose all\u00ed. En cambio el vencedor orgulloso se subi\u00f3 a una tapia alta d\u00e1ndose a cantar con gran estruendo. Mas no tard\u00f3 un \u00e1guila\u2026","rel":"","context":"En \u00abLimones\u00bb","block_context":{"text":"Limones","link":"https:\/\/quechilero.com\/blog\/category\/limones\/"},"img":{"alt_text":"","src":"","width":0,"height":0},"classes":[]},{"id":16737,"url":"https:\/\/quechilero.com\/blog\/2013\/06\/01\/hoy-%ef%bb%bfdire-gracias-por-todo-papa\/","url_meta":{"origin":16701,"position":2},"title":"Hoy&#8230; \ufeffDir\u00e9 gracias por todo Pap\u00e1","author":"Pepe Barrascout Ortiz","date":"1 junio 2013","format":false,"excerpt":"En medio de fuerzas y acontecimientos demasiado grandes para que nosotros solos forcejeemos con ellos, se nos presenta un mensaje intimidante de aislamiento. Empeque\u00f1ecidos frente al tama\u00f1o del universo, la incertidumbre del futuro, las necesidades de comida y amistad, somos como ese estudiante de primer a\u00f1o de bachillerato que acaba\u2026","rel":"","context":"En \u00abLimones\u00bb","block_context":{"text":"Limones","link":"https:\/\/quechilero.com\/blog\/category\/limones\/"},"img":{"alt_text":"","src":"","width":0,"height":0},"classes":[]},{"id":16721,"url":"https:\/\/quechilero.com\/blog\/2013\/05\/23\/falta-de-voluntad-para-el-cambio\/","url_meta":{"origin":16701,"position":3},"title":"Falta de voluntad para el cambio","author":"Pepe Barrascout Ortiz","date":"23 mayo 2013","format":false,"excerpt":"Quiz\u00e1s el enemigo m\u00e1s implacable de los logros, del crecimiento personal y del \u00e9xito es la inflexibilidad. Algunas personas parecen seguir tan enamoradas con el pasado que no pueden entenderse con el presente. No hace mucho, un amigo me mand\u00f3 \"Las diez mejores estrategias para v\u00e9rselas con un caballo muerto\".\u2026","rel":"","context":"En \u00abLimones\u00bb","block_context":{"text":"Limones","link":"https:\/\/quechilero.com\/blog\/category\/limones\/"},"img":{"alt_text":"","src":"","width":0,"height":0},"classes":[]},{"id":1406,"url":"https:\/\/quechilero.com\/blog\/2009\/01\/22\/10-cosas-que-he-aprendido-5\/","url_meta":{"origin":16701,"position":4},"title":"10 cosas que he aprendido","author":"Pepe Barrascout Ortiz","date":"22 enero 2009","format":false,"excerpt":"10 cosas importantes que he aprendido He aprendido que no tengo que cambiar de amigos si comprendo que los amigos cambian. He aprendido que no debo afanarme averiguar un secreto; podr\u00eda cambiar mi vida para siempre. He aprendido que dos personas pueden mirar a la misma cosa y ver totalmente\u2026","rel":"","context":"En \u00abLimones por mano\u00bb","block_context":{"text":"Limones por mano","link":"https:\/\/quechilero.com\/blog\/category\/limones-por-mano\/"},"img":{"alt_text":"","src":"","width":0,"height":0},"classes":[]},{"id":19907,"url":"https:\/\/quechilero.com\/blog\/2015\/03\/06\/quien-impide-tu-crecimiento\/","url_meta":{"origin":16701,"position":5},"title":"\u00bfQui\u00e9n impide tu crecimiento?","author":"Pepe Barrascout Ortiz","date":"6 marzo 2015","format":false,"excerpt":"Una empresa estaba en una dif\u00edcil situaci\u00f3n, las ventas iban mal, los trabajadores y colaboradores estaban desanimados y la situaci\u00f3n financiera del negocio era extremadamente cr\u00edtica. Era preciso hacer algo para revertir la situaci\u00f3n. Nadie quer\u00eda asumir responsabilidades. Por el contrario, el personal sent\u00eda el desamparo y la r\u00e1pida extinci\u00f3n\u2026","rel":"","context":"En \u00abLimones\u00bb","block_context":{"text":"Limones","link":"https:\/\/quechilero.com\/blog\/category\/limones\/"},"img":{"alt_text":"","src":"","width":0,"height":0},"classes":[]}],"jetpack_featured_media_url":"","_links":{"self":[{"href":"https:\/\/quechilero.com\/blog\/wp-json\/wp\/v2\/posts\/16701","targetHints":{"allow":["GET"]}}],"collection":[{"href":"https:\/\/quechilero.com\/blog\/wp-json\/wp\/v2\/posts"}],"about":[{"href":"https:\/\/quechilero.com\/blog\/wp-json\/wp\/v2\/types\/post"}],"author":[{"embeddable":true,"href":"https:\/\/quechilero.com\/blog\/wp-json\/wp\/v2\/users\/1"}],"replies":[{"embeddable":true,"href":"https:\/\/quechilero.com\/blog\/wp-json\/wp\/v2\/comments?post=16701"}],"version-history":[{"count":0,"href":"https:\/\/quechilero.com\/blog\/wp-json\/wp\/v2\/posts\/16701\/revisions"}],"wp:attachment":[{"href":"https:\/\/quechilero.com\/blog\/wp-json\/wp\/v2\/media?parent=16701"}],"wp:term":[{"taxonomy":"category","embeddable":true,"href":"https:\/\/quechilero.com\/blog\/wp-json\/wp\/v2\/categories?post=16701"},{"taxonomy":"post_tag","embeddable":true,"href":"https:\/\/quechilero.com\/blog\/wp-json\/wp\/v2\/tags?post=16701"},{"taxonomy":"series","embeddable":true,"href":"https:\/\/quechilero.com\/blog\/wp-json\/wp\/v2\/series?post=16701"}],"curies":[{"name":"wp","href":"https:\/\/api.w.org\/{rel}","templated":true}]}}