{"id":16695,"date":"2013-05-11T08:00:48","date_gmt":"2013-05-11T14:00:48","guid":{"rendered":"http:\/\/quechilero.com\/blog\/?p=16695"},"modified":"2013-08-16T12:03:27","modified_gmt":"2013-08-16T18:03:27","slug":"que-el-fracaso-no-les-quite-la-autoestima","status":"publish","type":"post","link":"https:\/\/quechilero.com\/blog\/2013\/05\/11\/que-el-fracaso-no-les-quite-la-autoestima\/","title":{"rendered":"Que el fracaso no les quite la autoestima"},"content":{"rendered":"<p>Marcelo Bielsa, el t\u00e9cnico del Athletic de Bilbao, es un hombre de un gesto adusto, que pocas veces deja resquicio a mostrar sus emociones en p\u00fablico. Pero en la intimidad es una persona que lo hace con frecuencia. Y que incluso se abre para expresar sus sentimientos m\u00e1s profundos.<\/p>\n<p>Cuando era seleccionador argentino dio una charla a chicos de entre 13 y 17 a\u00f1os del colegio Sagrado Coraz\u00f3n, de Rosario, donde \u00e9l curso el secundario. La condici\u00f3n fue que no hubiese prensa. Y si bien ese encuentro se mantuvo en secreto aquel d\u00eda, luego trascendieron sus palabras, que con el paso del tiempo tienen un mayor significado.<\/p>\n<p>En este discurso se desvela cu\u00e1l es el valor que Bielsa le da tanto al \u00e9xito como al fracaso. Y sus reflexiones lo pintan de cuerpo entero y reflejan sus pensamientos m\u00e1s profundos, sobre todo en momentos de frustraci\u00f3n como los actuales. Estos son algunos ejemplos de sus reflexiones: \u00abLos momentos de mi vida en los que yo he crecido tienen que ver con los fracasos; los momentos de mi vida en los que yo he empeorado, tienen que ver con el \u00e9xito\u00bb.<\/p>\n<p>Y lo explica: \u00abEl \u00e9xito es deformante, relaja, enga\u00f1a, nos vuelve peor, nos ayuda a enamorarnos excesivamente de nosotros mismos; el fracaso es todo lo contrario, es formativo, nos vuelve s\u00f3lidos, nos acerca a las convicciones, nos vuelve coherentes. Si bien competimos para ganar, y trabajo de lo que trabajo porque quiero ganar cuando compito, si no distinguiera qu\u00e9 es lo realmente formativo y qu\u00e9 es secundario, me estar\u00eda equivocando\u00bb.<\/p>\n<p>El t\u00e9cnico sigue con su lectura muy peculiar sobre la repercusi\u00f3n que tiene el f\u00fatbol en la sociedad: \u00abEstoy absolutamente convencido de que la fama y el dinero son valores intrascendentes. S\u00ed estoy seguro de una cosa: fui feliz cuando disfrut\u00e9 del amateurismo, fui feliz cuando crec\u00ed enamorado de mi trabajo. Yo tengo un profundo amor por el f\u00fatbol, por el juego, por la esquina, por el bald\u00edo, por el picado, por la pelota. Y desprecio todo lo a\u00f1adido. Para explicar un poquito mejor esto, s\u00e9 que la alegr\u00eda de un triunfo en un partido dura cinco minutos, despu\u00e9s hay un vac\u00edo enorme y grand\u00edsimo. Y una soledad indescriptible\u00bb.<\/p>\n<p>El t\u00e9cnico no tiene dudas: \u00abQuiero insistir con que es mucho mejor ser prestigioso que popular. Nunca me dej\u00e9 tentar por los elogios. Los elogios en el f\u00fatbol son de una hipocres\u00eda absoluta. El f\u00fatbol est\u00e1 concebido as\u00ed, tiene que haber o una gran alegr\u00eda o una gran tristeza. Derrota o victoria, sangre o aplauso, son valores muy caros al ser humano\u00bb, dice.<\/p>\n<p>Bielsa lo tiene claro: \u00abEn el fracaso sufro mucho la injusticia del trato, no logr\u00e9 nunca dominar eso. Siempre sufro mucho cuando perdemos y cuando soy maltratado, pero s\u00ed logr\u00e9 no creerme la duraci\u00f3n del \u00e9xito. Como no se revisa por qu\u00e9 ganaste, da lo mismo, te adulan por haber ganado y no porque mereciste ganar\u00bb.<\/p>\n<p>Y este an\u00e1lisis le va como anillo al dedo a su equipo: \u00abNo permitan que el fracaso les deteriore la autoestima. Cuando ganas, el mensaje de admiraci\u00f3n es tan confuso, te estimula tanto el amor hacia uno mismo y eso deforma tanto. Y cuando pierdes, sucede todo lo contrario. Hay una tendencia morbosa a desprestigiarte, a ofenderte, s\u00f3lo porque perdiste. En cualquier tarea se puede ganar o perder, lo importante es la nobleza de los recursos utilizados\u00bb.<\/p>\n<p><em><strong>Ver\u00f3nica Brunati<\/strong><\/em><\/p>\n","protected":false},"excerpt":{"rendered":"<p>Marcelo Bielsa, el t\u00e9cnico del Athletic de Bilbao, es un hombre de un gesto adusto, que pocas veces deja resquicio a mostrar sus emociones en p\u00fablico. Pero en la intimidad es una persona que lo hace con frecuencia. Y que incluso se abre para expresar sus sentimientos m\u00e1s profundos. Cuando era seleccionador argentino dio una &#8230; <a title=\"Que el fracaso no les quite la autoestima\" class=\"read-more\" href=\"https:\/\/quechilero.com\/blog\/2013\/05\/11\/que-el-fracaso-no-les-quite-la-autoestima\/\" aria-label=\"Leer m\u00e1s sobre Que el fracaso no les quite la autoestima\">Leer m\u00e1s<\/a><\/p>\n","protected":false},"author":1,"featured_media":0,"comment_status":"open","ping_status":"open","sticky":false,"template":"","format":"standard","meta":{"advanced_seo_description":"","jetpack_seo_html_title":"","jetpack_seo_noindex":false,"jetpack_seo_schema_type":"","episode_type":"","audio_file":"","podmotor_file_id":"","podmotor_episode_id":"","cover_image":"","cover_image_id":"","duration":"","filesize":"","filesize_raw":"","date_recorded":"","explicit":"","block":"","_jetpack_newsletter_access":"","_jetpack_dont_email_post_to_subs":false,"_jetpack_newsletter_tier_id":0,"_jetpack_memberships_contains_paywalled_content":false,"_jetpack_feature_clip_id":0,"_jetpack_memberships_contains_paid_content":false,"footnotes":"","jetpack_publicize_message":"","jetpack_publicize_feature_enabled":true,"jetpack_social_post_already_shared":false,"jetpack_social_options":{"image_generator_settings":{"template":"highway","default_image_id":0,"font":"","enabled":false},"version":2},"jetpack_post_was_ever_published":false},"categories":[2],"tags":[87,15,37,26,16,46,92,18,81,42,82,5,36,24],"series":[],"class_list":["post-16695","post","type-post","status-publish","format-standard","hentry","category-limones","tag-alegria","tag-amor","tag-ayuda","tag-dinero","tag-equipo","tag-feliz","tag-frustracion","tag-hombre","tag-lectura","tag-palabra","tag-sentimiento","tag-tiempo","tag-trabajo","tag-vida"],"episode_featured_image":false,"episode_player_image":"https:\/\/i0.wp.com\/quechilero.com\/blog\/imagenes\/podcast.png?fit=1831%2C1831&ssl=1","download_link":"","player_link":"","audio_player":false,"episode_data":{"playerMode":"dark","subscribeUrls":{"amazon":{"key":"amazon","url":"","label":"Amazon","class":"amazon","icon":"amazon.png"},"apple_podcasts":{"key":"apple_podcasts","url":"","label":"Apple Podcasts","class":"apple_podcasts","icon":"apple-podcasts.png"},"castbox":{"key":"castbox","url":"","label":"CastBox","class":"castbox","icon":"castbox.png"},"deezer":{"key":"deezer","url":"","label":"Deezer","class":"deezer","icon":"deezer.png"},"google_podcasts":{"key":"google_podcasts","url":"","label":"Google Podcasts","class":"google_podcasts","icon":"google-podcasts.png"},"listen_notes":{"key":"listen_notes","url":"","label":"Listen Notes","class":"listen_notes","icon":"listen-notes.png"},"pandora":{"key":"pandora","url":"","label":"Pandora","class":"pandora","icon":"pandora.png"},"podbean":{"key":"podbean","url":"","label":"Podbean","class":"podbean","icon":"podbean.png"},"podcast_republic":{"key":"podcast_republic","url":"","label":"Podcast Republic","class":"podcast_republic","icon":"podcast-republic.png"},"rss":{"key":"rss","url":"","label":"RSS","class":"rss","icon":"rss.png"},"spotify":{"key":"spotify","url":"","label":"Spotify","class":"spotify","icon":"spotify.png"},"stitcher":{"key":"stitcher","url":"","label":"Stitcher","class":"stitcher","icon":"stitcher.png"},"tunein":{"key":"tunein","url":"","label":"TuneIn","class":"tunein","icon":"tunein.png"},"youtube":{"key":"youtube","url":"","label":"YouTube","class":"youtube","icon":"youtube.png"},"iheartradio":{"key":"iheartradio","url":"","label":"iHeartRadio","class":"iheartradio","icon":"iheartradio.png"},"ivoox":{"key":"ivoox","url":"","label":"iVoox","class":"ivoox","icon":"ivoox.png"}},"rssFeedUrl":"https:\/\/quechilero.com\/blog\/feed\/podcast\/si-la-vida-nos-da-limones","embedCode":"<blockquote class=\"wp-embedded-content\" data-secret=\"8BQJYqL7vS\"><a href=\"https:\/\/quechilero.com\/blog\/2013\/05\/11\/que-el-fracaso-no-les-quite-la-autoestima\/\">Que el fracaso no les quite la autoestima<\/a><\/blockquote><iframe sandbox=\"allow-scripts\" security=\"restricted\" src=\"https:\/\/quechilero.com\/blog\/2013\/05\/11\/que-el-fracaso-no-les-quite-la-autoestima\/embed\/#?secret=8BQJYqL7vS\" width=\"500\" height=\"350\" title=\"\u00abQue el fracaso no les quite la autoestima\u00bb \u2014 Si la Vida nos da Limones...\" data-secret=\"8BQJYqL7vS\" frameborder=\"0\" marginwidth=\"0\" marginheight=\"0\" scrolling=\"no\" class=\"wp-embedded-content\"><\/iframe><script>\n\/*! This file is auto-generated *\/\n!function(d,l){\"use strict\";l.querySelector&&d.addEventListener&&\"undefined\"!=typeof URL&&(d.wp=d.wp||{},d.wp.receiveEmbedMessage||(d.wp.receiveEmbedMessage=function(e){var t=e.data;if((t||t.secret||t.message||t.value)&&!\/[^a-zA-Z0-9]\/.test(t.secret)){for(var s,r,n,a=l.querySelectorAll('iframe[data-secret=\"'+t.secret+'\"]'),o=l.querySelectorAll('blockquote[data-secret=\"'+t.secret+'\"]'),c=new RegExp(\"^https?:$\",\"i\"),i=0;i<o.length;i++)o[i].style.display=\"none\";for(i=0;i<a.length;i++)s=a[i],e.source===s.contentWindow&&(s.removeAttribute(\"style\"),\"height\"===t.message?(1e3<(r=parseInt(t.value,10))?r=1e3:~~r<200&&(r=200),s.height=r):\"link\"===t.message&&(r=new URL(s.getAttribute(\"src\")),n=new URL(t.value),c.test(n.protocol))&&n.host===r.host&&l.activeElement===s&&(d.top.location.href=t.value))}},d.addEventListener(\"message\",d.wp.receiveEmbedMessage,!1),l.addEventListener(\"DOMContentLoaded\",function(){for(var e,t,s=l.querySelectorAll(\"iframe.wp-embedded-content\"),r=0;r<s.length;r++)(t=(e=s[r]).getAttribute(\"data-secret\"))||(t=Math.random().toString(36).substring(2,12),e.src+=\"#?secret=\"+t,e.setAttribute(\"data-secret\",t)),e.contentWindow.postMessage({message:\"ready\",secret:t},\"*\")},!1)))}(window,document);\n\/\/# sourceURL=https:\/\/quechilero.com\/blog\/wp-includes\/js\/wp-embed.min.js\n<\/script>\n"},"jetpack_publicize_connections":[],"jetpack_shortlink":"https:\/\/wp.me\/pDKli-4lh","jetpack_sharing_enabled":true,"jetpack-related-posts":[{"id":17372,"url":"https:\/\/quechilero.com\/blog\/2013\/11\/03\/empuja\/","url_meta":{"origin":16695,"position":0},"title":"Empuja","author":"Pepe Barrascout Ortiz","date":"3 noviembre 2013","format":false,"excerpt":"Cuentan que un muy buen hombre viv\u00eda en el campo pero ten\u00eda problemas f\u00edsicos, cuando un d\u00eda se le apareci\u00f3 Jes\u00fas y le dijo: \"Necesito que vayas hacia aquella gran roca de la monta\u00f1a, y te pido que la empujes d\u00eda y noche durante un a\u00f1o\". El hombre qued\u00f3 perplejo\u2026","rel":"","context":"En \u00abLimones\u00bb","block_context":{"text":"Limones","link":"https:\/\/quechilero.com\/blog\/category\/limones\/"},"img":{"alt_text":"","src":"","width":0,"height":0},"classes":[]},{"id":17931,"url":"https:\/\/quechilero.com\/blog\/2014\/06\/27\/no-te-rindas\/","url_meta":{"origin":16695,"position":1},"title":"\u00a1No te rindas!","author":"Pepe Barrascout Ortiz","date":"27 junio 2014","format":false,"excerpt":"Era mitad del siglo XIX y se escuchaba en las oficinas de la Escuela Primaria de un peque\u00f1o pueblo de Ohio de los Estados Unidos la siguiente conversaci\u00f3n. - \"El ni\u00f1o tiene un leve retraso mental que le impide adquirir los conocimientos a la par de sus compa\u00f1eros de clase.\u2026","rel":"","context":"En \u00abLimones\u00bb","block_context":{"text":"Limones","link":"https:\/\/quechilero.com\/blog\/category\/limones\/"},"img":{"alt_text":"","src":"","width":0,"height":0},"classes":[]},{"id":984,"url":"https:\/\/quechilero.com\/blog\/2008\/06\/11\/del-afecto\/","url_meta":{"origin":16695,"position":2},"title":"Del Afecto","author":"Pepe Barrascout Ortiz","date":"11 junio 2008","format":false,"excerpt":"H. Bloomfield supo que su padre fue hospitalizado de repente: \"Mientras viajaba para New York, pensaba que ten\u00eda que hacer que esta visita fuese diferente de las dem\u00e1s. Siempre ten\u00eda miedo de mostrar mi afecto, siempre quise mantener la misma distancia prudente que mi padre manten\u00eda conmigo. Cuando lo vi\u2026","rel":"","context":"En \u00abLimones\u00bb","block_context":{"text":"Limones","link":"https:\/\/quechilero.com\/blog\/category\/limones\/"},"img":{"alt_text":"","src":"","width":0,"height":0},"classes":[]},{"id":5454,"url":"https:\/\/quechilero.com\/blog\/2010\/08\/14\/fracaso\/","url_meta":{"origin":16695,"position":3},"title":"\u00bfFracaso?","author":"Pepe Barrascout Ortiz","date":"14 agosto 2010","format":false,"excerpt":"Bill Marriott, creador de la gran cadena de Hoteles Marriott, fue tambi\u00e9n un buen perdedor. Supo afrontar obst\u00e1culos, super\u00f3 distintas crisis y convirti\u00f3 derrotas en victorias. Cuando le preguntaban sobre el fracaso, sol\u00eda responder con estas palabras: \"\u00bfFracaso? Jam\u00e1s he tropezado con \u00e9l. Lo \u00fanico que he encontrado fueron problemas\u2026","rel":"","context":"En \u00abLimones\u00bb","block_context":{"text":"Limones","link":"https:\/\/quechilero.com\/blog\/category\/limones\/"},"img":{"alt_text":"","src":"","width":0,"height":0},"classes":[]},{"id":933,"url":"https:\/\/quechilero.com\/blog\/2008\/04\/11\/borra-tus-imaginaciones-de-derrota\/","url_meta":{"origin":16695,"position":4},"title":"Borra tus imaginaciones de derrota","author":"Pepe Barrascout Ortiz","date":"11 abril 2008","format":false,"excerpt":"\u00bfUn sentimiento de incapacidad te atormenta y te paraliza? Determina salir de ese escollo a que te ha sometido tu pesimismo. Jam\u00e1s podr\u00e1s saber de qu\u00e9 eres realmente capaz hasta que hayas determinado persistir hasta lograr tu prop\u00f3sito. T\u00fa eres un triunfador tenaz que superas tus derrotas imaginarias en la\u2026","rel":"","context":"En \u00abLimones\u00bb","block_context":{"text":"Limones","link":"https:\/\/quechilero.com\/blog\/category\/limones\/"},"img":{"alt_text":"","src":"","width":0,"height":0},"classes":[]},{"id":602,"url":"https:\/\/quechilero.com\/blog\/2007\/08\/03\/por-que-las-mujeres-somos-brujas\/","url_meta":{"origin":16695,"position":5},"title":"\u00bfPor qu\u00e9 las mujeres somos Brujas?","author":"Pepe Barrascout Ortiz","date":"3 agosto 2007","format":false,"excerpt":"Porque llegamos a fin de mes haciendo magia con el dinero; Porque lanzamos conjuros varios contra el alza de precios; Porque estamos al mismo tiempo en varios lugares: lavando ropa, planchando, sirviendo la cena y haciendo tarea escolar; Porque somos capaces de convertir en culebra con la mirada a aquella\u2026","rel":"","context":"En \u00abLimones\u00bb","block_context":{"text":"Limones","link":"https:\/\/quechilero.com\/blog\/category\/limones\/"},"img":{"alt_text":"","src":"","width":0,"height":0},"classes":[]}],"jetpack_featured_media_url":"","_links":{"self":[{"href":"https:\/\/quechilero.com\/blog\/wp-json\/wp\/v2\/posts\/16695","targetHints":{"allow":["GET"]}}],"collection":[{"href":"https:\/\/quechilero.com\/blog\/wp-json\/wp\/v2\/posts"}],"about":[{"href":"https:\/\/quechilero.com\/blog\/wp-json\/wp\/v2\/types\/post"}],"author":[{"embeddable":true,"href":"https:\/\/quechilero.com\/blog\/wp-json\/wp\/v2\/users\/1"}],"replies":[{"embeddable":true,"href":"https:\/\/quechilero.com\/blog\/wp-json\/wp\/v2\/comments?post=16695"}],"version-history":[{"count":0,"href":"https:\/\/quechilero.com\/blog\/wp-json\/wp\/v2\/posts\/16695\/revisions"}],"wp:attachment":[{"href":"https:\/\/quechilero.com\/blog\/wp-json\/wp\/v2\/media?parent=16695"}],"wp:term":[{"taxonomy":"category","embeddable":true,"href":"https:\/\/quechilero.com\/blog\/wp-json\/wp\/v2\/categories?post=16695"},{"taxonomy":"post_tag","embeddable":true,"href":"https:\/\/quechilero.com\/blog\/wp-json\/wp\/v2\/tags?post=16695"},{"taxonomy":"series","embeddable":true,"href":"https:\/\/quechilero.com\/blog\/wp-json\/wp\/v2\/series?post=16695"}],"curies":[{"name":"wp","href":"https:\/\/api.w.org\/{rel}","templated":true}]}}