{"id":16675,"date":"2013-04-28T08:00:24","date_gmt":"2013-04-28T14:00:24","guid":{"rendered":"http:\/\/quechilero.com\/blog\/?p=16675"},"modified":"2013-08-16T11:45:26","modified_gmt":"2013-08-16T17:45:26","slug":"la-cruz-acoger-sin-reservas-el-plan-de-dios","status":"publish","type":"post","link":"https:\/\/quechilero.com\/blog\/2013\/04\/28\/la-cruz-acoger-sin-reservas-el-plan-de-dios\/","title":{"rendered":"La cruz: acoger sin reservas el plan de Dios"},"content":{"rendered":"<p>La cruz no es un producto muy cotizado en nuestros d\u00edas. A inicios del tercer milenio, lo que m\u00e1s se busca y anhela es el bienestar, el placer. Y, sin embargo, muchas veces nos encontramos con hombres y mujeres hastiados, incluso heridos, por la vida. Personas que lo han disfrutado todo, lo han experimentado todo, y sin embargo, son seres profundamente infelices.<\/p>\n<p>Nos hemos olvidado del signo del cristiano, que es la cruz. La hemos domesticado. No nos impresiona. Incluso es un adorno para nuestras casas o nuestro cuerpo. Y precisamente ah\u00ed, en ese olvido de la cruz, est\u00e1 el inicio de nuestro vac\u00edo interior.<\/p>\n<p>Ahora bien, la cruz y la abnegaci\u00f3n en nuestra vida no pueden quedarse en poes\u00eda e ideas abstractas. En realidad, seguir a Cristo por el camino de la cruz significa renunciar al propio proyecto, a menudo limitado, para acoger el de Dios. Es decir \u00abno\u00bb a nuestra tendencia a lo m\u00e1s c\u00f3modo para acoger la invitaci\u00f3n de Cristo a caminar junto a \u00c9l con una vida coherente de cristianos. Es renunciar a la \u00abley del m\u00ednimo esfuerzo\u00bb para vivir m\u00e1s bien seg\u00fan la \u00abley de la m\u00e1xima entrega\u00bb. Es aceptar la vocaci\u00f3n que Cristo ha querido regalarme y seguirla hasta las \u00faltimas consecuencias, aunque a veces sangre el coraz\u00f3n. Es el camino de la verdadera libertad. \u00bfVivo de verdad en la libertad de los hijos de Dios? \u00bfQu\u00e9 me detiene?<\/p>\n<p>La cruz y la negaci\u00f3n de s\u00ed mismo es el camino de la conversi\u00f3n indispensable para la existencia cristiana, y por eso no debemos tenerle miedo. En la medida en que configuremos nuestra existencia con la de Cristo, sobre todo por la oraci\u00f3n y el ejercicio pr\u00e1ctico de las virtudes, podremos decir como San Pablo: \u00abYa no soy yo quien vive, sino que es Cristo quien vive en m\u00ed.\u00bb<\/p>\n","protected":false},"excerpt":{"rendered":"<p>La cruz no es un producto muy cotizado en nuestros d\u00edas. A inicios del tercer milenio, lo que m\u00e1s se busca y anhela es el bienestar, el placer. Y, sin embargo, muchas veces nos encontramos con hombres y mujeres hastiados, incluso heridos, por la vida. Personas que lo han disfrutado todo, lo han experimentado todo, &#8230; <a title=\"La cruz: acoger sin reservas el plan de Dios\" class=\"read-more\" href=\"https:\/\/quechilero.com\/blog\/2013\/04\/28\/la-cruz-acoger-sin-reservas-el-plan-de-dios\/\" aria-label=\"Leer m\u00e1s sobre La cruz: acoger sin reservas el plan de Dios\">Leer m\u00e1s<\/a><\/p>\n","protected":false},"author":1,"featured_media":0,"comment_status":"open","ping_status":"open","sticky":false,"template":"","format":"standard","meta":{"advanced_seo_description":"","jetpack_seo_html_title":"","jetpack_seo_noindex":false,"jetpack_seo_schema_type":"","episode_type":"","audio_file":"","podmotor_file_id":"","podmotor_episode_id":"","cover_image":"","cover_image_id":"","duration":"","filesize":"","filesize_raw":"","date_recorded":"","explicit":"","block":"","_jetpack_newsletter_access":"","_jetpack_dont_email_post_to_subs":false,"_jetpack_newsletter_tier_id":0,"_jetpack_memberships_contains_paywalled_content":false,"_jetpack_feature_clip_id":0,"_jetpack_memberships_contains_paid_content":false,"footnotes":"","jetpack_publicize_message":"","jetpack_publicize_feature_enabled":true,"jetpack_social_post_already_shared":false,"jetpack_social_options":{"image_generator_settings":{"template":"highway","default_image_id":0,"font":"","enabled":false},"version":2},"jetpack_post_was_ever_published":false},"categories":[2],"tags":[51,49,18,9,20,86,43,41,24],"series":[],"class_list":["post-16675","post","type-post","status-publish","format-standard","hentry","category-limones","tag-dios","tag-esfuerzo","tag-hombre","tag-idea","tag-mujer","tag-oracion","tag-proyecto","tag-verdad","tag-vida"],"episode_featured_image":false,"episode_player_image":"https:\/\/i0.wp.com\/quechilero.com\/blog\/imagenes\/podcast.png?fit=1831%2C1831&ssl=1","download_link":"","player_link":"","audio_player":false,"episode_data":{"playerMode":"dark","subscribeUrls":{"amazon":{"key":"amazon","url":"","label":"Amazon","class":"amazon","icon":"amazon.png"},"apple_podcasts":{"key":"apple_podcasts","url":"","label":"Apple Podcasts","class":"apple_podcasts","icon":"apple-podcasts.png"},"castbox":{"key":"castbox","url":"","label":"CastBox","class":"castbox","icon":"castbox.png"},"deezer":{"key":"deezer","url":"","label":"Deezer","class":"deezer","icon":"deezer.png"},"google_podcasts":{"key":"google_podcasts","url":"","label":"Google Podcasts","class":"google_podcasts","icon":"google-podcasts.png"},"listen_notes":{"key":"listen_notes","url":"","label":"Listen Notes","class":"listen_notes","icon":"listen-notes.png"},"pandora":{"key":"pandora","url":"","label":"Pandora","class":"pandora","icon":"pandora.png"},"podbean":{"key":"podbean","url":"","label":"Podbean","class":"podbean","icon":"podbean.png"},"podcast_republic":{"key":"podcast_republic","url":"","label":"Podcast Republic","class":"podcast_republic","icon":"podcast-republic.png"},"rss":{"key":"rss","url":"","label":"RSS","class":"rss","icon":"rss.png"},"spotify":{"key":"spotify","url":"","label":"Spotify","class":"spotify","icon":"spotify.png"},"stitcher":{"key":"stitcher","url":"","label":"Stitcher","class":"stitcher","icon":"stitcher.png"},"tunein":{"key":"tunein","url":"","label":"TuneIn","class":"tunein","icon":"tunein.png"},"youtube":{"key":"youtube","url":"","label":"YouTube","class":"youtube","icon":"youtube.png"},"iheartradio":{"key":"iheartradio","url":"","label":"iHeartRadio","class":"iheartradio","icon":"iheartradio.png"},"ivoox":{"key":"ivoox","url":"","label":"iVoox","class":"ivoox","icon":"ivoox.png"}},"rssFeedUrl":"https:\/\/quechilero.com\/blog\/feed\/podcast\/si-la-vida-nos-da-limones","embedCode":"<blockquote class=\"wp-embedded-content\" data-secret=\"xe3y8amZ9C\"><a href=\"https:\/\/quechilero.com\/blog\/2013\/04\/28\/la-cruz-acoger-sin-reservas-el-plan-de-dios\/\">La cruz: acoger sin reservas el plan de Dios<\/a><\/blockquote><iframe sandbox=\"allow-scripts\" security=\"restricted\" src=\"https:\/\/quechilero.com\/blog\/2013\/04\/28\/la-cruz-acoger-sin-reservas-el-plan-de-dios\/embed\/#?secret=xe3y8amZ9C\" width=\"500\" height=\"350\" title=\"\u00abLa cruz: acoger sin reservas el plan de Dios\u00bb \u2014 Si la Vida nos da Limones...\" data-secret=\"xe3y8amZ9C\" frameborder=\"0\" marginwidth=\"0\" marginheight=\"0\" scrolling=\"no\" class=\"wp-embedded-content\"><\/iframe><script>\n\/*! This file is auto-generated *\/\n!function(d,l){\"use strict\";l.querySelector&&d.addEventListener&&\"undefined\"!=typeof URL&&(d.wp=d.wp||{},d.wp.receiveEmbedMessage||(d.wp.receiveEmbedMessage=function(e){var t=e.data;if((t||t.secret||t.message||t.value)&&!\/[^a-zA-Z0-9]\/.test(t.secret)){for(var s,r,n,a=l.querySelectorAll('iframe[data-secret=\"'+t.secret+'\"]'),o=l.querySelectorAll('blockquote[data-secret=\"'+t.secret+'\"]'),c=new RegExp(\"^https?:$\",\"i\"),i=0;i<o.length;i++)o[i].style.display=\"none\";for(i=0;i<a.length;i++)s=a[i],e.source===s.contentWindow&&(s.removeAttribute(\"style\"),\"height\"===t.message?(1e3<(r=parseInt(t.value,10))?r=1e3:~~r<200&&(r=200),s.height=r):\"link\"===t.message&&(r=new URL(s.getAttribute(\"src\")),n=new URL(t.value),c.test(n.protocol))&&n.host===r.host&&l.activeElement===s&&(d.top.location.href=t.value))}},d.addEventListener(\"message\",d.wp.receiveEmbedMessage,!1),l.addEventListener(\"DOMContentLoaded\",function(){for(var e,t,s=l.querySelectorAll(\"iframe.wp-embedded-content\"),r=0;r<s.length;r++)(t=(e=s[r]).getAttribute(\"data-secret\"))||(t=Math.random().toString(36).substring(2,12),e.src+=\"#?secret=\"+t,e.setAttribute(\"data-secret\",t)),e.contentWindow.postMessage({message:\"ready\",secret:t},\"*\")},!1)))}(window,document);\n\/\/# sourceURL=https:\/\/quechilero.com\/blog\/wp-includes\/js\/wp-embed.min.js\n<\/script>\n"},"jetpack_publicize_connections":[],"jetpack_shortlink":"https:\/\/wp.me\/pDKli-4kX","jetpack_sharing_enabled":true,"jetpack-related-posts":[{"id":1046,"url":"https:\/\/quechilero.com\/blog\/2008\/10\/04\/cargar-y-no-arrastrar\/","url_meta":{"origin":16675,"position":0},"title":"Cargar y no arrastrar","author":"Pepe Barrascout Ortiz","date":"4 octubre 2008","format":false,"excerpt":"\"Carguen su Cruz y s\u00edganme\". Eso dijo Jes\u00fas, sin embargo vivimos en un mundo de anticruces, donde ante todo y sobretodo est\u00e1 la comodidad, la rapidez, la eficiencia y no estamos dispuestos a sufrir o a que las cosas necesiten de sacrificio. Desde colchones que se adaptan a la forma\u2026","rel":"","context":"En \u00abLimones\u00bb","block_context":{"text":"Limones","link":"https:\/\/quechilero.com\/blog\/category\/limones\/"},"img":{"alt_text":"","src":"","width":0,"height":0},"classes":[]},{"id":4607,"url":"https:\/\/quechilero.com\/blog\/2010\/04\/02\/meditacion-de-las-siete-palabras\/","url_meta":{"origin":16675,"position":1},"title":"Meditaci\u00f3n de las Siete Palabras","author":"Pepe Barrascout Ortiz","date":"2 abril 2010","format":false,"excerpt":"Oraci\u00f3n Jes\u00fas en la Cruz aboga: da al ladr\u00f3n: lega su Madre: qu\u00e9jase: la sed le ahoga: cumple: entrega el alma al Padre Al Calvario hay que llegar porque Cristo, nuestra Luz, hoy tambi\u00e9n nos quiere hablar desde el ara de la Cruz. \u00a1Virgen de dolores y Madre m\u00eda! Que,\u2026","rel":"","context":"En \u00abLimones\u00bb","block_context":{"text":"Limones","link":"https:\/\/quechilero.com\/blog\/category\/limones\/"},"img":{"alt_text":"","src":"","width":0,"height":0},"classes":[]},{"id":17454,"url":"https:\/\/quechilero.com\/blog\/2013\/11\/11\/la-cruz-signo-del-amor-hasta-el-extremo\/","url_meta":{"origin":16675,"position":2},"title":"La cruz: signo del amor hasta el extremo","author":"Pepe Barrascout Ortiz","date":"11 noviembre 2013","format":false,"excerpt":"Cuando Cristo nos regala la cruz, nos obsequia la oportunidad de amar en plenitud. Pero debemos evitar la trampa de creer que la cruz est\u00e1 presente en nuestra vida s\u00f3lo en los grandes momentos de dolor, como puede ser la muerte de un ser querido, una enfermedad o un fracaso.\u2026","rel":"","context":"En \u00abLimones\u00bb","block_context":{"text":"Limones","link":"https:\/\/quechilero.com\/blog\/category\/limones\/"},"img":{"alt_text":"","src":"","width":0,"height":0},"classes":[]},{"id":4619,"url":"https:\/\/quechilero.com\/blog\/2010\/04\/04\/verdaderamente-resucito-jesucristo\/","url_meta":{"origin":16675,"position":3},"title":"\u00bfVerdaderamente resucit\u00f3 Jesucristo?","author":"Pepe Barrascout Ortiz","date":"4 abril 2010","format":false,"excerpt":"Entre uno de los rasgos caracter\u00edsticos de la figura de Jesucristo, que contrasta tremendamente con su condici\u00f3n divina, fue la humillaci\u00f3n extrema que sufri\u00f3 en la hora de su muerte. Una paradoja absoluta. El que ha manifestado ser el propio Hijo de Dios, aquel que reun\u00eda a las multitudes y\u2026","rel":"","context":"En \u00abLimones\u00bb","block_context":{"text":"Limones","link":"https:\/\/quechilero.com\/blog\/category\/limones\/"},"img":{"alt_text":"","src":"","width":0,"height":0},"classes":[]},{"id":4614,"url":"https:\/\/quechilero.com\/blog\/2010\/04\/02\/viernes-santo\/","url_meta":{"origin":16675,"position":4},"title":"Viernes Santo","author":"Pepe Barrascout Ortiz","date":"2 abril 2010","format":false,"excerpt":"La tarde del Viernes Santo presenta el drama inmenso de la muerte de Cristo en el Calvario. La cruz erguida sobre el mundo sigue en pie como signo de salvaci\u00f3n y de esperanza. Con la Pasi\u00f3n de Jes\u00fas seg\u00fan el\u00a0Evangelio de Juan contemplamos el misterio del Crucificado, con el coraz\u00f3n\u2026","rel":"","context":"En \u00abLimones\u00bb","block_context":{"text":"Limones","link":"https:\/\/quechilero.com\/blog\/category\/limones\/"},"img":{"alt_text":"","src":"","width":0,"height":0},"classes":[]},{"id":19844,"url":"https:\/\/quechilero.com\/blog\/2015\/02\/21\/la-senal-de-la-cruz\/","url_meta":{"origin":16675,"position":5},"title":"La se\u00f1al de la Cruz","author":"Pepe Barrascout Ortiz","date":"21 febrero 2015","format":false,"excerpt":"La se\u00f1al de la Cruz es un gesto precioso por su historia, por su significado y por su poder. Es la se\u00f1al de mi fe; muestra qui\u00e9n soy y lo que creo. Es el resumen del Credo. Es la se\u00f1al de mi agradecimiento. Tengo que hacer con amor y emoci\u00f3n\u2026","rel":"","context":"En \u00abLimones\u00bb","block_context":{"text":"Limones","link":"https:\/\/quechilero.com\/blog\/category\/limones\/"},"img":{"alt_text":"","src":"","width":0,"height":0},"classes":[]}],"jetpack_featured_media_url":"","_links":{"self":[{"href":"https:\/\/quechilero.com\/blog\/wp-json\/wp\/v2\/posts\/16675","targetHints":{"allow":["GET"]}}],"collection":[{"href":"https:\/\/quechilero.com\/blog\/wp-json\/wp\/v2\/posts"}],"about":[{"href":"https:\/\/quechilero.com\/blog\/wp-json\/wp\/v2\/types\/post"}],"author":[{"embeddable":true,"href":"https:\/\/quechilero.com\/blog\/wp-json\/wp\/v2\/users\/1"}],"replies":[{"embeddable":true,"href":"https:\/\/quechilero.com\/blog\/wp-json\/wp\/v2\/comments?post=16675"}],"version-history":[{"count":0,"href":"https:\/\/quechilero.com\/blog\/wp-json\/wp\/v2\/posts\/16675\/revisions"}],"wp:attachment":[{"href":"https:\/\/quechilero.com\/blog\/wp-json\/wp\/v2\/media?parent=16675"}],"wp:term":[{"taxonomy":"category","embeddable":true,"href":"https:\/\/quechilero.com\/blog\/wp-json\/wp\/v2\/categories?post=16675"},{"taxonomy":"post_tag","embeddable":true,"href":"https:\/\/quechilero.com\/blog\/wp-json\/wp\/v2\/tags?post=16675"},{"taxonomy":"series","embeddable":true,"href":"https:\/\/quechilero.com\/blog\/wp-json\/wp\/v2\/series?post=16675"}],"curies":[{"name":"wp","href":"https:\/\/api.w.org\/{rel}","templated":true}]}}