{"id":16559,"date":"2013-04-16T08:00:19","date_gmt":"2013-04-16T14:00:19","guid":{"rendered":"http:\/\/quechilero.com\/blog\/?p=16559"},"modified":"2013-04-16T08:00:19","modified_gmt":"2013-04-16T14:00:19","slug":"plaza-de-san-pedro","status":"publish","type":"post","link":"https:\/\/quechilero.com\/blog\/2013\/04\/16\/plaza-de-san-pedro\/","title":{"rendered":"Plaza de San Pedro"},"content":{"rendered":"<p><a href=\"https:\/\/i0.wp.com\/i392.photobucket.com\/albums\/pp7\/pepejaguar\/blog\/Vaticano_zpsfe1a515b.jpg\"><img data-recalc-dims=\"1\" decoding=\"async\" class=\"alignnone\" alt=\"\" src=\"https:\/\/i0.wp.com\/i392.photobucket.com\/albums\/pp7\/pepejaguar\/blog\/Vaticano_zpsfe1a515b.jpg?w=560\"  \/><\/a><\/p>\n<p>La majestuosidad de la\u00a0<em>Plaza de San Pedro<\/em>, en la Ciudad del Vaticano, en el centro de la cristiandad, se vio abarrotada por miles de fieles cat\u00f3licos, que esperaban el anuncio del nuevo Papa. Su Santidad el Papa Francisco, hizo su primera aparici\u00f3n p\u00fablica, recibiendo muestras de cari\u00f1o y de afecto de los feligreses congregados de forma multitudinaria, sin contar con los cientos de millones de personas, que a trav\u00e9s de la televisi\u00f3n e internet, siguieron el evento.<\/p>\n<p>Aqu\u00ed, <a title=\"Las primeras palabras del Papa Francisco\" href=\"http:\/\/quechilero.com\/blog\/2013\/03\/18\/las-primeras-palabras-del-papa-francisco\/\" target=\"_blank\">el anuncio oficial y las primeras palabras del Papa Francisco<\/a>.<\/p>\n<p>La fotograf\u00eda es de <a title=\"Plaza de San Pedro\" href=\"https:\/\/twitter.com\/Woork\/status\/315792520464437248\/photo\/1\" target=\"_blank\">Antonio Lupetti<\/a>\u00a0que desde Italia publica <a title=\"Woorkup\" href=\"http:\/\/woorkup.com\/\" target=\"_blank\">Woorkup<\/a>.<\/p>\n","protected":false},"excerpt":{"rendered":"<p>La majestuosidad de la\u00a0Plaza de San Pedro, en la Ciudad del Vaticano, en el centro de la cristiandad, se vio abarrotada por miles de fieles cat\u00f3licos, que esperaban el anuncio del nuevo Papa. Su Santidad el Papa Francisco, hizo su primera aparici\u00f3n p\u00fablica, recibiendo muestras de cari\u00f1o y de afecto de los feligreses congregados de &#8230; <a title=\"Plaza de San Pedro\" class=\"read-more\" href=\"https:\/\/quechilero.com\/blog\/2013\/04\/16\/plaza-de-san-pedro\/\" aria-label=\"Leer m\u00e1s sobre Plaza de San Pedro\">Leer m\u00e1s<\/a><\/p>\n","protected":false},"author":1,"featured_media":0,"comment_status":"open","ping_status":"open","sticky":false,"template":"","format":"standard","meta":{"advanced_seo_description":"","jetpack_seo_html_title":"","jetpack_seo_noindex":false,"jetpack_seo_schema_type":"","episode_type":"","audio_file":"","podmotor_file_id":"","podmotor_episode_id":"","cover_image":"","cover_image_id":"","duration":"","filesize":"","filesize_raw":"","date_recorded":"","explicit":"","block":"","_jetpack_newsletter_access":"","_jetpack_dont_email_post_to_subs":false,"_jetpack_newsletter_tier_id":0,"_jetpack_memberships_contains_paywalled_content":false,"_jetpack_feature_clip_id":0,"_jetpack_memberships_contains_paid_content":false,"footnotes":"","jetpack_publicize_message":"","jetpack_publicize_feature_enabled":true,"jetpack_social_post_already_shared":false,"jetpack_social_options":{"image_generator_settings":{"template":"highway","default_image_id":0,"font":"","enabled":false},"version":2},"jetpack_post_was_ever_published":false},"categories":[2],"tags":[8,27,42],"series":[],"class_list":["post-16559","post","type-post","status-publish","format-standard","hentry","category-limones","tag-fotografia","tag-internet","tag-palabra"],"episode_featured_image":false,"episode_player_image":"https:\/\/i0.wp.com\/quechilero.com\/blog\/imagenes\/podcast.png?fit=1831%2C1831&ssl=1","download_link":"","player_link":"","audio_player":false,"episode_data":{"playerMode":"dark","subscribeUrls":{"amazon":{"key":"amazon","url":"","label":"Amazon","class":"amazon","icon":"amazon.png"},"apple_podcasts":{"key":"apple_podcasts","url":"","label":"Apple Podcasts","class":"apple_podcasts","icon":"apple-podcasts.png"},"castbox":{"key":"castbox","url":"","label":"CastBox","class":"castbox","icon":"castbox.png"},"deezer":{"key":"deezer","url":"","label":"Deezer","class":"deezer","icon":"deezer.png"},"google_podcasts":{"key":"google_podcasts","url":"","label":"Google Podcasts","class":"google_podcasts","icon":"google-podcasts.png"},"listen_notes":{"key":"listen_notes","url":"","label":"Listen Notes","class":"listen_notes","icon":"listen-notes.png"},"pandora":{"key":"pandora","url":"","label":"Pandora","class":"pandora","icon":"pandora.png"},"podbean":{"key":"podbean","url":"","label":"Podbean","class":"podbean","icon":"podbean.png"},"podcast_republic":{"key":"podcast_republic","url":"","label":"Podcast Republic","class":"podcast_republic","icon":"podcast-republic.png"},"rss":{"key":"rss","url":"","label":"RSS","class":"rss","icon":"rss.png"},"spotify":{"key":"spotify","url":"","label":"Spotify","class":"spotify","icon":"spotify.png"},"stitcher":{"key":"stitcher","url":"","label":"Stitcher","class":"stitcher","icon":"stitcher.png"},"tunein":{"key":"tunein","url":"","label":"TuneIn","class":"tunein","icon":"tunein.png"},"youtube":{"key":"youtube","url":"","label":"YouTube","class":"youtube","icon":"youtube.png"},"iheartradio":{"key":"iheartradio","url":"","label":"iHeartRadio","class":"iheartradio","icon":"iheartradio.png"},"ivoox":{"key":"ivoox","url":"","label":"iVoox","class":"ivoox","icon":"ivoox.png"}},"rssFeedUrl":"https:\/\/quechilero.com\/blog\/feed\/podcast\/si-la-vida-nos-da-limones","embedCode":"<blockquote class=\"wp-embedded-content\" data-secret=\"m1tHkXDiJi\"><a href=\"https:\/\/quechilero.com\/blog\/2013\/04\/16\/plaza-de-san-pedro\/\">Plaza de San Pedro<\/a><\/blockquote><iframe sandbox=\"allow-scripts\" security=\"restricted\" src=\"https:\/\/quechilero.com\/blog\/2013\/04\/16\/plaza-de-san-pedro\/embed\/#?secret=m1tHkXDiJi\" width=\"500\" height=\"350\" title=\"\u00abPlaza de San Pedro\u00bb \u2014 Si la Vida nos da Limones...\" data-secret=\"m1tHkXDiJi\" frameborder=\"0\" marginwidth=\"0\" marginheight=\"0\" scrolling=\"no\" class=\"wp-embedded-content\"><\/iframe><script>\n\/*! This file is auto-generated *\/\n!function(d,l){\"use strict\";l.querySelector&&d.addEventListener&&\"undefined\"!=typeof URL&&(d.wp=d.wp||{},d.wp.receiveEmbedMessage||(d.wp.receiveEmbedMessage=function(e){var t=e.data;if((t||t.secret||t.message||t.value)&&!\/[^a-zA-Z0-9]\/.test(t.secret)){for(var s,r,n,a=l.querySelectorAll('iframe[data-secret=\"'+t.secret+'\"]'),o=l.querySelectorAll('blockquote[data-secret=\"'+t.secret+'\"]'),c=new RegExp(\"^https?:$\",\"i\"),i=0;i<o.length;i++)o[i].style.display=\"none\";for(i=0;i<a.length;i++)s=a[i],e.source===s.contentWindow&&(s.removeAttribute(\"style\"),\"height\"===t.message?(1e3<(r=parseInt(t.value,10))?r=1e3:~~r<200&&(r=200),s.height=r):\"link\"===t.message&&(r=new URL(s.getAttribute(\"src\")),n=new URL(t.value),c.test(n.protocol))&&n.host===r.host&&l.activeElement===s&&(d.top.location.href=t.value))}},d.addEventListener(\"message\",d.wp.receiveEmbedMessage,!1),l.addEventListener(\"DOMContentLoaded\",function(){for(var e,t,s=l.querySelectorAll(\"iframe.wp-embedded-content\"),r=0;r<s.length;r++)(t=(e=s[r]).getAttribute(\"data-secret\"))||(t=Math.random().toString(36).substring(2,12),e.src+=\"#?secret=\"+t,e.setAttribute(\"data-secret\",t)),e.contentWindow.postMessage({message:\"ready\",secret:t},\"*\")},!1)))}(window,document);\n\/\/# sourceURL=https:\/\/quechilero.com\/blog\/wp-includes\/js\/wp-embed.min.js\n<\/script>\n"},"jetpack_publicize_connections":[],"jetpack_shortlink":"https:\/\/wp.me\/pDKli-4j5","jetpack_sharing_enabled":true,"jetpack-related-posts":[{"id":16625,"url":"https:\/\/quechilero.com\/blog\/2013\/04\/04\/periodistas-desinformados\/","url_meta":{"origin":16559,"position":0},"title":"Periodistas desinformados","author":"Pepe Barrascout Ortiz","date":"4 abril 2013","format":false,"excerpt":"Cuando uno lee la informaci\u00f3n publicada por un\u00a0periodista siempre y cuando no sea su opini\u00f3n personal, generalmente uno asume que por lo menos hubo un m\u00ednimo de investigaci\u00f3n detr\u00e1s y que si finalmente transmite una informaci\u00f3n falsa, no fue por falta de una seria y profesional investigaci\u00f3n. Supongo que cuando\u2026","rel":"","context":"En \u00abLimones\u00bb","block_context":{"text":"Limones","link":"https:\/\/quechilero.com\/blog\/category\/limones\/"},"img":{"alt_text":"","src":"","width":0,"height":0},"classes":[]},{"id":807,"url":"https:\/\/quechilero.com\/blog\/2007\/12\/08\/virgen-de-concepcion\/","url_meta":{"origin":16559,"position":1},"title":"Virgen de Concepci\u00f3n","author":"Pepe Barrascout Ortiz","date":"8 diciembre 2007","format":false,"excerpt":"Desde 1854, cada 8 de diciembre se conmemora el D\u00eda de la Inmaculada Concepci\u00f3n de Mar\u00eda. La importancia de esta fecha para los cat\u00f3licos es muy grande. Formalmente, el D\u00eda de la Inmaculada Concepci\u00f3n fue declarado el 8 de diciembre de 1854, por el Papa en ejercicio en este entonces,\u2026","rel":"","context":"En \u00abLimones\u00bb","block_context":{"text":"Limones","link":"https:\/\/quechilero.com\/blog\/category\/limones\/"},"img":{"alt_text":"Virgen de Concepci\u00f3n","src":"https:\/\/i0.wp.com\/img141.imageshack.us\/img141\/3083\/3167152484a8214dec0ag4.jpg?resize=350%2C200","width":350,"height":200},"classes":[]},{"id":16343,"url":"https:\/\/quechilero.com\/blog\/2013\/03\/18\/las-primeras-palabras-del-papa-francisco\/","url_meta":{"origin":16559,"position":2},"title":"Las primeras palabras del Papa Francisco","author":"Pepe Barrascout Ortiz","date":"18 marzo 2013","format":false,"excerpt":"https:\/\/youtu.be\/fd5kNiBp1Lg Hermanos y hermanas, buenas tardes. Sab\u00e9is que el deber del c\u00f3nclave era dar un Obispo a Roma. Parece que mis hermanos Cardenales han ido a buscarlo casi al fin del mundo..., pero aqu\u00ed estamos. Os agradezco la acogida. La comunidad diocesana de Roma tiene a su Obispo. Gracias. Y\u2026","rel":"","context":"En \u00abLimones\u00bb","block_context":{"text":"Limones","link":"https:\/\/quechilero.com\/blog\/category\/limones\/"},"img":{"alt_text":"","src":"https:\/\/i0.wp.com\/img.youtube.com\/vi\/fd5kNiBp1Lg\/0.jpg?resize=350%2C200","width":350,"height":200},"classes":[]},{"id":282,"url":"https:\/\/quechilero.com\/blog\/2006\/10\/20\/que-nos-ensena-la-vida-de-san-francisco-de-asis\/","url_meta":{"origin":16559,"position":3},"title":"\u00bfQue nos ense\u00f1a la vida de San Francisco de As\u00eds?","author":"Pepe Barrascout Ortiz","date":"20 octubre 2006","format":false,"excerpt":"Nos ense\u00f1a a vivir la virtud de la humildad. San Francisco tuvo un coraz\u00f3n alegre y humilde. Supo dejar no s\u00f3lo el dinero de su padre sino que tambi\u00e9n supo aceptar la voluntad de Dios en su vida. Fue capaz de ver la grandeza de Dios y la peque\u00f1ez del\u2026","rel":"","context":"En \u00abLimones\u00bb","block_context":{"text":"Limones","link":"https:\/\/quechilero.com\/blog\/category\/limones\/"},"img":{"alt_text":"","src":"","width":0,"height":0},"classes":[]},{"id":7589,"url":"https:\/\/quechilero.com\/blog\/2011\/03\/21\/reflexiones-de-cuaresma-dia-13\/","url_meta":{"origin":16559,"position":4},"title":"Reflexiones de Cuaresma d\u00eda 13","author":"Pepe Barrascout Ortiz","date":"21 marzo 2011","format":false,"excerpt":"Oraci\u00f3n inicial Se\u00f1or m\u00edo, Jesucristo, creo firmemente que est\u00e1s aqu\u00ed; en estos pocos minutos de oraci\u00f3n que empiezo ahora quiero pedirte y agradecerte. Pedirte\u00a0la gracia de darme m\u00e1s cuenta de que T\u00fa vives, me escuchas y me amas; tanto, que has querido morir libremente por m\u00ed en la cruz y\u2026","rel":"","context":"En \u00abLimones por mano\u00bb","block_context":{"text":"Limones por mano","link":"https:\/\/quechilero.com\/blog\/category\/limones-por-mano\/"},"img":{"alt_text":"","src":"","width":0,"height":0},"classes":[]},{"id":2040,"url":"https:\/\/quechilero.com\/blog\/2009\/01\/05\/las-manos\/","url_meta":{"origin":16559,"position":5},"title":"Las manos","author":"Pepe Barrascout Ortiz","date":"5 enero 2009","format":false,"excerpt":"P\u00edo IX hab\u00eda mandado levantar planos y hacer presupuestos para las reparaciones de la Bas\u00edlica de San Pedro. Cuando se present\u00f3 el arquitecto con ellos, llev\u00f3 consigo a un ni\u00f1o. Encantado el Papa con el trabajo, llev\u00f3 al ni\u00f1o a su escritorio y abriendo un caj\u00f3n lleno de monedas le\u2026","rel":"","context":"En \u00abLimones\u00bb","block_context":{"text":"Limones","link":"https:\/\/quechilero.com\/blog\/category\/limones\/"},"img":{"alt_text":"","src":"","width":0,"height":0},"classes":[]}],"jetpack_featured_media_url":"","_links":{"self":[{"href":"https:\/\/quechilero.com\/blog\/wp-json\/wp\/v2\/posts\/16559","targetHints":{"allow":["GET"]}}],"collection":[{"href":"https:\/\/quechilero.com\/blog\/wp-json\/wp\/v2\/posts"}],"about":[{"href":"https:\/\/quechilero.com\/blog\/wp-json\/wp\/v2\/types\/post"}],"author":[{"embeddable":true,"href":"https:\/\/quechilero.com\/blog\/wp-json\/wp\/v2\/users\/1"}],"replies":[{"embeddable":true,"href":"https:\/\/quechilero.com\/blog\/wp-json\/wp\/v2\/comments?post=16559"}],"version-history":[{"count":0,"href":"https:\/\/quechilero.com\/blog\/wp-json\/wp\/v2\/posts\/16559\/revisions"}],"wp:attachment":[{"href":"https:\/\/quechilero.com\/blog\/wp-json\/wp\/v2\/media?parent=16559"}],"wp:term":[{"taxonomy":"category","embeddable":true,"href":"https:\/\/quechilero.com\/blog\/wp-json\/wp\/v2\/categories?post=16559"},{"taxonomy":"post_tag","embeddable":true,"href":"https:\/\/quechilero.com\/blog\/wp-json\/wp\/v2\/tags?post=16559"},{"taxonomy":"series","embeddable":true,"href":"https:\/\/quechilero.com\/blog\/wp-json\/wp\/v2\/series?post=16559"}],"curies":[{"name":"wp","href":"https:\/\/api.w.org\/{rel}","templated":true}]}}