{"id":16554,"date":"2013-04-15T08:00:35","date_gmt":"2013-04-15T14:00:35","guid":{"rendered":"http:\/\/quechilero.com\/blog\/?p=16554"},"modified":"2013-04-15T08:00:35","modified_gmt":"2013-04-15T14:00:35","slug":"jefe-vs-lider","status":"publish","type":"post","link":"https:\/\/quechilero.com\/blog\/2013\/04\/15\/jefe-vs-lider\/","title":{"rendered":"Jefe vs. L\u00edder"},"content":{"rendered":"<p><a href=\"https:\/\/i0.wp.com\/i392.photobucket.com\/albums\/pp7\/pepejaguar\/blog\/165406_563952666970586_669651769_n_zpsfb655829.jpg\"><img data-recalc-dims=\"1\" loading=\"lazy\" decoding=\"async\" class=\"alignnone\" alt=\"\" src=\"https:\/\/i0.wp.com\/i392.photobucket.com\/albums\/pp7\/pepejaguar\/blog\/165406_563952666970586_669651769_n_zpsfb655829.jpg?resize=403%2C603\" width=\"403\" height=\"603\" \/><\/a><\/p>\n<p><strong>Jefe vs. L\u00edder<\/strong><\/p>\n<p>[izquierda]<br \/>\n<em>El Jefe<\/em><\/p>\n<p>Manda a las personas<br \/>\nInspira miedo<br \/>\nMi empresa<br \/>\nDice\u00a0<em>yo<br \/>\n<\/em>Presume sus \u00e9xitos<br \/>\nSe preocupa por las cosas<br \/>\nTiene empleados<br \/>\nTodo urge para hoy<br \/>\n[\/izquierda]<\/p>\n<p>[derecha]<br \/>\n<em>L\u00edder<\/em><\/p>\n<p>Aconseja y gu\u00eda<br \/>\nInspira entusiasmo<br \/>\nNuestra empresa<br \/>\nDice\u00a0<em>Nosotros<br \/>\n<\/em>Comparte \u00e9xitos<br \/>\nSe preocupa por las personas<br \/>\nTiene un equipo de trabajo<br \/>\nReparte el trabajo<br \/>\n[\/derecha]<\/p>\n","protected":false},"excerpt":{"rendered":"<p>Jefe vs. L\u00edder [izquierda] El Jefe Manda a las personas Inspira miedo Mi empresa Dice\u00a0yo Presume sus \u00e9xitos Se preocupa por las cosas Tiene empleados Todo urge para hoy [\/izquierda] [derecha] L\u00edder Aconseja y gu\u00eda Inspira entusiasmo Nuestra empresa Dice\u00a0Nosotros Comparte \u00e9xitos Se preocupa por las personas Tiene un equipo de trabajo Reparte el trabajo &#8230; <a title=\"Jefe vs. L\u00edder\" class=\"read-more\" href=\"https:\/\/quechilero.com\/blog\/2013\/04\/15\/jefe-vs-lider\/\" aria-label=\"Leer m\u00e1s sobre Jefe vs. L\u00edder\">Leer m\u00e1s<\/a><\/p>\n","protected":false},"author":1,"featured_media":0,"comment_status":"open","ping_status":"open","sticky":false,"template":"","format":"standard","meta":{"advanced_seo_description":"","jetpack_seo_html_title":"","jetpack_seo_noindex":false,"jetpack_seo_schema_type":"","episode_type":"","audio_file":"","podmotor_file_id":"","podmotor_episode_id":"","cover_image":"","cover_image_id":"","duration":"","filesize":"","filesize_raw":"","date_recorded":"","explicit":"","block":"","_jetpack_newsletter_access":"","_jetpack_dont_email_post_to_subs":false,"_jetpack_newsletter_tier_id":0,"_jetpack_memberships_contains_paywalled_content":false,"_jetpack_feature_clip_id":0,"_jetpack_memberships_contains_paid_content":false,"footnotes":"","jetpack_publicize_message":"","jetpack_publicize_feature_enabled":true,"jetpack_social_post_already_shared":true,"jetpack_social_options":{"image_generator_settings":{"template":"highway","default_image_id":0,"font":"","enabled":false},"version":2},"jetpack_post_was_ever_published":false},"categories":[2],"tags":[12,16,66,36],"series":[],"class_list":["post-16554","post","type-post","status-publish","format-standard","hentry","category-limones","tag-cosas","tag-equipo","tag-lider","tag-trabajo"],"episode_featured_image":false,"episode_player_image":"https:\/\/i0.wp.com\/quechilero.com\/blog\/imagenes\/podcast.png?fit=1831%2C1831&ssl=1","download_link":"","player_link":"","audio_player":false,"episode_data":{"playerMode":"dark","subscribeUrls":{"amazon":{"key":"amazon","url":"","label":"Amazon","class":"amazon","icon":"amazon.png"},"apple_podcasts":{"key":"apple_podcasts","url":"","label":"Apple Podcasts","class":"apple_podcasts","icon":"apple-podcasts.png"},"castbox":{"key":"castbox","url":"","label":"CastBox","class":"castbox","icon":"castbox.png"},"deezer":{"key":"deezer","url":"","label":"Deezer","class":"deezer","icon":"deezer.png"},"google_podcasts":{"key":"google_podcasts","url":"","label":"Google Podcasts","class":"google_podcasts","icon":"google-podcasts.png"},"listen_notes":{"key":"listen_notes","url":"","label":"Listen Notes","class":"listen_notes","icon":"listen-notes.png"},"pandora":{"key":"pandora","url":"","label":"Pandora","class":"pandora","icon":"pandora.png"},"podbean":{"key":"podbean","url":"","label":"Podbean","class":"podbean","icon":"podbean.png"},"podcast_republic":{"key":"podcast_republic","url":"","label":"Podcast Republic","class":"podcast_republic","icon":"podcast-republic.png"},"rss":{"key":"rss","url":"","label":"RSS","class":"rss","icon":"rss.png"},"spotify":{"key":"spotify","url":"","label":"Spotify","class":"spotify","icon":"spotify.png"},"stitcher":{"key":"stitcher","url":"","label":"Stitcher","class":"stitcher","icon":"stitcher.png"},"tunein":{"key":"tunein","url":"","label":"TuneIn","class":"tunein","icon":"tunein.png"},"youtube":{"key":"youtube","url":"","label":"YouTube","class":"youtube","icon":"youtube.png"},"iheartradio":{"key":"iheartradio","url":"","label":"iHeartRadio","class":"iheartradio","icon":"iheartradio.png"},"ivoox":{"key":"ivoox","url":"","label":"iVoox","class":"ivoox","icon":"ivoox.png"}},"rssFeedUrl":"https:\/\/quechilero.com\/blog\/feed\/podcast\/si-la-vida-nos-da-limones","embedCode":"<blockquote class=\"wp-embedded-content\" data-secret=\"IifOO3AOKA\"><a href=\"https:\/\/quechilero.com\/blog\/2013\/04\/15\/jefe-vs-lider\/\">Jefe vs. L\u00edder<\/a><\/blockquote><iframe sandbox=\"allow-scripts\" security=\"restricted\" src=\"https:\/\/quechilero.com\/blog\/2013\/04\/15\/jefe-vs-lider\/embed\/#?secret=IifOO3AOKA\" width=\"500\" height=\"350\" title=\"\u00abJefe vs. L\u00edder\u00bb \u2014 Si la Vida nos da Limones...\" data-secret=\"IifOO3AOKA\" frameborder=\"0\" marginwidth=\"0\" marginheight=\"0\" scrolling=\"no\" class=\"wp-embedded-content\"><\/iframe><script>\n\/*! This file is auto-generated *\/\n!function(d,l){\"use strict\";l.querySelector&&d.addEventListener&&\"undefined\"!=typeof URL&&(d.wp=d.wp||{},d.wp.receiveEmbedMessage||(d.wp.receiveEmbedMessage=function(e){var t=e.data;if((t||t.secret||t.message||t.value)&&!\/[^a-zA-Z0-9]\/.test(t.secret)){for(var s,r,n,a=l.querySelectorAll('iframe[data-secret=\"'+t.secret+'\"]'),o=l.querySelectorAll('blockquote[data-secret=\"'+t.secret+'\"]'),c=new RegExp(\"^https?:$\",\"i\"),i=0;i<o.length;i++)o[i].style.display=\"none\";for(i=0;i<a.length;i++)s=a[i],e.source===s.contentWindow&&(s.removeAttribute(\"style\"),\"height\"===t.message?(1e3<(r=parseInt(t.value,10))?r=1e3:~~r<200&&(r=200),s.height=r):\"link\"===t.message&&(r=new URL(s.getAttribute(\"src\")),n=new URL(t.value),c.test(n.protocol))&&n.host===r.host&&l.activeElement===s&&(d.top.location.href=t.value))}},d.addEventListener(\"message\",d.wp.receiveEmbedMessage,!1),l.addEventListener(\"DOMContentLoaded\",function(){for(var e,t,s=l.querySelectorAll(\"iframe.wp-embedded-content\"),r=0;r<s.length;r++)(t=(e=s[r]).getAttribute(\"data-secret\"))||(t=Math.random().toString(36).substring(2,12),e.src+=\"#?secret=\"+t,e.setAttribute(\"data-secret\",t)),e.contentWindow.postMessage({message:\"ready\",secret:t},\"*\")},!1)))}(window,document);\n\/\/# sourceURL=https:\/\/quechilero.com\/blog\/wp-includes\/js\/wp-embed.min.js\n<\/script>\n"},"jetpack_publicize_connections":[],"jetpack_shortlink":"https:\/\/wp.me\/pDKli-4j0","jetpack_sharing_enabled":true,"jetpack-related-posts":[{"id":528,"url":"https:\/\/quechilero.com\/blog\/2007\/04\/24\/preocupacion-produce-olvido\/","url_meta":{"origin":16554,"position":0},"title":"Preocupaci\u00f3n produce olvido","author":"Pepe Barrascout Ortiz","date":"24 abril 2007","format":false,"excerpt":"La preocupaci\u00f3n hace que uno se olvide de qui\u00e9n es el que manda. Y cuando te enfocas a ti mismo, te preocupas. Te pones ansioso por muchas cosas. Te preocupas porque tus compa\u00f1eros de trabajo no te aprecian, tus l\u00edderes te hacen trabajar en exceso, tu superintendente no te comprende,\u2026","rel":"","context":"En \u00abLimones\u00bb","block_context":{"text":"Limones","link":"https:\/\/quechilero.com\/blog\/category\/limones\/"},"img":{"alt_text":"","src":"","width":0,"height":0},"classes":[]},{"id":804,"url":"https:\/\/quechilero.com\/blog\/2007\/12\/12\/las-5-practicas-fundamentales-del-liderazgo-ejemplar\/","url_meta":{"origin":16554,"position":1},"title":"Las 5 pr\u00e1cticas fundamentales del liderazgo ejemplar","author":"Pepe Barrascout Ortiz","date":"12 diciembre 2007","format":false,"excerpt":"Al observar en profundidad el proceso din\u00e1mico del liderazgo mediante el an\u00e1lisis de casos y encuestas, reconocemos cinco pr\u00e1cticas fundamentales a trav\u00e9s de los cuales los l\u00edderes logran realizar cosas extraordinarias. El modelo del liderazgo cobr\u00f3 vida, car\u00e1cter y color cuando empezamos a escuchar las historias de personas corrientes que\u2026","rel":"","context":"En \u00abLimones\u00bb","block_context":{"text":"Limones","link":"https:\/\/quechilero.com\/blog\/category\/limones\/"},"img":{"alt_text":"","src":"","width":0,"height":0},"classes":[]},{"id":9896,"url":"https:\/\/quechilero.com\/blog\/2011\/08\/06\/maraton-de-blogs-ilifebelt\/","url_meta":{"origin":16554,"position":2},"title":"Marat\u00f3n de Blogs: Ilifebelt","author":"Pepe Barrascout Ortiz","date":"6 agosto 2011","format":false,"excerpt":"Ilifebelt es una agencia de mercadeo local, que sin embargo quiere dar la apariencia\u00a0de ser extranjera, desde el nombre \"salvavidas\" al que le han agragado una \"i\", como para suponer que es una especie de salvavidas virtual\u00a0o del mundo virtual, muchos de los detalles del sitio, tratan de reforzar la\u2026","rel":"","context":"En \u00abBlogs de Guatemala\u00bb","block_context":{"text":"Blogs de Guatemala","link":"https:\/\/quechilero.com\/blog\/category\/blogs-de-guatemala\/"},"img":{"alt_text":"","src":"https:\/\/i0.wp.com\/i392.photobucket.com\/albums\/pp7\/pepejaguar\/maraton\/ilifebelt.png?resize=350%2C200","width":350,"height":200,"srcset":"https:\/\/i0.wp.com\/i392.photobucket.com\/albums\/pp7\/pepejaguar\/maraton\/ilifebelt.png?resize=350%2C200 1x, https:\/\/i0.wp.com\/i392.photobucket.com\/albums\/pp7\/pepejaguar\/maraton\/ilifebelt.png?resize=525%2C300 1.5x"},"classes":[]},{"id":479,"url":"https:\/\/quechilero.com\/blog\/2007\/03\/06\/como-alcanzar-el-exito-usando-nuestras-fortalezas\/","url_meta":{"origin":16554,"position":3},"title":"C\u00f3mo alcanzar el \u00e9xito usando nuestras fortalezas","author":"Pepe Barrascout Ortiz","date":"6 marzo 2007","format":false,"excerpt":"Pensemos en un buen delantero de un equipo de f\u00fatbol obligado a jugar de portero o un excelente bombero manejando una ambulancia. \u00bfC\u00f3mo se sentir\u00edan en una posici\u00f3n en la que no son expertos...? \u00bfQu\u00e9 le sucede a nuestro equipo cuando sus miembros est\u00e1n constantemente fuera de su posici\u00f3n? Puede\u2026","rel":"","context":"En \u00abLimones\u00bb","block_context":{"text":"Limones","link":"https:\/\/quechilero.com\/blog\/category\/limones\/"},"img":{"alt_text":"","src":"","width":0,"height":0},"classes":[]},{"id":17588,"url":"https:\/\/quechilero.com\/blog\/2013\/12\/16\/si-puedes-sobrevivir-recuerda-que-te-amo\/","url_meta":{"origin":16554,"position":4},"title":"Si puedes sobrevivir, recuerda que te Amo","author":"Pepe Barrascout Ortiz","date":"16 diciembre 2013","format":false,"excerpt":"Despu\u00e9s de un gran terremoto, cuando los rescatistas comenzaron a buscar sobrevivientes entre las ruinas de la casa de una joven mujer, vieron el cuerpo de ella por uno de los orificios de las ruinas de la casa. Les pareci\u00f3 extra\u00f1a la postura del cuerpo, estaba sobre sus rodillas y\u2026","rel":"","context":"En \u00abLimones\u00bb","block_context":{"text":"Limones","link":"https:\/\/quechilero.com\/blog\/category\/limones\/"},"img":{"alt_text":"","src":"","width":0,"height":0},"classes":[]},{"id":803,"url":"https:\/\/quechilero.com\/blog\/2007\/12\/11\/formas-economicas-de-motivar\/","url_meta":{"origin":16554,"position":5},"title":"Formas econ\u00f3micas de motivar","author":"Pepe Barrascout Ortiz","date":"11 diciembre 2007","format":false,"excerpt":"Una sonrisa. Un simple y sincero 'gracias'. Una carta personal al empleado con copias al supervisor del empleado. Hacer un reconocimiento p\u00fablico delante de sus pares. Hacer un reconocimiento p\u00fablico delante de un Jefe. Mostrar directamente al empleado responsable de la prestaci\u00f3n de ese servicio, una carta de agradecimiento de\u2026","rel":"","context":"En \u00abLimones\u00bb","block_context":{"text":"Limones","link":"https:\/\/quechilero.com\/blog\/category\/limones\/"},"img":{"alt_text":"","src":"","width":0,"height":0},"classes":[]}],"jetpack_featured_media_url":"","_links":{"self":[{"href":"https:\/\/quechilero.com\/blog\/wp-json\/wp\/v2\/posts\/16554","targetHints":{"allow":["GET"]}}],"collection":[{"href":"https:\/\/quechilero.com\/blog\/wp-json\/wp\/v2\/posts"}],"about":[{"href":"https:\/\/quechilero.com\/blog\/wp-json\/wp\/v2\/types\/post"}],"author":[{"embeddable":true,"href":"https:\/\/quechilero.com\/blog\/wp-json\/wp\/v2\/users\/1"}],"replies":[{"embeddable":true,"href":"https:\/\/quechilero.com\/blog\/wp-json\/wp\/v2\/comments?post=16554"}],"version-history":[{"count":0,"href":"https:\/\/quechilero.com\/blog\/wp-json\/wp\/v2\/posts\/16554\/revisions"}],"wp:attachment":[{"href":"https:\/\/quechilero.com\/blog\/wp-json\/wp\/v2\/media?parent=16554"}],"wp:term":[{"taxonomy":"category","embeddable":true,"href":"https:\/\/quechilero.com\/blog\/wp-json\/wp\/v2\/categories?post=16554"},{"taxonomy":"post_tag","embeddable":true,"href":"https:\/\/quechilero.com\/blog\/wp-json\/wp\/v2\/tags?post=16554"},{"taxonomy":"series","embeddable":true,"href":"https:\/\/quechilero.com\/blog\/wp-json\/wp\/v2\/series?post=16554"}],"curies":[{"name":"wp","href":"https:\/\/api.w.org\/{rel}","templated":true}]}}