{"id":16547,"date":"2013-04-13T08:00:18","date_gmt":"2013-04-13T14:00:18","guid":{"rendered":"http:\/\/quechilero.com\/blog\/?p=16547"},"modified":"2013-04-13T08:00:18","modified_gmt":"2013-04-13T14:00:18","slug":"el-quetzal-2","status":"publish","type":"post","link":"https:\/\/quechilero.com\/blog\/2013\/04\/13\/el-quetzal-2\/","title":{"rendered":"El Quetzal"},"content":{"rendered":"<p><a href=\"https:\/\/i0.wp.com\/i392.photobucket.com\/albums\/pp7\/pepejaguar\/blog\/269374_442971692451993_198867780_n_zps9532ff78.jpg\"><img data-recalc-dims=\"1\" decoding=\"async\" class=\"alignnone\" alt=\"\" src=\"https:\/\/i0.wp.com\/i392.photobucket.com\/albums\/pp7\/pepejaguar\/blog\/269374_442971692451993_198867780_n_zps9532ff78.jpg?w=560\"  \/><\/a><\/p>\n<p>Esta magn\u00edfica fotograf\u00eda de\u00a0<em>el Quetzal<\/em> en pleno vuelo, tiene doble valor, primero porque es sumamente dif\u00edcil encontrar esta ave, por lo que es muy dif\u00edcil fotografiarla y menos a\u00fan estando en pleno vuelo. El que aparece en la fotograf\u00eda es un macho, f\u00e1cilmente identificable por su larga cola, que en las hembras es mucho mas corta.<\/p>\n<p><em>El Quetzal,<\/em> es el ave nacional de Guatemala, s\u00edmbolo de la libertad y el nombre de la moneda.<\/p>\n<p>Esta fotograf\u00eda la tom\u00f3\u00a0<a title=\"El Quetzal\" href=\"http:\/\/www.facebook.com\/photo.php?fbid=442971692451993&amp;set=a.116762271739605.27723.113673238715175\" target=\"_blank\">Thorn Janson<\/a>.<\/p>\n","protected":false},"excerpt":{"rendered":"<p>Esta magn\u00edfica fotograf\u00eda de\u00a0el Quetzal en pleno vuelo, tiene doble valor, primero porque es sumamente dif\u00edcil encontrar esta ave, por lo que es muy dif\u00edcil fotografiarla y menos a\u00fan estando en pleno vuelo. El que aparece en la fotograf\u00eda es un macho, f\u00e1cilmente identificable por su larga cola, que en las hembras es mucho mas &#8230; <a title=\"El Quetzal\" class=\"read-more\" href=\"https:\/\/quechilero.com\/blog\/2013\/04\/13\/el-quetzal-2\/\" aria-label=\"Leer m\u00e1s sobre El Quetzal\">Leer m\u00e1s<\/a><\/p>\n","protected":false},"author":1,"featured_media":0,"comment_status":"open","ping_status":"open","sticky":false,"template":"","format":"standard","meta":{"advanced_seo_description":"","jetpack_seo_html_title":"","jetpack_seo_noindex":false,"jetpack_seo_schema_type":"","episode_type":"","audio_file":"","podmotor_file_id":"","podmotor_episode_id":"","cover_image":"","cover_image_id":"","duration":"","filesize":"","filesize_raw":"","date_recorded":"","explicit":"","block":"","_jetpack_newsletter_access":"","_jetpack_dont_email_post_to_subs":false,"_jetpack_newsletter_tier_id":0,"_jetpack_memberships_contains_paywalled_content":false,"_jetpack_feature_clip_id":0,"_jetpack_memberships_contains_paid_content":false,"footnotes":"","jetpack_publicize_message":"","jetpack_publicize_feature_enabled":true,"jetpack_social_post_already_shared":true,"jetpack_social_options":{"image_generator_settings":{"template":"highway","default_image_id":0,"font":"","enabled":false},"version":2},"jetpack_post_was_ever_published":false},"categories":[2],"tags":[8,10],"series":[],"class_list":["post-16547","post","type-post","status-publish","format-standard","hentry","category-limones","tag-fotografia","tag-guatemala"],"episode_featured_image":false,"episode_player_image":"https:\/\/i0.wp.com\/quechilero.com\/blog\/imagenes\/podcast.png?fit=1831%2C1831&ssl=1","download_link":"","player_link":"","audio_player":false,"episode_data":{"playerMode":"dark","subscribeUrls":{"amazon":{"key":"amazon","url":"","label":"Amazon","class":"amazon","icon":"amazon.png"},"apple_podcasts":{"key":"apple_podcasts","url":"","label":"Apple Podcasts","class":"apple_podcasts","icon":"apple-podcasts.png"},"castbox":{"key":"castbox","url":"","label":"CastBox","class":"castbox","icon":"castbox.png"},"deezer":{"key":"deezer","url":"","label":"Deezer","class":"deezer","icon":"deezer.png"},"google_podcasts":{"key":"google_podcasts","url":"","label":"Google Podcasts","class":"google_podcasts","icon":"google-podcasts.png"},"listen_notes":{"key":"listen_notes","url":"","label":"Listen Notes","class":"listen_notes","icon":"listen-notes.png"},"pandora":{"key":"pandora","url":"","label":"Pandora","class":"pandora","icon":"pandora.png"},"podbean":{"key":"podbean","url":"","label":"Podbean","class":"podbean","icon":"podbean.png"},"podcast_republic":{"key":"podcast_republic","url":"","label":"Podcast Republic","class":"podcast_republic","icon":"podcast-republic.png"},"rss":{"key":"rss","url":"","label":"RSS","class":"rss","icon":"rss.png"},"spotify":{"key":"spotify","url":"","label":"Spotify","class":"spotify","icon":"spotify.png"},"stitcher":{"key":"stitcher","url":"","label":"Stitcher","class":"stitcher","icon":"stitcher.png"},"tunein":{"key":"tunein","url":"","label":"TuneIn","class":"tunein","icon":"tunein.png"},"youtube":{"key":"youtube","url":"","label":"YouTube","class":"youtube","icon":"youtube.png"},"iheartradio":{"key":"iheartradio","url":"","label":"iHeartRadio","class":"iheartradio","icon":"iheartradio.png"},"ivoox":{"key":"ivoox","url":"","label":"iVoox","class":"ivoox","icon":"ivoox.png"}},"rssFeedUrl":"https:\/\/quechilero.com\/blog\/feed\/podcast\/si-la-vida-nos-da-limones","embedCode":"<blockquote class=\"wp-embedded-content\" data-secret=\"W0VmiRcEVT\"><a href=\"https:\/\/quechilero.com\/blog\/2013\/04\/13\/el-quetzal-2\/\">El Quetzal<\/a><\/blockquote><iframe sandbox=\"allow-scripts\" security=\"restricted\" src=\"https:\/\/quechilero.com\/blog\/2013\/04\/13\/el-quetzal-2\/embed\/#?secret=W0VmiRcEVT\" width=\"500\" height=\"350\" title=\"\u00abEl Quetzal\u00bb \u2014 Si la Vida nos da Limones...\" data-secret=\"W0VmiRcEVT\" frameborder=\"0\" marginwidth=\"0\" marginheight=\"0\" scrolling=\"no\" class=\"wp-embedded-content\"><\/iframe><script>\n\/*! This file is auto-generated *\/\n!function(d,l){\"use strict\";l.querySelector&&d.addEventListener&&\"undefined\"!=typeof URL&&(d.wp=d.wp||{},d.wp.receiveEmbedMessage||(d.wp.receiveEmbedMessage=function(e){var t=e.data;if((t||t.secret||t.message||t.value)&&!\/[^a-zA-Z0-9]\/.test(t.secret)){for(var s,r,n,a=l.querySelectorAll('iframe[data-secret=\"'+t.secret+'\"]'),o=l.querySelectorAll('blockquote[data-secret=\"'+t.secret+'\"]'),c=new RegExp(\"^https?:$\",\"i\"),i=0;i<o.length;i++)o[i].style.display=\"none\";for(i=0;i<a.length;i++)s=a[i],e.source===s.contentWindow&&(s.removeAttribute(\"style\"),\"height\"===t.message?(1e3<(r=parseInt(t.value,10))?r=1e3:~~r<200&&(r=200),s.height=r):\"link\"===t.message&&(r=new URL(s.getAttribute(\"src\")),n=new URL(t.value),c.test(n.protocol))&&n.host===r.host&&l.activeElement===s&&(d.top.location.href=t.value))}},d.addEventListener(\"message\",d.wp.receiveEmbedMessage,!1),l.addEventListener(\"DOMContentLoaded\",function(){for(var e,t,s=l.querySelectorAll(\"iframe.wp-embedded-content\"),r=0;r<s.length;r++)(t=(e=s[r]).getAttribute(\"data-secret\"))||(t=Math.random().toString(36).substring(2,12),e.src+=\"#?secret=\"+t,e.setAttribute(\"data-secret\",t)),e.contentWindow.postMessage({message:\"ready\",secret:t},\"*\")},!1)))}(window,document);\n\/\/# sourceURL=https:\/\/quechilero.com\/blog\/wp-includes\/js\/wp-embed.min.js\n<\/script>\n"},"jetpack_publicize_connections":[],"jetpack_shortlink":"https:\/\/wp.me\/pDKli-4iT","jetpack_sharing_enabled":true,"jetpack-related-posts":[{"id":14770,"url":"https:\/\/quechilero.com\/blog\/2013\/01\/20\/el-quetzal\/","url_meta":{"origin":16547,"position":0},"title":"El Quetzal","author":"Pepe Barrascout Ortiz","date":"20 enero 2013","format":false,"excerpt":"\u00a0 Dos magn\u00edficas fotograf\u00edas de\u00a0El Quetzal, el ave s\u00edmbolo de Guatemala y que adem\u00e1s, presta su nombre a nuestra moneda. Las fotograf\u00edas son de Melissa Penta. Pueden conocer mas del trabajo de Melissa en\u00a0My digital mind.","rel":"","context":"En \u00abLimones\u00bb","block_context":{"text":"Limones","link":"https:\/\/quechilero.com\/blog\/category\/limones\/"},"img":{"alt_text":"","src":"https:\/\/i0.wp.com\/i392.photobucket.com\/albums\/pp7\/pepejaguar\/blog\/IMG_8819.jpg?resize=350%2C200","width":350,"height":200,"srcset":"https:\/\/i0.wp.com\/i392.photobucket.com\/albums\/pp7\/pepejaguar\/blog\/IMG_8819.jpg?resize=350%2C200 1x, https:\/\/i0.wp.com\/i392.photobucket.com\/albums\/pp7\/pepejaguar\/blog\/IMG_8819.jpg?resize=525%2C300 1.5x"},"classes":[]},{"id":11326,"url":"https:\/\/quechilero.com\/blog\/2011\/11\/10\/transporte-gratis-en-las-elecciones-sabe-quien-lo-paga\/","url_meta":{"origin":16547,"position":1},"title":"Transporte Gratis en las Elecciones \u00bfsabe quien lo paga?","author":"Pepe Barrascout Ortiz","date":"10 noviembre 2011","format":false,"excerpt":"Como es ya tradici\u00f3n, una vez mas se ofreci\u00f3 transporte gratuito el d\u00eda de las elecciones. Cuando a\u00fan no ten\u00eda edad para votar, era la oportunidad para ir a dar vueltas gratis por la ciudad.\u00a0Era com\u00fan la reuni\u00f3n con amigos y nos aventur\u00e1bamos a explorar\u00a0la capital del pa\u00eds. Claro que\u2026","rel":"","context":"En \u00abLimones\u00bb","block_context":{"text":"Limones","link":"https:\/\/quechilero.com\/blog\/category\/limones\/"},"img":{"alt_text":"","src":"https:\/\/i0.wp.com\/i392.photobucket.com\/albums\/pp7\/pepejaguar\/blog\/transmetro.png?resize=350%2C200","width":350,"height":200,"srcset":"https:\/\/i0.wp.com\/i392.photobucket.com\/albums\/pp7\/pepejaguar\/blog\/transmetro.png?resize=350%2C200 1x, https:\/\/i0.wp.com\/i392.photobucket.com\/albums\/pp7\/pepejaguar\/blog\/transmetro.png?resize=525%2C300 1.5x"},"classes":[]},{"id":11376,"url":"https:\/\/quechilero.com\/blog\/2011\/11\/22\/el-indice-big-mac-en-guatemala\/","url_meta":{"origin":16547,"position":2},"title":"El \u00edndice Big Mac en Guatemala","author":"Pepe Barrascout Ortiz","date":"22 noviembre 2011","format":false,"excerpt":"https:\/\/youtu.be\/_UKLncvGxQ8 Recientemente, tuve la oportunidad de comprobar y documentar directamente, un fen\u00f3meno econ\u00f3mico: \"el cambio del \u00edndice Big Mac en Guatemala\". Antes de entrar en materia, hablemos del\u00a0\"\u00edndice Big Mac\". Explicado en pocas palabras, lo podemos definir como un estudio no cient\u00edfico, que permite comparar el poder adquisitivo de los\u2026","rel":"","context":"En \u00abLimones\u00bb","block_context":{"text":"Limones","link":"https:\/\/quechilero.com\/blog\/category\/limones\/"},"img":{"alt_text":"","src":"https:\/\/i0.wp.com\/img.youtube.com\/vi\/_UKLncvGxQ8\/0.jpg?resize=350%2C200","width":350,"height":200},"classes":[]},{"id":1260,"url":"https:\/\/quechilero.com\/blog\/2008\/08\/28\/metropolid\/","url_meta":{"origin":16547,"position":3},"title":"Marat\u00f3n &#8211; MetropoliD","author":"Pepe Barrascout Ortiz","date":"28 agosto 2008","format":false,"excerpt":"Esencial para tu vida en la ciudad, es el lema que acompa\u00f1a a metropoliD, un blog urbano, escrito, redactado y organizado por un grupo de periodistas y fot\u00f3grafos profesionales que encabezados por Claudia Cruz, le dan vida a metropoliD. Informaci\u00f3n muy espec\u00edfica, circunscrita a la Ciudad Capital de Guatemala, metropoliD\u2026","rel":"","context":"En \u00abBlogs de Guatemala\u00bb","block_context":{"text":"Blogs de Guatemala","link":"https:\/\/quechilero.com\/blog\/category\/blogs-de-guatemala\/"},"img":{"alt_text":"","src":"https:\/\/i0.wp.com\/img253.imageshack.us\/img253\/8540\/maratonwh8.jpg?resize=350%2C200","width":350,"height":200},"classes":[]},{"id":1097,"url":"https:\/\/quechilero.com\/blog\/2008\/09\/04\/la-marimba\/","url_meta":{"origin":16547,"position":4},"title":"La Marimba","author":"Pepe Barrascout Ortiz","date":"4 septiembre 2008","format":false,"excerpt":"Cimbra marimba tu canto, melod\u00edas de cristal, y tiembla la cordillera, cuando vibra tu madera de sonoro instrumental. Marimba, tu arpegio es de oro, es un poema canoro, que se quiebra en madrigal de dulce melancol\u00eda, y al tornarse en poes\u00eda, se vuelve \u00e9pico y triunfal. Por eso la raza\u2026","rel":"","context":"En \u00abLimones\u00bb","block_context":{"text":"Limones","link":"https:\/\/quechilero.com\/blog\/category\/limones\/"},"img":{"alt_text":"","src":"","width":0,"height":0},"classes":[]},{"id":253,"url":"https:\/\/quechilero.com\/blog\/2006\/09\/30\/hora-vieja\/","url_meta":{"origin":16547,"position":5},"title":"Hora vieja","author":"Pepe Barrascout Ortiz","date":"30 septiembre 2006","format":false,"excerpt":"Hoy, 30 de septiembre, a las 0:00 hrs, se hace nuevamente el cambio de hora a la hora vieja, desde hace 6 meses nuestros relojes se hab\u00edan adelantado una hora, con el fin de que hubiera un considerable ahorro energ\u00e9tico. Al menos en mis facturas de todo este tiempo no\u2026","rel":"","context":"En \u00abLimones\u00bb","block_context":{"text":"Limones","link":"https:\/\/quechilero.com\/blog\/category\/limones\/"},"img":{"alt_text":"","src":"","width":0,"height":0},"classes":[]}],"jetpack_featured_media_url":"","_links":{"self":[{"href":"https:\/\/quechilero.com\/blog\/wp-json\/wp\/v2\/posts\/16547","targetHints":{"allow":["GET"]}}],"collection":[{"href":"https:\/\/quechilero.com\/blog\/wp-json\/wp\/v2\/posts"}],"about":[{"href":"https:\/\/quechilero.com\/blog\/wp-json\/wp\/v2\/types\/post"}],"author":[{"embeddable":true,"href":"https:\/\/quechilero.com\/blog\/wp-json\/wp\/v2\/users\/1"}],"replies":[{"embeddable":true,"href":"https:\/\/quechilero.com\/blog\/wp-json\/wp\/v2\/comments?post=16547"}],"version-history":[{"count":0,"href":"https:\/\/quechilero.com\/blog\/wp-json\/wp\/v2\/posts\/16547\/revisions"}],"wp:attachment":[{"href":"https:\/\/quechilero.com\/blog\/wp-json\/wp\/v2\/media?parent=16547"}],"wp:term":[{"taxonomy":"category","embeddable":true,"href":"https:\/\/quechilero.com\/blog\/wp-json\/wp\/v2\/categories?post=16547"},{"taxonomy":"post_tag","embeddable":true,"href":"https:\/\/quechilero.com\/blog\/wp-json\/wp\/v2\/tags?post=16547"},{"taxonomy":"series","embeddable":true,"href":"https:\/\/quechilero.com\/blog\/wp-json\/wp\/v2\/series?post=16547"}],"curies":[{"name":"wp","href":"https:\/\/api.w.org\/{rel}","templated":true}]}}