{"id":16352,"date":"2013-03-24T08:00:00","date_gmt":"2013-03-24T14:00:00","guid":{"rendered":"http:\/\/quechilero.com\/blog\/?p=16352"},"modified":"2013-03-24T08:00:00","modified_gmt":"2013-03-24T14:00:00","slug":"domingo-de-ramos","status":"publish","type":"post","link":"https:\/\/quechilero.com\/blog\/2013\/03\/24\/domingo-de-ramos\/","title":{"rendered":"Domingo de Ramos"},"content":{"rendered":"<p>Nos encontramos en el umbral de la semana santa. La liturgia de este domingo, con la procesi\u00f3n y la proclamaci\u00f3n de la Pasi\u00f3n del Se\u00f1or, nos introducen en el misterio de Cristo, de su ingreso solemne a Jerusal\u00e9n y nos preparan para los eventos del triduo pascual.<\/p>\n<p>La procesi\u00f3n inicia con la proclamaci\u00f3n del evangelio de Marcos (14,1 &#8211; 15,47) y se contin\u00faa avanzando por el camino entre aclamaciones con ramos de olivo y palmas, cantos y oraciones. Celebramos as\u00ed la entrada triunfal de Jes\u00fas en Jerusal\u00e9n; la entrada del \u00abpr\u00edncipe de la paz\u00bb, pero entrada que esconde tambi\u00e9n los tr\u00e1gicos acontecimientos de la pasi\u00f3n.<\/p>\n<p>La procesi\u00f3n nos habla de nuestro caminar por la vida, nos dice de un \u00abavanzar\u00bb, de un progresar\u00bb sin soluci\u00f3n de continuidad. Nuestra vida pasa y nosotros pasamos con ella. Hombres y mujeres, peregrinos, viajeros, que no tenemos aqu\u00ed nuestra patria definitiva. En este caminar nos precede y nos gu\u00eda la cruz de Cristo. Ella es la que da sentido a nuestro acontecer, porque en ella est\u00e1 la salvaci\u00f3n.<\/p>\n<p>La procesi\u00f3n de este domingo posee, ciertamente, un car\u00e1cter festivo. Festivos son los atuendos que se tienden por el camino, festivos son los cantos de los viandantes, festivos son los ni\u00f1os y monaguillos que aqu\u00ed y all\u00e1 agitan sus ramos, a veces ajenos al misterio que se esconde. Festivos y solemnes son los ornamentos lit\u00fargicos del celebrante. Festivo es, en fin, el caminar de toda la asamblea con cantos e himnos inspirados.<\/p>\n<p>La celebraci\u00f3n eucar\u00edstica posee un tono diverso: m\u00e1s solemne, m\u00e1s reposado, m\u00e1s misterioso, m\u00e1s contemplativo. Explica claramente cu\u00e1l es el reinado de ese Cristo que acaba de entrar a Jerusal\u00e9n. Se proclama la pasi\u00f3n seg\u00fan san Marcos. Evangelio sencillo, claro, di\u00e1fano, esencial. Nuestra contemplaci\u00f3n va pues a Cristo que sufre, particularmente en el huerto de los olivos. La lectura del profeta Isa\u00edas nos introduce a\u00fan m\u00e1s en el misterio del siervo de Yahveh que, humillado, sabe obedecer.<\/p>\n<p>El Cristo que padece es el que ha aceptado la misi\u00f3n que el Padre le ha encargado y las consecuencias de la misma.<\/p>\n<p><em><strong>P. Octavio Ortiz<\/strong><\/em><\/p>\n","protected":false},"excerpt":{"rendered":"<p>Nos encontramos en el umbral de la semana santa. La liturgia de este domingo, con la procesi\u00f3n y la proclamaci\u00f3n de la Pasi\u00f3n del Se\u00f1or, nos introducen en el misterio de Cristo, de su ingreso solemne a Jerusal\u00e9n y nos preparan para los eventos del triduo pascual. La procesi\u00f3n inicia con la proclamaci\u00f3n del evangelio &#8230; <a title=\"Domingo de Ramos\" class=\"read-more\" href=\"https:\/\/quechilero.com\/blog\/2013\/03\/24\/domingo-de-ramos\/\" aria-label=\"Leer m\u00e1s sobre Domingo de Ramos\">Leer m\u00e1s<\/a><\/p>\n","protected":false},"author":1,"featured_media":0,"comment_status":"open","ping_status":"open","sticky":false,"template":"","format":"standard","meta":{"advanced_seo_description":"","jetpack_seo_html_title":"","jetpack_seo_noindex":false,"jetpack_seo_schema_type":"","episode_type":"","audio_file":"","podmotor_file_id":"","podmotor_episode_id":"","cover_image":"","cover_image_id":"","duration":"","filesize":"","filesize_raw":"","date_recorded":"","explicit":"","block":"","_jetpack_newsletter_access":"","_jetpack_dont_email_post_to_subs":false,"_jetpack_newsletter_tier_id":0,"_jetpack_memberships_contains_paywalled_content":false,"_jetpack_feature_clip_id":0,"_jetpack_memberships_contains_paid_content":false,"footnotes":"","jetpack_publicize_message":"","jetpack_publicize_feature_enabled":true,"jetpack_social_post_already_shared":true,"jetpack_social_options":{"image_generator_settings":{"template":"highway","default_image_id":0,"font":"","enabled":false},"version":2},"jetpack_post_was_ever_published":false},"categories":[2],"tags":[90,18,74,81,20,52,40,34,24],"series":[],"class_list":["post-16352","post","type-post","status-publish","format-standard","hentry","category-limones","tag-evangelio","tag-hombre","tag-jesus","tag-lectura","tag-mujer","tag-pasion","tag-paz","tag-solucion","tag-vida"],"episode_featured_image":false,"episode_player_image":"https:\/\/i0.wp.com\/quechilero.com\/blog\/imagenes\/podcast.png?fit=1831%2C1831&ssl=1","download_link":"","player_link":"","audio_player":false,"episode_data":{"playerMode":"dark","subscribeUrls":{"amazon":{"key":"amazon","url":"","label":"Amazon","class":"amazon","icon":"amazon.png"},"apple_podcasts":{"key":"apple_podcasts","url":"","label":"Apple Podcasts","class":"apple_podcasts","icon":"apple-podcasts.png"},"castbox":{"key":"castbox","url":"","label":"CastBox","class":"castbox","icon":"castbox.png"},"deezer":{"key":"deezer","url":"","label":"Deezer","class":"deezer","icon":"deezer.png"},"google_podcasts":{"key":"google_podcasts","url":"","label":"Google Podcasts","class":"google_podcasts","icon":"google-podcasts.png"},"listen_notes":{"key":"listen_notes","url":"","label":"Listen Notes","class":"listen_notes","icon":"listen-notes.png"},"pandora":{"key":"pandora","url":"","label":"Pandora","class":"pandora","icon":"pandora.png"},"podbean":{"key":"podbean","url":"","label":"Podbean","class":"podbean","icon":"podbean.png"},"podcast_republic":{"key":"podcast_republic","url":"","label":"Podcast Republic","class":"podcast_republic","icon":"podcast-republic.png"},"rss":{"key":"rss","url":"","label":"RSS","class":"rss","icon":"rss.png"},"spotify":{"key":"spotify","url":"","label":"Spotify","class":"spotify","icon":"spotify.png"},"stitcher":{"key":"stitcher","url":"","label":"Stitcher","class":"stitcher","icon":"stitcher.png"},"tunein":{"key":"tunein","url":"","label":"TuneIn","class":"tunein","icon":"tunein.png"},"youtube":{"key":"youtube","url":"","label":"YouTube","class":"youtube","icon":"youtube.png"},"iheartradio":{"key":"iheartradio","url":"","label":"iHeartRadio","class":"iheartradio","icon":"iheartradio.png"},"ivoox":{"key":"ivoox","url":"","label":"iVoox","class":"ivoox","icon":"ivoox.png"}},"rssFeedUrl":"https:\/\/quechilero.com\/blog\/feed\/podcast\/si-la-vida-nos-da-limones","embedCode":"<blockquote class=\"wp-embedded-content\" data-secret=\"Fhi7OS5WH0\"><a href=\"https:\/\/quechilero.com\/blog\/2013\/03\/24\/domingo-de-ramos\/\">Domingo de Ramos<\/a><\/blockquote><iframe sandbox=\"allow-scripts\" security=\"restricted\" src=\"https:\/\/quechilero.com\/blog\/2013\/03\/24\/domingo-de-ramos\/embed\/#?secret=Fhi7OS5WH0\" width=\"500\" height=\"350\" title=\"\u00abDomingo de Ramos\u00bb \u2014 Si la Vida nos da Limones...\" data-secret=\"Fhi7OS5WH0\" frameborder=\"0\" marginwidth=\"0\" marginheight=\"0\" scrolling=\"no\" class=\"wp-embedded-content\"><\/iframe><script>\n\/*! This file is auto-generated *\/\n!function(d,l){\"use strict\";l.querySelector&&d.addEventListener&&\"undefined\"!=typeof URL&&(d.wp=d.wp||{},d.wp.receiveEmbedMessage||(d.wp.receiveEmbedMessage=function(e){var t=e.data;if((t||t.secret||t.message||t.value)&&!\/[^a-zA-Z0-9]\/.test(t.secret)){for(var s,r,n,a=l.querySelectorAll('iframe[data-secret=\"'+t.secret+'\"]'),o=l.querySelectorAll('blockquote[data-secret=\"'+t.secret+'\"]'),c=new RegExp(\"^https?:$\",\"i\"),i=0;i<o.length;i++)o[i].style.display=\"none\";for(i=0;i<a.length;i++)s=a[i],e.source===s.contentWindow&&(s.removeAttribute(\"style\"),\"height\"===t.message?(1e3<(r=parseInt(t.value,10))?r=1e3:~~r<200&&(r=200),s.height=r):\"link\"===t.message&&(r=new URL(s.getAttribute(\"src\")),n=new URL(t.value),c.test(n.protocol))&&n.host===r.host&&l.activeElement===s&&(d.top.location.href=t.value))}},d.addEventListener(\"message\",d.wp.receiveEmbedMessage,!1),l.addEventListener(\"DOMContentLoaded\",function(){for(var e,t,s=l.querySelectorAll(\"iframe.wp-embedded-content\"),r=0;r<s.length;r++)(t=(e=s[r]).getAttribute(\"data-secret\"))||(t=Math.random().toString(36).substring(2,12),e.src+=\"#?secret=\"+t,e.setAttribute(\"data-secret\",t)),e.contentWindow.postMessage({message:\"ready\",secret:t},\"*\")},!1)))}(window,document);\n\/\/# sourceURL=https:\/\/quechilero.com\/blog\/wp-includes\/js\/wp-embed.min.js\n<\/script>\n"},"jetpack_publicize_connections":[],"jetpack_shortlink":"https:\/\/wp.me\/pDKli-4fK","jetpack_sharing_enabled":true,"jetpack-related-posts":[{"id":9552,"url":"https:\/\/quechilero.com\/blog\/2011\/06\/26\/procesion-de-corpus-christi\/","url_meta":{"origin":16352,"position":0},"title":"Procesi\u00f3n de Corpus Christi","author":"Pepe Barrascout Ortiz","date":"26 junio 2011","format":false,"excerpt":"Participar en la procesi\u00f3n con el Sant\u00edsimo La procesi\u00f3n con el Sant\u00edsimo consiste en hacer un homenaje agradecido, p\u00fablico y multitudinario de la presencia real de Cristo en la Eucarist\u00eda. Se acostumbra sacar en procesi\u00f3n al Sant\u00edsimo Sacramento por las calles y las plazas o dentro de la parroquia o\u2026","rel":"","context":"En \u00abLimones\u00bb","block_context":{"text":"Limones","link":"https:\/\/quechilero.com\/blog\/category\/limones\/"},"img":{"alt_text":"","src":"","width":0,"height":0},"classes":[]},{"id":875,"url":"https:\/\/quechilero.com\/blog\/2008\/02\/20\/cuaresma-evangelio-20-feb-08\/","url_meta":{"origin":16352,"position":1},"title":"Cuaresma &#8211; Evangelio 20 feb 08","author":"Pepe Barrascout Ortiz","date":"20 febrero 2008","format":false,"excerpt":"Evangelio seg\u00fan San Mateo 20,17-28. Cuando Jes\u00fas se dispuso a subir a Jerusal\u00e9n, llev\u00f3 consigo s\u00f3lo a los Doce, y en el camino les dijo: \"Ahora subimos a Jerusal\u00e9n, donde el Hijo del hombre va a ser entregado a los sumos sacerdotes y a los escribas. Ellos lo condenar\u00e1n a\u2026","rel":"","context":"En \u00abLimones\u00bb","block_context":{"text":"Limones","link":"https:\/\/quechilero.com\/blog\/category\/limones\/"},"img":{"alt_text":"","src":"","width":0,"height":0},"classes":[]},{"id":888,"url":"https:\/\/quechilero.com\/blog\/2008\/03\/04\/cuaresma-evangelio-04-mar-08\/","url_meta":{"origin":16352,"position":2},"title":"Cuaresma &#8211; Evangelio 04 mar 08","author":"Pepe Barrascout Ortiz","date":"4 marzo 2008","format":false,"excerpt":"Evangelio seg\u00fan San Juan 5,1-3.5-16. Despu\u00e9s de esto, se celebraba una fiesta de los jud\u00edos y Jes\u00fas subi\u00f3 a Jerusal\u00e9n. Junto a la puerta de las Ovejas, en Jerusal\u00e9n, hay una piscina llamada en hebreo Betsata, que tiene cinco p\u00f3rticos. Bajo estos p\u00f3rticos yac\u00eda una multitud de enfermos, ciegos, paral\u00edticos\u2026","rel":"","context":"En \u00abLimones\u00bb","block_context":{"text":"Limones","link":"https:\/\/quechilero.com\/blog\/category\/limones\/"},"img":{"alt_text":"","src":"","width":0,"height":0},"classes":[]},{"id":18741,"url":"https:\/\/quechilero.com\/blog\/2014\/08\/15\/la-mision\/","url_meta":{"origin":16352,"position":3},"title":"La misi\u00f3n","author":"Pepe Barrascout Ortiz","date":"15 agosto 2014","format":false,"excerpt":"Los te\u00f3logos antiguos dec\u00edan: el alma es una especie de barca de vela; el Esp\u00edritu Santo es el viento que sopla la vela para hacerla avanzar; la fuerza y el \u00edmpetu del viento son los dones del Esp\u00edritu. Sin su fuerza, sin su gracia, no ir\u00edamos adelante. El Esp\u00edritu Santo\u2026","rel":"","context":"En \u00abLimones\u00bb","block_context":{"text":"Limones","link":"https:\/\/quechilero.com\/blog\/category\/limones\/"},"img":{"alt_text":"","src":"","width":0,"height":0},"classes":[]},{"id":15359,"url":"https:\/\/quechilero.com\/blog\/2012\/12\/09\/segundo-domingo-de-adviento\/","url_meta":{"origin":16352,"position":4},"title":"Segundo Domingo de Adviento","author":"Pepe Barrascout Ortiz","date":"9 diciembre 2012","format":false,"excerpt":"Segundo Domingo de Adviento (ciclo B) Reunida la familia o el grupo de personas, se encienden: la vela del primer domingo y la que corresponde al segundo domingo. Hermanos: Al introducirnos m\u00e1s de lleno en el tiempo de Adviento, la Palabra de Dios nos urge a una reflexi\u00f3n m\u00e1s profunda.\u2026","rel":"","context":"En \u00abLimones\u00bb","block_context":{"text":"Limones","link":"https:\/\/quechilero.com\/blog\/category\/limones\/"},"img":{"alt_text":"","src":"https:\/\/i0.wp.com\/i392.photobucket.com\/albums\/pp7\/pepejaguar\/blog\/2-domingo-adviento.png?resize=350%2C200","width":350,"height":200,"srcset":"https:\/\/i0.wp.com\/i392.photobucket.com\/albums\/pp7\/pepejaguar\/blog\/2-domingo-adviento.png?resize=350%2C200 1x, https:\/\/i0.wp.com\/i392.photobucket.com\/albums\/pp7\/pepejaguar\/blog\/2-domingo-adviento.png?resize=525%2C300 1.5x"},"classes":[]},{"id":15360,"url":"https:\/\/quechilero.com\/blog\/2012\/12\/16\/tercer-domingo-de-adviento\/","url_meta":{"origin":16352,"position":5},"title":"Tercer Domingo de Adviento","author":"Pepe Barrascout Ortiz","date":"16 diciembre 2012","format":false,"excerpt":"Tercer Domingo de Adviento (ciclo B) Reunida la familia o grupo de personas, se encienden las candelas del primero domingo, la del segundo y la del tercer domingo. Hermanos: A medida que avanza el Adviento y crece nuestra expectativa por un encuentro m\u00e1s intenso con Jes\u00fas, la Palabra de Dios,\u2026","rel":"","context":"En \u00abLimones\u00bb","block_context":{"text":"Limones","link":"https:\/\/quechilero.com\/blog\/category\/limones\/"},"img":{"alt_text":"","src":"https:\/\/i0.wp.com\/i392.photobucket.com\/albums\/pp7\/pepejaguar\/blog\/3-domingo-adviento.png?resize=350%2C200","width":350,"height":200,"srcset":"https:\/\/i0.wp.com\/i392.photobucket.com\/albums\/pp7\/pepejaguar\/blog\/3-domingo-adviento.png?resize=350%2C200 1x, https:\/\/i0.wp.com\/i392.photobucket.com\/albums\/pp7\/pepejaguar\/blog\/3-domingo-adviento.png?resize=525%2C300 1.5x"},"classes":[]}],"jetpack_featured_media_url":"","_links":{"self":[{"href":"https:\/\/quechilero.com\/blog\/wp-json\/wp\/v2\/posts\/16352","targetHints":{"allow":["GET"]}}],"collection":[{"href":"https:\/\/quechilero.com\/blog\/wp-json\/wp\/v2\/posts"}],"about":[{"href":"https:\/\/quechilero.com\/blog\/wp-json\/wp\/v2\/types\/post"}],"author":[{"embeddable":true,"href":"https:\/\/quechilero.com\/blog\/wp-json\/wp\/v2\/users\/1"}],"replies":[{"embeddable":true,"href":"https:\/\/quechilero.com\/blog\/wp-json\/wp\/v2\/comments?post=16352"}],"version-history":[{"count":0,"href":"https:\/\/quechilero.com\/blog\/wp-json\/wp\/v2\/posts\/16352\/revisions"}],"wp:attachment":[{"href":"https:\/\/quechilero.com\/blog\/wp-json\/wp\/v2\/media?parent=16352"}],"wp:term":[{"taxonomy":"category","embeddable":true,"href":"https:\/\/quechilero.com\/blog\/wp-json\/wp\/v2\/categories?post=16352"},{"taxonomy":"post_tag","embeddable":true,"href":"https:\/\/quechilero.com\/blog\/wp-json\/wp\/v2\/tags?post=16352"},{"taxonomy":"series","embeddable":true,"href":"https:\/\/quechilero.com\/blog\/wp-json\/wp\/v2\/series?post=16352"}],"curies":[{"name":"wp","href":"https:\/\/api.w.org\/{rel}","templated":true}]}}