{"id":16346,"date":"2013-03-16T08:00:15","date_gmt":"2013-03-16T14:00:15","guid":{"rendered":"http:\/\/quechilero.com\/blog\/?p=16346"},"modified":"2013-03-16T08:00:15","modified_gmt":"2013-03-16T14:00:15","slug":"la-paloma-real","status":"publish","type":"post","link":"https:\/\/quechilero.com\/blog\/2013\/03\/16\/la-paloma-real\/","title":{"rendered":"La paloma real"},"content":{"rendered":"<p>Nasruddin lleg\u00f3 a ser primer ministro del rey. En cierta ocasi\u00f3n, mientras deambulaba por el palacio, vio por primera vez en su vida un halc\u00f3n real.<\/p>\n<p>Hasta entonces, Nasruddin jam\u00e1s hab\u00eda visto semejante clase de paloma. De modo que tom\u00f3 unas tijeras y cort\u00f3 con ellas las garras, las alas y el pico del halc\u00f3n.<\/p>\n<p>\u00abAhora pareces un p\u00e1jaro como es debido -dijo-. Tu cuidador te ha tenido muy descuidado.\u00bb<\/p>\n<p style=\"text-align: center;\"><em>\u00a1Ay de las gentes religiosas que no conocen m\u00e1s mundo que aquel en el que viven y no tienen nada que aprender de las personas con las que hablan!<\/em><\/p>\n","protected":false},"excerpt":{"rendered":"<p>Nasruddin lleg\u00f3 a ser primer ministro del rey. En cierta ocasi\u00f3n, mientras deambulaba por el palacio, vio por primera vez en su vida un halc\u00f3n real. Hasta entonces, Nasruddin jam\u00e1s hab\u00eda visto semejante clase de paloma. De modo que tom\u00f3 unas tijeras y cort\u00f3 con ellas las garras, las alas y el pico del halc\u00f3n. &#8230; <a title=\"La paloma real\" class=\"read-more\" href=\"https:\/\/quechilero.com\/blog\/2013\/03\/16\/la-paloma-real\/\" aria-label=\"Leer m\u00e1s sobre La paloma real\">Leer m\u00e1s<\/a><\/p>\n","protected":false},"author":1,"featured_media":0,"comment_status":"open","ping_status":"open","sticky":false,"template":"","format":"standard","meta":{"advanced_seo_description":"","jetpack_seo_html_title":"","jetpack_seo_noindex":false,"jetpack_seo_schema_type":"","episode_type":"","audio_file":"","podmotor_file_id":"","podmotor_episode_id":"","cover_image":"","cover_image_id":"","duration":"","filesize":"","filesize_raw":"","date_recorded":"","explicit":"","block":"","_jetpack_newsletter_access":"","_jetpack_dont_email_post_to_subs":false,"_jetpack_newsletter_tier_id":0,"_jetpack_memberships_contains_paywalled_content":false,"_jetpack_feature_clip_id":0,"_jetpack_memberships_contains_paid_content":false,"footnotes":"","jetpack_publicize_message":"","jetpack_publicize_feature_enabled":true,"jetpack_social_post_already_shared":true,"jetpack_social_options":{"image_generator_settings":{"template":"highway","default_image_id":0,"font":"","enabled":false},"version":2},"jetpack_post_was_ever_published":false},"categories":[2],"tags":[29,24],"series":[],"class_list":["post-16346","post","type-post","status-publish","format-standard","hentry","category-limones","tag-aprender","tag-vida"],"episode_featured_image":false,"episode_player_image":"https:\/\/i0.wp.com\/quechilero.com\/blog\/imagenes\/podcast.png?fit=1831%2C1831&ssl=1","download_link":"","player_link":"","audio_player":false,"episode_data":{"playerMode":"dark","subscribeUrls":{"amazon":{"key":"amazon","url":"","label":"Amazon","class":"amazon","icon":"amazon.png"},"apple_podcasts":{"key":"apple_podcasts","url":"","label":"Apple Podcasts","class":"apple_podcasts","icon":"apple-podcasts.png"},"castbox":{"key":"castbox","url":"","label":"CastBox","class":"castbox","icon":"castbox.png"},"deezer":{"key":"deezer","url":"","label":"Deezer","class":"deezer","icon":"deezer.png"},"google_podcasts":{"key":"google_podcasts","url":"","label":"Google Podcasts","class":"google_podcasts","icon":"google-podcasts.png"},"listen_notes":{"key":"listen_notes","url":"","label":"Listen Notes","class":"listen_notes","icon":"listen-notes.png"},"pandora":{"key":"pandora","url":"","label":"Pandora","class":"pandora","icon":"pandora.png"},"podbean":{"key":"podbean","url":"","label":"Podbean","class":"podbean","icon":"podbean.png"},"podcast_republic":{"key":"podcast_republic","url":"","label":"Podcast Republic","class":"podcast_republic","icon":"podcast-republic.png"},"rss":{"key":"rss","url":"","label":"RSS","class":"rss","icon":"rss.png"},"spotify":{"key":"spotify","url":"","label":"Spotify","class":"spotify","icon":"spotify.png"},"stitcher":{"key":"stitcher","url":"","label":"Stitcher","class":"stitcher","icon":"stitcher.png"},"tunein":{"key":"tunein","url":"","label":"TuneIn","class":"tunein","icon":"tunein.png"},"youtube":{"key":"youtube","url":"","label":"YouTube","class":"youtube","icon":"youtube.png"},"iheartradio":{"key":"iheartradio","url":"","label":"iHeartRadio","class":"iheartradio","icon":"iheartradio.png"},"ivoox":{"key":"ivoox","url":"","label":"iVoox","class":"ivoox","icon":"ivoox.png"}},"rssFeedUrl":"https:\/\/quechilero.com\/blog\/feed\/podcast\/si-la-vida-nos-da-limones","embedCode":"<blockquote class=\"wp-embedded-content\" data-secret=\"DFIYDvyPKw\"><a href=\"https:\/\/quechilero.com\/blog\/2013\/03\/16\/la-paloma-real\/\">La paloma real<\/a><\/blockquote><iframe sandbox=\"allow-scripts\" security=\"restricted\" src=\"https:\/\/quechilero.com\/blog\/2013\/03\/16\/la-paloma-real\/embed\/#?secret=DFIYDvyPKw\" width=\"500\" height=\"350\" title=\"\u00abLa paloma real\u00bb \u2014 Si la Vida nos da Limones...\" data-secret=\"DFIYDvyPKw\" frameborder=\"0\" marginwidth=\"0\" marginheight=\"0\" scrolling=\"no\" class=\"wp-embedded-content\"><\/iframe><script>\n\/*! This file is auto-generated *\/\n!function(d,l){\"use strict\";l.querySelector&&d.addEventListener&&\"undefined\"!=typeof URL&&(d.wp=d.wp||{},d.wp.receiveEmbedMessage||(d.wp.receiveEmbedMessage=function(e){var t=e.data;if((t||t.secret||t.message||t.value)&&!\/[^a-zA-Z0-9]\/.test(t.secret)){for(var s,r,n,a=l.querySelectorAll('iframe[data-secret=\"'+t.secret+'\"]'),o=l.querySelectorAll('blockquote[data-secret=\"'+t.secret+'\"]'),c=new RegExp(\"^https?:$\",\"i\"),i=0;i<o.length;i++)o[i].style.display=\"none\";for(i=0;i<a.length;i++)s=a[i],e.source===s.contentWindow&&(s.removeAttribute(\"style\"),\"height\"===t.message?(1e3<(r=parseInt(t.value,10))?r=1e3:~~r<200&&(r=200),s.height=r):\"link\"===t.message&&(r=new URL(s.getAttribute(\"src\")),n=new URL(t.value),c.test(n.protocol))&&n.host===r.host&&l.activeElement===s&&(d.top.location.href=t.value))}},d.addEventListener(\"message\",d.wp.receiveEmbedMessage,!1),l.addEventListener(\"DOMContentLoaded\",function(){for(var e,t,s=l.querySelectorAll(\"iframe.wp-embedded-content\"),r=0;r<s.length;r++)(t=(e=s[r]).getAttribute(\"data-secret\"))||(t=Math.random().toString(36).substring(2,12),e.src+=\"#?secret=\"+t,e.setAttribute(\"data-secret\",t)),e.contentWindow.postMessage({message:\"ready\",secret:t},\"*\")},!1)))}(window,document);\n\/\/# sourceURL=https:\/\/quechilero.com\/blog\/wp-includes\/js\/wp-embed.min.js\n<\/script>\n"},"jetpack_publicize_connections":[],"jetpack_shortlink":"https:\/\/wp.me\/pDKli-4fE","jetpack_sharing_enabled":true,"jetpack-related-posts":[{"id":21689,"url":"https:\/\/quechilero.com\/blog\/2015\/10\/23\/el-halcon-que-no-podia-volar\/","url_meta":{"origin":16346,"position":0},"title":"El halc\u00f3n que no pod\u00eda volar","author":"Pepe Barrascout Ortiz","date":"23 octubre 2015","format":false,"excerpt":"Un rey recibi\u00f3 como obsequio dos pichones de halc\u00f3n y los entrego al maestro de cetrer\u00eda para que los entrenara. Pasados unos meses, el instructor comunic\u00f3 al rey que uno de los halcones estaba perfectamente educado, pero que al otro no sab\u00eda lo que le suced\u00eda: no se hab\u00eda movido\u2026","rel":"","context":"En \u00abLimones\u00bb","block_context":{"text":"Limones","link":"https:\/\/quechilero.com\/blog\/category\/limones\/"},"img":{"alt_text":"","src":"","width":0,"height":0},"classes":[]},{"id":9326,"url":"https:\/\/quechilero.com\/blog\/2011\/07\/25\/animales-carinosos-palomas-2\/","url_meta":{"origin":16346,"position":1},"title":"Animales cari\u00f1osos: Palomas","author":"Pepe Barrascout Ortiz","date":"25 julio 2011","format":false,"excerpt":"Los col\u00fambidos (Columbidae) son una familia de aves del orden Columbiformes que incluye las palomas, las t\u00f3rtolas y formas afines, siendo en total unas 308 especies. Los col\u00fambidos se distribuyen por todo el mundo; la mayor diversidad de especies la tiene la ecozona indomalaya y la ecozona de Australasia. Los\u2026","rel":"","context":"En \u00abLimones por mano\u00bb","block_context":{"text":"Limones por mano","link":"https:\/\/quechilero.com\/blog\/category\/limones-por-mano\/"},"img":{"alt_text":"","src":"","width":0,"height":0},"classes":[]},{"id":9226,"url":"https:\/\/quechilero.com\/blog\/2011\/08\/22\/animales-carinosos-palomas\/","url_meta":{"origin":16346,"position":2},"title":"Animales cari\u00f1osos: Palomas","author":"Pepe Barrascout Ortiz","date":"22 agosto 2011","format":false,"excerpt":"Los col\u00fambidos (Columbidae) son una familia de aves del orden Columbiformes que incluye las palomas, las t\u00f3rtolas y formas afines, siendo en total unas 308 especies. Los col\u00fambidos se distribuyen por todo el mundo; la mayor diversidad de especies la tiene la ecozona indomalaya y la ecozona de Australasia. Los\u2026","rel":"","context":"En \u00abLimones por mano\u00bb","block_context":{"text":"Limones por mano","link":"https:\/\/quechilero.com\/blog\/category\/limones-por-mano\/"},"img":{"alt_text":"","src":"","width":0,"height":0},"classes":[]},{"id":4518,"url":"https:\/\/quechilero.com\/blog\/2010\/04\/10\/el-profesor-y-la-paloma\/","url_meta":{"origin":16346,"position":3},"title":"El profesor y la paloma","author":"Pepe Barrascout Ortiz","date":"10 abril 2010","format":false,"excerpt":"Antes de graduarme me invitaron a unas clases sobre la libertad. Al final de un pasillo largo y estrecho hab\u00eda dos aulas; en una ense\u00f1aba un profesor de ret\u00f3rica, en la otra, un cuidador de palomas. El profesor exhib\u00eda una dial\u00e9ctica sorprendente, alertando ante los peligros, para nosotros reci\u00e9n graduados,\u2026","rel":"","context":"En \u00abLimones\u00bb","block_context":{"text":"Limones","link":"https:\/\/quechilero.com\/blog\/category\/limones\/"},"img":{"alt_text":"","src":"","width":0,"height":0},"classes":[]},{"id":16786,"url":"https:\/\/quechilero.com\/blog\/2013\/06\/25\/palomitas-de-%ef%bb%bfmaiz\/","url_meta":{"origin":16346,"position":4},"title":"Palomitas de \ufeffMa\u00edz","author":"Pepe Barrascout Ortiz","date":"25 junio 2013","format":false,"excerpt":"Hace algunas semanas se instal\u00f3 en la ciudad un circo en un terreno que es rentado para este tipo de eventos. El d\u00eda que este circo abandono la ciudad, uno m\u00e1s llegaba para instalarse y empezar su temporada de funciones. Asist\u00ed a una funci\u00f3n en cada uno de estos, y\u2026","rel":"","context":"En \u00abLimones\u00bb","block_context":{"text":"Limones","link":"https:\/\/quechilero.com\/blog\/category\/limones\/"},"img":{"alt_text":"","src":"","width":0,"height":0},"classes":[]},{"id":3184,"url":"https:\/\/quechilero.com\/blog\/2009\/09\/09\/el-ermitano-domador-de-animales\/","url_meta":{"origin":16346,"position":5},"title":"El Ermita\u00f1o domador de animales","author":"Pepe Barrascout Ortiz","date":"9 septiembre 2009","format":false,"excerpt":"Se cuenta lo siguiente de un viejo anacoreta o ermita\u00f1o, es decir, una de esas personas que por amor a Dios se refugian en la soledad del desierto, del bosque o de las monta\u00f1as para solamente dedicarse a la oraci\u00f3n y a la penitencia. Se quejaba muchas veces que ten\u00eda\u2026","rel":"","context":"En \u00abLimones\u00bb","block_context":{"text":"Limones","link":"https:\/\/quechilero.com\/blog\/category\/limones\/"},"img":{"alt_text":"","src":"","width":0,"height":0},"classes":[]}],"jetpack_featured_media_url":"","_links":{"self":[{"href":"https:\/\/quechilero.com\/blog\/wp-json\/wp\/v2\/posts\/16346","targetHints":{"allow":["GET"]}}],"collection":[{"href":"https:\/\/quechilero.com\/blog\/wp-json\/wp\/v2\/posts"}],"about":[{"href":"https:\/\/quechilero.com\/blog\/wp-json\/wp\/v2\/types\/post"}],"author":[{"embeddable":true,"href":"https:\/\/quechilero.com\/blog\/wp-json\/wp\/v2\/users\/1"}],"replies":[{"embeddable":true,"href":"https:\/\/quechilero.com\/blog\/wp-json\/wp\/v2\/comments?post=16346"}],"version-history":[{"count":0,"href":"https:\/\/quechilero.com\/blog\/wp-json\/wp\/v2\/posts\/16346\/revisions"}],"wp:attachment":[{"href":"https:\/\/quechilero.com\/blog\/wp-json\/wp\/v2\/media?parent=16346"}],"wp:term":[{"taxonomy":"category","embeddable":true,"href":"https:\/\/quechilero.com\/blog\/wp-json\/wp\/v2\/categories?post=16346"},{"taxonomy":"post_tag","embeddable":true,"href":"https:\/\/quechilero.com\/blog\/wp-json\/wp\/v2\/tags?post=16346"},{"taxonomy":"series","embeddable":true,"href":"https:\/\/quechilero.com\/blog\/wp-json\/wp\/v2\/series?post=16346"}],"curies":[{"name":"wp","href":"https:\/\/api.w.org\/{rel}","templated":true}]}}