{"id":16343,"date":"2013-03-18T08:00:37","date_gmt":"2013-03-18T14:00:37","guid":{"rendered":"http:\/\/quechilero.com\/blog\/?p=16343"},"modified":"2013-03-18T08:00:37","modified_gmt":"2013-03-18T14:00:37","slug":"las-primeras-palabras-del-papa-francisco","status":"publish","type":"post","link":"https:\/\/quechilero.com\/blog\/2013\/03\/18\/las-primeras-palabras-del-papa-francisco\/","title":{"rendered":"Las primeras palabras del Papa Francisco"},"content":{"rendered":"<p><span class=\"embed-youtube\" style=\"text-align:center; display: block;\"><iframe loading=\"lazy\" class=\"youtube-player\" width=\"1200\" height=\"675\" src=\"https:\/\/www.youtube.com\/embed\/fd5kNiBp1Lg?version=3&#038;rel=1&#038;showsearch=0&#038;showinfo=1&#038;iv_load_policy=1&#038;fs=1&#038;hl=es-ES&#038;autohide=2&#038;wmode=transparent\" allowfullscreen=\"true\" style=\"border:0;\" sandbox=\"allow-scripts allow-same-origin allow-popups allow-presentation allow-popups-to-escape-sandbox\"><\/iframe><\/span><\/p>\n<p><i>Hermanos y hermanas, buenas tardes.<\/i><\/p>\n<p><i>Sab\u00e9is que el deber del c\u00f3nclave era dar un Obispo a Roma. Parece que mis hermanos Cardenales han ido a buscarlo casi al fin del mundo&#8230;, pero aqu\u00ed estamos. Os agradezco la acogida. La comunidad diocesana de Roma tiene a su Obispo. Gracias. Y ante todo, quisiera rezar por nuestro Obispo em\u00e9rito, Benedicto XVI. Oremos todos juntos por \u00e9l, para que el Se\u00f1or lo bendiga y la Virgen lo proteja.<\/i><\/p>\n<p>(Padre nuestro. Ave Mar\u00eda. Gloria al Padre).<\/p>\n<p><i>Y ahora, comenzamos este camino: Obispo y pueblo. Este camino de la Iglesia de Roma, que es la que preside en la caridad a todas las Iglesias. Un camino de fraternidad, de amor, de confianza entre nosotros. Recemos siempre por nosotros: el uno por el otro. Recemos por todo el mundo, para que haya una gran fraternidad. Deseo que este camino de Iglesia, que hoy comenzamos y en el cual me ayudar\u00e1 mi Cardenal Vicario, aqu\u00ed presente, sea fruct\u00edfero para la evangelizaci\u00f3n de esta ciudad tan hermosa. Y ahora quisiera dar la Bendici\u00f3n, pero antes, antes, os pido un favor: antes que el Obispo bendiga al pueblo, os pido que vosotros rec\u00e9is para el que Se\u00f1or me bendiga: la oraci\u00f3n del pueblo, pidiendo la Bendici\u00f3n para su Obispo. Hagamos en silencio esta oraci\u00f3n de vosotros por m\u00ed&#8230;.<\/i><\/p>\n<p><i>Ahora dar\u00e9 la Bendici\u00f3n a vosotros y a todo el mundo, a todos los hombres y mujeres de buena voluntad.<\/i><\/p>\n<p>(Bendici\u00f3n).<\/p>\n<p><i>Hermanos y hermanas, os dejo. Muchas gracias por vuestra acogida. Rezad por m\u00ed y hasta pronto. Nos veremos pronto. Ma\u00f1ana quisiera ir a rezar a la Virgen, para que proteja a toda Roma. Buenas noches y que descans\u00e9is.<\/i><\/p>\n","protected":false},"excerpt":{"rendered":"<p>Hermanos y hermanas, buenas tardes. Sab\u00e9is que el deber del c\u00f3nclave era dar un Obispo a Roma. Parece que mis hermanos Cardenales han ido a buscarlo casi al fin del mundo&#8230;, pero aqu\u00ed estamos. Os agradezco la acogida. La comunidad diocesana de Roma tiene a su Obispo. Gracias. Y ante todo, quisiera rezar por nuestro &#8230; <a title=\"Las primeras palabras del Papa Francisco\" class=\"read-more\" href=\"https:\/\/quechilero.com\/blog\/2013\/03\/18\/las-primeras-palabras-del-papa-francisco\/\" aria-label=\"Leer m\u00e1s sobre Las primeras palabras del Papa Francisco\">Leer m\u00e1s<\/a><\/p>\n","protected":false},"author":1,"featured_media":0,"comment_status":"open","ping_status":"open","sticky":false,"template":"","format":"standard","meta":{"advanced_seo_description":"","jetpack_seo_html_title":"","jetpack_seo_noindex":false,"jetpack_seo_schema_type":"","episode_type":"","audio_file":"","podmotor_file_id":"","podmotor_episode_id":"","cover_image":"","cover_image_id":"","duration":"","filesize":"","filesize_raw":"","date_recorded":"","explicit":"","block":"","_jetpack_newsletter_access":"","_jetpack_dont_email_post_to_subs":false,"_jetpack_newsletter_tier_id":0,"_jetpack_memberships_contains_paywalled_content":false,"_jetpack_feature_clip_id":0,"_jetpack_memberships_contains_paid_content":false,"footnotes":"","jetpack_publicize_message":"","jetpack_publicize_feature_enabled":true,"jetpack_social_post_already_shared":true,"jetpack_social_options":{"image_generator_settings":{"template":"highway","default_image_id":0,"font":"","enabled":false},"version":2},"jetpack_post_was_ever_published":false},"categories":[2],"tags":[15,37,38,45,18,20,86,42,53],"series":[],"class_list":["post-16343","post","type-post","status-publish","format-standard","hentry","category-limones","tag-amor","tag-ayuda","tag-confianza","tag-deseo","tag-hombre","tag-mujer","tag-oracion","tag-palabra","tag-youtube"],"episode_featured_image":false,"episode_player_image":"https:\/\/i0.wp.com\/quechilero.com\/blog\/imagenes\/podcast.png?fit=1831%2C1831&ssl=1","download_link":"","player_link":"","audio_player":false,"episode_data":{"playerMode":"dark","subscribeUrls":{"amazon":{"key":"amazon","url":"","label":"Amazon","class":"amazon","icon":"amazon.png"},"apple_podcasts":{"key":"apple_podcasts","url":"","label":"Apple Podcasts","class":"apple_podcasts","icon":"apple-podcasts.png"},"castbox":{"key":"castbox","url":"","label":"CastBox","class":"castbox","icon":"castbox.png"},"deezer":{"key":"deezer","url":"","label":"Deezer","class":"deezer","icon":"deezer.png"},"google_podcasts":{"key":"google_podcasts","url":"","label":"Google Podcasts","class":"google_podcasts","icon":"google-podcasts.png"},"listen_notes":{"key":"listen_notes","url":"","label":"Listen Notes","class":"listen_notes","icon":"listen-notes.png"},"pandora":{"key":"pandora","url":"","label":"Pandora","class":"pandora","icon":"pandora.png"},"podbean":{"key":"podbean","url":"","label":"Podbean","class":"podbean","icon":"podbean.png"},"podcast_republic":{"key":"podcast_republic","url":"","label":"Podcast Republic","class":"podcast_republic","icon":"podcast-republic.png"},"rss":{"key":"rss","url":"","label":"RSS","class":"rss","icon":"rss.png"},"spotify":{"key":"spotify","url":"","label":"Spotify","class":"spotify","icon":"spotify.png"},"stitcher":{"key":"stitcher","url":"","label":"Stitcher","class":"stitcher","icon":"stitcher.png"},"tunein":{"key":"tunein","url":"","label":"TuneIn","class":"tunein","icon":"tunein.png"},"youtube":{"key":"youtube","url":"","label":"YouTube","class":"youtube","icon":"youtube.png"},"iheartradio":{"key":"iheartradio","url":"","label":"iHeartRadio","class":"iheartradio","icon":"iheartradio.png"},"ivoox":{"key":"ivoox","url":"","label":"iVoox","class":"ivoox","icon":"ivoox.png"}},"rssFeedUrl":"https:\/\/quechilero.com\/blog\/feed\/podcast\/si-la-vida-nos-da-limones","embedCode":"<blockquote class=\"wp-embedded-content\" data-secret=\"zpifWwchfP\"><a href=\"https:\/\/quechilero.com\/blog\/2013\/03\/18\/las-primeras-palabras-del-papa-francisco\/\">Las primeras palabras del Papa Francisco<\/a><\/blockquote><iframe sandbox=\"allow-scripts\" security=\"restricted\" src=\"https:\/\/quechilero.com\/blog\/2013\/03\/18\/las-primeras-palabras-del-papa-francisco\/embed\/#?secret=zpifWwchfP\" width=\"500\" height=\"350\" title=\"\u00abLas primeras palabras del Papa Francisco\u00bb \u2014 Si la Vida nos da Limones...\" data-secret=\"zpifWwchfP\" frameborder=\"0\" marginwidth=\"0\" marginheight=\"0\" scrolling=\"no\" class=\"wp-embedded-content\"><\/iframe><script>\n\/*! This file is auto-generated *\/\n!function(d,l){\"use strict\";l.querySelector&&d.addEventListener&&\"undefined\"!=typeof URL&&(d.wp=d.wp||{},d.wp.receiveEmbedMessage||(d.wp.receiveEmbedMessage=function(e){var t=e.data;if((t||t.secret||t.message||t.value)&&!\/[^a-zA-Z0-9]\/.test(t.secret)){for(var s,r,n,a=l.querySelectorAll('iframe[data-secret=\"'+t.secret+'\"]'),o=l.querySelectorAll('blockquote[data-secret=\"'+t.secret+'\"]'),c=new RegExp(\"^https?:$\",\"i\"),i=0;i<o.length;i++)o[i].style.display=\"none\";for(i=0;i<a.length;i++)s=a[i],e.source===s.contentWindow&&(s.removeAttribute(\"style\"),\"height\"===t.message?(1e3<(r=parseInt(t.value,10))?r=1e3:~~r<200&&(r=200),s.height=r):\"link\"===t.message&&(r=new URL(s.getAttribute(\"src\")),n=new URL(t.value),c.test(n.protocol))&&n.host===r.host&&l.activeElement===s&&(d.top.location.href=t.value))}},d.addEventListener(\"message\",d.wp.receiveEmbedMessage,!1),l.addEventListener(\"DOMContentLoaded\",function(){for(var e,t,s=l.querySelectorAll(\"iframe.wp-embedded-content\"),r=0;r<s.length;r++)(t=(e=s[r]).getAttribute(\"data-secret\"))||(t=Math.random().toString(36).substring(2,12),e.src+=\"#?secret=\"+t,e.setAttribute(\"data-secret\",t)),e.contentWindow.postMessage({message:\"ready\",secret:t},\"*\")},!1)))}(window,document);\n\/\/# sourceURL=https:\/\/quechilero.com\/blog\/wp-includes\/js\/wp-embed.min.js\n<\/script>\n"},"jetpack_publicize_connections":[],"jetpack_shortlink":"https:\/\/wp.me\/pDKli-4fB","jetpack_sharing_enabled":true,"jetpack-related-posts":[{"id":19521,"url":"https:\/\/quechilero.com\/blog\/2015\/02\/14\/el-obispo-martir-san-valentin\/","url_meta":{"origin":16343,"position":0},"title":"El Obispo m\u00e1rtir San Valent\u00edn","author":"Pepe Barrascout Ortiz","date":"14 febrero 2015","format":false,"excerpt":"En medio de un mundo que ha relativizado el amor, que vive erotizado y que ha convertido toda celebraci\u00f3n en una maquinaria comercial, la Iglesia Cat\u00f3lica recuerda hoy al Obispo y M\u00e1rtir San Valent\u00edn. El protector de los enamorados, naci\u00f3 en la ciudad de Terni a cien kil\u00f3metros de Roma\u2026","rel":"","context":"En \u00abLimones\u00bb","block_context":{"text":"Limones","link":"https:\/\/quechilero.com\/blog\/category\/limones\/"},"img":{"alt_text":"","src":"","width":0,"height":0},"classes":[]},{"id":12444,"url":"https:\/\/quechilero.com\/blog\/2012\/06\/12\/el-obispo-y-sus-dos-hijos\/","url_meta":{"origin":16343,"position":1},"title":"El obispo y sus dos hijos","author":"Pepe Barrascout Ortiz","date":"12 junio 2012","format":false,"excerpt":"Un obispo, de la costa oriental de los Estados Unidos, hace muchos a\u00f1os visit\u00f3 a una peque\u00f1a universidad religiosa del medio oeste. Se aloj\u00f3 en casa del presidente de la universidad, que tambi\u00e9n fung\u00eda como catedr\u00e1tico de f\u00edsica y qu\u00edmica. Despu\u00e9s de la cena, el obispo dijo que el milenio\u2026","rel":"","context":"En \u00abLimones\u00bb","block_context":{"text":"Limones","link":"https:\/\/quechilero.com\/blog\/category\/limones\/"},"img":{"alt_text":"","src":"","width":0,"height":0},"classes":[]},{"id":807,"url":"https:\/\/quechilero.com\/blog\/2007\/12\/08\/virgen-de-concepcion\/","url_meta":{"origin":16343,"position":2},"title":"Virgen de Concepci\u00f3n","author":"Pepe Barrascout Ortiz","date":"8 diciembre 2007","format":false,"excerpt":"Desde 1854, cada 8 de diciembre se conmemora el D\u00eda de la Inmaculada Concepci\u00f3n de Mar\u00eda. La importancia de esta fecha para los cat\u00f3licos es muy grande. Formalmente, el D\u00eda de la Inmaculada Concepci\u00f3n fue declarado el 8 de diciembre de 1854, por el Papa en ejercicio en este entonces,\u2026","rel":"","context":"En \u00abLimones\u00bb","block_context":{"text":"Limones","link":"https:\/\/quechilero.com\/blog\/category\/limones\/"},"img":{"alt_text":"Virgen de Concepci\u00f3n","src":"https:\/\/i0.wp.com\/img141.imageshack.us\/img141\/3083\/3167152484a8214dec0ag4.jpg?resize=350%2C200","width":350,"height":200},"classes":[]},{"id":17575,"url":"https:\/\/quechilero.com\/blog\/2013\/12\/12\/la-virgen-de-guadalupe\/","url_meta":{"origin":16343,"position":3},"title":"La Virgen de Guadalupe","author":"Pepe Barrascout Ortiz","date":"12 diciembre 2013","format":false,"excerpt":"En el a\u00f1o de 1531 en M\u00e9xico, caminaba un indito de nombre Juan Diego por la orilla del cerro que se llamaba Tepeyac, y de pronto oy\u00f3 una dulce voz, volte\u00f3 la cabeza y vio una bell\u00edsima se\u00f1ora que lo ve\u00eda tiernamente y le dijo: - Yo soy la siempre\u2026","rel":"","context":"En \u00abLimones\u00bb","block_context":{"text":"Limones","link":"https:\/\/quechilero.com\/blog\/category\/limones\/"},"img":{"alt_text":"","src":"","width":0,"height":0},"classes":[]},{"id":2069,"url":"https:\/\/quechilero.com\/blog\/2008\/12\/12\/virgen-de-guadalupe-2\/","url_meta":{"origin":16343,"position":4},"title":"Virgen de Guadalupe","author":"Pepe Barrascout Ortiz","date":"12 diciembre 2008","format":false,"excerpt":"Hoy celebramos la fiesta en honor de nuestra Santa Madre la Virgen de Guadalupe, en este d\u00eda de fiesta deseo compartir una oraci\u00f3n para la reflexi\u00f3n personal, para que nuestra Virgencita de Guadalupe interceda por nosotros, nos cuide y proteja de todo mal. \u00a1Oh Virgen Inmaculada, Madre del verdadero Dios\u2026","rel":"","context":"En \u00abLimones\u00bb","block_context":{"text":"Limones","link":"https:\/\/quechilero.com\/blog\/category\/limones\/"},"img":{"alt_text":"Retablo de la Virgen de Guadalupe, La Merced de la Ciudad de Guatemala","src":"https:\/\/i0.wp.com\/img514.imageshack.us\/img514\/4899\/120105430865b7c46728xv3.jpg?resize=350%2C200","width":350,"height":200},"classes":[]},{"id":7524,"url":"https:\/\/quechilero.com\/blog\/2011\/11\/21\/los-monjes\/","url_meta":{"origin":16343,"position":5},"title":"Los monjes","author":"Pepe Barrascout Ortiz","date":"21 noviembre 2011","format":false,"excerpt":"Hab\u00eda dos monjes que buscaban la perfecci\u00f3n. Cierto d\u00eda, el obispo de la ciudad fue a visitarlos al eremitorio. Al llegar, vio a uno de ellos que vest\u00eda pobremente, com\u00eda mal y se sacrificaba continuamente, por eso estaba muy delgado; pero interiormente se consideraba un hombre virtuoso. El obispo qued\u00f3\u2026","rel":"","context":"En \u00abLimones\u00bb","block_context":{"text":"Limones","link":"https:\/\/quechilero.com\/blog\/category\/limones\/"},"img":{"alt_text":"","src":"","width":0,"height":0},"classes":[]}],"jetpack_featured_media_url":"","_links":{"self":[{"href":"https:\/\/quechilero.com\/blog\/wp-json\/wp\/v2\/posts\/16343","targetHints":{"allow":["GET"]}}],"collection":[{"href":"https:\/\/quechilero.com\/blog\/wp-json\/wp\/v2\/posts"}],"about":[{"href":"https:\/\/quechilero.com\/blog\/wp-json\/wp\/v2\/types\/post"}],"author":[{"embeddable":true,"href":"https:\/\/quechilero.com\/blog\/wp-json\/wp\/v2\/users\/1"}],"replies":[{"embeddable":true,"href":"https:\/\/quechilero.com\/blog\/wp-json\/wp\/v2\/comments?post=16343"}],"version-history":[{"count":0,"href":"https:\/\/quechilero.com\/blog\/wp-json\/wp\/v2\/posts\/16343\/revisions"}],"wp:attachment":[{"href":"https:\/\/quechilero.com\/blog\/wp-json\/wp\/v2\/media?parent=16343"}],"wp:term":[{"taxonomy":"category","embeddable":true,"href":"https:\/\/quechilero.com\/blog\/wp-json\/wp\/v2\/categories?post=16343"},{"taxonomy":"post_tag","embeddable":true,"href":"https:\/\/quechilero.com\/blog\/wp-json\/wp\/v2\/tags?post=16343"},{"taxonomy":"series","embeddable":true,"href":"https:\/\/quechilero.com\/blog\/wp-json\/wp\/v2\/series?post=16343"}],"curies":[{"name":"wp","href":"https:\/\/api.w.org\/{rel}","templated":true}]}}