{"id":16309,"date":"2013-03-08T08:00:35","date_gmt":"2013-03-08T14:00:35","guid":{"rendered":"http:\/\/quechilero.com\/blog\/?p=16309"},"modified":"2013-03-08T08:00:35","modified_gmt":"2013-03-08T14:00:35","slug":"sentido-de-la-cuaresma","status":"publish","type":"post","link":"https:\/\/quechilero.com\/blog\/2013\/03\/08\/sentido-de-la-cuaresma\/","title":{"rendered":"Sentido de la Cuaresma"},"content":{"rendered":"<p>A lo largo de este tiempo, sobre todo en la liturgia del domingo, hacemos un esfuerzo por recuperar el ritmo y estilo de verdaderos creyentes que debemos vivir como hijos de Dios. La cuaresma es un gran ejercicio espiritual para ponernos en forma para festejar los 50 d\u00edas pascuales.<\/p>\n<p>La Cuaresma es un medio, nunca un fin. El fin es la Pascua, la Resurrecci\u00f3n, la Vida Feliz y para siempre.<\/p>\n<p>El color lit\u00fargico de este tiempo es el lila, que significa preparaci\u00f3n. Es un tiempo de reflexi\u00f3n, de silencio y retiro si es posible, de desapego de las cosas, de conversi\u00f3n espiritual a Jes\u00fas; tiempo de preparaci\u00f3n al misterio pascual, a lo definitivo, a la realidad total a la que tendemos.<\/p>\n<p>La Cuaresma es un camino hacia la Pascua, que es la fiesta m\u00e1s importante de la Iglesia por ser la resurrecci\u00f3n de Jes\u00fas, la experiencia fundamental del ser cristiano. La novedad cristiana.<\/p>\n<p>La Cruz es una cara de la moneda. La otra es la Pascua. No hay cruz sin resurrecci\u00f3n, ni resurrecci\u00f3n y gloria sin sufrimiento ni dolor. Pero la gloria es lo definitivo. El sufrimiento, la enfermedad y el mal son pasajeros.<\/p>\n<p>\u00c9sta, temporal, es la etapa pen\u00faltima. Aquella, la eternidad, ser\u00e1 la definitiva, y no s\u00f3lo con el alma, sino con nuestro propio cuerpo glorificado as\u00ed como est\u00e1 glorificado el cuerpo de Jes\u00fas. Cosa que suceder\u00e1 en el d\u00eda final.<\/p>\n","protected":false},"excerpt":{"rendered":"<p>A lo largo de este tiempo, sobre todo en la liturgia del domingo, hacemos un esfuerzo por recuperar el ritmo y estilo de verdaderos creyentes que debemos vivir como hijos de Dios. La cuaresma es un gran ejercicio espiritual para ponernos en forma para festejar los 50 d\u00edas pascuales. La Cuaresma es un medio, nunca &#8230; <a title=\"Sentido de la Cuaresma\" class=\"read-more\" href=\"https:\/\/quechilero.com\/blog\/2013\/03\/08\/sentido-de-la-cuaresma\/\" aria-label=\"Leer m\u00e1s sobre Sentido de la Cuaresma\">Leer m\u00e1s<\/a><\/p>\n","protected":false},"author":1,"featured_media":0,"comment_status":"open","ping_status":"open","sticky":false,"template":"","format":"standard","meta":{"advanced_seo_description":"","jetpack_seo_html_title":"","jetpack_seo_noindex":false,"jetpack_seo_schema_type":"","episode_type":"","audio_file":"","podmotor_file_id":"","podmotor_episode_id":"","cover_image":"","cover_image_id":"","duration":"","filesize":"","filesize_raw":"","date_recorded":"","explicit":"","block":"","_jetpack_newsletter_access":"","_jetpack_dont_email_post_to_subs":false,"_jetpack_newsletter_tier_id":0,"_jetpack_memberships_contains_paywalled_content":false,"_jetpack_feature_clip_id":0,"_jetpack_memberships_contains_paid_content":false,"footnotes":"","jetpack_publicize_message":"","jetpack_publicize_feature_enabled":true,"jetpack_social_post_already_shared":true,"jetpack_social_options":{"image_generator_settings":{"template":"highway","default_image_id":0,"font":"","enabled":false},"version":2},"jetpack_post_was_ever_published":false},"categories":[2],"tags":[12,100,51,49,46,74,5,41,24],"series":[],"class_list":["post-16309","post","type-post","status-publish","format-standard","hentry","category-limones","tag-cosas","tag-cuaresma","tag-dios","tag-esfuerzo","tag-feliz","tag-jesus","tag-tiempo","tag-verdad","tag-vida"],"episode_featured_image":false,"episode_player_image":"https:\/\/i0.wp.com\/quechilero.com\/blog\/imagenes\/podcast.png?fit=1831%2C1831&ssl=1","download_link":"","player_link":"","audio_player":false,"episode_data":{"playerMode":"dark","subscribeUrls":{"amazon":{"key":"amazon","url":"","label":"Amazon","class":"amazon","icon":"amazon.png"},"apple_podcasts":{"key":"apple_podcasts","url":"","label":"Apple Podcasts","class":"apple_podcasts","icon":"apple-podcasts.png"},"castbox":{"key":"castbox","url":"","label":"CastBox","class":"castbox","icon":"castbox.png"},"deezer":{"key":"deezer","url":"","label":"Deezer","class":"deezer","icon":"deezer.png"},"google_podcasts":{"key":"google_podcasts","url":"","label":"Google Podcasts","class":"google_podcasts","icon":"google-podcasts.png"},"listen_notes":{"key":"listen_notes","url":"","label":"Listen Notes","class":"listen_notes","icon":"listen-notes.png"},"pandora":{"key":"pandora","url":"","label":"Pandora","class":"pandora","icon":"pandora.png"},"podbean":{"key":"podbean","url":"","label":"Podbean","class":"podbean","icon":"podbean.png"},"podcast_republic":{"key":"podcast_republic","url":"","label":"Podcast Republic","class":"podcast_republic","icon":"podcast-republic.png"},"rss":{"key":"rss","url":"","label":"RSS","class":"rss","icon":"rss.png"},"spotify":{"key":"spotify","url":"","label":"Spotify","class":"spotify","icon":"spotify.png"},"stitcher":{"key":"stitcher","url":"","label":"Stitcher","class":"stitcher","icon":"stitcher.png"},"tunein":{"key":"tunein","url":"","label":"TuneIn","class":"tunein","icon":"tunein.png"},"youtube":{"key":"youtube","url":"","label":"YouTube","class":"youtube","icon":"youtube.png"},"iheartradio":{"key":"iheartradio","url":"","label":"iHeartRadio","class":"iheartradio","icon":"iheartradio.png"},"ivoox":{"key":"ivoox","url":"","label":"iVoox","class":"ivoox","icon":"ivoox.png"}},"rssFeedUrl":"https:\/\/quechilero.com\/blog\/feed\/podcast\/si-la-vida-nos-da-limones","embedCode":"<blockquote class=\"wp-embedded-content\" data-secret=\"U8i3j67Dvw\"><a href=\"https:\/\/quechilero.com\/blog\/2013\/03\/08\/sentido-de-la-cuaresma\/\">Sentido de la Cuaresma<\/a><\/blockquote><iframe sandbox=\"allow-scripts\" security=\"restricted\" src=\"https:\/\/quechilero.com\/blog\/2013\/03\/08\/sentido-de-la-cuaresma\/embed\/#?secret=U8i3j67Dvw\" width=\"500\" height=\"350\" title=\"\u00abSentido de la Cuaresma\u00bb \u2014 Si la Vida nos da Limones...\" data-secret=\"U8i3j67Dvw\" frameborder=\"0\" marginwidth=\"0\" marginheight=\"0\" scrolling=\"no\" class=\"wp-embedded-content\"><\/iframe><script>\n\/*! This file is auto-generated *\/\n!function(d,l){\"use strict\";l.querySelector&&d.addEventListener&&\"undefined\"!=typeof URL&&(d.wp=d.wp||{},d.wp.receiveEmbedMessage||(d.wp.receiveEmbedMessage=function(e){var t=e.data;if((t||t.secret||t.message||t.value)&&!\/[^a-zA-Z0-9]\/.test(t.secret)){for(var s,r,n,a=l.querySelectorAll('iframe[data-secret=\"'+t.secret+'\"]'),o=l.querySelectorAll('blockquote[data-secret=\"'+t.secret+'\"]'),c=new RegExp(\"^https?:$\",\"i\"),i=0;i<o.length;i++)o[i].style.display=\"none\";for(i=0;i<a.length;i++)s=a[i],e.source===s.contentWindow&&(s.removeAttribute(\"style\"),\"height\"===t.message?(1e3<(r=parseInt(t.value,10))?r=1e3:~~r<200&&(r=200),s.height=r):\"link\"===t.message&&(r=new URL(s.getAttribute(\"src\")),n=new URL(t.value),c.test(n.protocol))&&n.host===r.host&&l.activeElement===s&&(d.top.location.href=t.value))}},d.addEventListener(\"message\",d.wp.receiveEmbedMessage,!1),l.addEventListener(\"DOMContentLoaded\",function(){for(var e,t,s=l.querySelectorAll(\"iframe.wp-embedded-content\"),r=0;r<s.length;r++)(t=(e=s[r]).getAttribute(\"data-secret\"))||(t=Math.random().toString(36).substring(2,12),e.src+=\"#?secret=\"+t,e.setAttribute(\"data-secret\",t)),e.contentWindow.postMessage({message:\"ready\",secret:t},\"*\")},!1)))}(window,document);\n\/\/# sourceURL=https:\/\/quechilero.com\/blog\/wp-includes\/js\/wp-embed.min.js\n<\/script>\n"},"jetpack_publicize_connections":[],"jetpack_shortlink":"https:\/\/wp.me\/pDKli-4f3","jetpack_sharing_enabled":true,"jetpack-related-posts":[{"id":12972,"url":"https:\/\/quechilero.com\/blog\/2012\/03\/29\/la-tradicion-de-los-huevos-de-pascua\/","url_meta":{"origin":16309,"position":0},"title":"La tradici\u00f3n de los huevos de Pascua","author":"Pepe Barrascout Ortiz","date":"29 marzo 2012","format":false,"excerpt":"El origen de esta costumbre viene de los antiguos egipcios, quienes acostumbraban regalarse en ocasiones especiales, huevos decorados por ellos mismos. Los decoraban con pinturas que sacaban de las plantas y el mejor regalo era el huevo que estuviera mejor pintado. Ellos los pon\u00edan como adornos en sus casas. Cuando\u2026","rel":"","context":"En \u00abLimones\u00bb","block_context":{"text":"Limones","link":"https:\/\/quechilero.com\/blog\/category\/limones\/"},"img":{"alt_text":"","src":"","width":0,"height":0},"classes":[]},{"id":17312,"url":"https:\/\/quechilero.com\/blog\/2013\/10\/10\/el-ayuno\/","url_meta":{"origin":16309,"position":1},"title":"El Ayuno","author":"Pepe Barrascout Ortiz","date":"10 octubre 2013","format":false,"excerpt":"La Cuaresma se presta para encontrar el sentido del ayuno en la historia y la forma de practicarlo adecuadamente. El ayuno es una gran herramienta de acercamiento a Dios tanto a trav\u00e9s de la solidaridad en el sufrimiento de los pobres como a trav\u00e9s del sacrificio ofrecido a Dios. \"El\u2026","rel":"","context":"En \u00abLimones\u00bb","block_context":{"text":"Limones","link":"https:\/\/quechilero.com\/blog\/category\/limones\/"},"img":{"alt_text":"","src":"","width":0,"height":0},"classes":[]},{"id":16304,"url":"https:\/\/quechilero.com\/blog\/2013\/03\/03\/duracion-de-la-cuaresma\/","url_meta":{"origin":16309,"position":2},"title":"Duraci\u00f3n de la Cuaresma","author":"Pepe Barrascout Ortiz","date":"3 marzo 2013","format":false,"excerpt":"La Cuaresma dura cuarenta d\u00edas. Comienza el mi\u00e9rcoles de ceniza y termina el Jueves Santo por la tarde-noche, antes de la Misa \"en la Cena del Se\u00f1or\". Tambi\u00e9n cabe decir que la liturgia considera el jueves a la noche, con el Viernes Santo, S\u00e1bado Santo y Domingo de Resurrecci\u00f3n, como\u2026","rel":"","context":"En \u00abLimones\u00bb","block_context":{"text":"Limones","link":"https:\/\/quechilero.com\/blog\/category\/limones\/"},"img":{"alt_text":"","src":"","width":0,"height":0},"classes":[]},{"id":905,"url":"https:\/\/quechilero.com\/blog\/2008\/03\/19\/cuaresma-evangelio-19-mar-08\/","url_meta":{"origin":16309,"position":3},"title":"Cuaresma &#8211; Evangelio 19 mar 08","author":"Pepe Barrascout Ortiz","date":"19 marzo 2008","format":false,"excerpt":"Evangelio seg\u00fan San Mateo 26,14-25. Entonces uno de los Doce, llamado Judas Iscariote, fue a ver a los sumos sacerdotes y les dijo: \"\u00bfCu\u00e1nto me dar\u00e1n si se lo entrego?\". Y resolvieron darle treinta monedas de plata. Desde ese momento, Judas buscaba una ocasi\u00f3n favorable para entregarlo. El primer d\u00eda\u2026","rel":"","context":"En \u00abLimones\u00bb","block_context":{"text":"Limones","link":"https:\/\/quechilero.com\/blog\/category\/limones\/"},"img":{"alt_text":"","src":"","width":0,"height":0},"classes":[]},{"id":5796,"url":"https:\/\/quechilero.com\/blog\/2010\/10\/24\/en-esta-ocasion\/","url_meta":{"origin":16309,"position":4},"title":"En esta ocasi\u00f3n&#8230;","author":"Pepe Barrascout Ortiz","date":"24 octubre 2010","format":false,"excerpt":"Quiz\u00e1s para muchos, sea otro a\u00f1o m\u00e1s en que se acerca la Semana Santa, y de igual manera los d\u00edas en que se puede ir a vacacionar y pasarla bien. Para m\u00ed as\u00ed era antes. Hoy precisamente en este a\u00f1o, espero y doy gracias a Dios por estar ya en\u2026","rel":"","context":"En \u00abLimones\u00bb","block_context":{"text":"Limones","link":"https:\/\/quechilero.com\/blog\/category\/limones\/"},"img":{"alt_text":"","src":"","width":0,"height":0},"classes":[]},{"id":6205,"url":"https:\/\/quechilero.com\/blog\/2010\/12\/05\/abstinencia-de-palabras-e-imagenes-ver-juzgar-y-actuar-2\/","url_meta":{"origin":16309,"position":5},"title":"Abstinencia de palabras e im\u00e1genes: Ver, Juzgar y \u00a1Actuar!","author":"Pepe Barrascout Ortiz","date":"5 diciembre 2010","format":false,"excerpt":"Juzgar: La Cuaresma es tiempo propicio para la soledad, el silencio, la oraci\u00f3n. Jes\u00fas se fue al desierto por cuarenta d\u00edas, igual que Mois\u00e9s y El\u00edas. Durante su intensa actividad apost\u00f3lica, siempre buscaba tiempos y lugares para apartarse y estar a solas con su Padre. La abstinencia que la Iglesia\u2026","rel":"","context":"En \u00abLimones\u00bb","block_context":{"text":"Limones","link":"https:\/\/quechilero.com\/blog\/category\/limones\/"},"img":{"alt_text":"","src":"","width":0,"height":0},"classes":[]}],"jetpack_featured_media_url":"","_links":{"self":[{"href":"https:\/\/quechilero.com\/blog\/wp-json\/wp\/v2\/posts\/16309","targetHints":{"allow":["GET"]}}],"collection":[{"href":"https:\/\/quechilero.com\/blog\/wp-json\/wp\/v2\/posts"}],"about":[{"href":"https:\/\/quechilero.com\/blog\/wp-json\/wp\/v2\/types\/post"}],"author":[{"embeddable":true,"href":"https:\/\/quechilero.com\/blog\/wp-json\/wp\/v2\/users\/1"}],"replies":[{"embeddable":true,"href":"https:\/\/quechilero.com\/blog\/wp-json\/wp\/v2\/comments?post=16309"}],"version-history":[{"count":0,"href":"https:\/\/quechilero.com\/blog\/wp-json\/wp\/v2\/posts\/16309\/revisions"}],"wp:attachment":[{"href":"https:\/\/quechilero.com\/blog\/wp-json\/wp\/v2\/media?parent=16309"}],"wp:term":[{"taxonomy":"category","embeddable":true,"href":"https:\/\/quechilero.com\/blog\/wp-json\/wp\/v2\/categories?post=16309"},{"taxonomy":"post_tag","embeddable":true,"href":"https:\/\/quechilero.com\/blog\/wp-json\/wp\/v2\/tags?post=16309"},{"taxonomy":"series","embeddable":true,"href":"https:\/\/quechilero.com\/blog\/wp-json\/wp\/v2\/series?post=16309"}],"curies":[{"name":"wp","href":"https:\/\/api.w.org\/{rel}","templated":true}]}}