{"id":16304,"date":"2013-03-03T08:00:13","date_gmt":"2013-03-03T14:00:13","guid":{"rendered":"http:\/\/quechilero.com\/blog\/?p=16304"},"modified":"2013-03-03T08:00:13","modified_gmt":"2013-03-03T14:00:13","slug":"duracion-de-la-cuaresma","status":"publish","type":"post","link":"https:\/\/quechilero.com\/blog\/2013\/03\/03\/duracion-de-la-cuaresma\/","title":{"rendered":"Duraci\u00f3n de la Cuaresma"},"content":{"rendered":"<p>La Cuaresma dura cuarenta d\u00edas. Comienza el mi\u00e9rcoles de ceniza y termina el Jueves Santo por la tarde-noche, antes de la Misa \u00aben la Cena del Se\u00f1or\u00bb.<\/p>\n<p>Tambi\u00e9n cabe decir que la liturgia considera el jueves a la noche, con el Viernes Santo, S\u00e1bado Santo y Domingo de Resurrecci\u00f3n, como el Coraz\u00f3n del A\u00f1o Lit\u00fargico, lo que llamamos el \u00abTriduo Pascual\u00bb.<\/p>\n<p>Comienza este Triduo con la Misa \u00aben la Cena del Se\u00f1or\u00bb, y culmina con la Vigilia Pascual el s\u00e1bado a la noche y el Domingo de Resurrecci\u00f3n. No olvidemos que la costumbre judeo cristiana considera el d\u00eda comenzado en sus v\u00edsperas.<\/p>\n<p>Inicialmente, la Cuaresma iba desde el Primer Domingo de Cuaresma al Jueves Santo, pero a ra\u00edz de una reforma lit\u00fargica, se descontaron los domingos, por considerarlos pascuales. Para redondear nuevamente el n\u00famero 40, se a\u00f1adi\u00f3 a la Cuaresma los d\u00edas que van del Mi\u00e9rcoles de Ceniza hasta el Primer Domingo de Cuaresma. De esta manera salen los 40 d\u00edas.<\/p>\n<p>Por lo que, actualmente, la Cuaresma va, seg\u00fan lo dicho m\u00e1s arriba, desde el Mi\u00e9rcoles de Ceniza hasta el Jueves Santo, excluida la noche con la Misa de la Cena del Se\u00f1or, donde comienza el Triduo Pascual.<\/p>\n","protected":false},"excerpt":{"rendered":"<p>La Cuaresma dura cuarenta d\u00edas. Comienza el mi\u00e9rcoles de ceniza y termina el Jueves Santo por la tarde-noche, antes de la Misa \u00aben la Cena del Se\u00f1or\u00bb. Tambi\u00e9n cabe decir que la liturgia considera el jueves a la noche, con el Viernes Santo, S\u00e1bado Santo y Domingo de Resurrecci\u00f3n, como el Coraz\u00f3n del A\u00f1o Lit\u00fargico, &#8230; <a title=\"Duraci\u00f3n de la Cuaresma\" class=\"read-more\" href=\"https:\/\/quechilero.com\/blog\/2013\/03\/03\/duracion-de-la-cuaresma\/\" aria-label=\"Leer m\u00e1s sobre Duraci\u00f3n de la Cuaresma\">Leer m\u00e1s<\/a><\/p>\n","protected":false},"author":1,"featured_media":0,"comment_status":"open","ping_status":"open","sticky":false,"template":"","format":"standard","meta":{"advanced_seo_description":"","jetpack_seo_html_title":"","jetpack_seo_noindex":false,"jetpack_seo_schema_type":"","episode_type":"","audio_file":"","podmotor_file_id":"","podmotor_episode_id":"","cover_image":"","cover_image_id":"","duration":"","filesize":"","filesize_raw":"","date_recorded":"","explicit":"","block":"","_jetpack_newsletter_access":"","_jetpack_dont_email_post_to_subs":false,"_jetpack_newsletter_tier_id":0,"_jetpack_memberships_contains_paywalled_content":false,"_jetpack_feature_clip_id":0,"_jetpack_memberships_contains_paid_content":false,"footnotes":"","jetpack_publicize_message":"","jetpack_publicize_feature_enabled":true,"jetpack_social_post_already_shared":true,"jetpack_social_options":{"image_generator_settings":{"template":"highway","default_image_id":0,"font":"","enabled":false},"version":2},"jetpack_post_was_ever_published":false},"categories":[2],"tags":[100],"series":[],"class_list":["post-16304","post","type-post","status-publish","format-standard","hentry","category-limones","tag-cuaresma"],"episode_featured_image":false,"episode_player_image":"https:\/\/i0.wp.com\/quechilero.com\/blog\/imagenes\/podcast.png?fit=1831%2C1831&ssl=1","download_link":"","player_link":"","audio_player":false,"episode_data":{"playerMode":"dark","subscribeUrls":{"amazon":{"key":"amazon","url":"","label":"Amazon","class":"amazon","icon":"amazon.png"},"apple_podcasts":{"key":"apple_podcasts","url":"","label":"Apple Podcasts","class":"apple_podcasts","icon":"apple-podcasts.png"},"castbox":{"key":"castbox","url":"","label":"CastBox","class":"castbox","icon":"castbox.png"},"deezer":{"key":"deezer","url":"","label":"Deezer","class":"deezer","icon":"deezer.png"},"google_podcasts":{"key":"google_podcasts","url":"","label":"Google Podcasts","class":"google_podcasts","icon":"google-podcasts.png"},"listen_notes":{"key":"listen_notes","url":"","label":"Listen Notes","class":"listen_notes","icon":"listen-notes.png"},"pandora":{"key":"pandora","url":"","label":"Pandora","class":"pandora","icon":"pandora.png"},"podbean":{"key":"podbean","url":"","label":"Podbean","class":"podbean","icon":"podbean.png"},"podcast_republic":{"key":"podcast_republic","url":"","label":"Podcast Republic","class":"podcast_republic","icon":"podcast-republic.png"},"rss":{"key":"rss","url":"","label":"RSS","class":"rss","icon":"rss.png"},"spotify":{"key":"spotify","url":"","label":"Spotify","class":"spotify","icon":"spotify.png"},"stitcher":{"key":"stitcher","url":"","label":"Stitcher","class":"stitcher","icon":"stitcher.png"},"tunein":{"key":"tunein","url":"","label":"TuneIn","class":"tunein","icon":"tunein.png"},"youtube":{"key":"youtube","url":"","label":"YouTube","class":"youtube","icon":"youtube.png"},"iheartradio":{"key":"iheartradio","url":"","label":"iHeartRadio","class":"iheartradio","icon":"iheartradio.png"},"ivoox":{"key":"ivoox","url":"","label":"iVoox","class":"ivoox","icon":"ivoox.png"}},"rssFeedUrl":"https:\/\/quechilero.com\/blog\/feed\/podcast\/si-la-vida-nos-da-limones","embedCode":"<blockquote class=\"wp-embedded-content\" data-secret=\"ZzJ4fVPcnR\"><a href=\"https:\/\/quechilero.com\/blog\/2013\/03\/03\/duracion-de-la-cuaresma\/\">Duraci\u00f3n de la Cuaresma<\/a><\/blockquote><iframe sandbox=\"allow-scripts\" security=\"restricted\" src=\"https:\/\/quechilero.com\/blog\/2013\/03\/03\/duracion-de-la-cuaresma\/embed\/#?secret=ZzJ4fVPcnR\" width=\"500\" height=\"350\" title=\"\u00abDuraci\u00f3n de la Cuaresma\u00bb \u2014 Si la Vida nos da Limones...\" data-secret=\"ZzJ4fVPcnR\" frameborder=\"0\" marginwidth=\"0\" marginheight=\"0\" scrolling=\"no\" class=\"wp-embedded-content\"><\/iframe><script>\n\/*! This file is auto-generated *\/\n!function(d,l){\"use strict\";l.querySelector&&d.addEventListener&&\"undefined\"!=typeof URL&&(d.wp=d.wp||{},d.wp.receiveEmbedMessage||(d.wp.receiveEmbedMessage=function(e){var t=e.data;if((t||t.secret||t.message||t.value)&&!\/[^a-zA-Z0-9]\/.test(t.secret)){for(var s,r,n,a=l.querySelectorAll('iframe[data-secret=\"'+t.secret+'\"]'),o=l.querySelectorAll('blockquote[data-secret=\"'+t.secret+'\"]'),c=new RegExp(\"^https?:$\",\"i\"),i=0;i<o.length;i++)o[i].style.display=\"none\";for(i=0;i<a.length;i++)s=a[i],e.source===s.contentWindow&&(s.removeAttribute(\"style\"),\"height\"===t.message?(1e3<(r=parseInt(t.value,10))?r=1e3:~~r<200&&(r=200),s.height=r):\"link\"===t.message&&(r=new URL(s.getAttribute(\"src\")),n=new URL(t.value),c.test(n.protocol))&&n.host===r.host&&l.activeElement===s&&(d.top.location.href=t.value))}},d.addEventListener(\"message\",d.wp.receiveEmbedMessage,!1),l.addEventListener(\"DOMContentLoaded\",function(){for(var e,t,s=l.querySelectorAll(\"iframe.wp-embedded-content\"),r=0;r<s.length;r++)(t=(e=s[r]).getAttribute(\"data-secret\"))||(t=Math.random().toString(36).substring(2,12),e.src+=\"#?secret=\"+t,e.setAttribute(\"data-secret\",t)),e.contentWindow.postMessage({message:\"ready\",secret:t},\"*\")},!1)))}(window,document);\n\/\/# sourceURL=https:\/\/quechilero.com\/blog\/wp-includes\/js\/wp-embed.min.js\n<\/script>\n"},"jetpack_publicize_connections":[],"jetpack_shortlink":"https:\/\/wp.me\/pDKli-4eY","jetpack_sharing_enabled":true,"jetpack-related-posts":[{"id":16309,"url":"https:\/\/quechilero.com\/blog\/2013\/03\/08\/sentido-de-la-cuaresma\/","url_meta":{"origin":16304,"position":0},"title":"Sentido de la Cuaresma","author":"Pepe Barrascout Ortiz","date":"8 marzo 2013","format":false,"excerpt":"A lo largo de este tiempo, sobre todo en la liturgia del domingo, hacemos un esfuerzo por recuperar el ritmo y estilo de verdaderos creyentes que debemos vivir como hijos de Dios. La cuaresma es un gran ejercicio espiritual para ponernos en forma para festejar los 50 d\u00edas pascuales. La\u2026","rel":"","context":"En \u00abLimones\u00bb","block_context":{"text":"Limones","link":"https:\/\/quechilero.com\/blog\/category\/limones\/"},"img":{"alt_text":"","src":"","width":0,"height":0},"classes":[]},{"id":17312,"url":"https:\/\/quechilero.com\/blog\/2013\/10\/10\/el-ayuno\/","url_meta":{"origin":16304,"position":1},"title":"El Ayuno","author":"Pepe Barrascout Ortiz","date":"10 octubre 2013","format":false,"excerpt":"La Cuaresma se presta para encontrar el sentido del ayuno en la historia y la forma de practicarlo adecuadamente. El ayuno es una gran herramienta de acercamiento a Dios tanto a trav\u00e9s de la solidaridad en el sufrimiento de los pobres como a trav\u00e9s del sacrificio ofrecido a Dios. \"El\u2026","rel":"","context":"En \u00abLimones\u00bb","block_context":{"text":"Limones","link":"https:\/\/quechilero.com\/blog\/category\/limones\/"},"img":{"alt_text":"","src":"","width":0,"height":0},"classes":[]},{"id":16517,"url":"https:\/\/quechilero.com\/blog\/2013\/03\/29\/semana-santa-en-guatemala\/","url_meta":{"origin":16304,"position":2},"title":"Semana Santa en Guatemala","author":"Pepe Barrascout Ortiz","date":"29 marzo 2013","format":false,"excerpt":"La\u00a0Semana Santa en Guatemala, es una mezcla de colores, olores, sonidos y sabores, donde la tradici\u00f3n, el sincretismo y la fe, conviven en estrecha y perfecta armon\u00eda. Es una \u00e9poca del a\u00f1o que se vive al m\u00e1ximo, en todo su esplendor y con un total abolengo. Sin temor a equivocarme,\u2026","rel":"","context":"En \u00abLimones\u00bb","block_context":{"text":"Limones","link":"https:\/\/quechilero.com\/blog\/category\/limones\/"},"img":{"alt_text":"","src":"","width":0,"height":0},"classes":[]},{"id":7578,"url":"https:\/\/quechilero.com\/blog\/2011\/03\/10\/reflexiones-de-cuaresma-dia-2\/","url_meta":{"origin":16304,"position":3},"title":"Reflexiones de Cuaresma d\u00eda 2","author":"Pepe Barrascout Ortiz","date":"10 marzo 2011","format":false,"excerpt":"Oraci\u00f3n inicial Se\u00f1or m\u00edo, Jesucristo, creo firmemente que est\u00e1s aqu\u00ed; en estos pocos minutos de oraci\u00f3n que empiezo ahora quiero pedirte y agradecerte. Pedirte\u00a0la gracia de darme m\u00e1s cuenta de que T\u00fa vives, me escuchas y me amas; tanto, que has querido morir libremente por m\u00ed en la cruz y\u2026","rel":"","context":"En \u00abLimones por mano\u00bb","block_context":{"text":"Limones por mano","link":"https:\/\/quechilero.com\/blog\/category\/limones-por-mano\/"},"img":{"alt_text":"","src":"","width":0,"height":0},"classes":[]},{"id":7138,"url":"https:\/\/quechilero.com\/blog\/2011\/03\/09\/reflexiones-de-cuaresma-miercoles-de-ceniza\/","url_meta":{"origin":16304,"position":4},"title":"Reflexiones de Cuaresma: Mi\u00e9rcoles de Ceniza","author":"Pepe Barrascout Ortiz","date":"9 marzo 2011","format":false,"excerpt":"Oraci\u00f3n inicial Se\u00f1or m\u00edo, Jesucristo, creo firmemente que est\u00e1s aqu\u00ed; en estos pocos minutos de oraci\u00f3n que empiezo ahora quiero pedirte y agradecerte. Pedirte\u00a0la gracia de darme m\u00e1s cuenta de que T\u00fa vives, me escuchas y me amas; tanto, que has querido morir libremente por m\u00ed en la cruz y\u2026","rel":"","context":"En \u00abLimones por mano\u00bb","block_context":{"text":"Limones por mano","link":"https:\/\/quechilero.com\/blog\/category\/limones-por-mano\/"},"img":{"alt_text":"","src":"","width":0,"height":0},"classes":[]},{"id":7605,"url":"https:\/\/quechilero.com\/blog\/2011\/04\/06\/reflexiones-de-cuaresma-dia-29\/","url_meta":{"origin":16304,"position":5},"title":"Reflexiones de Cuaresma d\u00eda 29","author":"Pepe Barrascout Ortiz","date":"6 abril 2011","format":false,"excerpt":"Oraci\u00f3n inicial Se\u00f1or m\u00edo, Jesucristo, creo firmemente que est\u00e1s aqu\u00ed; en estos pocos minutos de oraci\u00f3n que empiezo ahora quiero pedirte y agradecerte. Pedirte\u00a0la gracia de darme m\u00e1s cuenta de que T\u00fa vives, me escuchas y me amas; tanto, que has querido morir libremente por m\u00ed en la cruz y\u2026","rel":"","context":"En \u00abLimones por mano\u00bb","block_context":{"text":"Limones por mano","link":"https:\/\/quechilero.com\/blog\/category\/limones-por-mano\/"},"img":{"alt_text":"","src":"","width":0,"height":0},"classes":[]}],"jetpack_featured_media_url":"","_links":{"self":[{"href":"https:\/\/quechilero.com\/blog\/wp-json\/wp\/v2\/posts\/16304","targetHints":{"allow":["GET"]}}],"collection":[{"href":"https:\/\/quechilero.com\/blog\/wp-json\/wp\/v2\/posts"}],"about":[{"href":"https:\/\/quechilero.com\/blog\/wp-json\/wp\/v2\/types\/post"}],"author":[{"embeddable":true,"href":"https:\/\/quechilero.com\/blog\/wp-json\/wp\/v2\/users\/1"}],"replies":[{"embeddable":true,"href":"https:\/\/quechilero.com\/blog\/wp-json\/wp\/v2\/comments?post=16304"}],"version-history":[{"count":0,"href":"https:\/\/quechilero.com\/blog\/wp-json\/wp\/v2\/posts\/16304\/revisions"}],"wp:attachment":[{"href":"https:\/\/quechilero.com\/blog\/wp-json\/wp\/v2\/media?parent=16304"}],"wp:term":[{"taxonomy":"category","embeddable":true,"href":"https:\/\/quechilero.com\/blog\/wp-json\/wp\/v2\/categories?post=16304"},{"taxonomy":"post_tag","embeddable":true,"href":"https:\/\/quechilero.com\/blog\/wp-json\/wp\/v2\/tags?post=16304"},{"taxonomy":"series","embeddable":true,"href":"https:\/\/quechilero.com\/blog\/wp-json\/wp\/v2\/series?post=16304"}],"curies":[{"name":"wp","href":"https:\/\/api.w.org\/{rel}","templated":true}]}}