{"id":161,"date":"2006-08-15T12:49:33","date_gmt":"2006-08-15T18:49:33","guid":{"rendered":"http:\/\/quechilero.com\/blog\/2006\/08\/15\/sistema-solar\/"},"modified":"2006-08-15T12:49:33","modified_gmt":"2006-08-15T18:49:33","slug":"sistema-solar","status":"publish","type":"post","link":"https:\/\/quechilero.com\/blog\/2006\/08\/15\/sistema-solar\/","title":{"rendered":"Sistema Solar"},"content":{"rendered":"<p>Creado en <a target=\"_blank\" href=\"http:\/\/jquery.com\/\">JQuery<\/a> (JavaScript) este modelo del Sistema Solar es bastante interesante, sobre todo por las aplicaciones que se le puede dar. La escala no est\u00e1 bien proporcionada pero se compensa con los otros detalles que tiene.Bastante \u00fatil con fines educativos.<\/p>\n<p>Ver el <a target=\"_blank\" href=\"http:\/\/www.willjessup.com\/sandbox\/jquery\/solar_system\/rotator.html\">Sistema Solar en JavaScript aqui<\/a>.<\/p>\n<p>Otros ejemplos interesantes de JQuery, <a target=\"_blank\" href=\"http:\/\/jquery.com\/docs\/Demos\/\">click aqui<\/a>.<\/p>\n","protected":false},"excerpt":{"rendered":"<p>Creado en JQuery (JavaScript) este modelo del Sistema Solar es bastante interesante, sobre todo por las aplicaciones que se le puede dar. La escala no est\u00e1 bien proporcionada pero se compensa con los otros detalles que tiene.Bastante \u00fatil con fines educativos. Ver el Sistema Solar en JavaScript aqui. Otros ejemplos interesantes de JQuery, click aqui.<\/p>\n","protected":false},"author":1,"featured_media":0,"comment_status":"open","ping_status":"open","sticky":false,"template":"","format":"standard","meta":{"advanced_seo_description":"","jetpack_seo_html_title":"","jetpack_seo_noindex":false,"jetpack_seo_schema_type":"","episode_type":"","audio_file":"","podmotor_file_id":"","podmotor_episode_id":"","cover_image":"","cover_image_id":"","duration":"","filesize":"","filesize_raw":"","date_recorded":"","explicit":"","block":"","_jetpack_newsletter_access":"","_jetpack_dont_email_post_to_subs":false,"_jetpack_newsletter_tier_id":0,"_jetpack_memberships_contains_paywalled_content":false,"_jetpack_feature_clip_id":0,"_jetpack_memberships_contains_paid_content":false,"footnotes":"","jetpack_publicize_message":"","jetpack_publicize_feature_enabled":true,"jetpack_social_post_already_shared":false,"jetpack_social_options":{"image_generator_settings":{"template":"highway","default_image_id":0,"font":"","enabled":false},"version":2},"jetpack_post_was_ever_published":false},"categories":[2],"tags":[],"series":[],"class_list":["post-161","post","type-post","status-publish","format-standard","hentry","category-limones"],"episode_featured_image":false,"episode_player_image":"https:\/\/i0.wp.com\/quechilero.com\/blog\/imagenes\/podcast.png?fit=1831%2C1831&ssl=1","download_link":"","player_link":"","audio_player":false,"episode_data":{"playerMode":"dark","subscribeUrls":{"amazon":{"key":"amazon","url":"","label":"Amazon","class":"amazon","icon":"amazon.png"},"apple_podcasts":{"key":"apple_podcasts","url":"","label":"Apple Podcasts","class":"apple_podcasts","icon":"apple-podcasts.png"},"castbox":{"key":"castbox","url":"","label":"CastBox","class":"castbox","icon":"castbox.png"},"deezer":{"key":"deezer","url":"","label":"Deezer","class":"deezer","icon":"deezer.png"},"google_podcasts":{"key":"google_podcasts","url":"","label":"Google Podcasts","class":"google_podcasts","icon":"google-podcasts.png"},"listen_notes":{"key":"listen_notes","url":"","label":"Listen Notes","class":"listen_notes","icon":"listen-notes.png"},"pandora":{"key":"pandora","url":"","label":"Pandora","class":"pandora","icon":"pandora.png"},"podbean":{"key":"podbean","url":"","label":"Podbean","class":"podbean","icon":"podbean.png"},"podcast_republic":{"key":"podcast_republic","url":"","label":"Podcast Republic","class":"podcast_republic","icon":"podcast-republic.png"},"rss":{"key":"rss","url":"","label":"RSS","class":"rss","icon":"rss.png"},"spotify":{"key":"spotify","url":"","label":"Spotify","class":"spotify","icon":"spotify.png"},"stitcher":{"key":"stitcher","url":"","label":"Stitcher","class":"stitcher","icon":"stitcher.png"},"tunein":{"key":"tunein","url":"","label":"TuneIn","class":"tunein","icon":"tunein.png"},"youtube":{"key":"youtube","url":"","label":"YouTube","class":"youtube","icon":"youtube.png"},"iheartradio":{"key":"iheartradio","url":"","label":"iHeartRadio","class":"iheartradio","icon":"iheartradio.png"},"ivoox":{"key":"ivoox","url":"","label":"iVoox","class":"ivoox","icon":"ivoox.png"}},"rssFeedUrl":"https:\/\/quechilero.com\/blog\/feed\/podcast\/si-la-vida-nos-da-limones","embedCode":"<blockquote class=\"wp-embedded-content\" data-secret=\"7Kz2WGjC3B\"><a href=\"https:\/\/quechilero.com\/blog\/2006\/08\/15\/sistema-solar\/\">Sistema Solar<\/a><\/blockquote><iframe sandbox=\"allow-scripts\" security=\"restricted\" src=\"https:\/\/quechilero.com\/blog\/2006\/08\/15\/sistema-solar\/embed\/#?secret=7Kz2WGjC3B\" width=\"500\" height=\"350\" title=\"\u00abSistema Solar\u00bb \u2014 Si la Vida nos da Limones...\" data-secret=\"7Kz2WGjC3B\" frameborder=\"0\" marginwidth=\"0\" marginheight=\"0\" scrolling=\"no\" class=\"wp-embedded-content\"><\/iframe><script>\n\/*! This file is auto-generated *\/\n!function(d,l){\"use strict\";l.querySelector&&d.addEventListener&&\"undefined\"!=typeof URL&&(d.wp=d.wp||{},d.wp.receiveEmbedMessage||(d.wp.receiveEmbedMessage=function(e){var t=e.data;if((t||t.secret||t.message||t.value)&&!\/[^a-zA-Z0-9]\/.test(t.secret)){for(var s,r,n,a=l.querySelectorAll('iframe[data-secret=\"'+t.secret+'\"]'),o=l.querySelectorAll('blockquote[data-secret=\"'+t.secret+'\"]'),c=new RegExp(\"^https?:$\",\"i\"),i=0;i<o.length;i++)o[i].style.display=\"none\";for(i=0;i<a.length;i++)s=a[i],e.source===s.contentWindow&&(s.removeAttribute(\"style\"),\"height\"===t.message?(1e3<(r=parseInt(t.value,10))?r=1e3:~~r<200&&(r=200),s.height=r):\"link\"===t.message&&(r=new URL(s.getAttribute(\"src\")),n=new URL(t.value),c.test(n.protocol))&&n.host===r.host&&l.activeElement===s&&(d.top.location.href=t.value))}},d.addEventListener(\"message\",d.wp.receiveEmbedMessage,!1),l.addEventListener(\"DOMContentLoaded\",function(){for(var e,t,s=l.querySelectorAll(\"iframe.wp-embedded-content\"),r=0;r<s.length;r++)(t=(e=s[r]).getAttribute(\"data-secret\"))||(t=Math.random().toString(36).substring(2,12),e.src+=\"#?secret=\"+t,e.setAttribute(\"data-secret\",t)),e.contentWindow.postMessage({message:\"ready\",secret:t},\"*\")},!1)))}(window,document);\n\/\/# sourceURL=https:\/\/quechilero.com\/blog\/wp-includes\/js\/wp-embed.min.js\n<\/script>\n"},"jetpack_publicize_connections":[],"jetpack_shortlink":"https:\/\/wp.me\/pDKli-2B","jetpack_sharing_enabled":true,"jetpack-related-posts":[{"id":73,"url":"https:\/\/quechilero.com\/blog\/2006\/07\/29\/actualizacion-de-firefox\/","url_meta":{"origin":161,"position":0},"title":"Actualizaci\u00f3n de Firefox","author":"Pepe Barrascout Ortiz","date":"29 julio 2006","format":false,"excerpt":"Firefox, reci\u00e9n ha sacado la actualizaci\u00f3n 1.5.0.5 en la cual, seg\u00fan el sitio de fixes (Known Vulnerabilities in Mozilla Products), han arreglado 12 deficiencias que ten\u00eda la versi\u00f3n 1.5.0.4 con estas llega a 56 desde que sali\u00f3 la versi\u00f3n 1.0, por mucho sigue siendo menos que las que podemos encontrar\u2026","rel":"","context":"En \u00abLimones\u00bb","block_context":{"text":"Limones","link":"https:\/\/quechilero.com\/blog\/category\/limones\/"},"img":{"alt_text":"Firefox","src":"https:\/\/i0.wp.com\/static.flickr.com\/72\/200608477_ecbbc0093d_o.png?resize=350%2C200","width":350,"height":200},"classes":[]},{"id":80,"url":"https:\/\/quechilero.com\/blog\/2006\/07\/31\/el-uso-de-memoria-en-firefox\/","url_meta":{"origin":161,"position":1},"title":"El uso de memoria en Firefox","author":"Pepe Barrascout Ortiz","date":"31 julio 2006","format":false,"excerpt":"Un art\u00edculo interesante sobre las p\u00e9rdidas de memoria en Firefox. Se puede leer como identificarlos y lo que se puede hacer. Incluye un listado de los elementos conocidos de p\u00e9rdida de memoria. El texto fue traducido al espa\u00f1ol del original en ingl\u00e9s. La traducci\u00f3n estubo a cargo de www.enespanol.com.ar El\u2026","rel":"","context":"En \u00abLimones\u00bb","block_context":{"text":"Limones","link":"https:\/\/quechilero.com\/blog\/category\/limones\/"},"img":{"alt_text":"Firefox","src":"https:\/\/i0.wp.com\/static.flickr.com\/72\/200608477_ecbbc0093d_o.png?resize=350%2C200","width":350,"height":200},"classes":[]},{"id":629,"url":"https:\/\/quechilero.com\/blog\/2007\/08\/13\/maraton-de-blogs-carpetas-interesantes\/","url_meta":{"origin":161,"position":2},"title":"Marat\u00f3n de Blogs &#8211; Carpetas Interesantes","author":"Pepe Barrascout Ortiz","date":"13 agosto 2007","format":false,"excerpt":"Sigue el Marat\u00f3n de Blogs, con este texto publicado originalmente en el blog Nano Guate, el art\u00edculo publicado aconseja una forma de darle vida a las carpetas de Windows, cambiando la apariencia que tienen, interesante para quienes les gusta la personalizaci\u00f3n. ********** Carpetas Cool. En el sistema operativo de Windows\u2026","rel":"","context":"En \u00abLimones\u00bb","block_context":{"text":"Limones","link":"https:\/\/quechilero.com\/blog\/category\/limones\/"},"img":{"alt_text":"","src":"","width":0,"height":0},"classes":[]},{"id":322,"url":"https:\/\/quechilero.com\/blog\/2006\/11\/24\/otra-gracia-de-internet-explorer\/","url_meta":{"origin":161,"position":3},"title":"Otra gracia de Internet Explorer","author":"Pepe Barrascout Ortiz","date":"24 noviembre 2006","format":false,"excerpt":"Para los que a\u00fan creen que Internet Explorer es la 7.0 maravilla, pueden probar esta gracia que hace con el c\u00f3digo javascript. Lo \u00fanico que deben hacer es abrir una ventana Internet Explorer y cargar la p\u00e1gina de Google o cualquier otra que tenga im\u00e1genes, luego copiar y pegar el\u2026","rel":"","context":"En \u00abLimones\u00bb","block_context":{"text":"Limones","link":"https:\/\/quechilero.com\/blog\/category\/limones\/"},"img":{"alt_text":"","src":"","width":0,"height":0},"classes":[]},{"id":4763,"url":"https:\/\/quechilero.com\/blog\/2010\/04\/22\/calentadores-caseros-de-agua-con-energia-solar\/","url_meta":{"origin":161,"position":4},"title":"Calentadores caseros de agua, con energ\u00eda solar","author":"Pepe Barrascout Ortiz","date":"22 abril 2010","format":false,"excerpt":"El 22 de abril de 1970, se hizo la primera manifestaci\u00f3n a favor de la tierra, con el fin de crear actividades de concientizaci\u00f3n, para ayudar a la conservaci\u00f3n de los recursos naturales. Una de estas iniciativas, es la referente al uso de la energ\u00eda solar, para calentar el agua\u2026","rel":"","context":"En \u00abLimones\u00bb","block_context":{"text":"Limones","link":"https:\/\/quechilero.com\/blog\/category\/limones\/"},"img":{"alt_text":"","src":"","width":0,"height":0},"classes":[]},{"id":2368,"url":"https:\/\/quechilero.com\/blog\/2009\/03\/05\/linux-en-25-diapositivas\/","url_meta":{"origin":161,"position":5},"title":"Linux en 25 diapositivas","author":"Pepe Barrascout Ortiz","date":"5 marzo 2009","format":false,"excerpt":"Esta presentaci\u00f3n la hizo nuestro amigo Jos\u00e9 Kont, para poner en pr\u00e1ctica, lo aprendido en sus cursos de Ingl\u00e9s. Am\u00e1blemente la public\u00f3 y comparti\u00f3 y de esta forma es que tambi\u00e9n la comparto. Es una forma amena, entretenida y f\u00e1cil de introducirse en el otro sistema operativo, que no es\u2026","rel":"","context":"En \u00abLimones\u00bb","block_context":{"text":"Limones","link":"https:\/\/quechilero.com\/blog\/category\/limones\/"},"img":{"alt_text":"","src":"","width":0,"height":0},"classes":[]}],"jetpack_featured_media_url":"","_links":{"self":[{"href":"https:\/\/quechilero.com\/blog\/wp-json\/wp\/v2\/posts\/161","targetHints":{"allow":["GET"]}}],"collection":[{"href":"https:\/\/quechilero.com\/blog\/wp-json\/wp\/v2\/posts"}],"about":[{"href":"https:\/\/quechilero.com\/blog\/wp-json\/wp\/v2\/types\/post"}],"author":[{"embeddable":true,"href":"https:\/\/quechilero.com\/blog\/wp-json\/wp\/v2\/users\/1"}],"replies":[{"embeddable":true,"href":"https:\/\/quechilero.com\/blog\/wp-json\/wp\/v2\/comments?post=161"}],"version-history":[{"count":0,"href":"https:\/\/quechilero.com\/blog\/wp-json\/wp\/v2\/posts\/161\/revisions"}],"wp:attachment":[{"href":"https:\/\/quechilero.com\/blog\/wp-json\/wp\/v2\/media?parent=161"}],"wp:term":[{"taxonomy":"category","embeddable":true,"href":"https:\/\/quechilero.com\/blog\/wp-json\/wp\/v2\/categories?post=161"},{"taxonomy":"post_tag","embeddable":true,"href":"https:\/\/quechilero.com\/blog\/wp-json\/wp\/v2\/tags?post=161"},{"taxonomy":"series","embeddable":true,"href":"https:\/\/quechilero.com\/blog\/wp-json\/wp\/v2\/series?post=161"}],"curies":[{"name":"wp","href":"https:\/\/api.w.org\/{rel}","templated":true}]}}