{"id":16051,"date":"2013-02-28T08:00:21","date_gmt":"2013-02-28T14:00:21","guid":{"rendered":"http:\/\/quechilero.com\/blog\/?p=16051"},"modified":"2013-02-28T08:00:21","modified_gmt":"2013-02-28T14:00:21","slug":"una-palabra-de-aliento","status":"publish","type":"post","link":"https:\/\/quechilero.com\/blog\/2013\/02\/28\/una-palabra-de-aliento\/","title":{"rendered":"Una palabra de aliento"},"content":{"rendered":"<p>Un grupo de ranas viajaba por el bosque y, de repente, dos de ellas cayeron en un hoyo profundo. Todas las dem\u00e1s ranas se reunieron alrededor del hoyo. Cuando vieron cu\u00e1n hondo era, le dijeron a las dos ranas que estaban en el fondo que, para efectos pr\u00e1cticos, se deb\u00edan dar por muertas, que no lograr\u00edan salir.<\/p>\n<p>Las dos ranas no hicieron caso a los comentarios de sus \u00abamigas\u00bb y siguieron saltando, tratando de salir fuera del hoyo, con todas sus fuerzas. Las otras segu\u00edan insistiendo que sus esfuerzos eran in\u00fatiles.<\/p>\n<p>Finalmente, una de las ranas puso atenci\u00f3n a lo que las dem\u00e1s dec\u00edan y se rindi\u00f3. Ella se desplom\u00f3 y muri\u00f3. La otra rana continuaba saltando, cada vez m\u00e1s y m\u00e1s fuerte, tanto como le era posible.<\/p>\n<p>Una vez m\u00e1s, las ranas desde arriba le gritaban y le hac\u00edan se\u00f1as para que dejara de sufrir y que simplemente se dispusiera a morir, le dec\u00edan que ya no ten\u00eda caso seguir luchando. Pero la rana salt\u00f3 cada vez con m\u00e1s fuerzas, hasta que finalmente logr\u00f3 salir del hoyo.<\/p>\n<p>Cuando sali\u00f3, las otras ranas le dijeron: \u00abNos da gusto que hayas logrado salir, a pesar de lo que te grit\u00e1bamos. \u00bfAcaso no o\u00edste lo que te dec\u00edamos?\u00bb<\/p>\n<p>La rana les explic\u00f3 que era un poco sorda, y que pens\u00f3 que la estaban animando a esforzarse m\u00e1s y m\u00e1s para salir del hoyo.<\/p>\n<p>La palabra tiene poder de vida y de muerte. Una voz de aliento a alguien que se siente desanimado puede ayudarle a levantarse y terminar el d\u00eda; mientras que una palabra negativa puede acabar por destruirlo.<\/p>\n<p>Cualquiera puede decir palabras que roben a los dem\u00e1s el esp\u00edritu que les permite seguir la lucha en medio de tiempos dif\u00edciles. Tengamos cuidado con lo que decimos, pero sobre todo con lo que escuchamos.<\/p>\n<p>Una persona especial es la que se da tiempo para animar a otros. Dispong\u00e1monos a ser especiales para los dem\u00e1s.<\/p>\n","protected":false},"excerpt":{"rendered":"<p>Un grupo de ranas viajaba por el bosque y, de repente, dos de ellas cayeron en un hoyo profundo. Todas las dem\u00e1s ranas se reunieron alrededor del hoyo. Cuando vieron cu\u00e1n hondo era, le dijeron a las dos ranas que estaban en el fondo que, para efectos pr\u00e1cticos, se deb\u00edan dar por muertas, que no &#8230; <a title=\"Una palabra de aliento\" class=\"read-more\" href=\"https:\/\/quechilero.com\/blog\/2013\/02\/28\/una-palabra-de-aliento\/\" aria-label=\"Leer m\u00e1s sobre Una palabra de aliento\">Leer m\u00e1s<\/a><\/p>\n","protected":false},"author":1,"featured_media":0,"comment_status":"open","ping_status":"open","sticky":false,"template":"","format":"standard","meta":{"advanced_seo_description":"","jetpack_seo_html_title":"","jetpack_seo_noindex":false,"jetpack_seo_schema_type":"","episode_type":"","audio_file":"","podmotor_file_id":"","podmotor_episode_id":"","cover_image":"","cover_image_id":"","duration":"","filesize":"","filesize_raw":"","date_recorded":"","explicit":"","block":"","_jetpack_newsletter_access":"","_jetpack_dont_email_post_to_subs":false,"_jetpack_newsletter_tier_id":0,"_jetpack_memberships_contains_paywalled_content":false,"_jetpack_feature_clip_id":0,"_jetpack_memberships_contains_paid_content":false,"footnotes":"","jetpack_publicize_message":"","jetpack_publicize_feature_enabled":true,"jetpack_social_post_already_shared":true,"jetpack_social_options":{"image_generator_settings":{"template":"highway","default_image_id":0,"font":"","enabled":false},"version":2},"jetpack_post_was_ever_published":false},"categories":[2],"tags":[37,49,32,50,42,5,24],"series":[],"class_list":["post-16051","post","type-post","status-publish","format-standard","hentry","category-limones","tag-ayuda","tag-esfuerzo","tag-especial","tag-muerte","tag-palabra","tag-tiempo","tag-vida"],"episode_featured_image":false,"episode_player_image":"https:\/\/i0.wp.com\/quechilero.com\/blog\/imagenes\/podcast.png?fit=1831%2C1831&ssl=1","download_link":"","player_link":"","audio_player":false,"episode_data":{"playerMode":"dark","subscribeUrls":{"amazon":{"key":"amazon","url":"","label":"Amazon","class":"amazon","icon":"amazon.png"},"apple_podcasts":{"key":"apple_podcasts","url":"","label":"Apple Podcasts","class":"apple_podcasts","icon":"apple-podcasts.png"},"castbox":{"key":"castbox","url":"","label":"CastBox","class":"castbox","icon":"castbox.png"},"deezer":{"key":"deezer","url":"","label":"Deezer","class":"deezer","icon":"deezer.png"},"google_podcasts":{"key":"google_podcasts","url":"","label":"Google Podcasts","class":"google_podcasts","icon":"google-podcasts.png"},"listen_notes":{"key":"listen_notes","url":"","label":"Listen Notes","class":"listen_notes","icon":"listen-notes.png"},"pandora":{"key":"pandora","url":"","label":"Pandora","class":"pandora","icon":"pandora.png"},"podbean":{"key":"podbean","url":"","label":"Podbean","class":"podbean","icon":"podbean.png"},"podcast_republic":{"key":"podcast_republic","url":"","label":"Podcast Republic","class":"podcast_republic","icon":"podcast-republic.png"},"rss":{"key":"rss","url":"","label":"RSS","class":"rss","icon":"rss.png"},"spotify":{"key":"spotify","url":"","label":"Spotify","class":"spotify","icon":"spotify.png"},"stitcher":{"key":"stitcher","url":"","label":"Stitcher","class":"stitcher","icon":"stitcher.png"},"tunein":{"key":"tunein","url":"","label":"TuneIn","class":"tunein","icon":"tunein.png"},"youtube":{"key":"youtube","url":"","label":"YouTube","class":"youtube","icon":"youtube.png"},"iheartradio":{"key":"iheartradio","url":"","label":"iHeartRadio","class":"iheartradio","icon":"iheartradio.png"},"ivoox":{"key":"ivoox","url":"","label":"iVoox","class":"ivoox","icon":"ivoox.png"}},"rssFeedUrl":"https:\/\/quechilero.com\/blog\/feed\/podcast\/si-la-vida-nos-da-limones","embedCode":"<blockquote class=\"wp-embedded-content\" data-secret=\"lQ8HZdZ2Vx\"><a href=\"https:\/\/quechilero.com\/blog\/2013\/02\/28\/una-palabra-de-aliento\/\">Una palabra de aliento<\/a><\/blockquote><iframe sandbox=\"allow-scripts\" security=\"restricted\" src=\"https:\/\/quechilero.com\/blog\/2013\/02\/28\/una-palabra-de-aliento\/embed\/#?secret=lQ8HZdZ2Vx\" width=\"500\" height=\"350\" title=\"\u00abUna palabra de aliento\u00bb \u2014 Si la Vida nos da Limones...\" data-secret=\"lQ8HZdZ2Vx\" frameborder=\"0\" marginwidth=\"0\" marginheight=\"0\" scrolling=\"no\" class=\"wp-embedded-content\"><\/iframe><script>\n\/*! This file is auto-generated *\/\n!function(d,l){\"use strict\";l.querySelector&&d.addEventListener&&\"undefined\"!=typeof URL&&(d.wp=d.wp||{},d.wp.receiveEmbedMessage||(d.wp.receiveEmbedMessage=function(e){var t=e.data;if((t||t.secret||t.message||t.value)&&!\/[^a-zA-Z0-9]\/.test(t.secret)){for(var s,r,n,a=l.querySelectorAll('iframe[data-secret=\"'+t.secret+'\"]'),o=l.querySelectorAll('blockquote[data-secret=\"'+t.secret+'\"]'),c=new RegExp(\"^https?:$\",\"i\"),i=0;i<o.length;i++)o[i].style.display=\"none\";for(i=0;i<a.length;i++)s=a[i],e.source===s.contentWindow&&(s.removeAttribute(\"style\"),\"height\"===t.message?(1e3<(r=parseInt(t.value,10))?r=1e3:~~r<200&&(r=200),s.height=r):\"link\"===t.message&&(r=new URL(s.getAttribute(\"src\")),n=new URL(t.value),c.test(n.protocol))&&n.host===r.host&&l.activeElement===s&&(d.top.location.href=t.value))}},d.addEventListener(\"message\",d.wp.receiveEmbedMessage,!1),l.addEventListener(\"DOMContentLoaded\",function(){for(var e,t,s=l.querySelectorAll(\"iframe.wp-embedded-content\"),r=0;r<s.length;r++)(t=(e=s[r]).getAttribute(\"data-secret\"))||(t=Math.random().toString(36).substring(2,12),e.src+=\"#?secret=\"+t,e.setAttribute(\"data-secret\",t)),e.contentWindow.postMessage({message:\"ready\",secret:t},\"*\")},!1)))}(window,document);\n\/\/# sourceURL=https:\/\/quechilero.com\/blog\/wp-includes\/js\/wp-embed.min.js\n<\/script>\n"},"jetpack_publicize_connections":[],"jetpack_shortlink":"https:\/\/wp.me\/pDKli-4aT","jetpack_sharing_enabled":true,"jetpack-related-posts":[{"id":16794,"url":"https:\/\/quechilero.com\/blog\/2013\/06\/29\/silencio\/","url_meta":{"origin":16051,"position":0},"title":"\u00a1Silencio!","author":"Pepe Barrascout Ortiz","date":"29 junio 2013","format":false,"excerpt":"Una noche, mientras se hallaba en oraci\u00f3n, el hermano Bruno se vio interrumpido por el croar de una rana. Pero, al ver que todos sus esfuerzos por ignorar aquel sonido resultaban in\u00fatiles, se asom\u00f3 a la ventana y grit\u00f3: \"\u00a1Silencio! \u00a1Estoy rezando!\" Y como el hermano Bruno era un santo,\u2026","rel":"","context":"En \u00abLimones\u00bb","block_context":{"text":"Limones","link":"https:\/\/quechilero.com\/blog\/category\/limones\/"},"img":{"alt_text":"","src":"","width":0,"height":0},"classes":[]},{"id":1159,"url":"https:\/\/quechilero.com\/blog\/2008\/09\/29\/las-dos-ranas\/","url_meta":{"origin":16051,"position":1},"title":"Las dos ranas","author":"Pepe Barrascout Ortiz","date":"29 septiembre 2008","format":false,"excerpt":"He aqu\u00ed una rana que hab\u00eda vivido siempre en un m\u00edsero y estrecho pozo, donde hab\u00eda nacido y habr\u00eda de morir. Pas\u00f3 cerca de all\u00ed otra rana que hab\u00eda vivido siempre en el mar. Tropez\u00f3 y se cay\u00f3 en el pozo. - \u00bfDe d\u00f3nde vienes? -pregunt\u00f3 la rana del pozo.\u2026","rel":"","context":"En \u00abLimones\u00bb","block_context":{"text":"Limones","link":"https:\/\/quechilero.com\/blog\/category\/limones\/"},"img":{"alt_text":"","src":"","width":0,"height":0},"classes":[]},{"id":16351,"url":"https:\/\/quechilero.com\/blog\/2013\/03\/22\/la-falta-de-humildad\/","url_meta":{"origin":16051,"position":2},"title":"La falta de humildad","author":"Pepe Barrascout Ortiz","date":"22 marzo 2013","format":false,"excerpt":"Una rana se preguntaba c\u00f3mo pod\u00eda alejarse del clima fr\u00edo del invierno. Unos gansos le sugirieron que emigrara con ellos. Pero el problema era que la rana no sab\u00eda volar. \"D\u00e9jenmelo a m\u00ed\" -dijo la rana. \"Tengo un cerebro espl\u00e9ndido\". Luego pidi\u00f3 a dos gansos que la ayudaran a recoger\u2026","rel":"","context":"En \u00abLimones\u00bb","block_context":{"text":"Limones","link":"https:\/\/quechilero.com\/blog\/category\/limones\/"},"img":{"alt_text":"","src":"","width":0,"height":0},"classes":[]},{"id":17452,"url":"https:\/\/quechilero.com\/blog\/2013\/11\/20\/la-rana-en-el-pozo\/","url_meta":{"origin":16051,"position":3},"title":"La rana en el pozo","author":"Pepe Barrascout Ortiz","date":"20 noviembre 2013","format":false,"excerpt":"En un pozo poco profundo viv\u00eda una rana. - \u00a1Mira qu\u00e9 bien estoy aqu\u00ed! -le dec\u00eda a una gran tortuga del Mar del Este-. Cuando salgo puedo saltar alrededor, sobre el brocal, y cuando regreso puedo descansar en las hendiduras de los ladrillos. Puedo chapalear, sacando s\u00f3lo la cabeza fuera\u2026","rel":"","context":"En \u00abLimones\u00bb","block_context":{"text":"Limones","link":"https:\/\/quechilero.com\/blog\/category\/limones\/"},"img":{"alt_text":"","src":"","width":0,"height":0},"classes":[]},{"id":10465,"url":"https:\/\/quechilero.com\/blog\/2011\/09\/19\/las-ranas-pidiendo-rey\/","url_meta":{"origin":16051,"position":4},"title":"Las ranas pidiendo rey","author":"Pepe Barrascout Ortiz","date":"19 septiembre 2011","format":false,"excerpt":"Cansadas las ranas del propio desorden y anarqu\u00eda en que viv\u00edan, mandaron una delegaci\u00f3n a Zeus para que les enviara un rey. Zeus, atendiendo su petici\u00f3n, les envi\u00f3 un grueso le\u00f1o a su charca. Espantadas las ranas por el ruido que hizo el le\u00f1o al caer, se escondieron donde mejor\u2026","rel":"","context":"En \u00abLimones\u00bb","block_context":{"text":"Limones","link":"https:\/\/quechilero.com\/blog\/category\/limones\/"},"img":{"alt_text":"","src":"","width":0,"height":0},"classes":[]},{"id":21185,"url":"https:\/\/quechilero.com\/blog\/2015\/06\/02\/las-ranas-y-el-pantano-seco\/","url_meta":{"origin":16051,"position":5},"title":"Las ranas y el pantano seco","author":"Pepe Barrascout Ortiz","date":"2 junio 2015","format":false,"excerpt":"Viv\u00edan dos ranas en un bello pantano, pero lleg\u00f3 el verano y se sec\u00f3, por lo cual lo abandonaron para buscar otro con agua. Hallaron en su camino un profundo pozo repleto de agua, y al verlo, dijo una rana a la otra: - Amiga, bajemos las dos a este\u2026","rel":"","context":"En \u00abLimones\u00bb","block_context":{"text":"Limones","link":"https:\/\/quechilero.com\/blog\/category\/limones\/"},"img":{"alt_text":"","src":"","width":0,"height":0},"classes":[]}],"jetpack_featured_media_url":"","_links":{"self":[{"href":"https:\/\/quechilero.com\/blog\/wp-json\/wp\/v2\/posts\/16051","targetHints":{"allow":["GET"]}}],"collection":[{"href":"https:\/\/quechilero.com\/blog\/wp-json\/wp\/v2\/posts"}],"about":[{"href":"https:\/\/quechilero.com\/blog\/wp-json\/wp\/v2\/types\/post"}],"author":[{"embeddable":true,"href":"https:\/\/quechilero.com\/blog\/wp-json\/wp\/v2\/users\/1"}],"replies":[{"embeddable":true,"href":"https:\/\/quechilero.com\/blog\/wp-json\/wp\/v2\/comments?post=16051"}],"version-history":[{"count":0,"href":"https:\/\/quechilero.com\/blog\/wp-json\/wp\/v2\/posts\/16051\/revisions"}],"wp:attachment":[{"href":"https:\/\/quechilero.com\/blog\/wp-json\/wp\/v2\/media?parent=16051"}],"wp:term":[{"taxonomy":"category","embeddable":true,"href":"https:\/\/quechilero.com\/blog\/wp-json\/wp\/v2\/categories?post=16051"},{"taxonomy":"post_tag","embeddable":true,"href":"https:\/\/quechilero.com\/blog\/wp-json\/wp\/v2\/tags?post=16051"},{"taxonomy":"series","embeddable":true,"href":"https:\/\/quechilero.com\/blog\/wp-json\/wp\/v2\/series?post=16051"}],"curies":[{"name":"wp","href":"https:\/\/api.w.org\/{rel}","templated":true}]}}