{"id":16049,"date":"2013-02-26T08:00:36","date_gmt":"2013-02-26T14:00:36","guid":{"rendered":"http:\/\/quechilero.com\/blog\/?p=16049"},"modified":"2013-02-26T08:00:36","modified_gmt":"2013-02-26T14:00:36","slug":"las-dos-semillas","status":"publish","type":"post","link":"https:\/\/quechilero.com\/blog\/2013\/02\/26\/las-dos-semillas\/","title":{"rendered":"Las dos semillas"},"content":{"rendered":"<p>Dos semillas estaban juntas, lado a lado, en la f\u00e9rtil tierra de la primavera.<\/p>\n<p>La primera semilla dijo: \u00ab\u00a1Yo quiero crecer! Quiero hundir mis ra\u00edces en la profundidad del suelo que me sostiene y hacer que mis brotes empujen y rompan la capa de tierra que me cubre&#8230; Quiero desplegar mis tiernos brotes como estandartes que anuncien la llegada de la primavera&#8230; \u00a1Quiero sentir el calor del sol sobre mi rostro y la bendici\u00f3n del roc\u00edo de la ma\u00f1ana sobre mis p\u00e9talos!\u00bb<\/p>\n<p>Y as\u00ed creci\u00f3.<\/p>\n<p>La segunda semilla dijo: \u00abTengo miedo. Si env\u00edo mis ra\u00edces a que se hundan en el suelo, no s\u00e9 con qu\u00e9 puedo tropezar en la oscuridad. Si me abro paso a trav\u00e9s del duro suelo puedo da\u00f1ar mis delicados brotes&#8230; Si dejo que mis capullos se abran, quiz\u00e1 un caracol intente com\u00e9rselos&#8230; Si abriera mis flores, tal vez alg\u00fan chiquillo me arrancar\u00e1 del suelo. No, es mejor esperar hasta un momento seguro.\u00bb<\/p>\n<p>Y as\u00ed esper\u00f3.<\/p>\n<p>Una gallina que escarbaba afanosamente la tierra en busca de comida, encontr\u00f3 la semilla que esperaba y sin p\u00e9rdida de tiempo se la comi\u00f3.<\/p>\n<p>La vida esta hecha para arriesgarte, para luchar y para alcanzar tus sue\u00f1os; para aprender, crecer, y triunfar en la vida. Aquellos que se niegan a arriesgarse a crecer, podr\u00edan ser devorados por la vida.<\/p>\n<p>Si te arriesgas y enfrentas tus miedos y tu vulnerabilidad, tendr\u00e1s la oportunidad de crecer y disfrutar de la vida; si te encierras en tu miedo y en tu \u00abseguridad\u00bb, corres el riesgo de morir antes de haber visto verdaderamente luz en tu vida.<\/p>\n","protected":false},"excerpt":{"rendered":"<p>Dos semillas estaban juntas, lado a lado, en la f\u00e9rtil tierra de la primavera. La primera semilla dijo: \u00ab\u00a1Yo quiero crecer! Quiero hundir mis ra\u00edces en la profundidad del suelo que me sostiene y hacer que mis brotes empujen y rompan la capa de tierra que me cubre&#8230; Quiero desplegar mis tiernos brotes como estandartes &#8230; <a title=\"Las dos semillas\" class=\"read-more\" href=\"https:\/\/quechilero.com\/blog\/2013\/02\/26\/las-dos-semillas\/\" aria-label=\"Leer m\u00e1s sobre Las dos semillas\">Leer m\u00e1s<\/a><\/p>\n","protected":false},"author":1,"featured_media":0,"comment_status":"open","ping_status":"open","sticky":false,"template":"","format":"standard","meta":{"advanced_seo_description":"","jetpack_seo_html_title":"","jetpack_seo_noindex":false,"jetpack_seo_schema_type":"","episode_type":"","audio_file":"","podmotor_file_id":"","podmotor_episode_id":"","cover_image":"","cover_image_id":"","duration":"","filesize":"","filesize_raw":"","date_recorded":"","explicit":"","block":"","_jetpack_newsletter_access":"","_jetpack_dont_email_post_to_subs":false,"_jetpack_newsletter_tier_id":0,"_jetpack_memberships_contains_paywalled_content":false,"_jetpack_feature_clip_id":0,"_jetpack_memberships_contains_paid_content":false,"footnotes":"","jetpack_publicize_message":"","jetpack_publicize_feature_enabled":true,"jetpack_social_post_already_shared":true,"jetpack_social_options":{"image_generator_settings":{"template":"highway","default_image_id":0,"font":"","enabled":false},"version":2},"jetpack_post_was_ever_published":false},"categories":[2],"tags":[29,67,88,56,5,41,24],"series":[],"class_list":["post-16049","post","type-post","status-publish","format-standard","hentry","category-limones","tag-aprender","tag-crecer","tag-flores","tag-sueno","tag-tiempo","tag-verdad","tag-vida"],"episode_featured_image":false,"episode_player_image":"https:\/\/i0.wp.com\/quechilero.com\/blog\/imagenes\/podcast.png?fit=1831%2C1831&ssl=1","download_link":"","player_link":"","audio_player":false,"episode_data":{"playerMode":"dark","subscribeUrls":{"amazon":{"key":"amazon","url":"","label":"Amazon","class":"amazon","icon":"amazon.png"},"apple_podcasts":{"key":"apple_podcasts","url":"","label":"Apple Podcasts","class":"apple_podcasts","icon":"apple-podcasts.png"},"castbox":{"key":"castbox","url":"","label":"CastBox","class":"castbox","icon":"castbox.png"},"deezer":{"key":"deezer","url":"","label":"Deezer","class":"deezer","icon":"deezer.png"},"google_podcasts":{"key":"google_podcasts","url":"","label":"Google Podcasts","class":"google_podcasts","icon":"google-podcasts.png"},"listen_notes":{"key":"listen_notes","url":"","label":"Listen Notes","class":"listen_notes","icon":"listen-notes.png"},"pandora":{"key":"pandora","url":"","label":"Pandora","class":"pandora","icon":"pandora.png"},"podbean":{"key":"podbean","url":"","label":"Podbean","class":"podbean","icon":"podbean.png"},"podcast_republic":{"key":"podcast_republic","url":"","label":"Podcast Republic","class":"podcast_republic","icon":"podcast-republic.png"},"rss":{"key":"rss","url":"","label":"RSS","class":"rss","icon":"rss.png"},"spotify":{"key":"spotify","url":"","label":"Spotify","class":"spotify","icon":"spotify.png"},"stitcher":{"key":"stitcher","url":"","label":"Stitcher","class":"stitcher","icon":"stitcher.png"},"tunein":{"key":"tunein","url":"","label":"TuneIn","class":"tunein","icon":"tunein.png"},"youtube":{"key":"youtube","url":"","label":"YouTube","class":"youtube","icon":"youtube.png"},"iheartradio":{"key":"iheartradio","url":"","label":"iHeartRadio","class":"iheartradio","icon":"iheartradio.png"},"ivoox":{"key":"ivoox","url":"","label":"iVoox","class":"ivoox","icon":"ivoox.png"}},"rssFeedUrl":"https:\/\/quechilero.com\/blog\/feed\/podcast\/si-la-vida-nos-da-limones","embedCode":"<blockquote class=\"wp-embedded-content\" data-secret=\"vBSgtBklE3\"><a href=\"https:\/\/quechilero.com\/blog\/2013\/02\/26\/las-dos-semillas\/\">Las dos semillas<\/a><\/blockquote><iframe sandbox=\"allow-scripts\" security=\"restricted\" src=\"https:\/\/quechilero.com\/blog\/2013\/02\/26\/las-dos-semillas\/embed\/#?secret=vBSgtBklE3\" width=\"500\" height=\"350\" title=\"\u00abLas dos semillas\u00bb \u2014 Si la Vida nos da Limones...\" data-secret=\"vBSgtBklE3\" frameborder=\"0\" marginwidth=\"0\" marginheight=\"0\" scrolling=\"no\" class=\"wp-embedded-content\"><\/iframe><script>\n\/*! This file is auto-generated *\/\n!function(d,l){\"use strict\";l.querySelector&&d.addEventListener&&\"undefined\"!=typeof URL&&(d.wp=d.wp||{},d.wp.receiveEmbedMessage||(d.wp.receiveEmbedMessage=function(e){var t=e.data;if((t||t.secret||t.message||t.value)&&!\/[^a-zA-Z0-9]\/.test(t.secret)){for(var s,r,n,a=l.querySelectorAll('iframe[data-secret=\"'+t.secret+'\"]'),o=l.querySelectorAll('blockquote[data-secret=\"'+t.secret+'\"]'),c=new RegExp(\"^https?:$\",\"i\"),i=0;i<o.length;i++)o[i].style.display=\"none\";for(i=0;i<a.length;i++)s=a[i],e.source===s.contentWindow&&(s.removeAttribute(\"style\"),\"height\"===t.message?(1e3<(r=parseInt(t.value,10))?r=1e3:~~r<200&&(r=200),s.height=r):\"link\"===t.message&&(r=new URL(s.getAttribute(\"src\")),n=new URL(t.value),c.test(n.protocol))&&n.host===r.host&&l.activeElement===s&&(d.top.location.href=t.value))}},d.addEventListener(\"message\",d.wp.receiveEmbedMessage,!1),l.addEventListener(\"DOMContentLoaded\",function(){for(var e,t,s=l.querySelectorAll(\"iframe.wp-embedded-content\"),r=0;r<s.length;r++)(t=(e=s[r]).getAttribute(\"data-secret\"))||(t=Math.random().toString(36).substring(2,12),e.src+=\"#?secret=\"+t,e.setAttribute(\"data-secret\",t)),e.contentWindow.postMessage({message:\"ready\",secret:t},\"*\")},!1)))}(window,document);\n\/\/# sourceURL=https:\/\/quechilero.com\/blog\/wp-includes\/js\/wp-embed.min.js\n<\/script>\n"},"jetpack_publicize_connections":[],"jetpack_shortlink":"https:\/\/wp.me\/pDKli-4aR","jetpack_sharing_enabled":true,"jetpack-related-posts":[{"id":286,"url":"https:\/\/quechilero.com\/blog\/2006\/10\/24\/las-flores-han-brotado\/","url_meta":{"origin":16049,"position":0},"title":"Las Flores han brotado","author":"Pepe Barrascout Ortiz","date":"24 octubre 2006","format":false,"excerpt":"Un hombre trabajaba en una f\u00e1brica distante cincuenta minutos en \u00f3mnibus de su casa. En la siguiente parada entraba una se\u00f1ora anciana que siempre se sentaba junto a la ventana. Ella abr\u00eda la bolsa, sacaba un paquetito y se pasaba todo el viaje arrojando alguna cosa para afuera. La escena\u2026","rel":"","context":"En \u00abLimones\u00bb","block_context":{"text":"Limones","link":"https:\/\/quechilero.com\/blog\/category\/limones\/"},"img":{"alt_text":"","src":"","width":0,"height":0},"classes":[]},{"id":10882,"url":"https:\/\/quechilero.com\/blog\/2011\/10\/12\/balas-o-semillas\/","url_meta":{"origin":16049,"position":1},"title":"Balas o semillas","author":"Pepe Barrascout Ortiz","date":"12 octubre 2011","format":false,"excerpt":"Uno puede ofrecerle sus ideas a otro como balas o como semillas. Puede dispararlas, o sembrarlas; pegarle en la cabeza a la gente con ellas, o plantarlas en sus corazones. Las ideas usadas como balas matar\u00e1n la inspiraci\u00f3n y neutralizar\u00e1n la motivaci\u00f3n. Usadas como semillas, echar\u00e1n ra\u00edces, crecer\u00e1n y se\u2026","rel":"","context":"En \u00abLimones\u00bb","block_context":{"text":"Limones","link":"https:\/\/quechilero.com\/blog\/category\/limones\/"},"img":{"alt_text":"","src":"","width":0,"height":0},"classes":[]},{"id":15298,"url":"https:\/\/quechilero.com\/blog\/2012\/12\/02\/la-vasija-agrietada\/","url_meta":{"origin":16049,"position":2},"title":"La Vasija Agrietada","author":"Pepe Barrascout Ortiz","date":"2 diciembre 2012","format":false,"excerpt":"Un cargador de agua ten\u00eda dos grandes vasijas que colgaban a los extremos de un palo que \u00e9l llevaba encima de los hombros. Una de las vasijas ten\u00eda una grieta, mientras que la otra era perfecta y entregaba el agua completa al final del largo camino a pie desde el\u2026","rel":"","context":"En \u00abLimones\u00bb","block_context":{"text":"Limones","link":"https:\/\/quechilero.com\/blog\/category\/limones\/"},"img":{"alt_text":"","src":"","width":0,"height":0},"classes":[]},{"id":19655,"url":"https:\/\/quechilero.com\/blog\/2015\/01\/14\/siembra\/","url_meta":{"origin":16049,"position":3},"title":"Siembra","author":"Pepe Barrascout Ortiz","date":"14 enero 2015","format":false,"excerpt":"En el campo del mundo, t\u00fa eres el sembrador. No puedes huir de la responsabilidad. No digas que el suelo es \u00e1spero, que llueve frecuentemente, que el sol quema o que la semilla no sirve. No es tu funci\u00f3n juzgar la tierra y el tiempo. Tu misi\u00f3n es sembrar. \u00a1La\u2026","rel":"","context":"En \u00abLimones\u00bb","block_context":{"text":"Limones","link":"https:\/\/quechilero.com\/blog\/category\/limones\/"},"img":{"alt_text":"","src":"","width":0,"height":0},"classes":[]},{"id":529,"url":"https:\/\/quechilero.com\/blog\/2007\/04\/25\/raices-profundas\/","url_meta":{"origin":16049,"position":4},"title":"Ra\u00edces profundas","author":"Pepe Barrascout Ortiz","date":"25 abril 2007","format":false,"excerpt":"Tiempo atr\u00e1s, yo era vecino de un m\u00e9dico, cuyo \"hobby\" era plantar \u00e1rboles en el enorme patio de su casa. A veces observaba, desde mi ventana, su esfuerzo por plantar \u00e1rboles y m\u00e1s \u00e1rboles, todos los d\u00edas. Lo que m\u00e1s llamaba mi atenci\u00f3n, entretanto, era el hecho de que \u00e9l\u2026","rel":"","context":"En \u00abLimones\u00bb","block_context":{"text":"Limones","link":"https:\/\/quechilero.com\/blog\/category\/limones\/"},"img":{"alt_text":"","src":"","width":0,"height":0},"classes":[]},{"id":14520,"url":"https:\/\/quechilero.com\/blog\/2012\/09\/13\/semillas-y-fe\/","url_meta":{"origin":16049,"position":5},"title":"Semillas y Fe","author":"Pepe Barrascout Ortiz","date":"13 septiembre 2012","format":false,"excerpt":"En G\u00e1latas 6, Pablo enfatiz\u00f3 la importancia de sembrar semillas de comportamiento que honren a Dios, porque \"todo lo que el hombre sembrare, eso tambi\u00e9n segar\u00e1\" (v.7). No podemos esperar experimentar el fruto de las bendiciones de Dios si no reconocemos la importancia de hacer nuestra parte. Seguir el ejemplo\u2026","rel":"","context":"En \u00abLimones\u00bb","block_context":{"text":"Limones","link":"https:\/\/quechilero.com\/blog\/category\/limones\/"},"img":{"alt_text":"","src":"","width":0,"height":0},"classes":[]}],"jetpack_featured_media_url":"","_links":{"self":[{"href":"https:\/\/quechilero.com\/blog\/wp-json\/wp\/v2\/posts\/16049","targetHints":{"allow":["GET"]}}],"collection":[{"href":"https:\/\/quechilero.com\/blog\/wp-json\/wp\/v2\/posts"}],"about":[{"href":"https:\/\/quechilero.com\/blog\/wp-json\/wp\/v2\/types\/post"}],"author":[{"embeddable":true,"href":"https:\/\/quechilero.com\/blog\/wp-json\/wp\/v2\/users\/1"}],"replies":[{"embeddable":true,"href":"https:\/\/quechilero.com\/blog\/wp-json\/wp\/v2\/comments?post=16049"}],"version-history":[{"count":0,"href":"https:\/\/quechilero.com\/blog\/wp-json\/wp\/v2\/posts\/16049\/revisions"}],"wp:attachment":[{"href":"https:\/\/quechilero.com\/blog\/wp-json\/wp\/v2\/media?parent=16049"}],"wp:term":[{"taxonomy":"category","embeddable":true,"href":"https:\/\/quechilero.com\/blog\/wp-json\/wp\/v2\/categories?post=16049"},{"taxonomy":"post_tag","embeddable":true,"href":"https:\/\/quechilero.com\/blog\/wp-json\/wp\/v2\/tags?post=16049"},{"taxonomy":"series","embeddable":true,"href":"https:\/\/quechilero.com\/blog\/wp-json\/wp\/v2\/series?post=16049"}],"curies":[{"name":"wp","href":"https:\/\/api.w.org\/{rel}","templated":true}]}}