{"id":16022,"date":"2013-02-12T08:00:01","date_gmt":"2013-02-12T14:00:01","guid":{"rendered":"http:\/\/quechilero.com\/blog\/?p=16022"},"modified":"2013-02-12T08:00:01","modified_gmt":"2013-02-12T14:00:01","slug":"una-nueva-luz","status":"publish","type":"post","link":"https:\/\/quechilero.com\/blog\/2013\/02\/12\/una-nueva-luz\/","title":{"rendered":"Una nueva Luz"},"content":{"rendered":"<p>Los Markovitz era una de las pocas familias jud\u00edas que viv\u00edan en un apacible suburbio de Pensilvania cuyas calles se llenaban de luces navide\u00f1as en diciembre. Ellos en cambio, colocaban una menor\u00e1 (Candelabro jud\u00edo de nueve brazos) encendida en una ventana de su casa como recordatorio de que tambi\u00e9n era el inicio de la Hanuka, una de sus principales fiestas religiosas.<\/p>\n<p>Un d\u00eda, a eso de las 5 de la ma\u00f1ana Judy Markovitz se despert\u00f3 al o\u00edr un fuerte ruido. Hab\u00edan roto la ventana y arrancado la menor\u00e1.<\/p>\n<p>Para los Markovitz fue una agresi\u00f3n que removi\u00f3 viejas heridas, ya que los padres de Judy hab\u00edan estado en el pasado recluidos en un campo de concentraci\u00f3n.<\/p>\n<p>Los Markovitz, luego de recuperarse emocionalmente, repararon la ventana y al terminar la reparaci\u00f3n salieron a visitar al hermano de Judy, sin saber que sus vecinos se dispon\u00edan a reparar algo m\u00e1s.<\/p>\n<p>En la noche, cuando la familia Markovitz regresaba a su casa, un extraordinario espect\u00e1culo los sorprendi\u00f3 al doblar la calle: Casi todas las casas de la manzana estaban adornadas con una menor\u00e1 resplandeciente. La hija de la pareja, Vicky, hoy d\u00eda de 18 a\u00f1os, recuerda aquellas ventanas iluminadas como una se\u00f1al de compasi\u00f3n y solidaridad. \u00abFue como si todos los vecinos dijeran: Si vuelven a romper las ventanas de ellos, tambi\u00e9n tendr\u00e1n que romper las nuestras.\u00bb<\/p>\n<p>Compasi\u00f3n y solidaridad son dos joyas que necesitas hoy recuperar.<\/p>\n","protected":false},"excerpt":{"rendered":"<p>Los Markovitz era una de las pocas familias jud\u00edas que viv\u00edan en un apacible suburbio de Pensilvania cuyas calles se llenaban de luces navide\u00f1as en diciembre. Ellos en cambio, colocaban una menor\u00e1 (Candelabro jud\u00edo de nueve brazos) encendida en una ventana de su casa como recordatorio de que tambi\u00e9n era el inicio de la Hanuka, &#8230; <a title=\"Una nueva Luz\" class=\"read-more\" href=\"https:\/\/quechilero.com\/blog\/2013\/02\/12\/una-nueva-luz\/\" aria-label=\"Leer m\u00e1s sobre Una nueva Luz\">Leer m\u00e1s<\/a><\/p>\n","protected":false},"author":1,"featured_media":0,"comment_status":"open","ping_status":"open","sticky":false,"template":"","format":"standard","meta":{"advanced_seo_description":"","jetpack_seo_html_title":"","jetpack_seo_noindex":false,"jetpack_seo_schema_type":"","episode_type":"","audio_file":"","podmotor_file_id":"","podmotor_episode_id":"","cover_image":"","cover_image_id":"","duration":"","filesize":"","filesize_raw":"","date_recorded":"","explicit":"","block":"","_jetpack_newsletter_access":"","_jetpack_dont_email_post_to_subs":false,"_jetpack_newsletter_tier_id":0,"_jetpack_memberships_contains_paywalled_content":false,"_jetpack_feature_clip_id":0,"_jetpack_memberships_contains_paid_content":false,"footnotes":"","jetpack_publicize_message":"","jetpack_publicize_feature_enabled":true,"jetpack_social_post_already_shared":true,"jetpack_social_options":{"image_generator_settings":{"template":"highway","default_image_id":0,"font":"","enabled":false},"version":2},"jetpack_post_was_ever_published":false},"categories":[2],"tags":[59,52],"series":[],"class_list":["post-16022","post","type-post","status-publish","format-standard","hentry","category-limones","tag-pareja","tag-pasion"],"episode_featured_image":false,"episode_player_image":"https:\/\/i0.wp.com\/quechilero.com\/blog\/imagenes\/podcast.png?fit=1831%2C1831&ssl=1","download_link":"","player_link":"","audio_player":false,"episode_data":{"playerMode":"dark","subscribeUrls":{"amazon":{"key":"amazon","url":"","label":"Amazon","class":"amazon","icon":"amazon.png"},"apple_podcasts":{"key":"apple_podcasts","url":"","label":"Apple Podcasts","class":"apple_podcasts","icon":"apple-podcasts.png"},"castbox":{"key":"castbox","url":"","label":"CastBox","class":"castbox","icon":"castbox.png"},"deezer":{"key":"deezer","url":"","label":"Deezer","class":"deezer","icon":"deezer.png"},"google_podcasts":{"key":"google_podcasts","url":"","label":"Google Podcasts","class":"google_podcasts","icon":"google-podcasts.png"},"listen_notes":{"key":"listen_notes","url":"","label":"Listen Notes","class":"listen_notes","icon":"listen-notes.png"},"pandora":{"key":"pandora","url":"","label":"Pandora","class":"pandora","icon":"pandora.png"},"podbean":{"key":"podbean","url":"","label":"Podbean","class":"podbean","icon":"podbean.png"},"podcast_republic":{"key":"podcast_republic","url":"","label":"Podcast Republic","class":"podcast_republic","icon":"podcast-republic.png"},"rss":{"key":"rss","url":"","label":"RSS","class":"rss","icon":"rss.png"},"spotify":{"key":"spotify","url":"","label":"Spotify","class":"spotify","icon":"spotify.png"},"stitcher":{"key":"stitcher","url":"","label":"Stitcher","class":"stitcher","icon":"stitcher.png"},"tunein":{"key":"tunein","url":"","label":"TuneIn","class":"tunein","icon":"tunein.png"},"youtube":{"key":"youtube","url":"","label":"YouTube","class":"youtube","icon":"youtube.png"},"iheartradio":{"key":"iheartradio","url":"","label":"iHeartRadio","class":"iheartradio","icon":"iheartradio.png"},"ivoox":{"key":"ivoox","url":"","label":"iVoox","class":"ivoox","icon":"ivoox.png"}},"rssFeedUrl":"https:\/\/quechilero.com\/blog\/feed\/podcast\/si-la-vida-nos-da-limones","embedCode":"<blockquote class=\"wp-embedded-content\" data-secret=\"oFXQtjV80E\"><a href=\"https:\/\/quechilero.com\/blog\/2013\/02\/12\/una-nueva-luz\/\">Una nueva Luz<\/a><\/blockquote><iframe sandbox=\"allow-scripts\" security=\"restricted\" src=\"https:\/\/quechilero.com\/blog\/2013\/02\/12\/una-nueva-luz\/embed\/#?secret=oFXQtjV80E\" width=\"500\" height=\"350\" title=\"\u00abUna nueva Luz\u00bb \u2014 Si la Vida nos da Limones...\" data-secret=\"oFXQtjV80E\" frameborder=\"0\" marginwidth=\"0\" marginheight=\"0\" scrolling=\"no\" class=\"wp-embedded-content\"><\/iframe><script>\n\/*! This file is auto-generated *\/\n!function(d,l){\"use strict\";l.querySelector&&d.addEventListener&&\"undefined\"!=typeof URL&&(d.wp=d.wp||{},d.wp.receiveEmbedMessage||(d.wp.receiveEmbedMessage=function(e){var t=e.data;if((t||t.secret||t.message||t.value)&&!\/[^a-zA-Z0-9]\/.test(t.secret)){for(var s,r,n,a=l.querySelectorAll('iframe[data-secret=\"'+t.secret+'\"]'),o=l.querySelectorAll('blockquote[data-secret=\"'+t.secret+'\"]'),c=new RegExp(\"^https?:$\",\"i\"),i=0;i<o.length;i++)o[i].style.display=\"none\";for(i=0;i<a.length;i++)s=a[i],e.source===s.contentWindow&&(s.removeAttribute(\"style\"),\"height\"===t.message?(1e3<(r=parseInt(t.value,10))?r=1e3:~~r<200&&(r=200),s.height=r):\"link\"===t.message&&(r=new URL(s.getAttribute(\"src\")),n=new URL(t.value),c.test(n.protocol))&&n.host===r.host&&l.activeElement===s&&(d.top.location.href=t.value))}},d.addEventListener(\"message\",d.wp.receiveEmbedMessage,!1),l.addEventListener(\"DOMContentLoaded\",function(){for(var e,t,s=l.querySelectorAll(\"iframe.wp-embedded-content\"),r=0;r<s.length;r++)(t=(e=s[r]).getAttribute(\"data-secret\"))||(t=Math.random().toString(36).substring(2,12),e.src+=\"#?secret=\"+t,e.setAttribute(\"data-secret\",t)),e.contentWindow.postMessage({message:\"ready\",secret:t},\"*\")},!1)))}(window,document);\n\/\/# sourceURL=https:\/\/quechilero.com\/blog\/wp-includes\/js\/wp-embed.min.js\n<\/script>\n"},"jetpack_publicize_connections":[],"jetpack_shortlink":"https:\/\/wp.me\/pDKli-4aq","jetpack_sharing_enabled":true,"jetpack-related-posts":[{"id":4541,"url":"https:\/\/quechilero.com\/blog\/2010\/06\/01\/en-el-momento-justo-con-el-angulo-exacto-103\/","url_meta":{"origin":16022,"position":0},"title":"En el momento justo, con el \u00e1ngulo exacto","author":"Pepe Barrascout Ortiz","date":"1 junio 2010","format":false,"excerpt":"La vida en una burbuja, as\u00ed de fr\u00e1gil es... Fotograf\u00eda tomada en el momento justo, con el \u00e1ngulo exacto. La imagen la vi el perfil de Judy Will y la pueden comprar en RedBuble","rel":"","context":"En \u00abLimones por mano\u00bb","block_context":{"text":"Limones por mano","link":"https:\/\/quechilero.com\/blog\/category\/limones-por-mano\/"},"img":{"alt_text":"","src":"","width":0,"height":0},"classes":[]},{"id":23863,"url":"https:\/\/quechilero.com\/blog\/2013\/01\/21\/podcast-las-6-de-la-manana-episodio-831\/","url_meta":{"origin":16022,"position":1},"title":"Podcast: Las 6 de la ma\u00f1ana, episodio 831","author":"Pepe Barrascout Ortiz","date":"21 enero 2013","format":false,"excerpt":"Bienvenidos al octingent\u00e9simo trig\u00e9simo primer episodio de \u201cLas 6 de la ma\u00f1ana\u201d, un podcast que trae 6 canciones, para que iniciemos el d\u00eda, de forma positiva y con \u00e1nimo. El listado para hoy es: Artista \/ Tema 01 - JAC - Track 1 mare de c_tlphone 02 - JAC -\u2026","rel":"","context":"En \u00abLas 6 de la ma\u00f1ana\u00bb","block_context":{"text":"Las 6 de la ma\u00f1ana","link":"https:\/\/quechilero.com\/blog\/category\/podcast\/las-6-de-la-manana\/"},"img":{"alt_text":"","src":"https:\/\/i0.wp.com\/quechilero.com\/blog\/imagenes\/las6am.jpg?fit=620%2C350&ssl=1&resize=350%2C200","width":350,"height":200,"srcset":"https:\/\/i0.wp.com\/quechilero.com\/blog\/imagenes\/las6am.jpg?fit=620%2C350&ssl=1&resize=350%2C200 1x, https:\/\/i0.wp.com\/quechilero.com\/blog\/imagenes\/las6am.jpg?fit=620%2C350&ssl=1&resize=525%2C300 1.5x"},"classes":[]},{"id":26706,"url":"https:\/\/quechilero.com\/blog\/2016\/03\/28\/podcast-las-6am-episodio-1167-mozart\/","url_meta":{"origin":16022,"position":2},"title":"Podcast: Las 6am episodio 1167, Mozart","author":"Pepe Barrascout Ortiz","date":"28 marzo 2016","format":false,"excerpt":"Bienvenidos al mil\u00e9simo cent\u00e9simo sexag\u00e9simo s\u00e9ptimo\u00a0episodio de \u201cLas 6 de la ma\u00f1ana\u201d, un podcast diario que trae 6 canciones, para que iniciemos el d\u00eda con buena m\u00fasica. Nuestro invitado de hoy: \"Mozart\" El listado para hoy es: Artista \/ Tema 01 - Singin' In The Rain 02 - Good Morning\u2026","rel":"","context":"En \u00abLas 6 de la ma\u00f1ana\u00bb","block_context":{"text":"Las 6 de la ma\u00f1ana","link":"https:\/\/quechilero.com\/blog\/category\/podcast\/las-6-de-la-manana\/"},"img":{"alt_text":"","src":"https:\/\/i0.wp.com\/quechilero.com\/blog\/imagenes\/las6am.jpg?fit=620%2C350&ssl=1&resize=350%2C200","width":350,"height":200,"srcset":"https:\/\/i0.wp.com\/quechilero.com\/blog\/imagenes\/las6am.jpg?fit=620%2C350&ssl=1&resize=350%2C200 1x, https:\/\/i0.wp.com\/quechilero.com\/blog\/imagenes\/las6am.jpg?fit=620%2C350&ssl=1&resize=525%2C300 1.5x"},"classes":[]},{"id":26726,"url":"https:\/\/quechilero.com\/blog\/2016\/03\/08\/podcast-las-6am-episodio-1147-gene-kelly\/","url_meta":{"origin":16022,"position":3},"title":"Podcast: Las 6am episodio 1147, Gene Kelly","author":"Pepe Barrascout Ortiz","date":"8 marzo 2016","format":false,"excerpt":"Bienvenidos al mil\u00e9simo cent\u00e9simo cuadrag\u00e9simo s\u00e9ptimo\u00a0episodio de \u201cLas 6 de la ma\u00f1ana\u201d, un podcast diario que trae 6 canciones, para que iniciemos el d\u00eda con buena m\u00fasica. Nuestro invitado de hoy: \"Gene Kelly\" El listado para hoy es: Artista \/ Tema 01 - Singin' In The Rain 02 - Good\u2026","rel":"","context":"En \u00abLas 6 de la ma\u00f1ana\u00bb","block_context":{"text":"Las 6 de la ma\u00f1ana","link":"https:\/\/quechilero.com\/blog\/category\/podcast\/las-6-de-la-manana\/"},"img":{"alt_text":"","src":"https:\/\/i0.wp.com\/quechilero.com\/blog\/imagenes\/las6am.jpg?fit=620%2C350&ssl=1&resize=350%2C200","width":350,"height":200,"srcset":"https:\/\/i0.wp.com\/quechilero.com\/blog\/imagenes\/las6am.jpg?fit=620%2C350&ssl=1&resize=350%2C200 1x, https:\/\/i0.wp.com\/quechilero.com\/blog\/imagenes\/las6am.jpg?fit=620%2C350&ssl=1&resize=525%2C300 1.5x"},"classes":[]},{"id":19640,"url":"https:\/\/quechilero.com\/blog\/2015\/01\/04\/las-sabanas-de-la-vecina\/","url_meta":{"origin":16022,"position":4},"title":"Las s\u00e1banas de la vecina","author":"Pepe Barrascout Ortiz","date":"4 enero 2015","format":false,"excerpt":"Una pareja de reci\u00e9n casados se mud\u00f3 a un barrio muy tranquilo de la ciudad. Todo era nuevo para ellos y observaban con curiosidad cuanto hab\u00eda a su alrededor. En la primera ma\u00f1ana en la casa, mientras tomaba caf\u00e9, la mujer repar\u00f3 a trav\u00e9s de la ventana, que una vecina\u2026","rel":"","context":"En \u00abLimones\u00bb","block_context":{"text":"Limones","link":"https:\/\/quechilero.com\/blog\/category\/limones\/"},"img":{"alt_text":"","src":"","width":0,"height":0},"classes":[]},{"id":422,"url":"https:\/\/quechilero.com\/blog\/2007\/01\/31\/la-ventana-rota\/","url_meta":{"origin":16022,"position":5},"title":"La Ventana Rota","author":"Pepe Barrascout Ortiz","date":"31 enero 2007","format":false,"excerpt":"Hay una ventana en tu coraz\u00f3n a trav\u00e9s de la cual puedes ver a Dios. Hubo una vez en que esa ventana era transparente. Tu visi\u00f3n de Dios era clara. Pod\u00edas ver a Dios tan v\u00edvidamente como pod\u00edas ver un hermoso valle o una colina. Entonces, de pronto, la ventana\u2026","rel":"","context":"En \u00abLimones\u00bb","block_context":{"text":"Limones","link":"https:\/\/quechilero.com\/blog\/category\/limones\/"},"img":{"alt_text":"","src":"","width":0,"height":0},"classes":[]}],"jetpack_featured_media_url":"","_links":{"self":[{"href":"https:\/\/quechilero.com\/blog\/wp-json\/wp\/v2\/posts\/16022","targetHints":{"allow":["GET"]}}],"collection":[{"href":"https:\/\/quechilero.com\/blog\/wp-json\/wp\/v2\/posts"}],"about":[{"href":"https:\/\/quechilero.com\/blog\/wp-json\/wp\/v2\/types\/post"}],"author":[{"embeddable":true,"href":"https:\/\/quechilero.com\/blog\/wp-json\/wp\/v2\/users\/1"}],"replies":[{"embeddable":true,"href":"https:\/\/quechilero.com\/blog\/wp-json\/wp\/v2\/comments?post=16022"}],"version-history":[{"count":0,"href":"https:\/\/quechilero.com\/blog\/wp-json\/wp\/v2\/posts\/16022\/revisions"}],"wp:attachment":[{"href":"https:\/\/quechilero.com\/blog\/wp-json\/wp\/v2\/media?parent=16022"}],"wp:term":[{"taxonomy":"category","embeddable":true,"href":"https:\/\/quechilero.com\/blog\/wp-json\/wp\/v2\/categories?post=16022"},{"taxonomy":"post_tag","embeddable":true,"href":"https:\/\/quechilero.com\/blog\/wp-json\/wp\/v2\/tags?post=16022"},{"taxonomy":"series","embeddable":true,"href":"https:\/\/quechilero.com\/blog\/wp-json\/wp\/v2\/series?post=16022"}],"curies":[{"name":"wp","href":"https:\/\/api.w.org\/{rel}","templated":true}]}}