{"id":16012,"date":"2013-02-10T08:00:08","date_gmt":"2013-02-10T14:00:08","guid":{"rendered":"http:\/\/quechilero.com\/blog\/?p=16012"},"modified":"2013-02-10T08:00:08","modified_gmt":"2013-02-10T14:00:08","slug":"rostros","status":"publish","type":"post","link":"https:\/\/quechilero.com\/blog\/2013\/02\/10\/rostros\/","title":{"rendered":"Rostros"},"content":{"rendered":"<p>He visto un rostro con mil expresiones, y un rostro de semblante \u00fanico, como si estuviera aprisionado en un molde.<\/p>\n<p>He visto un rostro cuyo esplendor pod\u00eda verse a trav\u00e9s de la fealdad que lo cubr\u00eda, y un rostro cuyo brillo tuve que apartar para poder ver cu\u00e1n bello era.<\/p>\n<p>He visto un rostro viejo con muchas arrugas por nada, y un rostro terso donde todas las cosas estaban grabadas.<\/p>\n<p>Conozco todos los rostros, porque los miro a trav\u00e9s de la tela que mis propios ojos tejen, y contemplo la realidad que est\u00e1 debajo.<\/p>\n","protected":false},"excerpt":{"rendered":"<p>He visto un rostro con mil expresiones, y un rostro de semblante \u00fanico, como si estuviera aprisionado en un molde. He visto un rostro cuyo esplendor pod\u00eda verse a trav\u00e9s de la fealdad que lo cubr\u00eda, y un rostro cuyo brillo tuve que apartar para poder ver cu\u00e1n bello era. He visto un rostro viejo &#8230; <a title=\"Rostros\" class=\"read-more\" href=\"https:\/\/quechilero.com\/blog\/2013\/02\/10\/rostros\/\" aria-label=\"Leer m\u00e1s sobre Rostros\">Leer m\u00e1s<\/a><\/p>\n","protected":false},"author":1,"featured_media":0,"comment_status":"open","ping_status":"open","sticky":false,"template":"","format":"standard","meta":{"advanced_seo_description":"","jetpack_seo_html_title":"","jetpack_seo_noindex":false,"jetpack_seo_schema_type":"","episode_type":"","audio_file":"","podmotor_file_id":"","podmotor_episode_id":"","cover_image":"","cover_image_id":"","duration":"","filesize":"","filesize_raw":"","date_recorded":"","explicit":"","block":"","_jetpack_newsletter_access":"","_jetpack_dont_email_post_to_subs":false,"_jetpack_newsletter_tier_id":0,"_jetpack_memberships_contains_paywalled_content":false,"_jetpack_feature_clip_id":0,"_jetpack_memberships_contains_paid_content":false,"footnotes":"","jetpack_publicize_message":"","jetpack_publicize_feature_enabled":true,"jetpack_social_post_already_shared":true,"jetpack_social_options":{"image_generator_settings":{"template":"highway","default_image_id":0,"font":"","enabled":false},"version":2},"jetpack_post_was_ever_published":false},"categories":[2],"tags":[12],"series":[],"class_list":["post-16012","post","type-post","status-publish","format-standard","hentry","category-limones","tag-cosas"],"episode_featured_image":false,"episode_player_image":"https:\/\/i0.wp.com\/quechilero.com\/blog\/imagenes\/podcast.png?fit=1831%2C1831&ssl=1","download_link":"","player_link":"","audio_player":false,"episode_data":{"playerMode":"dark","subscribeUrls":{"amazon":{"key":"amazon","url":"","label":"Amazon","class":"amazon","icon":"amazon.png"},"apple_podcasts":{"key":"apple_podcasts","url":"","label":"Apple Podcasts","class":"apple_podcasts","icon":"apple-podcasts.png"},"castbox":{"key":"castbox","url":"","label":"CastBox","class":"castbox","icon":"castbox.png"},"deezer":{"key":"deezer","url":"","label":"Deezer","class":"deezer","icon":"deezer.png"},"google_podcasts":{"key":"google_podcasts","url":"","label":"Google Podcasts","class":"google_podcasts","icon":"google-podcasts.png"},"listen_notes":{"key":"listen_notes","url":"","label":"Listen Notes","class":"listen_notes","icon":"listen-notes.png"},"pandora":{"key":"pandora","url":"","label":"Pandora","class":"pandora","icon":"pandora.png"},"podbean":{"key":"podbean","url":"","label":"Podbean","class":"podbean","icon":"podbean.png"},"podcast_republic":{"key":"podcast_republic","url":"","label":"Podcast Republic","class":"podcast_republic","icon":"podcast-republic.png"},"rss":{"key":"rss","url":"","label":"RSS","class":"rss","icon":"rss.png"},"spotify":{"key":"spotify","url":"","label":"Spotify","class":"spotify","icon":"spotify.png"},"stitcher":{"key":"stitcher","url":"","label":"Stitcher","class":"stitcher","icon":"stitcher.png"},"tunein":{"key":"tunein","url":"","label":"TuneIn","class":"tunein","icon":"tunein.png"},"youtube":{"key":"youtube","url":"","label":"YouTube","class":"youtube","icon":"youtube.png"},"iheartradio":{"key":"iheartradio","url":"","label":"iHeartRadio","class":"iheartradio","icon":"iheartradio.png"},"ivoox":{"key":"ivoox","url":"","label":"iVoox","class":"ivoox","icon":"ivoox.png"}},"rssFeedUrl":"https:\/\/quechilero.com\/blog\/feed\/podcast\/si-la-vida-nos-da-limones","embedCode":"<blockquote class=\"wp-embedded-content\" data-secret=\"eyiU5CINqb\"><a href=\"https:\/\/quechilero.com\/blog\/2013\/02\/10\/rostros\/\">Rostros<\/a><\/blockquote><iframe sandbox=\"allow-scripts\" security=\"restricted\" src=\"https:\/\/quechilero.com\/blog\/2013\/02\/10\/rostros\/embed\/#?secret=eyiU5CINqb\" width=\"500\" height=\"350\" title=\"\u00abRostros\u00bb \u2014 Si la Vida nos da Limones...\" data-secret=\"eyiU5CINqb\" frameborder=\"0\" marginwidth=\"0\" marginheight=\"0\" scrolling=\"no\" class=\"wp-embedded-content\"><\/iframe><script>\n\/*! This file is auto-generated *\/\n!function(d,l){\"use strict\";l.querySelector&&d.addEventListener&&\"undefined\"!=typeof URL&&(d.wp=d.wp||{},d.wp.receiveEmbedMessage||(d.wp.receiveEmbedMessage=function(e){var t=e.data;if((t||t.secret||t.message||t.value)&&!\/[^a-zA-Z0-9]\/.test(t.secret)){for(var s,r,n,a=l.querySelectorAll('iframe[data-secret=\"'+t.secret+'\"]'),o=l.querySelectorAll('blockquote[data-secret=\"'+t.secret+'\"]'),c=new RegExp(\"^https?:$\",\"i\"),i=0;i<o.length;i++)o[i].style.display=\"none\";for(i=0;i<a.length;i++)s=a[i],e.source===s.contentWindow&&(s.removeAttribute(\"style\"),\"height\"===t.message?(1e3<(r=parseInt(t.value,10))?r=1e3:~~r<200&&(r=200),s.height=r):\"link\"===t.message&&(r=new URL(s.getAttribute(\"src\")),n=new URL(t.value),c.test(n.protocol))&&n.host===r.host&&l.activeElement===s&&(d.top.location.href=t.value))}},d.addEventListener(\"message\",d.wp.receiveEmbedMessage,!1),l.addEventListener(\"DOMContentLoaded\",function(){for(var e,t,s=l.querySelectorAll(\"iframe.wp-embedded-content\"),r=0;r<s.length;r++)(t=(e=s[r]).getAttribute(\"data-secret\"))||(t=Math.random().toString(36).substring(2,12),e.src+=\"#?secret=\"+t,e.setAttribute(\"data-secret\",t)),e.contentWindow.postMessage({message:\"ready\",secret:t},\"*\")},!1)))}(window,document);\n\/\/# sourceURL=https:\/\/quechilero.com\/blog\/wp-includes\/js\/wp-embed.min.js\n<\/script>\n"},"jetpack_publicize_connections":[],"jetpack_shortlink":"https:\/\/wp.me\/sDKli-rostros","jetpack_sharing_enabled":true,"jetpack-related-posts":[{"id":19925,"url":"https:\/\/quechilero.com\/blog\/2015\/03\/17\/la-transfiguracion\/","url_meta":{"origin":16012,"position":0},"title":"La Transfiguraci\u00f3n","author":"Pepe Barrascout Ortiz","date":"17 marzo 2015","format":false,"excerpt":"En el hecho de la Transfiguraci\u00f3n, el Se\u00f1or quiere preparar el coraz\u00f3n de sus disc\u00edpulos para que superen el esc\u00e1ndalo de la cruz. Pero esta fiesta es, adem\u00e1s, un anuncio de la adopci\u00f3n maravillosa que nos hace hijos de Dios en Jesucristo y del resplandor con que un d\u00eda brillar\u00e1\u2026","rel":"","context":"En \u00abLimones\u00bb","block_context":{"text":"Limones","link":"https:\/\/quechilero.com\/blog\/category\/limones\/"},"img":{"alt_text":"","src":"","width":0,"height":0},"classes":[]},{"id":19923,"url":"https:\/\/quechilero.com\/blog\/2015\/03\/15\/senor-hoy-he-buscado-tu-rostro\/","url_meta":{"origin":16012,"position":1},"title":"Se\u00f1or, hoy he buscado Tu Rostro","author":"Pepe Barrascout Ortiz","date":"15 marzo 2015","format":false,"excerpt":"En una ocasi\u00f3n un joven tuvo el deseo de subir a la cumbre de una monta\u00f1a pues pensaba que ah\u00ed podr\u00eda ver el rostro del Se\u00f1or. Prepar\u00f3 todo lo necesario, y un d\u00eda al amanecer empez\u00f3 su gran aventura; al llegar a las faldas de la inmensa monta\u00f1a se top\u00f3\u2026","rel":"","context":"En \u00abLimones\u00bb","block_context":{"text":"Limones","link":"https:\/\/quechilero.com\/blog\/category\/limones\/"},"img":{"alt_text":"","src":"","width":0,"height":0},"classes":[]},{"id":369,"url":"https:\/\/quechilero.com\/blog\/2006\/11\/08\/buscador-con-rostro\/","url_meta":{"origin":16012,"position":2},"title":"Buscador con rostro","author":"Pepe Barrascout Ortiz","date":"8 noviembre 2006","format":false,"excerpt":"Ms. Dewey es un simp\u00e1tico buscador web, que interact\u00faa con el navegante. El nivel de interacci\u00f3n no se limita a sugerir palabras o a indicar opciones a nuestra b\u00fasqueda. Lo que tiene de particular este buscador, es que tiene voz y rostro, no es un simple listado de links. Ms.\u2026","rel":"","context":"En \u00abLimones\u00bb","block_context":{"text":"Limones","link":"https:\/\/quechilero.com\/blog\/category\/limones\/"},"img":{"alt_text":"","src":"","width":0,"height":0},"classes":[]},{"id":859,"url":"https:\/\/quechilero.com\/blog\/2008\/02\/06\/cuaresma-evangelio-del-dia-6-feb-08\/","url_meta":{"origin":16012,"position":3},"title":"Cuaresma &#8211; Evangelio 6 feb 08","author":"Pepe Barrascout Ortiz","date":"6 febrero 2008","format":false,"excerpt":"Evangelio seg\u00fan San Mateo 6,1-6.16-18. Tengan cuidado de no practicar su justicia delante de los hombres para ser vistos por ellos: de lo contrario, no recibir\u00e1n ninguna recompensa del Padre que est\u00e1 en el cielo. Por lo tanto, cuando des limosna, no lo vayas pregonando delante de ti, como hacen\u2026","rel":"","context":"En \u00abLimones\u00bb","block_context":{"text":"Limones","link":"https:\/\/quechilero.com\/blog\/category\/limones\/"},"img":{"alt_text":"","src":"","width":0,"height":0},"classes":[]},{"id":10111,"url":"https:\/\/quechilero.com\/blog\/2011\/08\/27\/oracion-por-las-sonrisas\/","url_meta":{"origin":16012,"position":4},"title":"Oraci\u00f3n por las sonrisas","author":"Pepe Barrascout Ortiz","date":"27 agosto 2011","format":false,"excerpt":"Se\u00f1or, renueva mi esp\u00edritu y dibuja en mi rostro sonrisas de gozo por la riqueza de Tu Bendici\u00f3n. Que mis ojos sonr\u00edan diariamente por el cuidado y compa\u00f1erismo de mi familia y de mi comunidad. Que mi coraz\u00f3n sonr\u00eda diariamente por las alegr\u00edas y dolores que compartimos. Que mi boca\u2026","rel":"","context":"En \u00abLimones\u00bb","block_context":{"text":"Limones","link":"https:\/\/quechilero.com\/blog\/category\/limones\/"},"img":{"alt_text":"","src":"","width":0,"height":0},"classes":[]},{"id":467,"url":"https:\/\/quechilero.com\/blog\/2007\/03\/02\/el-agua-que-queria-ser-fuego\/","url_meta":{"origin":16012,"position":5},"title":"El agua que quer\u00eda ser fuego","author":"Pepe Barrascout Ortiz","date":"2 marzo 2007","format":false,"excerpt":"\"Ya estoy harta de ser fr\u00eda y de correr r\u00edo abajo. Dicen que soy necesaria. Pero yo preferir\u00eda ser hermosa. Y encender entusiasmos. Y hacer arder el coraz\u00f3n de los enamorados. Y ser roja y c\u00e1lida. Dicen que yo purifico lo que toco, pero m\u00e1s fuerza purificadora tiene el fuego.\u2026","rel":"","context":"En \u00abLimones\u00bb","block_context":{"text":"Limones","link":"https:\/\/quechilero.com\/blog\/category\/limones\/"},"img":{"alt_text":"","src":"","width":0,"height":0},"classes":[]}],"jetpack_featured_media_url":"","_links":{"self":[{"href":"https:\/\/quechilero.com\/blog\/wp-json\/wp\/v2\/posts\/16012","targetHints":{"allow":["GET"]}}],"collection":[{"href":"https:\/\/quechilero.com\/blog\/wp-json\/wp\/v2\/posts"}],"about":[{"href":"https:\/\/quechilero.com\/blog\/wp-json\/wp\/v2\/types\/post"}],"author":[{"embeddable":true,"href":"https:\/\/quechilero.com\/blog\/wp-json\/wp\/v2\/users\/1"}],"replies":[{"embeddable":true,"href":"https:\/\/quechilero.com\/blog\/wp-json\/wp\/v2\/comments?post=16012"}],"version-history":[{"count":0,"href":"https:\/\/quechilero.com\/blog\/wp-json\/wp\/v2\/posts\/16012\/revisions"}],"wp:attachment":[{"href":"https:\/\/quechilero.com\/blog\/wp-json\/wp\/v2\/media?parent=16012"}],"wp:term":[{"taxonomy":"category","embeddable":true,"href":"https:\/\/quechilero.com\/blog\/wp-json\/wp\/v2\/categories?post=16012"},{"taxonomy":"post_tag","embeddable":true,"href":"https:\/\/quechilero.com\/blog\/wp-json\/wp\/v2\/tags?post=16012"},{"taxonomy":"series","embeddable":true,"href":"https:\/\/quechilero.com\/blog\/wp-json\/wp\/v2\/series?post=16012"}],"curies":[{"name":"wp","href":"https:\/\/api.w.org\/{rel}","templated":true}]}}