{"id":1595,"date":"2008-08-31T12:00:46","date_gmt":"2008-08-31T18:00:46","guid":{"rendered":"http:\/\/quechilero.com\/blog\/?p=1595"},"modified":"2017-10-21T07:04:35","modified_gmt":"2017-10-21T13:04:35","slug":"maraton-sprint-final","status":"publish","type":"post","link":"https:\/\/quechilero.com\/blog\/2008\/08\/31\/maraton-sprint-final\/","title":{"rendered":"Marat\u00f3n &#8211; Sprint Final"},"content":{"rendered":"<p><span class=\"embed-youtube\" style=\"text-align:center; display: block;\"><iframe loading=\"lazy\" class=\"youtube-player\" width=\"1200\" height=\"675\" src=\"https:\/\/www.youtube.com\/embed\/MiZnPgjy9J8?version=3&#038;rel=1&#038;showsearch=0&#038;showinfo=1&#038;iv_load_policy=1&#038;fs=1&#038;hl=es-ES&#038;autohide=2&#038;wmode=transparent\" allowfullscreen=\"true\" style=\"border:0;\" sandbox=\"allow-scripts allow-same-origin allow-popups allow-presentation allow-popups-to-escape-sandbox\"><\/iframe><\/span><\/p>\n<blockquote><p><em>El neoceland\u00e9s medalla de plata en Atenas 2004 Bevan Docherty, ganando un increible sprint a su compatriota Kris Gemmell, en la ITU World Cup de New Plymouth.<\/em><\/p><\/blockquote>\n<p>Despu\u00e9s de un mes de actividad continua, terminamos esta <a title=\"Marat\u00f3n de Blogs\" href=\"http:\/\/quechilero.com\/blog\/2008\/07\/31\/maraton-de-blogs-2008\/\"><strong>Marat\u00f3n de Blogs 2008<\/strong><\/a>, con mucha alegr\u00eda, por haber vivido esta experiencia tan enriquecedora y tan agradable al realizar las rese\u00f1as de algunos de los much\u00edsimos blogs que leo a diario, me gustar\u00eda mucho poder escribir mas de cada blog que particip\u00f3 en el <strong>Marat\u00f3n<\/strong> de este a\u00f1o y me gustar\u00eda mucho poder escribir de muchos blogs mas, sin embargo por ahora terminaremos esta <em>marat\u00f3nica tarea<\/em>, no sin antes agradecer los muchos comentarios, vertidos ac\u00e1 en el blog, a los much\u00edsimos correos que recib\u00ed y a los incontables mensajes a trav\u00e9s del <em>messenger<\/em> con diversas muestras de <em>cari\u00f1o y apoyo<\/em>, solo puedo decir <strong>gracias a todos<\/strong>.<\/p>\n<p>Para cerrar con broche de oro en el <strong>BlogDay<\/strong> y como <em>sprint final<\/em> para cerrar esta <strong><a title=\"Marat\u00f3n de Blogs\" href=\"http:\/\/quechilero.com\/blog\/2008\/07\/31\/maraton-de-blogs-2008\/\"><strong>Marat\u00f3n de Blogs 2008<\/strong><\/a><\/strong> les presento una breve rese\u00f1a de los <em>5 blogs que lo solicitaron<\/em> en la entrada inicial.<\/p>\n<p><a href=\"http:\/\/www.abnertrujillo.com\/blog\/\" target=\"_blank\" rel=\"noopener\"><img data-recalc-dims=\"1\" loading=\"lazy\" decoding=\"async\" class=\"alignleft\" style=\"margin-right: 5px;\" src=\"https:\/\/i0.wp.com\/img413.imageshack.us\/img413\/9980\/maratonxp4.jpg?resize=200%2C200\" alt=\"\" width=\"200\" height=\"200\" \/><\/a><strong><a title=\"Marat\u00f3n de Blogs\" href=\"http:\/\/www.abnertrujillo.com\/blog\/\" target=\"_blank\" rel=\"noopener\">Abner Trujillo Blog<\/a><br \/>\n<\/strong><\/p>\n<p>Es un blog dirigido por <em>Abner Trujillo<\/em>, quien le puso su propio nombre a sus publicaciones. <em>Abner<\/em> publica <em>un poco de cada cosa<\/em> d\u00e1ndole un colorido muy especial al blog, tocando temas que van desde <em>css, php y blogs<\/em> hasta<em> reflexiones y poemas<\/em>, bastante extrovertido y amable como persona, he tenido el gusto de intercambiar correos y <em>mensajer\u00eda instant\u00e1nea<\/em>, dandome cuenta f\u00e1cilmente, porque no son pocos los seguidores de su blog. Ha preferido no usar\u00a0<em>nicks o pseud\u00f3nimos<\/em> sino firmar con su nombre d\u00e1ndole un toque muy personal a los textos publicados. Recientemente fue nominado al <strong>Blog del Mes<\/strong> y solo esta nominaci\u00f3n habla muy bien de su calidad como <em>blogger<\/em>.<\/p>\n<p>En el siguiente enlace pueden visitar <strong><a title=\"Marat\u00f3n de Blogs\" href=\"http:\/\/www.abnertrujillo.com\/blog\/\" target=\"_blank\" rel=\"noopener\">Abner Trujillo Blog<\/a><\/strong><\/p>\n<p><a href=\"http:\/\/virtualizado.net\/\" target=\"_blank\" rel=\"noopener\"><img data-recalc-dims=\"1\" loading=\"lazy\" decoding=\"async\" class=\"alignleft\" style=\"margin-right: 5px;\" src=\"https:\/\/i0.wp.com\/img84.imageshack.us\/img84\/3333\/maratonev2.jpg?resize=200%2C200\" alt=\"\" width=\"200\" height=\"200\" \/><\/a><strong><a title=\"Marat\u00f3n de Blogs\" href=\"http:\/\/virtualizado.net\" target=\"_blank\" rel=\"noopener\">Virtualizado<\/a><\/strong><\/p>\n<p>Con un reciente cambio de <em>plantilla<\/em> <strong><a title=\"Marat\u00f3n de Blogs\" href=\"http:\/\/virtualizado.net\" target=\"_blank\" rel=\"noopener\">Virtualizado<\/a><\/strong> y su lema <em>\u00abproblemas complicados&#8230; soluciones sencillas\u00bb <\/em>se presenta como un blog <em>tecnol\u00f3gico<\/em> principalmente, aunque no exclusivamente. Para los usuarios del sistema operativo <em>Windows<\/em>, ac\u00e1 encontrar\u00e1n una serie de recursos, <em>drivers<\/em> y otros descargables que les ser\u00e1n de utilidad. <strong>Osman Ramos<\/strong> el autor del blog, estudia ingenier\u00eda en sistemas y por esa raz\u00f3n el blog trata sobre <em>drivers, hardware, internet, Linux, Mac, Windows, Redes, Seguridad, Programaci\u00f3n, Ubuntu, Software Libre, Virtualizaci\u00f3n.<\/em> Pero el aporte escrito de <em>Osman<\/em>, va mas all\u00e1 y tambi\u00e9n habla de temas profundos como <em>reflexiones<\/em> y tambi\u00e9n de <em>educaci\u00f3n<\/em>. <strong><a title=\"Marat\u00f3n de Blogs\" href=\"http:\/\/virtualizado.net\" target=\"_blank\" rel=\"noopener\">Virtualizado<\/a><\/strong> es un blog bastante interesante y con muchos recursos a disposici\u00f3n de los lectores.<\/p>\n<p>En el siguiente enlace pueden visitar <strong><a title=\"Marat\u00f3n de Blogs\" href=\"http:\/\/virtualizado.net\" target=\"_blank\" rel=\"noopener\">Virtualizado<\/a><\/strong><\/p>\n<p><a href=\"http:\/\/www.educandoaguatemala.com\/\" target=\"_blank\" rel=\"noopener\"><img data-recalc-dims=\"1\" loading=\"lazy\" decoding=\"async\" class=\"alignleft\" style=\"margin-right: 5px;\" src=\"https:\/\/i0.wp.com\/img357.imageshack.us\/img357\/8430\/maratonkd4.jpg?resize=200%2C200\" alt=\"\" width=\"200\" height=\"200\" \/><\/a><a title=\"Marat\u00f3n de Blogs\" href=\"http:\/\/www.educandoaguatemala.com\/\" target=\"_blank\" rel=\"noopener\"><strong>Educando a Guatemala<\/strong><\/a><\/p>\n<p>Con cuatro meses de creaci\u00f3n, <strong><a title=\"Marat\u00f3n de Blogs\" href=\"http:\/\/www.educandoaguatemala.com\/\" target=\"_blank\" rel=\"noopener\"><strong>Educando a Guatemala<\/strong><\/a><\/strong> es un blog que se ha tomado la important\u00edsima tarea de contribuir con el desarrollo y crecimiento intelectual de los lectores. En su presentaci\u00f3n indica: <em>Queremos ser una pagina web donde los usuarios puedan informarse de todos los temas de actualidad y aprendan y exploren las distintas ideas sobre lo expuesto y asi puedan distinguir las diferencias importantes entre las ideolog\u00edas que el mundo presenta, con responsabilidad social en un ambiente acogedor, motivador y participativo.<\/em> Adem\u00e1s, <em>temas como econom\u00eda, finanzas, administraci\u00f3n, pol\u00edtica, religi\u00f3n, leyes, educaci\u00f3n, trabajo, ciencia, tecnolog\u00eda.<\/em> El blog <strong><a title=\"Marat\u00f3n de Blogs\" href=\"http:\/\/www.educandoaguatemala.com\/\" target=\"_blank\" rel=\"noopener\"><strong>Educando a Guatemala<\/strong><\/a><\/strong> fue registrado en <a title=\"Marat\u00f3n de Blogs\" href=\"http:\/\/blogsdeguatemala.com\" target=\"_blank\" rel=\"noopener\"><strong>Blogs de Guatemala<\/strong><\/a> el 13-ago-08 con el n\u00famero <a title=\"Marat\u00f3n de Blogs\" href=\"http:\/\/blogsdeguatemala.com\/blog:1000\" target=\"_blank\" rel=\"noopener\"><strong>1000<\/strong><\/a><\/p>\n<p>En el siguiente enlace pueden\u00a0 visitar <strong><a title=\"Marat\u00f3n de Blogs\" href=\"http:\/\/www.educandoaguatemala.com\/\" target=\"_blank\" rel=\"noopener\"><strong>Educando a Guatemala<\/strong><\/a><\/strong><\/p>\n<p><a href=\"http:\/\/www.pensamientochapin.com\/\" target=\"_blank\" rel=\"noopener\"><img data-recalc-dims=\"1\" loading=\"lazy\" decoding=\"async\" class=\"alignleft\" style=\"margin-right: 5px;\" src=\"https:\/\/i0.wp.com\/img507.imageshack.us\/img507\/5439\/maratonmq7.jpg?resize=200%2C200\" alt=\"\" width=\"200\" height=\"200\" \/><\/a><a title=\"Marat\u00f3n de Blogs\" href=\"http:\/\/www.pensamientochapin.com\/\" target=\"_blank\" rel=\"noopener\"><strong>Pensamiento Chap\u00edn<\/strong><\/a><\/p>\n<p>Es un blog de reciente creaci\u00f3n, pero que promete bastante, su autor publica el <strong><a title=\"Marat\u00f3n de Blogs\" href=\"http:\/\/www.pensamientochapin.com\/\" target=\"_blank\" rel=\"noopener\"><strong>Pensamiento Chap\u00edn<\/strong><\/a><\/strong> seg\u00fan su <em>propia perspectiva<\/em> y por momentos, le pone voz a los <em>guatemaltecos que de otra forma no se podr\u00edan expresar<\/em>. En sus mas recientes entradas, ha tocado temas de profundo inter\u00e9s social que invitan a la reflexi\u00f3n y donde pone de manifiesto, <em>abierta y p\u00fablicamente<\/em> su ideolog\u00eda. Los temas que se leen en <strong><a title=\"Marat\u00f3n de Blogs\" href=\"http:\/\/www.pensamientochapin.com\/\" target=\"_blank\" rel=\"noopener\"><strong>Pensamiento Chap\u00edn<\/strong><\/a><\/strong> pueden ser sobre <em>Guatemala, Econom\u00eda, Pol\u00edtica<\/em> y rompi\u00e9ndo con el esquema habla un poco tambi\u00e9n de <em>tonter\u00edas, p\u00e1ginas curiosas y una secci\u00f3n dedicada a desestresarse<\/em>. Por el momento la frecuencia de publicaci\u00f3n no es a la que estamos acostumbrados y en dos meses ha publicado solo 6 entradas por mes, pero estoy seguro que conforme se vaya <em>aclimatando<\/em>, la frecuencia de publicaci\u00f3n ir\u00e1 en aumento, al momento, vale la pena tenerlo en la mira.<\/p>\n<p>En el siguiente enlace pueden visitar <strong><a title=\"Marat\u00f3n de Blogs\" href=\"http:\/\/www.pensamientochapin.com\/\" target=\"_blank\" rel=\"noopener\"><strong>Pensamiento Chap\u00edn<\/strong><\/a><\/strong><\/p>\n<p><a href=\"http:\/\/www.libresencristo.org\/libres\/\" target=\"_blank\" rel=\"noopener\"><img data-recalc-dims=\"1\" loading=\"lazy\" decoding=\"async\" class=\"alignleft\" style=\"margin-right: 5px;\" src=\"https:\/\/i0.wp.com\/img354.imageshack.us\/img354\/5462\/maratonds2.jpg?resize=200%2C200\" alt=\"\" width=\"200\" height=\"200\" \/><\/a><a title=\"Marat\u00f3n de Blogs\" href=\"http:\/\/www.libresencristo.org\/libres\/\" target=\"_blank\" rel=\"noopener\"><strong>Libres en Cristo<\/strong><\/a><\/p>\n<p>Un blog de <em>tipo religioso<\/em> que intenta tocar temas considerados <em>tab\u00fa<\/em> y a los cuales les desea dar una <em>explicaci\u00f3n<\/em> seg\u00fan la denominaci\u00f3n religiosa de los autores. Los principales temas, que a la fecha se tocan en <a title=\"Marat\u00f3n de Blogs\" href=\"http:\/\/www.libresencristo.org\/libres\/\" target=\"_blank\" rel=\"noopener\"><strong>Libres en Cristo<\/strong><\/a> son <em>Sexo falso, Mitos gay, Porno mentiras, Inseguridades<\/em> y otros por el estilo. Sobre el <em>contenido propiamente<\/em> no deseo hacer mayor comentario, para no entrar en pol\u00e9mica, puesto que <em>no comparto la forma en la que tratan los temas<\/em>, sin embargo si a alguien le intersa leer y comentar las entradas publicadas en el blog, puede hacerlo siguiendo el siguiente enlace de <a title=\"Marat\u00f3n de Blogs\" href=\"http:\/\/www.libresencristo.org\/libres\/\" target=\"_blank\" rel=\"noopener\"><strong>Libres en Cristo<\/strong><\/a>.<\/p>\n<p>Abner Trujillo Blog | Virtualizado | Educando a Guatemala | Pensamiento Chap\u00edn | Libres en Cristo<\/p>\n<p>Y de esta forma terminamos la <a title=\"Marat\u00f3n de Blogs\" href=\"http:\/\/quechilero.com\/blog\/2008\/07\/31\/maraton-de-blogs-2008\/\"><strong>Marat\u00f3n de Blogs 2008<\/strong><\/a> fue una <em>ardua carrera<\/em> pero a la vez muy gratificante. <strong>Gracias a todos<\/strong> los participantes, <em>blogs y comentaristas<\/em>, porque son ustedes los que hacen la <em>marat\u00f3n.<\/em><\/p>\n<p>Finalmente, que Dios los bendiga a todos y si as\u00ed lo quiere, nos vemos en la <a title=\"Marat\u00f3n de Blogs\" href=\"http:\/\/quechilero.com\/blog\/2009\/07\/31\/maraton-de-blogs-2009\/\"><strong>Marat\u00f3n de Blogs 2009<\/strong>.<\/a><\/p>\n","protected":false},"excerpt":{"rendered":"<p>El neoceland\u00e9s medalla de plata en Atenas 2004 Bevan Docherty, ganando un increible sprint a su compatriota Kris Gemmell, en la ITU World Cup de New Plymouth. Despu\u00e9s de un mes de actividad continua, terminamos esta Marat\u00f3n de Blogs 2008, con mucha alegr\u00eda, por haber vivido esta experiencia tan enriquecedora y tan agradable al realizar &#8230; <a title=\"Marat\u00f3n &#8211; Sprint Final\" class=\"read-more\" href=\"https:\/\/quechilero.com\/blog\/2008\/08\/31\/maraton-sprint-final\/\" aria-label=\"Leer m\u00e1s sobre Marat\u00f3n &#8211; Sprint Final\">Leer m\u00e1s<\/a><\/p>\n","protected":false},"author":1,"featured_media":22665,"comment_status":"open","ping_status":"open","sticky":false,"template":"","format":"standard","meta":{"advanced_seo_description":"","jetpack_seo_html_title":"","jetpack_seo_noindex":false,"jetpack_seo_schema_type":"","episode_type":"","audio_file":"","podmotor_file_id":"","podmotor_episode_id":"","cover_image":"","cover_image_id":"","duration":"","filesize":"","filesize_raw":"","date_recorded":"","explicit":"","block":"","_jetpack_newsletter_access":"","_jetpack_dont_email_post_to_subs":false,"_jetpack_newsletter_tier_id":0,"_jetpack_memberships_contains_paywalled_content":false,"_jetpack_feature_clip_id":0,"_jetpack_memberships_contains_paid_content":false,"footnotes":"","jetpack_publicize_message":"","jetpack_publicize_feature_enabled":true,"jetpack_social_post_already_shared":false,"jetpack_social_options":{"image_generator_settings":{"template":"highway","default_image_id":0,"font":"","enabled":false},"version":2},"jetpack_post_was_ever_published":false},"categories":[61],"tags":[87,44,4,123,70,45,51,32,10,9,27,77,62,21,35,55,36,24,13,53],"series":[],"class_list":["post-1595","post","type-post","status-publish","format-standard","has-post-thumbnail","hentry","category-blogs-de-guatemala","tag-alegria","tag-apoyo","tag-blog","tag-blogs-de-guatemala","tag-descarga","tag-deseo","tag-dios","tag-especial","tag-guatemala","tag-idea","tag-internet","tag-linux","tag-maraton","tag-problema","tag-sexo","tag-tecnologia","tag-trabajo","tag-vida","tag-windows","tag-youtube"],"episode_featured_image":"https:\/\/quechilero.com\/blog\/imagenes\/limones.jpg","episode_player_image":"https:\/\/i0.wp.com\/quechilero.com\/blog\/imagenes\/podcast.png?fit=1831%2C1831&ssl=1","download_link":"","player_link":"","audio_player":false,"episode_data":{"playerMode":"dark","subscribeUrls":{"amazon":{"key":"amazon","url":"","label":"Amazon","class":"amazon","icon":"amazon.png"},"apple_podcasts":{"key":"apple_podcasts","url":"","label":"Apple Podcasts","class":"apple_podcasts","icon":"apple-podcasts.png"},"castbox":{"key":"castbox","url":"","label":"CastBox","class":"castbox","icon":"castbox.png"},"deezer":{"key":"deezer","url":"","label":"Deezer","class":"deezer","icon":"deezer.png"},"google_podcasts":{"key":"google_podcasts","url":"","label":"Google Podcasts","class":"google_podcasts","icon":"google-podcasts.png"},"listen_notes":{"key":"listen_notes","url":"","label":"Listen Notes","class":"listen_notes","icon":"listen-notes.png"},"pandora":{"key":"pandora","url":"","label":"Pandora","class":"pandora","icon":"pandora.png"},"podbean":{"key":"podbean","url":"","label":"Podbean","class":"podbean","icon":"podbean.png"},"podcast_republic":{"key":"podcast_republic","url":"","label":"Podcast Republic","class":"podcast_republic","icon":"podcast-republic.png"},"rss":{"key":"rss","url":"","label":"RSS","class":"rss","icon":"rss.png"},"spotify":{"key":"spotify","url":"","label":"Spotify","class":"spotify","icon":"spotify.png"},"stitcher":{"key":"stitcher","url":"","label":"Stitcher","class":"stitcher","icon":"stitcher.png"},"tunein":{"key":"tunein","url":"","label":"TuneIn","class":"tunein","icon":"tunein.png"},"youtube":{"key":"youtube","url":"","label":"YouTube","class":"youtube","icon":"youtube.png"},"iheartradio":{"key":"iheartradio","url":"","label":"iHeartRadio","class":"iheartradio","icon":"iheartradio.png"},"ivoox":{"key":"ivoox","url":"","label":"iVoox","class":"ivoox","icon":"ivoox.png"}},"rssFeedUrl":"https:\/\/quechilero.com\/blog\/feed\/podcast\/si-la-vida-nos-da-limones","embedCode":"<blockquote class=\"wp-embedded-content\" data-secret=\"uMq5WtQOn3\"><a href=\"https:\/\/quechilero.com\/blog\/2008\/08\/31\/maraton-sprint-final\/\">Marat\u00f3n &#8211; Sprint Final<\/a><\/blockquote><iframe sandbox=\"allow-scripts\" security=\"restricted\" src=\"https:\/\/quechilero.com\/blog\/2008\/08\/31\/maraton-sprint-final\/embed\/#?secret=uMq5WtQOn3\" width=\"500\" height=\"350\" title=\"\u00abMarat\u00f3n &#8211; Sprint Final\u00bb \u2014 Si la Vida nos da Limones...\" data-secret=\"uMq5WtQOn3\" frameborder=\"0\" marginwidth=\"0\" marginheight=\"0\" scrolling=\"no\" class=\"wp-embedded-content\"><\/iframe><script>\n\/*! This file is auto-generated *\/\n!function(d,l){\"use strict\";l.querySelector&&d.addEventListener&&\"undefined\"!=typeof URL&&(d.wp=d.wp||{},d.wp.receiveEmbedMessage||(d.wp.receiveEmbedMessage=function(e){var t=e.data;if((t||t.secret||t.message||t.value)&&!\/[^a-zA-Z0-9]\/.test(t.secret)){for(var s,r,n,a=l.querySelectorAll('iframe[data-secret=\"'+t.secret+'\"]'),o=l.querySelectorAll('blockquote[data-secret=\"'+t.secret+'\"]'),c=new RegExp(\"^https?:$\",\"i\"),i=0;i<o.length;i++)o[i].style.display=\"none\";for(i=0;i<a.length;i++)s=a[i],e.source===s.contentWindow&&(s.removeAttribute(\"style\"),\"height\"===t.message?(1e3<(r=parseInt(t.value,10))?r=1e3:~~r<200&&(r=200),s.height=r):\"link\"===t.message&&(r=new URL(s.getAttribute(\"src\")),n=new URL(t.value),c.test(n.protocol))&&n.host===r.host&&l.activeElement===s&&(d.top.location.href=t.value))}},d.addEventListener(\"message\",d.wp.receiveEmbedMessage,!1),l.addEventListener(\"DOMContentLoaded\",function(){for(var e,t,s=l.querySelectorAll(\"iframe.wp-embedded-content\"),r=0;r<s.length;r++)(t=(e=s[r]).getAttribute(\"data-secret\"))||(t=Math.random().toString(36).substring(2,12),e.src+=\"#?secret=\"+t,e.setAttribute(\"data-secret\",t)),e.contentWindow.postMessage({message:\"ready\",secret:t},\"*\")},!1)))}(window,document);\n\/\/# sourceURL=https:\/\/quechilero.com\/blog\/wp-includes\/js\/wp-embed.min.js\n<\/script>\n"},"jetpack_publicize_connections":[],"jetpack_shortlink":"https:\/\/wp.me\/pDKli-pJ","jetpack_sharing_enabled":true,"jetpack-related-posts":[{"id":3608,"url":"https:\/\/quechilero.com\/blog\/2009\/08\/31\/maraton-de-blogs-sprint-final\/","url_meta":{"origin":1595,"position":0},"title":"Marat\u00f3n de Blogs: Sprint Final","author":"Pepe Barrascout Ortiz","date":"31 agosto 2009","format":false,"excerpt":"Con gran alegr\u00eda y emoci\u00f3n, llegamos al final de la Marat\u00f3n de Blogs 2009, este a\u00f1o se ha consolidado la actividad y me siento satisfecho de haber cumplido el objetivo por el que por cuarto a\u00f1o he realizado este evento, el dar a conocer y promover los blogs que se\u2026","rel":"","context":"En \u00abBlogs de Guatemala\u00bb","block_context":{"text":"Blogs de Guatemala","link":"https:\/\/quechilero.com\/blog\/category\/blogs-de-guatemala\/"},"img":{"alt_text":"Marat\u00f3n de Blogs 2009","src":"https:\/\/i0.wp.com\/i392.photobucket.com\/albums\/pp7\/pepejaguar\/maraton2009\/maraton2009.jpg?resize=350%2C200","width":350,"height":200,"srcset":"https:\/\/i0.wp.com\/i392.photobucket.com\/albums\/pp7\/pepejaguar\/maraton2009\/maraton2009.jpg?resize=350%2C200 1x, https:\/\/i0.wp.com\/i392.photobucket.com\/albums\/pp7\/pepejaguar\/maraton2009\/maraton2009.jpg?resize=525%2C300 1.5x"},"classes":[]},{"id":5396,"url":"https:\/\/quechilero.com\/blog\/2010\/08\/31\/maraton-de-blogs-sprint-final-2\/","url_meta":{"origin":1595,"position":1},"title":"Marat\u00f3n de Blogs: Sprint Final","author":"Pepe Barrascout Ortiz","date":"31 agosto 2010","format":false,"excerpt":"Termina agosto 2010 y con gran \u00e9xito, concluye el Marat\u00f3n de Blogs 2010, este a\u00f1o cambi\u00f3 la forma de participar y los premios para los blogs, pero el objetivo principal y que da origen a la actividad, se mantiene, el promocionar y dar a conocer a nuevos blogs emergentes o\u2026","rel":"","context":"En \u00abBlogs de Guatemala\u00bb","block_context":{"text":"Blogs de Guatemala","link":"https:\/\/quechilero.com\/blog\/category\/blogs-de-guatemala\/"},"img":{"alt_text":"","src":"https:\/\/i0.wp.com\/i392.photobucket.com\/albums\/pp7\/pepejaguar\/maraton\/maraton468x602010.jpg?resize=350%2C200","width":350,"height":200},"classes":[]},{"id":1194,"url":"https:\/\/quechilero.com\/blog\/2008\/07\/31\/maraton-de-blogs-2008\/","url_meta":{"origin":1595,"position":2},"title":"Marat\u00f3n de Blogs 2008","author":"Pepe Barrascout Ortiz","date":"31 julio 2008","format":false,"excerpt":"Con el mes de agosto, llega el \"Marat\u00f3n de Blogs\", el cual desde el 2006 he venido realizando y se ha convertido en una tradici\u00f3n ya. En la primera edici\u00f3n, se escribi\u00f3 un peque\u00f1o texto recomendando al menos cinco blogs, con el fin de dar a conocer nuevos blogs, coincidiendo\u2026","rel":"","context":"En \u00abBlogs de Guatemala\u00bb","block_context":{"text":"Blogs de Guatemala","link":"https:\/\/quechilero.com\/blog\/category\/blogs-de-guatemala\/"},"img":{"alt_text":"","src":"","width":0,"height":0},"classes":[]},{"id":617,"url":"https:\/\/quechilero.com\/blog\/2007\/07\/31\/maraton-de-blogs-de-guatemala\/","url_meta":{"origin":1595,"position":3},"title":"Marat\u00f3n de Blogs de Guatemala","author":"Pepe Barrascout Ortiz","date":"31 julio 2007","format":false,"excerpt":"Hace un a\u00f1o aproximadamente, Oscar (DesdeGuate) organiz\u00f3 una Marat\u00f3n de Blogs Guatemaltecos, cuyo objetivo fue el dar a conocer a otros Blogs de Guatemala, impulsar su desarrollo y creaci\u00f3n de nuevos blogs. En esa oportunidad, uno de mis textos \"Ping Pong Matrix\" fue parte de ese marat\u00f3n, cuando mi blog\u2026","rel":"","context":"En \u00abLimones\u00bb","block_context":{"text":"Limones","link":"https:\/\/quechilero.com\/blog\/category\/limones\/"},"img":{"alt_text":"","src":"","width":0,"height":0},"classes":[]},{"id":1285,"url":"https:\/\/quechilero.com\/blog\/2008\/08\/01\/un-blog-desde-guate\/","url_meta":{"origin":1595,"position":4},"title":"Marat\u00f3n &#8211; Blog desde Guate","author":"Pepe Barrascout Ortiz","date":"1 agosto 2008","format":false,"excerpt":"Iniciamos por tercer a\u00f1o consecutivo, la Marat\u00f3n de Blogs 2008, con el Blog desde Guatemala. Se encuentra alojado en Blogger y cuenta con publicaciones desde hace varios a\u00f1os. Su principal objetivo es \"ser una ventana al mundo\" y dar a conocer de una manera muy positiva, de las maravillas naturales,\u2026","rel":"","context":"En \u00abBlogs de Guatemala\u00bb","block_context":{"text":"Blogs de Guatemala","link":"https:\/\/quechilero.com\/blog\/category\/blogs-de-guatemala\/"},"img":{"alt_text":"Blog desde Guatemala","src":"https:\/\/i0.wp.com\/img145.imageshack.us\/img145\/5861\/desdeguatejp9.jpg?resize=350%2C200","width":350,"height":200},"classes":[]},{"id":9790,"url":"https:\/\/quechilero.com\/blog\/2011\/07\/24\/inicia-el-maraton-de-blogs-2011\/","url_meta":{"origin":1595,"position":5},"title":"Inicia el Marat\u00f3n de Blogs 2011","author":"Pepe Barrascout Ortiz","date":"24 julio 2011","format":false,"excerpt":"En el a\u00f1o 2006, cuando se lanz\u00f3 el Primer Marat\u00f3n de Blogs, no ten\u00eda idea que seis a\u00f1os despu\u00e9s, tendr\u00eda el gusto de seguir con esta tradicional actividad, que tiene como objetivo principal, dar a conocer los blogs que son producidos por guatemaltecos. Y es que tenemos tantas cosas que\u2026","rel":"","context":"En \u00abBlogs de Guatemala\u00bb","block_context":{"text":"Blogs de Guatemala","link":"https:\/\/quechilero.com\/blog\/category\/blogs-de-guatemala\/"},"img":{"alt_text":"","src":"https:\/\/i0.wp.com\/i392.photobucket.com\/albums\/pp7\/pepejaguar\/maraton\/maraton2011.png?resize=350%2C200","width":350,"height":200},"classes":[]}],"jetpack_featured_media_url":"https:\/\/i0.wp.com\/quechilero.com\/blog\/imagenes\/limones.jpg?fit=620%2C350&ssl=1","_links":{"self":[{"href":"https:\/\/quechilero.com\/blog\/wp-json\/wp\/v2\/posts\/1595","targetHints":{"allow":["GET"]}}],"collection":[{"href":"https:\/\/quechilero.com\/blog\/wp-json\/wp\/v2\/posts"}],"about":[{"href":"https:\/\/quechilero.com\/blog\/wp-json\/wp\/v2\/types\/post"}],"author":[{"embeddable":true,"href":"https:\/\/quechilero.com\/blog\/wp-json\/wp\/v2\/users\/1"}],"replies":[{"embeddable":true,"href":"https:\/\/quechilero.com\/blog\/wp-json\/wp\/v2\/comments?post=1595"}],"version-history":[{"count":0,"href":"https:\/\/quechilero.com\/blog\/wp-json\/wp\/v2\/posts\/1595\/revisions"}],"wp:featuredmedia":[{"embeddable":true,"href":"https:\/\/quechilero.com\/blog\/wp-json\/wp\/v2\/media\/22665"}],"wp:attachment":[{"href":"https:\/\/quechilero.com\/blog\/wp-json\/wp\/v2\/media?parent=1595"}],"wp:term":[{"taxonomy":"category","embeddable":true,"href":"https:\/\/quechilero.com\/blog\/wp-json\/wp\/v2\/categories?post=1595"},{"taxonomy":"post_tag","embeddable":true,"href":"https:\/\/quechilero.com\/blog\/wp-json\/wp\/v2\/tags?post=1595"},{"taxonomy":"series","embeddable":true,"href":"https:\/\/quechilero.com\/blog\/wp-json\/wp\/v2\/series?post=1595"}],"curies":[{"name":"wp","href":"https:\/\/api.w.org\/{rel}","templated":true}]}}