{"id":15558,"date":"2012-12-24T08:00:36","date_gmt":"2012-12-24T14:00:36","guid":{"rendered":"http:\/\/quechilero.com\/blog\/?p=15558"},"modified":"2012-12-24T08:00:36","modified_gmt":"2012-12-24T14:00:36","slug":"la-navidad","status":"publish","type":"post","link":"https:\/\/quechilero.com\/blog\/2012\/12\/24\/la-navidad\/","title":{"rendered":"La Navidad"},"content":{"rendered":"<p><a href=\"https:\/\/i0.wp.com\/i392.photobucket.com\/albums\/pp7\/pepejaguar\/blog\/nacimiento_referencial.jpg\"><img data-recalc-dims=\"1\" decoding=\"async\" class=\"alignnone\" src=\"https:\/\/i0.wp.com\/i392.photobucket.com\/albums\/pp7\/pepejaguar\/blog\/nacimiento_referencial.jpg?w=560\" alt=\"\"  \/><\/a><\/p>\n<p>La Iglesia en su misi\u00f3n de ir por el mundo llevando la Buena Nueva ha querido dedicar un tiempo a profundizar, contemplar y asimilar el Misterio de la Encarnaci\u00f3n del Hijo de Dios; a este tiempo lo conocemos como Navidad. Cerca de la antigua fiesta jud\u00eda de las luces y buscando dar un sentido cristiano a las celebraciones paganas del solsticio de invierno, la Iglesia aprovech\u00f3 el momento para celebrar la Navidad.<\/p>\n<p>En este tiempo los cristianos por medio del Adviento se preparan para recibir a Cristo, <em>\u00abluz del mundo\u00bb<\/em> (Jn 8, 12) en sus almas, rectificando sus vidas y renovando el compromiso de seguirlo. Durante el Tiempo de Navidad al igual que en el Triduo Pascual de la semana Santa celebramos la redenci\u00f3n del hombre gracias a la presencia y entrega de Dios; pero a diferencia del Triduo Pascual en el que recordamos la pasi\u00f3n y muerte del Salvador, en la Navidad recordamos que Dios se hizo hombre y habit\u00f3 entre nosotros.<\/p>\n<p>As\u00ed como el sol despeja las tinieblas durante el alba, la presencia de Cristo irrumpe en las tinieblas del pecado, el mundo, el demonio y de la carne para mostrarnos el camino a seguir. Con su luz nos muestra la verdad de nuestra existencia. Cristo mismo es la vida que renueva la naturaleza ca\u00edda del hombre y de la naturaleza. La Navidad celebra esa presencia renovadora de Cristo que viene a salvar al mundo.<\/p>\n<p>La Iglesia en su papel de madre y maestra por medio de una serie de fiestas busca concientizar al hombre de este hecho tan importante para la salvaci\u00f3n de sus hijos. Por ello, es necesario que todos los feligreses vivamos con recto sentido la riqueza de la vivencia real y profunda de la Navidad.<\/p>\n<p>Por \u00faltimo, es necesario recordar que durante la Navidad celebramos en tres d\u00edas consecutivos, 26, 27 y 28 de diciembre, tres fiestas que nos hacen presente la entrega total al Se\u00f1or:<\/p>\n<p>San Esteban, m\u00e1rtir que representa a aquellos que murieron por Cristo voluntariamente.<\/p>\n<p>San Juan Evangelista, que representa aquellos que estuvieron dispuestos a morir por Cristo pero no los mataron. San Juan fue el \u00fanico Ap\u00f3stol que se arriesg\u00f3 a estar con La Virgen al pie de la cruz.<\/p>\n<p>Los Santos Inocentes que representan a aquellos que murieron por Cristo sin saberlo.<\/p>\n<p>&nbsp;<\/p>\n","protected":false},"excerpt":{"rendered":"<p>La Iglesia en su misi\u00f3n de ir por el mundo llevando la Buena Nueva ha querido dedicar un tiempo a profundizar, contemplar y asimilar el Misterio de la Encarnaci\u00f3n del Hijo de Dios; a este tiempo lo conocemos como Navidad. Cerca de la antigua fiesta jud\u00eda de las luces y buscando dar un sentido cristiano &#8230; <a title=\"La Navidad\" class=\"read-more\" href=\"https:\/\/quechilero.com\/blog\/2012\/12\/24\/la-navidad\/\" aria-label=\"Leer m\u00e1s sobre La Navidad\">Leer m\u00e1s<\/a><\/p>\n","protected":false},"author":1,"featured_media":0,"comment_status":"open","ping_status":"open","sticky":false,"template":"","format":"standard","meta":{"advanced_seo_description":"","jetpack_seo_html_title":"","jetpack_seo_noindex":false,"jetpack_seo_schema_type":"","episode_type":"","audio_file":"","podmotor_file_id":"","podmotor_episode_id":"","cover_image":"","cover_image_id":"","duration":"","filesize":"","filesize_raw":"","date_recorded":"","explicit":"","block":"","_jetpack_newsletter_access":"","_jetpack_dont_email_post_to_subs":false,"_jetpack_newsletter_tier_id":0,"_jetpack_memberships_contains_paywalled_content":false,"_jetpack_feature_clip_id":0,"_jetpack_memberships_contains_paid_content":false,"footnotes":"","jetpack_publicize_message":"","jetpack_publicize_feature_enabled":true,"jetpack_social_post_already_shared":true,"jetpack_social_options":{"image_generator_settings":{"template":"highway","default_image_id":0,"font":"","enabled":false},"version":2},"jetpack_post_was_ever_published":false},"categories":[2],"tags":[51,18,39,50,52,5,41,24],"series":[],"class_list":["post-15558","post","type-post","status-publish","format-standard","hentry","category-limones","tag-dios","tag-hombre","tag-madre","tag-muerte","tag-pasion","tag-tiempo","tag-verdad","tag-vida"],"episode_featured_image":false,"episode_player_image":"https:\/\/i0.wp.com\/quechilero.com\/blog\/imagenes\/podcast.png?fit=1831%2C1831&ssl=1","download_link":"","player_link":"","audio_player":false,"episode_data":{"playerMode":"dark","subscribeUrls":{"amazon":{"key":"amazon","url":"","label":"Amazon","class":"amazon","icon":"amazon.png"},"apple_podcasts":{"key":"apple_podcasts","url":"","label":"Apple Podcasts","class":"apple_podcasts","icon":"apple-podcasts.png"},"castbox":{"key":"castbox","url":"","label":"CastBox","class":"castbox","icon":"castbox.png"},"deezer":{"key":"deezer","url":"","label":"Deezer","class":"deezer","icon":"deezer.png"},"google_podcasts":{"key":"google_podcasts","url":"","label":"Google Podcasts","class":"google_podcasts","icon":"google-podcasts.png"},"listen_notes":{"key":"listen_notes","url":"","label":"Listen Notes","class":"listen_notes","icon":"listen-notes.png"},"pandora":{"key":"pandora","url":"","label":"Pandora","class":"pandora","icon":"pandora.png"},"podbean":{"key":"podbean","url":"","label":"Podbean","class":"podbean","icon":"podbean.png"},"podcast_republic":{"key":"podcast_republic","url":"","label":"Podcast Republic","class":"podcast_republic","icon":"podcast-republic.png"},"rss":{"key":"rss","url":"","label":"RSS","class":"rss","icon":"rss.png"},"spotify":{"key":"spotify","url":"","label":"Spotify","class":"spotify","icon":"spotify.png"},"stitcher":{"key":"stitcher","url":"","label":"Stitcher","class":"stitcher","icon":"stitcher.png"},"tunein":{"key":"tunein","url":"","label":"TuneIn","class":"tunein","icon":"tunein.png"},"youtube":{"key":"youtube","url":"","label":"YouTube","class":"youtube","icon":"youtube.png"},"iheartradio":{"key":"iheartradio","url":"","label":"iHeartRadio","class":"iheartradio","icon":"iheartradio.png"},"ivoox":{"key":"ivoox","url":"","label":"iVoox","class":"ivoox","icon":"ivoox.png"}},"rssFeedUrl":"https:\/\/quechilero.com\/blog\/feed\/podcast\/si-la-vida-nos-da-limones","embedCode":"<blockquote class=\"wp-embedded-content\" data-secret=\"Ng2zPOoLd6\"><a href=\"https:\/\/quechilero.com\/blog\/2012\/12\/24\/la-navidad\/\">La Navidad<\/a><\/blockquote><iframe sandbox=\"allow-scripts\" security=\"restricted\" src=\"https:\/\/quechilero.com\/blog\/2012\/12\/24\/la-navidad\/embed\/#?secret=Ng2zPOoLd6\" width=\"500\" height=\"350\" title=\"\u00abLa Navidad\u00bb \u2014 Si la Vida nos da Limones...\" data-secret=\"Ng2zPOoLd6\" frameborder=\"0\" marginwidth=\"0\" marginheight=\"0\" scrolling=\"no\" class=\"wp-embedded-content\"><\/iframe><script>\n\/*! This file is auto-generated *\/\n!function(d,l){\"use strict\";l.querySelector&&d.addEventListener&&\"undefined\"!=typeof URL&&(d.wp=d.wp||{},d.wp.receiveEmbedMessage||(d.wp.receiveEmbedMessage=function(e){var t=e.data;if((t||t.secret||t.message||t.value)&&!\/[^a-zA-Z0-9]\/.test(t.secret)){for(var s,r,n,a=l.querySelectorAll('iframe[data-secret=\"'+t.secret+'\"]'),o=l.querySelectorAll('blockquote[data-secret=\"'+t.secret+'\"]'),c=new RegExp(\"^https?:$\",\"i\"),i=0;i<o.length;i++)o[i].style.display=\"none\";for(i=0;i<a.length;i++)s=a[i],e.source===s.contentWindow&&(s.removeAttribute(\"style\"),\"height\"===t.message?(1e3<(r=parseInt(t.value,10))?r=1e3:~~r<200&&(r=200),s.height=r):\"link\"===t.message&&(r=new URL(s.getAttribute(\"src\")),n=new URL(t.value),c.test(n.protocol))&&n.host===r.host&&l.activeElement===s&&(d.top.location.href=t.value))}},d.addEventListener(\"message\",d.wp.receiveEmbedMessage,!1),l.addEventListener(\"DOMContentLoaded\",function(){for(var e,t,s=l.querySelectorAll(\"iframe.wp-embedded-content\"),r=0;r<s.length;r++)(t=(e=s[r]).getAttribute(\"data-secret\"))||(t=Math.random().toString(36).substring(2,12),e.src+=\"#?secret=\"+t,e.setAttribute(\"data-secret\",t)),e.contentWindow.postMessage({message:\"ready\",secret:t},\"*\")},!1)))}(window,document);\n\/\/# sourceURL=https:\/\/quechilero.com\/blog\/wp-includes\/js\/wp-embed.min.js\n<\/script>\n"},"jetpack_publicize_connections":[],"jetpack_shortlink":"https:\/\/wp.me\/pDKli-42W","jetpack_sharing_enabled":true,"jetpack-related-posts":[{"id":16304,"url":"https:\/\/quechilero.com\/blog\/2013\/03\/03\/duracion-de-la-cuaresma\/","url_meta":{"origin":15558,"position":0},"title":"Duraci\u00f3n de la Cuaresma","author":"Pepe Barrascout Ortiz","date":"3 marzo 2013","format":false,"excerpt":"La Cuaresma dura cuarenta d\u00edas. Comienza el mi\u00e9rcoles de ceniza y termina el Jueves Santo por la tarde-noche, antes de la Misa \"en la Cena del Se\u00f1or\". Tambi\u00e9n cabe decir que la liturgia considera el jueves a la noche, con el Viernes Santo, S\u00e1bado Santo y Domingo de Resurrecci\u00f3n, como\u2026","rel":"","context":"En \u00abLimones\u00bb","block_context":{"text":"Limones","link":"https:\/\/quechilero.com\/blog\/category\/limones\/"},"img":{"alt_text":"","src":"","width":0,"height":0},"classes":[]},{"id":5995,"url":"https:\/\/quechilero.com\/blog\/2010\/12\/25\/es-navidad\/","url_meta":{"origin":15558,"position":1},"title":"Es Navidad&#8230;","author":"Pepe Barrascout Ortiz","date":"25 diciembre 2010","format":false,"excerpt":"Si en tu coraz\u00f3n hay un poco m\u00e1s de Amor, es Navidad; Si has decidido Perdonar a alguien, es Navidad; Si buscas a Dios de verdad, es Navidad; Si aumenta el gozo de tu Fe Cristiana, es Navidad; Si en tu alma florece la Esperanza, es Navidad; Si trabajas por\u2026","rel":"","context":"En \u00abLimones\u00bb","block_context":{"text":"Limones","link":"https:\/\/quechilero.com\/blog\/category\/limones\/"},"img":{"alt_text":"","src":"","width":0,"height":0},"classes":[]},{"id":17597,"url":"https:\/\/quechilero.com\/blog\/2013\/12\/25\/es-navidad-2\/","url_meta":{"origin":15558,"position":2},"title":"Es Navidad&#8230;","author":"Pepe Barrascout Ortiz","date":"25 diciembre 2013","format":false,"excerpt":"Si en tu coraz\u00f3n hay un poco m\u00e1s de Amor, es Navidad... Si has decidido Perdonar a alguien, es Navidad... Si buscas a Dios de verdad, es Navidad... Si aumenta el gozo de tu Fe Cristiana, es Navidad... Si en tu alma florece la Esperanza, es Navidad... Si trabajas por\u2026","rel":"","context":"En \u00abLimones\u00bb","block_context":{"text":"Limones","link":"https:\/\/quechilero.com\/blog\/category\/limones\/"},"img":{"alt_text":"","src":"","width":0,"height":0},"classes":[]},{"id":11460,"url":"https:\/\/quechilero.com\/blog\/2011\/12\/26\/una-navidad-sin-cristo-o-un-cristo-sin-navidad\/","url_meta":{"origin":15558,"position":3},"title":"\u00bfUna Navidad sin Cristo o un Cristo sin Navidad?","author":"Pepe Barrascout Ortiz","date":"26 diciembre 2011","format":false,"excerpt":"Cristo vino porque Dios nos ama y porque quiere hacer sentir su amor entre nosotros. Yo me siento orgulloso porque mi Buen Padre Dios me ama. \u00bfUna Navidad sin Cristo o un Cristo sin Navidad? Cristo en su Navidad es el puente tendido por Dios para acercarse a los hombres\u2026","rel":"","context":"En \u00abLimones\u00bb","block_context":{"text":"Limones","link":"https:\/\/quechilero.com\/blog\/category\/limones\/"},"img":{"alt_text":"","src":"","width":0,"height":0},"classes":[]},{"id":819,"url":"https:\/\/quechilero.com\/blog\/2007\/12\/24\/como-comenzo-a-celebrarse-la-navidad\/","url_meta":{"origin":15558,"position":4},"title":"\u00bfC\u00f3mo comenz\u00f3 a celebrarse la Navidad?","author":"Pepe Barrascout Ortiz","date":"24 diciembre 2007","format":false,"excerpt":"Uno podr\u00eda pensar que si el nacimiento de alguien debiera haber quedado registrado, sin duda ser\u00eda el nacimiento de Nuestro Salvador. Sin embargo, la verdad es que no es as\u00ed. Los Evangelios no registran la fecha exacta del nacimiento de Nuestro Se\u00f1or. La raz\u00f3n probable de por qu\u00e9 los evangelios\u2026","rel":"","context":"En \u00abLimones\u00bb","block_context":{"text":"Limones","link":"https:\/\/quechilero.com\/blog\/category\/limones\/"},"img":{"alt_text":"","src":"","width":0,"height":0},"classes":[]},{"id":5946,"url":"https:\/\/quechilero.com\/blog\/2010\/12\/17\/los-nacimientos\/","url_meta":{"origin":15558,"position":5},"title":"Los Nacimientos","author":"Pepe Barrascout Ortiz","date":"17 diciembre 2010","format":false,"excerpt":"El Papa San Sixto III, en el siglo V, ya celebraba la Navidad con algunas representaciones del Nacimiento de Cristo realizados en una gruta semejante a la de Bel\u00e9n que \u00e9l mismo hab\u00eda mandado construir en una Iglesia. Sin embargo, se considera a San Francisco de As\u00eds como el creador\u2026","rel":"","context":"En \u00abLimones\u00bb","block_context":{"text":"Limones","link":"https:\/\/quechilero.com\/blog\/category\/limones\/"},"img":{"alt_text":"","src":"","width":0,"height":0},"classes":[]}],"jetpack_featured_media_url":"","_links":{"self":[{"href":"https:\/\/quechilero.com\/blog\/wp-json\/wp\/v2\/posts\/15558","targetHints":{"allow":["GET"]}}],"collection":[{"href":"https:\/\/quechilero.com\/blog\/wp-json\/wp\/v2\/posts"}],"about":[{"href":"https:\/\/quechilero.com\/blog\/wp-json\/wp\/v2\/types\/post"}],"author":[{"embeddable":true,"href":"https:\/\/quechilero.com\/blog\/wp-json\/wp\/v2\/users\/1"}],"replies":[{"embeddable":true,"href":"https:\/\/quechilero.com\/blog\/wp-json\/wp\/v2\/comments?post=15558"}],"version-history":[{"count":0,"href":"https:\/\/quechilero.com\/blog\/wp-json\/wp\/v2\/posts\/15558\/revisions"}],"wp:attachment":[{"href":"https:\/\/quechilero.com\/blog\/wp-json\/wp\/v2\/media?parent=15558"}],"wp:term":[{"taxonomy":"category","embeddable":true,"href":"https:\/\/quechilero.com\/blog\/wp-json\/wp\/v2\/categories?post=15558"},{"taxonomy":"post_tag","embeddable":true,"href":"https:\/\/quechilero.com\/blog\/wp-json\/wp\/v2\/tags?post=15558"},{"taxonomy":"series","embeddable":true,"href":"https:\/\/quechilero.com\/blog\/wp-json\/wp\/v2\/series?post=15558"}],"curies":[{"name":"wp","href":"https:\/\/api.w.org\/{rel}","templated":true}]}}