{"id":1544,"date":"2008-11-05T09:55:04","date_gmt":"2008-11-05T15:55:04","guid":{"rendered":"http:\/\/quechilero.com\/blog\/?p=1544"},"modified":"2008-11-05T09:55:04","modified_gmt":"2008-11-05T15:55:04","slug":"windows-real","status":"publish","type":"post","link":"https:\/\/quechilero.com\/blog\/2008\/11\/05\/windows-real\/","title":{"rendered":"Windows real"},"content":{"rendered":"<p>Hay quienes son <em>fan\u00e1ticos<\/em> de este sistema operativo y para los mas <em>geeks<\/em> una decoraci\u00f3n para colocar en la habitaci\u00f3n donde tengan sus <em>artilugios inform\u00e1ticos<\/em>.<\/p>\n<p>Esto le da un nuevo significado a las frases <em>\u00ababrir y cerrar windows\u00bb<\/em>, para complementar esta <em>ventana<\/em>, la cortina ideal ser\u00eda una que tenga el <a title=\"Pantallazo Azul\" href=\"http:\/\/quechilero.com\/blog\/2008\/08\/23\/pantallazo-azul-2\/\"><em>pantallazo azul<\/em><\/a>.<\/p>\n<p>Windows en su versi\u00f3n 3.1<\/p>\n<figure style=\"width: 550px\" class=\"wp-caption alignnone\"><a href=\"http:\/\/img372.imageshack.us\/my.php?image=fenetres31sb4.jpg\"><img data-recalc-dims=\"1\" loading=\"lazy\" decoding=\"async\" title=\"Windows 3.1\" src=\"https:\/\/i0.wp.com\/img372.imageshack.us\/img372\/9827\/fenetres31sb4.jpg?resize=560%2C420\" alt=\"Windows 3.1\" width=\"560\" height=\"420\" \/><\/a><figcaption class=\"wp-caption-text\">Windows 3.1<\/figcaption><\/figure>\n<p>Visto en <a title=\"Windows 3.1\" href=\"http:\/\/www.gizmodo.es\/\" target=\"_blank\"><em>Gizmodo<\/em><\/a><\/p>\n","protected":false},"excerpt":{"rendered":"<p>Hay quienes son fan\u00e1ticos de este sistema operativo y para los mas geeks una decoraci\u00f3n para colocar en la habitaci\u00f3n donde tengan sus artilugios inform\u00e1ticos. Esto le da un nuevo significado a las frases \u00ababrir y cerrar windows\u00bb, para complementar esta ventana, la cortina ideal ser\u00eda una que tenga el pantallazo azul. Windows en su &#8230; <a title=\"Windows real\" class=\"read-more\" href=\"https:\/\/quechilero.com\/blog\/2008\/11\/05\/windows-real\/\" aria-label=\"Leer m\u00e1s sobre Windows real\">Leer m\u00e1s<\/a><\/p>\n","protected":false},"author":1,"featured_media":0,"comment_status":"open","ping_status":"open","sticky":false,"template":"","format":"standard","meta":{"advanced_seo_description":"","jetpack_seo_html_title":"","jetpack_seo_noindex":false,"jetpack_seo_schema_type":"","episode_type":"","audio_file":"","podmotor_file_id":"","podmotor_episode_id":"","cover_image":"","cover_image_id":"","duration":"","filesize":"","filesize_raw":"","date_recorded":"","explicit":"","block":"","_jetpack_newsletter_access":"","_jetpack_dont_email_post_to_subs":false,"_jetpack_newsletter_tier_id":0,"_jetpack_memberships_contains_paywalled_content":false,"_jetpack_feature_clip_id":0,"_jetpack_memberships_contains_paid_content":false,"footnotes":"","jetpack_publicize_message":"","jetpack_publicize_feature_enabled":true,"jetpack_social_post_already_shared":false,"jetpack_social_options":{"image_generator_settings":{"template":"highway","default_image_id":0,"font":"","enabled":false},"version":2},"jetpack_post_was_ever_published":false},"categories":[2],"tags":[4,9,86,13],"series":[],"class_list":["post-1544","post","type-post","status-publish","format-standard","hentry","category-limones","tag-blog","tag-idea","tag-oracion","tag-windows"],"episode_featured_image":false,"episode_player_image":"https:\/\/i0.wp.com\/quechilero.com\/blog\/imagenes\/podcast.png?fit=1831%2C1831&ssl=1","download_link":"","player_link":"","audio_player":false,"episode_data":{"playerMode":"dark","subscribeUrls":{"amazon":{"key":"amazon","url":"","label":"Amazon","class":"amazon","icon":"amazon.png"},"apple_podcasts":{"key":"apple_podcasts","url":"","label":"Apple Podcasts","class":"apple_podcasts","icon":"apple-podcasts.png"},"castbox":{"key":"castbox","url":"","label":"CastBox","class":"castbox","icon":"castbox.png"},"deezer":{"key":"deezer","url":"","label":"Deezer","class":"deezer","icon":"deezer.png"},"google_podcasts":{"key":"google_podcasts","url":"","label":"Google Podcasts","class":"google_podcasts","icon":"google-podcasts.png"},"listen_notes":{"key":"listen_notes","url":"","label":"Listen Notes","class":"listen_notes","icon":"listen-notes.png"},"pandora":{"key":"pandora","url":"","label":"Pandora","class":"pandora","icon":"pandora.png"},"podbean":{"key":"podbean","url":"","label":"Podbean","class":"podbean","icon":"podbean.png"},"podcast_republic":{"key":"podcast_republic","url":"","label":"Podcast Republic","class":"podcast_republic","icon":"podcast-republic.png"},"rss":{"key":"rss","url":"","label":"RSS","class":"rss","icon":"rss.png"},"spotify":{"key":"spotify","url":"","label":"Spotify","class":"spotify","icon":"spotify.png"},"stitcher":{"key":"stitcher","url":"","label":"Stitcher","class":"stitcher","icon":"stitcher.png"},"tunein":{"key":"tunein","url":"","label":"TuneIn","class":"tunein","icon":"tunein.png"},"youtube":{"key":"youtube","url":"","label":"YouTube","class":"youtube","icon":"youtube.png"},"iheartradio":{"key":"iheartradio","url":"","label":"iHeartRadio","class":"iheartradio","icon":"iheartradio.png"},"ivoox":{"key":"ivoox","url":"","label":"iVoox","class":"ivoox","icon":"ivoox.png"}},"rssFeedUrl":"https:\/\/quechilero.com\/blog\/feed\/podcast\/si-la-vida-nos-da-limones","embedCode":"<blockquote class=\"wp-embedded-content\" data-secret=\"IEhqGgsAjt\"><a href=\"https:\/\/quechilero.com\/blog\/2008\/11\/05\/windows-real\/\">Windows real<\/a><\/blockquote><iframe sandbox=\"allow-scripts\" security=\"restricted\" src=\"https:\/\/quechilero.com\/blog\/2008\/11\/05\/windows-real\/embed\/#?secret=IEhqGgsAjt\" width=\"500\" height=\"350\" title=\"\u00abWindows real\u00bb \u2014 Si la Vida nos da Limones...\" data-secret=\"IEhqGgsAjt\" frameborder=\"0\" marginwidth=\"0\" marginheight=\"0\" scrolling=\"no\" class=\"wp-embedded-content\"><\/iframe><script>\n\/*! This file is auto-generated *\/\n!function(d,l){\"use strict\";l.querySelector&&d.addEventListener&&\"undefined\"!=typeof URL&&(d.wp=d.wp||{},d.wp.receiveEmbedMessage||(d.wp.receiveEmbedMessage=function(e){var t=e.data;if((t||t.secret||t.message||t.value)&&!\/[^a-zA-Z0-9]\/.test(t.secret)){for(var s,r,n,a=l.querySelectorAll('iframe[data-secret=\"'+t.secret+'\"]'),o=l.querySelectorAll('blockquote[data-secret=\"'+t.secret+'\"]'),c=new RegExp(\"^https?:$\",\"i\"),i=0;i<o.length;i++)o[i].style.display=\"none\";for(i=0;i<a.length;i++)s=a[i],e.source===s.contentWindow&&(s.removeAttribute(\"style\"),\"height\"===t.message?(1e3<(r=parseInt(t.value,10))?r=1e3:~~r<200&&(r=200),s.height=r):\"link\"===t.message&&(r=new URL(s.getAttribute(\"src\")),n=new URL(t.value),c.test(n.protocol))&&n.host===r.host&&l.activeElement===s&&(d.top.location.href=t.value))}},d.addEventListener(\"message\",d.wp.receiveEmbedMessage,!1),l.addEventListener(\"DOMContentLoaded\",function(){for(var e,t,s=l.querySelectorAll(\"iframe.wp-embedded-content\"),r=0;r<s.length;r++)(t=(e=s[r]).getAttribute(\"data-secret\"))||(t=Math.random().toString(36).substring(2,12),e.src+=\"#?secret=\"+t,e.setAttribute(\"data-secret\",t)),e.contentWindow.postMessage({message:\"ready\",secret:t},\"*\")},!1)))}(window,document);\n\/\/# sourceURL=https:\/\/quechilero.com\/blog\/wp-includes\/js\/wp-embed.min.js\n<\/script>\n"},"jetpack_publicize_connections":[],"jetpack_shortlink":"https:\/\/wp.me\/pDKli-oU","jetpack_sharing_enabled":true,"jetpack-related-posts":[{"id":5630,"url":"https:\/\/quechilero.com\/blog\/2010\/09\/22\/viaje-en-el-tiempo-internet-hace-15-anos\/","url_meta":{"origin":1544,"position":0},"title":"Viaje en el tiempo: Internet hace 15 a\u00f1os","author":"Pepe Barrascout Ortiz","date":"22 septiembre 2010","format":false,"excerpt":"Hace muchos a\u00f1os, conoc\u00ed el internet, recuerdo que fue principalmente en la casa de mi amigo Gustavo, cuando me muestra su computadora de \u00faltima tecnolog\u00eda, con algo raro y muy llamativo llamado Windows 95, hasta ese momento, apenas hab\u00eda tenido un par de encuentros con Windows 3.1, porque hasta ese\u2026","rel":"","context":"En \u00abLimones\u00bb","block_context":{"text":"Limones","link":"https:\/\/quechilero.com\/blog\/category\/limones\/"},"img":{"alt_text":"","src":"","width":0,"height":0},"classes":[]},{"id":471,"url":"https:\/\/quechilero.com\/blog\/2007\/02\/25\/aventrua-linux-dia-1\/","url_meta":{"origin":1544,"position":1},"title":"Aventrua Linux. D\u00eda 1","author":"Pepe Barrascout Ortiz","date":"25 febrero 2007","format":false,"excerpt":"Desde hace alg\u00fan tiempo, me empec\u00e9 a interesar mas por usar GNU\/Linux a pesar de no saber absolutamente nada de nada, es m\u00e1s ahora a casi un a\u00f1o en que realmente me puse a buscar informaci\u00f3n, no considero saber a\u00fan nada. A finales de agosto de 2006 leyendo uno de\u2026","rel":"","context":"En \u00abLimones\u00bb","block_context":{"text":"Limones","link":"https:\/\/quechilero.com\/blog\/category\/limones\/"},"img":{"alt_text":"","src":"","width":0,"height":0},"classes":[]},{"id":123,"url":"https:\/\/quechilero.com\/blog\/2006\/08\/07\/apagar-windows\/","url_meta":{"origin":1544,"position":2},"title":"Apagar Windows","author":"Pepe Barrascout Ortiz","date":"7 agosto 2006","format":false,"excerpt":"Ojal\u00e1 incluyeran esta opci\u00f3n en la pr\u00f3xima edici\u00f3n de Windows Life","rel":"","context":"En \u00abLimones\u00bb","block_context":{"text":"Limones","link":"https:\/\/quechilero.com\/blog\/category\/limones\/"},"img":{"alt_text":"Apagar Windows","src":"https:\/\/i0.wp.com\/static.flickr.com\/68\/208563413_4a23619b33_o.jpg?resize=350%2C200","width":350,"height":200},"classes":[]},{"id":1036,"url":"https:\/\/quechilero.com\/blog\/2008\/08\/01\/linux-windows-diferencias\/","url_meta":{"origin":1544,"position":3},"title":"Linux &#8211; Windows, diferencias","author":"Pepe Barrascout Ortiz","date":"1 agosto 2008","format":false,"excerpt":"Entre Linux y Windows hay muchas diferencias, pero entre todas resalta una que es b\u00e1sica y fundamental y que da pie a todo lo dem\u00e1s. Windows Mobile: No prestar (ceder) o hacer copias ilegales de este software. Ubuntu Linux: Legalmente libre para copiar, modificar y redistribuir. Visto aqui.","rel":"","context":"En \u00abLimones\u00bb","block_context":{"text":"Limones","link":"https:\/\/quechilero.com\/blog\/category\/limones\/"},"img":{"alt_text":"","src":"","width":0,"height":0},"classes":[]},{"id":199,"url":"https:\/\/quechilero.com\/blog\/2006\/08\/27\/bart-windows\/","url_meta":{"origin":1544,"position":4},"title":"Bart Windows","author":"Pepe Barrascout Ortiz","date":"27 agosto 2006","format":false,"excerpt":"Un fondo de pantalla para los que no pueden olvidar Win XP y que trabajan en Linux. Bart Windows. Click en la imagen para agrandar.","rel":"","context":"En \u00abLimones\u00bb","block_context":{"text":"Limones","link":"https:\/\/quechilero.com\/blog\/category\/limones\/"},"img":{"alt_text":"","src":"","width":0,"height":0},"classes":[]},{"id":59,"url":"https:\/\/quechilero.com\/blog\/2006\/07\/26\/windows-y-mac-en-guatemala\/","url_meta":{"origin":1544,"position":5},"title":"Windows y Mac en Guatemala","author":"Pepe Barrascout Ortiz","date":"26 julio 2006","format":false,"excerpt":"En nuestra famosa ciudad colonial Antigua Guatemala fue tomada esta foto la cual en forma subliminal, divertida y muy real, nos indica el avance que tiene en Guatemala la plataforma Windows y la de Macintosh. Creo que la proporci\u00f3n es correcta, en cuanto al n\u00famero de Windows que hay en\u2026","rel":"","context":"En \u00abLimones\u00bb","block_context":{"text":"Limones","link":"https:\/\/quechilero.com\/blog\/category\/limones\/"},"img":{"alt_text":"","src":"","width":0,"height":0},"classes":[]}],"jetpack_featured_media_url":"","_links":{"self":[{"href":"https:\/\/quechilero.com\/blog\/wp-json\/wp\/v2\/posts\/1544","targetHints":{"allow":["GET"]}}],"collection":[{"href":"https:\/\/quechilero.com\/blog\/wp-json\/wp\/v2\/posts"}],"about":[{"href":"https:\/\/quechilero.com\/blog\/wp-json\/wp\/v2\/types\/post"}],"author":[{"embeddable":true,"href":"https:\/\/quechilero.com\/blog\/wp-json\/wp\/v2\/users\/1"}],"replies":[{"embeddable":true,"href":"https:\/\/quechilero.com\/blog\/wp-json\/wp\/v2\/comments?post=1544"}],"version-history":[{"count":0,"href":"https:\/\/quechilero.com\/blog\/wp-json\/wp\/v2\/posts\/1544\/revisions"}],"wp:attachment":[{"href":"https:\/\/quechilero.com\/blog\/wp-json\/wp\/v2\/media?parent=1544"}],"wp:term":[{"taxonomy":"category","embeddable":true,"href":"https:\/\/quechilero.com\/blog\/wp-json\/wp\/v2\/categories?post=1544"},{"taxonomy":"post_tag","embeddable":true,"href":"https:\/\/quechilero.com\/blog\/wp-json\/wp\/v2\/tags?post=1544"},{"taxonomy":"series","embeddable":true,"href":"https:\/\/quechilero.com\/blog\/wp-json\/wp\/v2\/series?post=1544"}],"curies":[{"name":"wp","href":"https:\/\/api.w.org\/{rel}","templated":true}]}}