{"id":15361,"date":"2012-12-23T09:00:54","date_gmt":"2012-12-23T15:00:54","guid":{"rendered":"http:\/\/quechilero.com\/blog\/?p=15361"},"modified":"2012-12-23T09:00:54","modified_gmt":"2012-12-23T15:00:54","slug":"cuarto-domingo-de-adviento","status":"publish","type":"post","link":"https:\/\/quechilero.com\/blog\/2012\/12\/23\/cuarto-domingo-de-adviento\/","title":{"rendered":"Cuarto Domingo de Adviento"},"content":{"rendered":"<p><a href=\"https:\/\/i0.wp.com\/i392.photobucket.com\/albums\/pp7\/pepejaguar\/blog\/31584_10151118992076846_1496855788_n.jpg\"><img data-recalc-dims=\"1\" decoding=\"async\" class=\"alignnone\" alt=\"\" src=\"https:\/\/i0.wp.com\/i392.photobucket.com\/albums\/pp7\/pepejaguar\/blog\/31584_10151118992076846_1496855788_n.jpg?w=560\"  \/><\/a><\/p>\n<p><strong>Cuarto Domingo de Adviento<\/strong> (ciclo B)<\/p>\n<p>Reunidos todos, se encienden las cuatro velas de la corona en el orden acostumbrado (este d\u00eda lo puede hacer uno de los ni\u00f1os mas peque\u00f1os).<\/p>\n<p><em>Hermanos:<\/em><\/p>\n<p>A pocos d\u00edas de la Navidad, la Liturgia se une al simbolismo popular de esta fiesta, y nos presenta en un solo cuadro, a Mar\u00eda y al pueblecito de Bel\u00e9n. Sin embargo, no se trata de una an\u00e9cdota folkl\u00f3rica.<\/p>\n<p>Se trata de un signo de Fe, sobre el cual hoy vamos a reflexionar, guiados por la Palabra de Dios.<\/p>\n<p>Una mujer lleva en su seno al Salvador&#8230; Porque ha cre\u00eddo en la Palabra de Dios. Una comunidad hoy se re\u00fane aqu\u00ed con la conciencia de que en su seno est\u00e1 el Salvador, el Cristo Resucitado, porque la Palabra nos ha convocado.<\/p>\n<p><strong>Invocaci\u00f3n<\/strong><\/p>\n<p><em>Padre de Familia:<\/em> &#8211; Nuestro auxilio es el Nombre del Se\u00f1or.<\/p>\n<p><em>Todos:<\/em> \u2013 Que hizo el cielo la tierra (nos persignamos).<\/p>\n<p><strong>Oremos<\/strong><\/p>\n<p>Bendito seas Padre por habernos enviado a tu Hijo que, como un ni\u00f1o indefenso, llor\u00f3 en su cuna. Ay\u00fadanos a comprender lo serio de este nacimiento y las consecuencias que tiene en nuestras vidas. Te lo pedimos por \u00c9l que vive y reina contigo en la Unidad del Esp\u00edritu Santo y es Dios por los siglos de los siglos. Am\u00e9n.<\/p>\n<p><em>Hermanos:<\/em><\/p>\n<p>Hagamos revisi\u00f3n de nuestra vida cristiana, para descubrir si nuestra Fe y testimonio cristiano est\u00e1n encarnados en las necesidades de la sociedad, de la que formamos parte (silencio).<\/p>\n<p>&#8211; Porque somos ricos en palabras y pobres en hechos. <em>Se\u00f1or ten piedad.<\/em><\/p>\n<p>&#8211; Porque somos reacios a comprender nuestro mundo. <em>Se\u00f1or ten piedad.<\/em><\/p>\n<p>&#8211; Por lo mucho que dejamos de hacer en beneficio de los hermanos. <em>Se\u00f1or ten piedad.<\/em><\/p>\n<p>&#8211; Por perder el tiempo en discusiones y enfrentamientos ego\u00edstas. <em>Se\u00f1or ten piedad.<\/em><\/p>\n<p>&#8211; Por la pereza en cambiar nuestros puntos de vista y nuestro esquema infantil de fe. <em>Se\u00f1or ten piedad.<\/em><\/p>\n<p>Oremos: Se\u00f1or, haznos sensibles a la necesidad que tiene nuestro mundo, de la presencia sincera y generosa de los que nos llamamos tus disc\u00edpulos, por nuestro Se\u00f1or Jesucristo. Am\u00e9n.<\/p>\n<p><a href=\"http:\/\/quechilero.com\/blog\/?s=Domingo+de+Adviento\"><img data-recalc-dims=\"1\" loading=\"lazy\" decoding=\"async\" class=\"alignnone\" alt=\"\" src=\"https:\/\/i0.wp.com\/i392.photobucket.com\/albums\/pp7\/pepejaguar\/blog\/4-domingo-adviento.png?resize=560%2C350\" width=\"560\" height=\"350\" \/><\/a><\/p>\n<p><strong>Lectura del Santo Evangelio seg\u00fan San Lucas 1, 26-38.<\/strong><\/p>\n<p>A los seis meses, el \u00e1ngel Gabriel fu\u00e9 enviado por Dios a una ciudad de Galilea, llamada Nazaret, a una virgen desposada con un hombre llamado Jos\u00e9, de la estirpe de David; la virgen se llamaba Mar\u00eda.<\/p>\n<p>El \u00e1ngel, entrando a su presencia, dijo: <em>&#8211; Al\u00e9grate llena de gracia, el Se\u00f1or est\u00e1 contigo; bendita t\u00fa entre las mujeres-.<\/em><\/p>\n<p><em>Ella se turb\u00f3 ante estas palabras y se preguntaba qu\u00e9 saludo era aqu\u00e9l.<\/em><\/p>\n<p><em>El \u00e1ngel le dijo: &#8211; No temas, Mar\u00eda, porque has encontrado gracia ante Dios. Concebir\u00e1s en tu vientre y dar\u00e1s a luz un hijo y le pondr\u00e1s por nombre Jes\u00fas. Ser\u00e1 grande, se llamar\u00e1 Hijo del Alt\u00edsimo, el Se\u00f1or Dios le dar\u00e1 el trono de David su padre; reinar\u00e1 sobre la casa de Jacob para siempre y su reino no tendr\u00e1 fin.<\/em><\/p>\n<p><em>Y Mar\u00eda dijo al \u00e1ngel: &#8211; \u00bfC\u00f3mo ser\u00e1 eso, pues no conozco var\u00f3n?. El \u00e1ngel le contest\u00f3: &#8211; El Esp\u00edritu Santo vendr\u00e1 sobre t\u00ed y la fuerza del Alt\u00edsimo te cubrir\u00e1 con su sombra; por eso el santo que va a nacer se llamar\u00e1 Hijo de Dios.<\/em><\/p>\n<p><em>Ah\u00ed tienes a tu pariente Isabel que, a pesar de su vejez, ha concebido un hijo, y ya est\u00e1 de seis meses la que llamaban est\u00e9ril, porque para Dios nada hay imposible.<\/em><\/p>\n<p><em>Mar\u00eda contest\u00f3: -Aqu\u00ed est\u00e1 la esclava del Se\u00f1or, h\u00e1gase en m\u00ed seg\u00fan tu palabra.<\/em><\/p>\n<p><em>&#8211; Palabra del Se\u00f1or.<\/em><\/p>\n<p>&#8211; Gloria a ti Se\u00f1or Jes\u00fas.<\/p>\n<p><strong>Meditaci\u00f3n.<\/strong><\/p>\n<p>Llave de David y cetro de la casa de Israel, t\u00fa que reinas sobre el mundo, ven a libertar a los que en tinieblas te esperan.<\/p>\n<p>Ven pronto, Se\u00f1or. \u00a1Ven, Salvador!<\/p>\n<p>\u00a1Oh Sol naciente, Esplandor de la luz eterna y Sol de justicia, ven a iluminar a los que yacen en sombras de muerte! \u00a1Ven pronto, Se\u00f1or!<\/p>\n<p>Rey de las naciones y Piedra angular de la Iglesia, T\u00fa que unes a los pueblos, ven a libertar a los hombres que has creado. Ven pronto, Se\u00f1or. \u00a1Ven Salvador!<\/p>\n<p>\u00a1Oh Emanuel, nuestro Rey, Salvador de las naciones, esperanza de los pueblos, ven a libertarnos, Se\u00f1or, no tardes ya! Ven pronto , Se\u00f1or. \u00a1Ven Salvador!.<\/p>\n<p><strong>Oraci\u00f3n Comunitaria.<\/strong><\/p>\n<p>Oremos todos juntos al Se\u00f1or, para que sepamos unirnos a Jesucristo, en una Fe humilde y esperanzadora.<\/p>\n<p>&#8211; Para que la Iglesia irradie la luz de liberaci\u00f3n al mundo. <em>Ven, Se\u00f1or Jes\u00fas.<\/em><\/p>\n<p>&#8211; Para que esta comunidad sepa descubrir al Dios de la Salvaci\u00f3n en los signos de los tiempos. <em>Ven, Se\u00f1or Jes\u00fas.<\/em><\/p>\n<p>&#8211; Para que cada d\u00eda ofrezcamos a Dios un s\u00ed generoso y alegre. <em>Ven, Se\u00f1or Jes\u00fas.<\/em><\/p>\n<p>&#8211; Para que desprendi\u00e9ndonos del ego\u00edsmo y la pereza estemos totalmente disponibles, en la construcci\u00f3n de una sociedad m\u00e1s humana y justa. <em>Ven, Se\u00f1or Jes\u00fas.<\/em><\/p>\n<p>&#8211; Para que crezcamos en la libertad y la responsabilidad. <em>Ven, Se\u00f1or Jes\u00fas.<\/em><\/p>\n<p>&#8211; Para que Cristo viva en nuestros hogares, a trav\u00e9s de un encuentro familiar caracterizado por la comprensi\u00f3n, el respeto al otro y la renuncia generosa de nuestros caprichos. <em>Ven, Se\u00f1or Jes\u00fas.<\/em><\/p>\n<p>Oremos, para que con el gozo de la cercan\u00eda del Nacimiento de Jes\u00fas, nos sintamos unidos y amados por el Padre con la oraci\u00f3n que Jes\u00fas nos ense\u00f1o:<\/p>\n<p><em>Padre Nuestro, que est\u00e1s en el cielo, santificado sea tu nombre. Venga a nosotros tu reino. H\u00e1gase tu voluntad. As\u00ed en la tierra, como en el cielo. Danos hoy, nuestro pan de cada d\u00eda. Perdona nuestras ofensas, as\u00ed como nosotros perdonamos a los que nos ofenden, no nos dejes caer en la tentaci\u00f3n y l\u00edbranos del mal.<\/em><\/p>\n<p><em>Dios te Salve Mar\u00eda, llena eres de gracia, el Se\u00f1or est\u00e1 contigo, bendita tu eres entre todas las mujeres y bendito es el fruto de tu vientre, Jes\u00fas. Santa Mar\u00eda, <a title=\"Entradas etiquetadas con madre\" href=\"http:\/\/quechilero.com\/blog\/tag\/madre\/\" rel=\"tag\">Madre<\/a> de Dios, ruega por nosotros los pecadores, ahora y en la hora de nuestra muerte.<\/em><\/p>\n<p>Gloria al Padre, Gloria al Hijo y Gloria al Esp\u00edritu Santo.<\/p>\n<p>Am\u00e9n.<\/p>\n<p><strong>Oraciones<\/strong> para los dem\u00e1s <a title=\"Domingo de Adviento\" href=\"http:\/\/quechilero.com\/blog\/?s=Domingo+de+Adviento\">Domingos de Adviento<\/a>.<\/p>\n","protected":false},"excerpt":{"rendered":"<p>Cuarto Domingo de Adviento (ciclo B) Reunidos todos, se encienden las cuatro velas de la corona en el orden acostumbrado (este d\u00eda lo puede hacer uno de los ni\u00f1os mas peque\u00f1os). Hermanos: A pocos d\u00edas de la Navidad, la Liturgia se une al simbolismo popular de esta fiesta, y nos presenta en un solo cuadro, &#8230; <a title=\"Cuarto Domingo de Adviento\" class=\"read-more\" href=\"https:\/\/quechilero.com\/blog\/2012\/12\/23\/cuarto-domingo-de-adviento\/\" aria-label=\"Leer m\u00e1s sobre Cuarto Domingo de Adviento\">Leer m\u00e1s<\/a><\/p>\n","protected":false},"author":1,"featured_media":0,"comment_status":"open","ping_status":"open","sticky":false,"template":"","format":"standard","meta":{"advanced_seo_description":"","jetpack_seo_html_title":"","jetpack_seo_noindex":false,"jetpack_seo_schema_type":"","episode_type":"","audio_file":"","podmotor_file_id":"","podmotor_episode_id":"","cover_image":"","cover_image_id":"","duration":"","filesize":"","filesize_raw":"","date_recorded":"","explicit":"","block":"","_jetpack_newsletter_access":"","_jetpack_dont_email_post_to_subs":false,"_jetpack_newsletter_tier_id":0,"_jetpack_memberships_contains_paywalled_content":false,"_jetpack_feature_clip_id":0,"_jetpack_memberships_contains_paid_content":false,"footnotes":"","jetpack_publicize_message":"","jetpack_publicize_feature_enabled":true,"jetpack_social_post_already_shared":true,"jetpack_social_options":{"image_generator_settings":{"template":"highway","default_image_id":0,"font":"","enabled":false},"version":2},"jetpack_post_was_ever_published":false},"categories":[2],"tags":[51,90,18,74,81,39,50,20,86,42,5,24],"series":[],"class_list":["post-15361","post","type-post","status-publish","format-standard","hentry","category-limones","tag-dios","tag-evangelio","tag-hombre","tag-jesus","tag-lectura","tag-madre","tag-muerte","tag-mujer","tag-oracion","tag-palabra","tag-tiempo","tag-vida"],"episode_featured_image":false,"episode_player_image":"https:\/\/i0.wp.com\/quechilero.com\/blog\/imagenes\/podcast.png?fit=1831%2C1831&ssl=1","download_link":"","player_link":"","audio_player":false,"episode_data":{"playerMode":"dark","subscribeUrls":{"amazon":{"key":"amazon","url":"","label":"Amazon","class":"amazon","icon":"amazon.png"},"apple_podcasts":{"key":"apple_podcasts","url":"","label":"Apple Podcasts","class":"apple_podcasts","icon":"apple-podcasts.png"},"castbox":{"key":"castbox","url":"","label":"CastBox","class":"castbox","icon":"castbox.png"},"deezer":{"key":"deezer","url":"","label":"Deezer","class":"deezer","icon":"deezer.png"},"google_podcasts":{"key":"google_podcasts","url":"","label":"Google Podcasts","class":"google_podcasts","icon":"google-podcasts.png"},"listen_notes":{"key":"listen_notes","url":"","label":"Listen Notes","class":"listen_notes","icon":"listen-notes.png"},"pandora":{"key":"pandora","url":"","label":"Pandora","class":"pandora","icon":"pandora.png"},"podbean":{"key":"podbean","url":"","label":"Podbean","class":"podbean","icon":"podbean.png"},"podcast_republic":{"key":"podcast_republic","url":"","label":"Podcast Republic","class":"podcast_republic","icon":"podcast-republic.png"},"rss":{"key":"rss","url":"","label":"RSS","class":"rss","icon":"rss.png"},"spotify":{"key":"spotify","url":"","label":"Spotify","class":"spotify","icon":"spotify.png"},"stitcher":{"key":"stitcher","url":"","label":"Stitcher","class":"stitcher","icon":"stitcher.png"},"tunein":{"key":"tunein","url":"","label":"TuneIn","class":"tunein","icon":"tunein.png"},"youtube":{"key":"youtube","url":"","label":"YouTube","class":"youtube","icon":"youtube.png"},"iheartradio":{"key":"iheartradio","url":"","label":"iHeartRadio","class":"iheartradio","icon":"iheartradio.png"},"ivoox":{"key":"ivoox","url":"","label":"iVoox","class":"ivoox","icon":"ivoox.png"}},"rssFeedUrl":"https:\/\/quechilero.com\/blog\/feed\/podcast\/si-la-vida-nos-da-limones","embedCode":"<blockquote class=\"wp-embedded-content\" data-secret=\"CyU0fxmKdX\"><a href=\"https:\/\/quechilero.com\/blog\/2012\/12\/23\/cuarto-domingo-de-adviento\/\">Cuarto Domingo de Adviento<\/a><\/blockquote><iframe sandbox=\"allow-scripts\" security=\"restricted\" src=\"https:\/\/quechilero.com\/blog\/2012\/12\/23\/cuarto-domingo-de-adviento\/embed\/#?secret=CyU0fxmKdX\" width=\"500\" height=\"350\" title=\"\u00abCuarto Domingo de Adviento\u00bb \u2014 Si la Vida nos da Limones...\" data-secret=\"CyU0fxmKdX\" frameborder=\"0\" marginwidth=\"0\" marginheight=\"0\" scrolling=\"no\" class=\"wp-embedded-content\"><\/iframe><script>\n\/*! This file is auto-generated *\/\n!function(d,l){\"use strict\";l.querySelector&&d.addEventListener&&\"undefined\"!=typeof URL&&(d.wp=d.wp||{},d.wp.receiveEmbedMessage||(d.wp.receiveEmbedMessage=function(e){var t=e.data;if((t||t.secret||t.message||t.value)&&!\/[^a-zA-Z0-9]\/.test(t.secret)){for(var s,r,n,a=l.querySelectorAll('iframe[data-secret=\"'+t.secret+'\"]'),o=l.querySelectorAll('blockquote[data-secret=\"'+t.secret+'\"]'),c=new RegExp(\"^https?:$\",\"i\"),i=0;i<o.length;i++)o[i].style.display=\"none\";for(i=0;i<a.length;i++)s=a[i],e.source===s.contentWindow&&(s.removeAttribute(\"style\"),\"height\"===t.message?(1e3<(r=parseInt(t.value,10))?r=1e3:~~r<200&&(r=200),s.height=r):\"link\"===t.message&&(r=new URL(s.getAttribute(\"src\")),n=new URL(t.value),c.test(n.protocol))&&n.host===r.host&&l.activeElement===s&&(d.top.location.href=t.value))}},d.addEventListener(\"message\",d.wp.receiveEmbedMessage,!1),l.addEventListener(\"DOMContentLoaded\",function(){for(var e,t,s=l.querySelectorAll(\"iframe.wp-embedded-content\"),r=0;r<s.length;r++)(t=(e=s[r]).getAttribute(\"data-secret\"))||(t=Math.random().toString(36).substring(2,12),e.src+=\"#?secret=\"+t,e.setAttribute(\"data-secret\",t)),e.contentWindow.postMessage({message:\"ready\",secret:t},\"*\")},!1)))}(window,document);\n\/\/# sourceURL=https:\/\/quechilero.com\/blog\/wp-includes\/js\/wp-embed.min.js\n<\/script>\n"},"jetpack_publicize_connections":[],"jetpack_shortlink":"https:\/\/wp.me\/pDKli-3ZL","jetpack_sharing_enabled":true,"jetpack-related-posts":[{"id":15359,"url":"https:\/\/quechilero.com\/blog\/2012\/12\/09\/segundo-domingo-de-adviento\/","url_meta":{"origin":15361,"position":0},"title":"Segundo Domingo de Adviento","author":"Pepe Barrascout Ortiz","date":"9 diciembre 2012","format":false,"excerpt":"Segundo Domingo de Adviento (ciclo B) Reunida la familia o el grupo de personas, se encienden: la vela del primer domingo y la que corresponde al segundo domingo. Hermanos: Al introducirnos m\u00e1s de lleno en el tiempo de Adviento, la Palabra de Dios nos urge a una reflexi\u00f3n m\u00e1s profunda.\u2026","rel":"","context":"En \u00abLimones\u00bb","block_context":{"text":"Limones","link":"https:\/\/quechilero.com\/blog\/category\/limones\/"},"img":{"alt_text":"","src":"https:\/\/i0.wp.com\/i392.photobucket.com\/albums\/pp7\/pepejaguar\/blog\/2-domingo-adviento.png?resize=350%2C200","width":350,"height":200,"srcset":"https:\/\/i0.wp.com\/i392.photobucket.com\/albums\/pp7\/pepejaguar\/blog\/2-domingo-adviento.png?resize=350%2C200 1x, https:\/\/i0.wp.com\/i392.photobucket.com\/albums\/pp7\/pepejaguar\/blog\/2-domingo-adviento.png?resize=525%2C300 1.5x"},"classes":[]},{"id":15360,"url":"https:\/\/quechilero.com\/blog\/2012\/12\/16\/tercer-domingo-de-adviento\/","url_meta":{"origin":15361,"position":1},"title":"Tercer Domingo de Adviento","author":"Pepe Barrascout Ortiz","date":"16 diciembre 2012","format":false,"excerpt":"Tercer Domingo de Adviento (ciclo B) Reunida la familia o grupo de personas, se encienden las candelas del primero domingo, la del segundo y la del tercer domingo. Hermanos: A medida que avanza el Adviento y crece nuestra expectativa por un encuentro m\u00e1s intenso con Jes\u00fas, la Palabra de Dios,\u2026","rel":"","context":"En \u00abLimones\u00bb","block_context":{"text":"Limones","link":"https:\/\/quechilero.com\/blog\/category\/limones\/"},"img":{"alt_text":"","src":"https:\/\/i0.wp.com\/i392.photobucket.com\/albums\/pp7\/pepejaguar\/blog\/3-domingo-adviento.png?resize=350%2C200","width":350,"height":200,"srcset":"https:\/\/i0.wp.com\/i392.photobucket.com\/albums\/pp7\/pepejaguar\/blog\/3-domingo-adviento.png?resize=350%2C200 1x, https:\/\/i0.wp.com\/i392.photobucket.com\/albums\/pp7\/pepejaguar\/blog\/3-domingo-adviento.png?resize=525%2C300 1.5x"},"classes":[]},{"id":15358,"url":"https:\/\/quechilero.com\/blog\/2012\/12\/02\/primer-domingo-de-adviento\/","url_meta":{"origin":15361,"position":2},"title":"Primer Domingo de Adviento","author":"Pepe Barrascout Ortiz","date":"2 diciembre 2012","format":false,"excerpt":"Primer Domingo de Adviento (ciclo B) Cabeza de Familia: Hermanos: Al iniciar hoy el Adviento, comenzamos el A\u00f1o Lit\u00fargico, s\u00edmbolo de nuestra larga traves\u00eda por la vida. Vamos caminando por el desierto, atravesando unas veces, bellos oasis; otras sofocantes desiertos. Lo hacemos con alegr\u00eda y con miedo, con fe y\u2026","rel":"","context":"En \u00abLimones\u00bb","block_context":{"text":"Limones","link":"https:\/\/quechilero.com\/blog\/category\/limones\/"},"img":{"alt_text":"","src":"https:\/\/i0.wp.com\/i392.photobucket.com\/albums\/pp7\/pepejaguar\/blog\/1-domingo-adviento.png?resize=350%2C200","width":350,"height":200,"srcset":"https:\/\/i0.wp.com\/i392.photobucket.com\/albums\/pp7\/pepejaguar\/blog\/1-domingo-adviento.png?resize=350%2C200 1x, https:\/\/i0.wp.com\/i392.photobucket.com\/albums\/pp7\/pepejaguar\/blog\/1-domingo-adviento.png?resize=525%2C300 1.5x"},"classes":[]},{"id":17573,"url":"https:\/\/quechilero.com\/blog\/2013\/12\/10\/el-senor-vino-viene-y-vendra\/","url_meta":{"origin":15361,"position":3},"title":"El Se\u00f1or vino, viene y vendr\u00e1","author":"Pepe Barrascout Ortiz","date":"10 diciembre 2013","format":false,"excerpt":"En el Adviento celebramos el misterio de la venida del Se\u00f1or en una actitud gozosa, de vigilancia, de espera y de acogida. Nuestra vida se presenta, con asombro siempre nuevo, ante el misterio entra\u00f1able de un Dios que se ha hecho hombre. Con el Adviento se nos convoca a preparar\u2026","rel":"","context":"En \u00abLimones\u00bb","block_context":{"text":"Limones","link":"https:\/\/quechilero.com\/blog\/category\/limones\/"},"img":{"alt_text":"","src":"","width":0,"height":0},"classes":[]},{"id":17119,"url":"https:\/\/quechilero.com\/blog\/2013\/09\/11\/el-domingo-ya-empieza-el-adviento\/","url_meta":{"origin":15361,"position":4},"title":"\u00a1El domingo ya empieza el Adviento!","author":"Pepe Barrascout Ortiz","date":"11 septiembre 2013","format":false,"excerpt":"Cuatro domingos de Adviento tendr\u00e1n que pasar para que ya, una vez m\u00e1s, estemos en Navidad. Es tiempo de preparaci\u00f3n puesto que siempre que esperamos recibir a una persona importante, nos preparamos. La Iglesia nos invita a que introduzcamos en nuestro esp\u00edritu y en nuestro cotidiano vivir un nuevo aspecto\u2026","rel":"","context":"En \u00abLimones\u00bb","block_context":{"text":"Limones","link":"https:\/\/quechilero.com\/blog\/category\/limones\/"},"img":{"alt_text":"","src":"","width":0,"height":0},"classes":[]},{"id":17576,"url":"https:\/\/quechilero.com\/blog\/2013\/12\/13\/llegar-a-donde-estamos\/","url_meta":{"origin":15361,"position":5},"title":"Llegar a donde estamos","author":"Pepe Barrascout Ortiz","date":"13 diciembre 2013","format":false,"excerpt":"El adviento significa \"llegar\" y muchas veces escucho a las personas suspirar: \u00a1Todav\u00eda no he aterrizado por completo, d\u00e9jame primero llegar! En la mayor\u00eda de los casos no estamos all\u00ed, donde estamos, porque no hemos llegado a\u00fan con nuestra alma. El adviento es una oportunidad de dejar llegar con tiempo\u2026","rel":"","context":"En \u00abLimones\u00bb","block_context":{"text":"Limones","link":"https:\/\/quechilero.com\/blog\/category\/limones\/"},"img":{"alt_text":"","src":"","width":0,"height":0},"classes":[]}],"jetpack_featured_media_url":"","_links":{"self":[{"href":"https:\/\/quechilero.com\/blog\/wp-json\/wp\/v2\/posts\/15361","targetHints":{"allow":["GET"]}}],"collection":[{"href":"https:\/\/quechilero.com\/blog\/wp-json\/wp\/v2\/posts"}],"about":[{"href":"https:\/\/quechilero.com\/blog\/wp-json\/wp\/v2\/types\/post"}],"author":[{"embeddable":true,"href":"https:\/\/quechilero.com\/blog\/wp-json\/wp\/v2\/users\/1"}],"replies":[{"embeddable":true,"href":"https:\/\/quechilero.com\/blog\/wp-json\/wp\/v2\/comments?post=15361"}],"version-history":[{"count":0,"href":"https:\/\/quechilero.com\/blog\/wp-json\/wp\/v2\/posts\/15361\/revisions"}],"wp:attachment":[{"href":"https:\/\/quechilero.com\/blog\/wp-json\/wp\/v2\/media?parent=15361"}],"wp:term":[{"taxonomy":"category","embeddable":true,"href":"https:\/\/quechilero.com\/blog\/wp-json\/wp\/v2\/categories?post=15361"},{"taxonomy":"post_tag","embeddable":true,"href":"https:\/\/quechilero.com\/blog\/wp-json\/wp\/v2\/tags?post=15361"},{"taxonomy":"series","embeddable":true,"href":"https:\/\/quechilero.com\/blog\/wp-json\/wp\/v2\/series?post=15361"}],"curies":[{"name":"wp","href":"https:\/\/api.w.org\/{rel}","templated":true}]}}