{"id":15359,"date":"2012-12-09T09:00:49","date_gmt":"2012-12-09T15:00:49","guid":{"rendered":"http:\/\/quechilero.com\/blog\/?p=15359"},"modified":"2012-12-09T09:00:49","modified_gmt":"2012-12-09T15:00:49","slug":"segundo-domingo-de-adviento","status":"publish","type":"post","link":"https:\/\/quechilero.com\/blog\/2012\/12\/09\/segundo-domingo-de-adviento\/","title":{"rendered":"Segundo Domingo de Adviento"},"content":{"rendered":"<p><a href=\"https:\/\/i0.wp.com\/i392.photobucket.com\/albums\/pp7\/pepejaguar\/blog\/31584_10151118992076846_1496855788_n.jpg\"><img data-recalc-dims=\"1\" decoding=\"async\" class=\"alignnone\" alt=\"\" src=\"https:\/\/i0.wp.com\/i392.photobucket.com\/albums\/pp7\/pepejaguar\/blog\/31584_10151118992076846_1496855788_n.jpg?w=560\"  \/><\/a><\/p>\n<p><strong>Segundo Domingo de Adviento<\/strong> (ciclo B)<\/p>\n<p>Reunida la familia o el grupo de personas, se encienden: la vela del primer domingo y la que corresponde al segundo domingo.<\/p>\n<p><em>Hermanos:<\/em><\/p>\n<p>Al introducirnos m\u00e1s de lleno en el tiempo de Adviento, la Palabra de Dios nos urge a una reflexi\u00f3n m\u00e1s profunda. Hoy se nos llama a cambiar de vestidura, a cambiar nuestro esquema de vida, para que la Salvaci\u00f3n de Dios sea una realidad. Jes\u00fas se ha encarnado en la historia de una vez para siempre. Vivir la Fe cristiana, es vivir esa perpetua encarnaci\u00f3n de Salvaci\u00f3n.<\/p>\n<p><strong>Invocaci\u00f3n<\/strong><\/p>\n<p><em>Padre de Familia: <\/em>&#8211; Nuestro auxilio es el nombre del Se\u00f1or.<\/p>\n<p><em>Todos:<\/em> &#8211; Que hizo el cielo y la tierra. (nos persignamos)<\/p>\n<p><strong>Oremos<\/strong><\/p>\n<p>Despierta tu poder, Se\u00f1or y ven a salvarnos, para que al escuchar tu Palabra, aceptemos la liberaci\u00f3n que T\u00fa nos ofreces y estemos preparados para recibirte cuando vengas en Navidad y al final. Te lo pedimos a Ti que por ser Dios, vives y reinas, por los siglos de los siglos. Am\u00e9n.<\/p>\n<p><em>Hermanos:<\/em><\/p>\n<p>Al celebrar este segundo Domingo de Adviento, pregunt\u00e9monos en qu\u00e9 medida, Cristo llega a nosotros en una vida aut\u00e9ntica.<\/p>\n<p>&#8211; Porque como Iglesia, no siempre somos signos de esperanza. <em>Se\u00f1or ten piedad.<\/em><\/p>\n<p>&#8211; Porque a menudo flaqueamos en el seguimiento de Cristo. <em>Se\u00f1or ten piedad.<\/em><\/p>\n<p>&#8211; Por la rutina y el tedio que domina a tantos hogares. <em>Se\u00f1or ten piedad.<\/em><\/p>\n<p>&#8211; Por la superficialidad, con que a veces vivimos nuestra Fe. <em>Se\u00f1or ten piedad.<\/em><\/p>\n<p>Escucha, Se\u00f1or, la voz de quienes te buscamos y queremos convertirnos a Ti. Por Jesucristo Nuestro Se\u00f1or. Am\u00e9n.<\/p>\n<p><a href=\"http:\/\/quechilero.com\/blog\/?s=Domingo+de+Adviento\"><img data-recalc-dims=\"1\" loading=\"lazy\" decoding=\"async\" class=\"alignnone\" alt=\"\" src=\"https:\/\/i0.wp.com\/i392.photobucket.com\/albums\/pp7\/pepejaguar\/blog\/2-domingo-adviento.png?resize=560%2C350\" width=\"560\" height=\"350\" \/><\/a><\/p>\n<p><strong>Lectura del Santo Evangelio, seg\u00fan San Marcos 1, 1-8.<\/strong><\/p>\n<p>Comienza el evangelio de Jesucristo, Hijo de Dios. Est\u00e1 escrito en el profeta Isa\u00edas: Yo env\u00edo mi mensajero delante de t\u00ed para que te prepare el camino. Una voz grita en el desierto: Prep\u00e1renle el camino al Se\u00f1or, allanen sus senderos.<\/p>\n<p>Juan bautizaba en el desierto: predicaba que se convirtiera y bautizaran, para que se les perdonasen los pecados. Acud\u00eda la gente de Judea y Jerusal\u00e9n, confesaban sus pecados y \u00e9l los bautizaba en el Jord\u00e1n.<\/p>\n<p>Juan iba vestido de piel de camello, con una correa de cuero a la cintura, y se alimentaba de langostas y miel silvestre y proclamaba: detr\u00e1s de mi viene el que puede m\u00e1s que yo y yo no merezco agacharme para desatarle las sandalias. Yo los he bautizado con agua, pero \u00c9l los bautizar\u00e1 con Esp\u00edritu Santo.<\/p>\n<p><em>&#8211; Palabra del Se\u00f1or.<\/em><\/p>\n<p>&#8211; Gloria a t\u00ed Se\u00f1or Jes\u00fas.<\/p>\n<p><strong>Meditaci\u00f3n.<\/strong><\/p>\n<p>\u00a1Oh Se\u00f1or, Pastor de la casa de Israel, que conduces a tu pueblo, ven a rescatarnos por el poder de tu brazo! ven pronto, Se\u00f1or. \u00a1Ven, Salvador!.<\/p>\n<p>\u00a1Oh sabidur\u00eda, salida de la boca del Padre, anunciada por los profetas, ven a ense\u00f1arnos el camino de la salvaci\u00f3n! Ven pronto, Se\u00f1or. \u00a1Ven, Salvador!.<\/p>\n<p>Hijo de David, estandarte de los pueblos y los reyes, a quien clama el mundo entero. \u00a1ven a librarnos, Se\u00f1or; no tardes m\u00e1s!<\/p>\n<p><strong>Oraci\u00f3n Comunitaria.<\/strong><\/p>\n<p>Roguemos al Se\u00f1or, para que esta familia sea fiel testimonio de una vida iluminada por la Palabra de Dios.<\/p>\n<p>&#8211; Para que como comunidad cristiana, crezcamos en la Fe, Esperanza y Caridad. <em>Te rogamos, Se\u00f1or.<\/em><\/p>\n<p>&#8211; Para que sepamos dar frutos de justicia. <em>Te rogamos, Se\u00f1or.<\/em><\/p>\n<p>&#8211; Para que todos busquemos el Don de la Paz, tan necesario en estos momentos. <em>Te rogamos, Se\u00f1or.<\/em><\/p>\n<p>&#8211; Para que a lo largo de este a\u00f1o Lit\u00fargico, sepamos descubrir una forma de vida que responda a las exigencias del Evangelio. <em>Te rogamos, Se\u00f1or.<\/em><\/p>\n<p>Oremos juntos como hermanos, la oraci\u00f3n que Jes\u00fas nos ense\u00f1\u00f3:<\/p>\n<p><em>Padre Nuestro, que est\u00e1s en el cielo, santificado sea tu nombre. Venga a nosotros tu reino. H\u00e1gase tu voluntad. As\u00ed en la tierra, como en el cielo. Danos hoy, nuestro pan de cada d\u00eda. Perdona nuestras ofensas, as\u00ed como nosotros perdonamos a los que nos ofenden, no nos dejes caer en la tentaci\u00f3n y l\u00edbranos del mal.<\/em><\/p>\n<p><em>Dios te Salve Mar\u00eda, llena eres de gracia, el Se\u00f1or est\u00e1 contigo, bendita tu eres entre todas las mujeres y bendito es el fruto de tu vientre, Jes\u00fas. Santa Mar\u00eda, Madre de Dios, ruega por nosotros los pecadores, ahora y en la hora de nuestra muerte.<\/em><\/p>\n<p>Gloria al Padre, Gloria al Hijo y Gloria al Esp\u00edritu Santo.<\/p>\n<p>Am\u00e9n.<\/p>\n<p><strong>Oraciones<\/strong> para los dem\u00e1s <a title=\"Domingo de Adviento\" href=\"http:\/\/quechilero.com\/blog\/?s=Domingo+de+Adviento\">Domingos de Adviento<\/a>.<\/p>\n","protected":false},"excerpt":{"rendered":"<p>Segundo Domingo de Adviento (ciclo B) Reunida la familia o el grupo de personas, se encienden: la vela del primer domingo y la que corresponde al segundo domingo. Hermanos: Al introducirnos m\u00e1s de lleno en el tiempo de Adviento, la Palabra de Dios nos urge a una reflexi\u00f3n m\u00e1s profunda. Hoy se nos llama a &#8230; <a title=\"Segundo Domingo de Adviento\" class=\"read-more\" href=\"https:\/\/quechilero.com\/blog\/2012\/12\/09\/segundo-domingo-de-adviento\/\" aria-label=\"Leer m\u00e1s sobre Segundo Domingo de Adviento\">Leer m\u00e1s<\/a><\/p>\n","protected":false},"author":1,"featured_media":0,"comment_status":"open","ping_status":"open","sticky":false,"template":"","format":"standard","meta":{"advanced_seo_description":"","jetpack_seo_html_title":"","jetpack_seo_noindex":false,"jetpack_seo_schema_type":"","episode_type":"","audio_file":"","podmotor_file_id":"","podmotor_episode_id":"","cover_image":"","cover_image_id":"","duration":"","filesize":"","filesize_raw":"","date_recorded":"","explicit":"","block":"","_jetpack_newsletter_access":"","_jetpack_dont_email_post_to_subs":false,"_jetpack_newsletter_tier_id":0,"_jetpack_memberships_contains_paywalled_content":false,"_jetpack_feature_clip_id":0,"_jetpack_memberships_contains_paid_content":false,"footnotes":"","jetpack_publicize_message":"","jetpack_publicize_feature_enabled":true,"jetpack_social_post_already_shared":true,"jetpack_social_options":{"image_generator_settings":{"template":"highway","default_image_id":0,"font":"","enabled":false},"version":2},"jetpack_post_was_ever_published":false},"categories":[2],"tags":[51,90,17,74,81,39,50,20,86,42,40,5,24],"series":[],"class_list":["post-15359","post","type-post","status-publish","format-standard","hentry","category-limones","tag-dios","tag-evangelio","tag-historia","tag-jesus","tag-lectura","tag-madre","tag-muerte","tag-mujer","tag-oracion","tag-palabra","tag-paz","tag-tiempo","tag-vida"],"episode_featured_image":false,"episode_player_image":"https:\/\/i0.wp.com\/quechilero.com\/blog\/imagenes\/podcast.png?fit=1831%2C1831&ssl=1","download_link":"","player_link":"","audio_player":false,"episode_data":{"playerMode":"dark","subscribeUrls":{"amazon":{"key":"amazon","url":"","label":"Amazon","class":"amazon","icon":"amazon.png"},"apple_podcasts":{"key":"apple_podcasts","url":"","label":"Apple Podcasts","class":"apple_podcasts","icon":"apple-podcasts.png"},"castbox":{"key":"castbox","url":"","label":"CastBox","class":"castbox","icon":"castbox.png"},"deezer":{"key":"deezer","url":"","label":"Deezer","class":"deezer","icon":"deezer.png"},"google_podcasts":{"key":"google_podcasts","url":"","label":"Google Podcasts","class":"google_podcasts","icon":"google-podcasts.png"},"listen_notes":{"key":"listen_notes","url":"","label":"Listen Notes","class":"listen_notes","icon":"listen-notes.png"},"pandora":{"key":"pandora","url":"","label":"Pandora","class":"pandora","icon":"pandora.png"},"podbean":{"key":"podbean","url":"","label":"Podbean","class":"podbean","icon":"podbean.png"},"podcast_republic":{"key":"podcast_republic","url":"","label":"Podcast Republic","class":"podcast_republic","icon":"podcast-republic.png"},"rss":{"key":"rss","url":"","label":"RSS","class":"rss","icon":"rss.png"},"spotify":{"key":"spotify","url":"","label":"Spotify","class":"spotify","icon":"spotify.png"},"stitcher":{"key":"stitcher","url":"","label":"Stitcher","class":"stitcher","icon":"stitcher.png"},"tunein":{"key":"tunein","url":"","label":"TuneIn","class":"tunein","icon":"tunein.png"},"youtube":{"key":"youtube","url":"","label":"YouTube","class":"youtube","icon":"youtube.png"},"iheartradio":{"key":"iheartradio","url":"","label":"iHeartRadio","class":"iheartradio","icon":"iheartradio.png"},"ivoox":{"key":"ivoox","url":"","label":"iVoox","class":"ivoox","icon":"ivoox.png"}},"rssFeedUrl":"https:\/\/quechilero.com\/blog\/feed\/podcast\/si-la-vida-nos-da-limones","embedCode":"<blockquote class=\"wp-embedded-content\" data-secret=\"OigQoxeI1L\"><a href=\"https:\/\/quechilero.com\/blog\/2012\/12\/09\/segundo-domingo-de-adviento\/\">Segundo Domingo de Adviento<\/a><\/blockquote><iframe sandbox=\"allow-scripts\" security=\"restricted\" src=\"https:\/\/quechilero.com\/blog\/2012\/12\/09\/segundo-domingo-de-adviento\/embed\/#?secret=OigQoxeI1L\" width=\"500\" height=\"350\" title=\"\u00abSegundo Domingo de Adviento\u00bb \u2014 Si la Vida nos da Limones...\" data-secret=\"OigQoxeI1L\" frameborder=\"0\" marginwidth=\"0\" marginheight=\"0\" scrolling=\"no\" class=\"wp-embedded-content\"><\/iframe><script>\n\/*! This file is auto-generated *\/\n!function(d,l){\"use strict\";l.querySelector&&d.addEventListener&&\"undefined\"!=typeof URL&&(d.wp=d.wp||{},d.wp.receiveEmbedMessage||(d.wp.receiveEmbedMessage=function(e){var t=e.data;if((t||t.secret||t.message||t.value)&&!\/[^a-zA-Z0-9]\/.test(t.secret)){for(var s,r,n,a=l.querySelectorAll('iframe[data-secret=\"'+t.secret+'\"]'),o=l.querySelectorAll('blockquote[data-secret=\"'+t.secret+'\"]'),c=new RegExp(\"^https?:$\",\"i\"),i=0;i<o.length;i++)o[i].style.display=\"none\";for(i=0;i<a.length;i++)s=a[i],e.source===s.contentWindow&&(s.removeAttribute(\"style\"),\"height\"===t.message?(1e3<(r=parseInt(t.value,10))?r=1e3:~~r<200&&(r=200),s.height=r):\"link\"===t.message&&(r=new URL(s.getAttribute(\"src\")),n=new URL(t.value),c.test(n.protocol))&&n.host===r.host&&l.activeElement===s&&(d.top.location.href=t.value))}},d.addEventListener(\"message\",d.wp.receiveEmbedMessage,!1),l.addEventListener(\"DOMContentLoaded\",function(){for(var e,t,s=l.querySelectorAll(\"iframe.wp-embedded-content\"),r=0;r<s.length;r++)(t=(e=s[r]).getAttribute(\"data-secret\"))||(t=Math.random().toString(36).substring(2,12),e.src+=\"#?secret=\"+t,e.setAttribute(\"data-secret\",t)),e.contentWindow.postMessage({message:\"ready\",secret:t},\"*\")},!1)))}(window,document);\n\/\/# sourceURL=https:\/\/quechilero.com\/blog\/wp-includes\/js\/wp-embed.min.js\n<\/script>\n"},"jetpack_publicize_connections":[],"jetpack_shortlink":"https:\/\/wp.me\/pDKli-3ZJ","jetpack_sharing_enabled":true,"jetpack-related-posts":[{"id":15358,"url":"https:\/\/quechilero.com\/blog\/2012\/12\/02\/primer-domingo-de-adviento\/","url_meta":{"origin":15359,"position":0},"title":"Primer Domingo de Adviento","author":"Pepe Barrascout Ortiz","date":"2 diciembre 2012","format":false,"excerpt":"Primer Domingo de Adviento (ciclo B) Cabeza de Familia: Hermanos: Al iniciar hoy el Adviento, comenzamos el A\u00f1o Lit\u00fargico, s\u00edmbolo de nuestra larga traves\u00eda por la vida. Vamos caminando por el desierto, atravesando unas veces, bellos oasis; otras sofocantes desiertos. Lo hacemos con alegr\u00eda y con miedo, con fe y\u2026","rel":"","context":"En \u00abLimones\u00bb","block_context":{"text":"Limones","link":"https:\/\/quechilero.com\/blog\/category\/limones\/"},"img":{"alt_text":"","src":"https:\/\/i0.wp.com\/i392.photobucket.com\/albums\/pp7\/pepejaguar\/blog\/1-domingo-adviento.png?resize=350%2C200","width":350,"height":200,"srcset":"https:\/\/i0.wp.com\/i392.photobucket.com\/albums\/pp7\/pepejaguar\/blog\/1-domingo-adviento.png?resize=350%2C200 1x, https:\/\/i0.wp.com\/i392.photobucket.com\/albums\/pp7\/pepejaguar\/blog\/1-domingo-adviento.png?resize=525%2C300 1.5x"},"classes":[]},{"id":15360,"url":"https:\/\/quechilero.com\/blog\/2012\/12\/16\/tercer-domingo-de-adviento\/","url_meta":{"origin":15359,"position":1},"title":"Tercer Domingo de Adviento","author":"Pepe Barrascout Ortiz","date":"16 diciembre 2012","format":false,"excerpt":"Tercer Domingo de Adviento (ciclo B) Reunida la familia o grupo de personas, se encienden las candelas del primero domingo, la del segundo y la del tercer domingo. Hermanos: A medida que avanza el Adviento y crece nuestra expectativa por un encuentro m\u00e1s intenso con Jes\u00fas, la Palabra de Dios,\u2026","rel":"","context":"En \u00abLimones\u00bb","block_context":{"text":"Limones","link":"https:\/\/quechilero.com\/blog\/category\/limones\/"},"img":{"alt_text":"","src":"https:\/\/i0.wp.com\/i392.photobucket.com\/albums\/pp7\/pepejaguar\/blog\/3-domingo-adviento.png?resize=350%2C200","width":350,"height":200,"srcset":"https:\/\/i0.wp.com\/i392.photobucket.com\/albums\/pp7\/pepejaguar\/blog\/3-domingo-adviento.png?resize=350%2C200 1x, https:\/\/i0.wp.com\/i392.photobucket.com\/albums\/pp7\/pepejaguar\/blog\/3-domingo-adviento.png?resize=525%2C300 1.5x"},"classes":[]},{"id":15361,"url":"https:\/\/quechilero.com\/blog\/2012\/12\/23\/cuarto-domingo-de-adviento\/","url_meta":{"origin":15359,"position":2},"title":"Cuarto Domingo de Adviento","author":"Pepe Barrascout Ortiz","date":"23 diciembre 2012","format":false,"excerpt":"Cuarto Domingo de Adviento (ciclo B) Reunidos todos, se encienden las cuatro velas de la corona en el orden acostumbrado (este d\u00eda lo puede hacer uno de los ni\u00f1os mas peque\u00f1os). Hermanos: A pocos d\u00edas de la Navidad, la Liturgia se une al simbolismo popular de esta fiesta, y nos\u2026","rel":"","context":"En \u00abLimones\u00bb","block_context":{"text":"Limones","link":"https:\/\/quechilero.com\/blog\/category\/limones\/"},"img":{"alt_text":"","src":"https:\/\/i0.wp.com\/i392.photobucket.com\/albums\/pp7\/pepejaguar\/blog\/4-domingo-adviento.png?resize=350%2C200","width":350,"height":200,"srcset":"https:\/\/i0.wp.com\/i392.photobucket.com\/albums\/pp7\/pepejaguar\/blog\/4-domingo-adviento.png?resize=350%2C200 1x, https:\/\/i0.wp.com\/i392.photobucket.com\/albums\/pp7\/pepejaguar\/blog\/4-domingo-adviento.png?resize=525%2C300 1.5x"},"classes":[]},{"id":17119,"url":"https:\/\/quechilero.com\/blog\/2013\/09\/11\/el-domingo-ya-empieza-el-adviento\/","url_meta":{"origin":15359,"position":3},"title":"\u00a1El domingo ya empieza el Adviento!","author":"Pepe Barrascout Ortiz","date":"11 septiembre 2013","format":false,"excerpt":"Cuatro domingos de Adviento tendr\u00e1n que pasar para que ya, una vez m\u00e1s, estemos en Navidad. Es tiempo de preparaci\u00f3n puesto que siempre que esperamos recibir a una persona importante, nos preparamos. La Iglesia nos invita a que introduzcamos en nuestro esp\u00edritu y en nuestro cotidiano vivir un nuevo aspecto\u2026","rel":"","context":"En \u00abLimones\u00bb","block_context":{"text":"Limones","link":"https:\/\/quechilero.com\/blog\/category\/limones\/"},"img":{"alt_text":"","src":"","width":0,"height":0},"classes":[]},{"id":17573,"url":"https:\/\/quechilero.com\/blog\/2013\/12\/10\/el-senor-vino-viene-y-vendra\/","url_meta":{"origin":15359,"position":4},"title":"El Se\u00f1or vino, viene y vendr\u00e1","author":"Pepe Barrascout Ortiz","date":"10 diciembre 2013","format":false,"excerpt":"En el Adviento celebramos el misterio de la venida del Se\u00f1or en una actitud gozosa, de vigilancia, de espera y de acogida. Nuestra vida se presenta, con asombro siempre nuevo, ante el misterio entra\u00f1able de un Dios que se ha hecho hombre. Con el Adviento se nos convoca a preparar\u2026","rel":"","context":"En \u00abLimones\u00bb","block_context":{"text":"Limones","link":"https:\/\/quechilero.com\/blog\/category\/limones\/"},"img":{"alt_text":"","src":"","width":0,"height":0},"classes":[]},{"id":17577,"url":"https:\/\/quechilero.com\/blog\/2013\/12\/14\/adviento-tres-miradas\/","url_meta":{"origin":15359,"position":5},"title":"Adviento: tres miradas","author":"Pepe Barrascout Ortiz","date":"14 diciembre 2013","format":false,"excerpt":"Nuestro Adviento es una mirada hacia atr\u00e1s, hacia aquel acontecimiento trascendental para vivirlo con toda la intensidad, y celebrar que Dios se ha hecho hombre, que Dios ha entrado en nuestra historia. Nuestro Adviento es una mirada a nuestro entorno para celebrar la venida constante de Dios. Invitados a vivir\u2026","rel":"","context":"En \u00abLimones\u00bb","block_context":{"text":"Limones","link":"https:\/\/quechilero.com\/blog\/category\/limones\/"},"img":{"alt_text":"","src":"","width":0,"height":0},"classes":[]}],"jetpack_featured_media_url":"","_links":{"self":[{"href":"https:\/\/quechilero.com\/blog\/wp-json\/wp\/v2\/posts\/15359","targetHints":{"allow":["GET"]}}],"collection":[{"href":"https:\/\/quechilero.com\/blog\/wp-json\/wp\/v2\/posts"}],"about":[{"href":"https:\/\/quechilero.com\/blog\/wp-json\/wp\/v2\/types\/post"}],"author":[{"embeddable":true,"href":"https:\/\/quechilero.com\/blog\/wp-json\/wp\/v2\/users\/1"}],"replies":[{"embeddable":true,"href":"https:\/\/quechilero.com\/blog\/wp-json\/wp\/v2\/comments?post=15359"}],"version-history":[{"count":0,"href":"https:\/\/quechilero.com\/blog\/wp-json\/wp\/v2\/posts\/15359\/revisions"}],"wp:attachment":[{"href":"https:\/\/quechilero.com\/blog\/wp-json\/wp\/v2\/media?parent=15359"}],"wp:term":[{"taxonomy":"category","embeddable":true,"href":"https:\/\/quechilero.com\/blog\/wp-json\/wp\/v2\/categories?post=15359"},{"taxonomy":"post_tag","embeddable":true,"href":"https:\/\/quechilero.com\/blog\/wp-json\/wp\/v2\/tags?post=15359"},{"taxonomy":"series","embeddable":true,"href":"https:\/\/quechilero.com\/blog\/wp-json\/wp\/v2\/series?post=15359"}],"curies":[{"name":"wp","href":"https:\/\/api.w.org\/{rel}","templated":true}]}}