{"id":1533,"date":"2008-10-30T10:33:12","date_gmt":"2008-10-30T16:33:12","guid":{"rendered":"http:\/\/quechilero.com\/blog\/?p=1533"},"modified":"2008-10-30T10:33:12","modified_gmt":"2008-10-30T16:33:12","slug":"fotos-de-fantasmas-y-aparecidos","status":"publish","type":"post","link":"https:\/\/quechilero.com\/blog\/2008\/10\/30\/fotos-de-fantasmas-y-aparecidos\/","title":{"rendered":"Fotos de fantasmas y aparecidos"},"content":{"rendered":"<p>Para entrar a tono con la \u00e9poca, a continuaci\u00f3n una recopilaci\u00f3n de <strong>Fotos de fantasmas y aparecidos<\/strong> y su <em>breve historia<\/em>, \u00bfedici\u00f3n fotogr\u00e1fica o estamos frente a un <em>fen\u00f3meno sobrenatural<\/em>?<\/p>\n<p><strong>The Brown Lady<\/strong><\/p>\n<p>Cuenta la leyenda que &#8216;The Brown Lady&#8217; es el esp\u00edritu de la se\u00f1ora<strong> Townshend<\/strong>, esposa de Charles Townshend, quien supo que su mujer le estaba siendo infiel y la castig\u00f3 encerr\u00e1ndola en una instancia del castillo de Raynham. No la dej\u00f3 ni ver a sus ni\u00f1os. Ella permaneci\u00f3 encerrada en esa lamentable situaci\u00f3n, rogando poder ver a sus hijos, hasta el d\u00eda de su muerte.<\/p>\n<p><strong>Dos siglos despu\u00e9s son muchos los testimonios que aseguran haber visto el fantasma<\/strong> de la se\u00f1ora Townshend vagar por los pasillos del castillo de Raynham, en Norfolk (Inglaterra).<\/p>\n<p>\u00bfPorqu\u00e9 es la se\u00f1ora de caf\u00e9? Porqu\u00e9 todos los testigos que aseguran haberla visto coinciden en que llevaba puesto un vestido marr\u00f3n.<\/p>\n<p style=\"text-align: center;\"><a href=\"http:\/\/s392.photobucket.com\/albums\/pp7\/pepejaguar\/blog\/?action=view&amp;current=350fantasmas1mx5.jpg\" target=\"_blank\"><img data-recalc-dims=\"1\" loading=\"lazy\" decoding=\"async\" class=\"aligncenter\" alt=\"\" src=\"https:\/\/i0.wp.com\/i392.photobucket.com\/albums\/pp7\/pepejaguar\/blog\/350fantasmas1mx5.jpg?resize=350%2C450\" width=\"350\" height=\"450\" \/><\/a><\/p>\n<p><!--more--><\/p>\n<p><strong>El fantasma sentado<\/strong><\/p>\n<p>En la siguiente foto alcanzamos a ver un hombre sentado, lo escalofriante del asunto es que el hombre que est\u00e1 ah\u00ed estaba siendo enterrado en ese preciso momento, el caballero en su sill\u00f3n respond\u00eda en vida al nombre de <strong>Lord Combermere<\/strong>, esto pas\u00f3 en su mansi\u00f3n de Cheshire en diciembre de 1891.<\/p>\n<p style=\"text-align: center;\"><a href=\"http:\/\/s392.photobucket.com\/albums\/pp7\/pepejaguar\/blog\/?action=view&amp;current=350fantasmas2wg4.jpg\"><img data-recalc-dims=\"1\" loading=\"lazy\" decoding=\"async\" class=\"aligncenter\" alt=\"\" src=\"https:\/\/i0.wp.com\/i392.photobucket.com\/albums\/pp7\/pepejaguar\/blog\/350fantasmas2wg4.jpg?resize=350%2C450\" width=\"350\" height=\"450\" \/><\/a><\/p>\n<p><strong>El piloto que aparece en la foto de grupo<\/strong><\/p>\n<p>[ad#smowtion-468&#215;60]<\/p>\n<p><strong>Freddy Jackson<\/strong> era mec\u00e1nico de aviones que muri\u00f3 accidentalmente por una turbina de una avioneta dos d\u00edas antes de tomarse la foto.<\/p>\n<p>Su funeral se celebraba en el momento de capturarse la imagen y cuando se revel\u00f3 el rollo, los compa\u00f1eros se quedaron petrificados al ver <strong>el rostro de Freddy en la fila de hasta arriba<\/strong> justo detr\u00e1s de quien ocupa el cuarto sitio de izquierda a derecha.<\/p>\n<p style=\"text-align: center;\"><a href=\"http:\/\/s392.photobucket.com\/albums\/pp7\/pepejaguar\/blog\/?action=view&amp;current=350fantasmas3ib1.jpg\"><img data-recalc-dims=\"1\" loading=\"lazy\" decoding=\"async\" class=\"aligncenter\" alt=\"\" src=\"https:\/\/i0.wp.com\/i392.photobucket.com\/albums\/pp7\/pepejaguar\/blog\/350fantasmas3ib1.jpg?resize=350%2C450\" width=\"350\" height=\"450\" \/><\/a><\/p>\n<p><strong>El fantasma que vuela en las escaleras<\/strong><\/p>\n<p>Nuevamente en Inglaterra, <strong>en el Museo Nacional Mar\u00edtimo<\/strong>, en la secci\u00f3n de la casa de la reina encontramos una imagen capturada pro el reverendo Ralph Hardy en 1966 donde se aprecia una imagen de algo semi humano que va subiendo por las escaleras.<\/p>\n<p>Esta imagen fue analizada por expertos fotogr\u00e1ficos y llegaron a la conclusi\u00f3n (luego de ver el negativo) que <strong>no ha sido editada y que tampoco se trata de un rayo de luz.<\/strong><\/p>\n<p style=\"text-align: center;\"><a href=\"http:\/\/s392.photobucket.com\/albums\/pp7\/pepejaguar\/blog\/?action=view&amp;current=350fantasmas4lv7.jpg\"><img data-recalc-dims=\"1\" loading=\"lazy\" decoding=\"async\" class=\"aligncenter\" alt=\"\" src=\"https:\/\/i0.wp.com\/i392.photobucket.com\/albums\/pp7\/pepejaguar\/blog\/350fantasmas4lv7.jpg?resize=350%2C450\" width=\"350\" height=\"450\" \/><\/a><\/p>\n<p><strong>El fantasma que se sube al carro<\/strong><\/p>\n<p>En 1959 la se\u00f1ora <strong>Mabel Chinnery<\/strong> fue al cementerio a visitar la tumba de su madre y su marido se qued\u00f3 esper\u00e1ndola en el auto, ella le tom\u00f3 una foto y al revelarla se sorprendieron al ver en el asiento trasero a la mam\u00e1.<\/p>\n<p style=\"text-align: center;\"><a href=\"http:\/\/s392.photobucket.com\/albums\/pp7\/pepejaguar\/blog\/?action=view&amp;current=350fantasmas5.jpg\"><img data-recalc-dims=\"1\" loading=\"lazy\" decoding=\"async\" class=\"aligncenter\" alt=\"\" src=\"https:\/\/i0.wp.com\/i392.photobucket.com\/albums\/pp7\/pepejaguar\/blog\/350fantasmas5.jpg?resize=350%2C450\" width=\"350\" height=\"450\" \/><\/a><\/p>\n<p><strong>El fantasma vaquero<\/strong><\/p>\n<p>Ferry Ike Clanton tom\u00f3 esta foto de su amigo en el pante\u00f3n de <strong>Boothill<\/strong>, se tom\u00f3 en blanco y negro porque quer\u00edan crear un efecto del viejo oeste acorde con la caracterizaci\u00f3n y la ropa.<\/p>\n<p><strong>El fantasma apareci\u00f3 en el momento justo del clic en medio de las tumbas.<\/strong> La sorpresa fue may\u00fascula al ver a un hombre muy delgado con un sombrero negro que emerge de las tumbas, la \u00fanica explicaci\u00f3n es que estuviera de rodillas pero al momento de acercarse a verificar de qui\u00e9n se trataba&#8230; no hab\u00eda nadie.<\/p>\n<p style=\"text-align: center;\"><a href=\"http:\/\/s392.photobucket.com\/albums\/pp7\/pepejaguar\/blog\/?action=view&amp;current=350fantasmas6hr6.jpg\"><img data-recalc-dims=\"1\" loading=\"lazy\" decoding=\"async\" class=\"aligncenter\" alt=\"\" src=\"https:\/\/i0.wp.com\/i392.photobucket.com\/albums\/pp7\/pepejaguar\/blog\/350fantasmas6hr6.jpg?resize=350%2C450\" width=\"350\" height=\"450\" \/><\/a><\/p>\n<p><strong>El fantasma del incendio<\/strong><\/p>\n<p>El 19 de Noviembre de 1995 la torre del municipio de <strong>Wem en Shropshire\u00a0(Inglaterra)<\/strong> sufri\u00f3 un incendi\u00f3 que acab\u00f3 con ella por completo. Muchas personas fueron testigos de c\u00f3mo las flamas devoraban esta construcci\u00f3n de 1905.<\/p>\n<p>Uno de los espectadores comenz\u00f3 a tomar fotos desde el otro lado de la calle, en una de ellas aparece una peque\u00f1a ni\u00f1a semi transparente que nadie vio a simple vista. Se cree que el fantasma es de <strong>Jade Churm<\/strong> una peque\u00f1a que accidentalmente prendi\u00f3 fuego a un tejado con una vela y que hasta el d\u00eda de hoy se rumora que recorre las calles del pueblo.<\/p>\n<p style=\"text-align: center;\"><a href=\"http:\/\/s392.photobucket.com\/albums\/pp7\/pepejaguar\/blog\/?action=view&amp;current=350fantasmas11lt2.jpg\"><img data-recalc-dims=\"1\" loading=\"lazy\" decoding=\"async\" class=\"aligncenter\" alt=\"\" src=\"https:\/\/i0.wp.com\/i392.photobucket.com\/albums\/pp7\/pepejaguar\/blog\/350fantasmas11lt2.jpg?resize=350%2C450\" width=\"350\" height=\"450\" \/><\/a><\/p>\n<p><strong>La mujer de Bachelor&#8217;s Grove<\/strong><\/p>\n<p>En 1991 la Sociedad de Investigaci\u00f3n de fantasmas (Ghost Research Society GRS) realiz\u00f3 una investigaci\u00f3n en el cementerio de <strong>Bachelor&#8217;s Grove<\/strong>, cerca de Chicago, este es uno de los lugares en donde se han registrado m\u00e1s de 100 diferentes sucesos paranormales.<\/p>\n<p>Esta mujer utiliza prendas de otra \u00e9poca y la imagen se confunde con el entorno.<\/p>\n<p style=\"text-align: center;\"><a href=\"http:\/\/s392.photobucket.com\/albums\/pp7\/pepejaguar\/blog\/?action=view&amp;current=350fantasmas7oh2.jpg\"><img data-recalc-dims=\"1\" loading=\"lazy\" decoding=\"async\" class=\"aligncenter\" alt=\"\" src=\"https:\/\/i0.wp.com\/i392.photobucket.com\/albums\/pp7\/pepejaguar\/blog\/350fantasmas7oh2.jpg?resize=350%2C450\" width=\"350\" height=\"450\" \/><\/a><\/p>\n<p><strong>Cabezas en el mar<\/strong><\/p>\n<p>En diciembre de 1924 <strong>James Courtney y Michael Meehan<\/strong> murieron y sus cuerpos fueron lanzados al mar durante la ceremonia del funeral. Al d\u00eda siguiente el capit\u00e1n del barco vio las caras de sus dos tripulantes muertos desde la cubierta.<\/p>\n<p>Tom\u00f3 seis fotograf\u00edas y en la \u00faltima obtuvo esta imagen.<\/p>\n<p style=\"text-align: center;\"><a href=\"http:\/\/s392.photobucket.com\/albums\/pp7\/pepejaguar\/blog\/?action=view&amp;current=350fantasmas8yb2.jpg\"><img data-recalc-dims=\"1\" decoding=\"async\" class=\"aligncenter\" alt=\"\" src=\"https:\/\/i0.wp.com\/i392.photobucket.com\/albums\/pp7\/pepejaguar\/blog\/350fantasmas8yb2.jpg?w=1200\" \/><\/a><\/p>\n<p><strong>El fantasma del tren<\/strong><\/p>\n<p>En San Antonio, Texas, existe una leyenda que cuenta en el cruce de v\u00edas de una carretera sucedi\u00f3 un tr\u00e1gico accidente en el que muchos menores fallecieron, y se cree que <strong>si hay un auto en neutral sobre las v\u00edas, los ni\u00f1os empujan para moverlo y evitar que se repita la tragedia.<\/strong><\/p>\n<p>Se han realizado experimentos donde se coloca un carro sin freno de mano y en punto neutro y se ve como el auto comienza a moverse, despu\u00e9s se le ha echado harina a la carrocer\u00eda y cristales y <strong>se ven peque\u00f1as huellitas.<\/strong><\/p>\n<p style=\"text-align: center;\"><a href=\"https:\/\/i0.wp.com\/i392.photobucket.com\/albums\/pp7\/pepejaguar\/blog\/350fantasmas9yo5.jpg\"><img data-recalc-dims=\"1\" loading=\"lazy\" decoding=\"async\" class=\"aligncenter\" alt=\"\" src=\"https:\/\/i0.wp.com\/i392.photobucket.com\/albums\/pp7\/pepejaguar\/blog\/350fantasmas9yo5.jpg?resize=350%2C450\" width=\"350\" height=\"450\" \/><\/a><\/p>\n<p><strong>El fantasma de la Iglesia<\/strong><\/p>\n<p>En 1963 el reverendo <strong>K.F. Lord<\/strong> captur\u00f3 esta imagen en la Iglesia de Newby en el norte de Yorkshire (Inglaterra). Ha generado mucha pol\u00e9mica porque es muy clara, por la forma en que mira directamente al objetivo pareciera ser un efecto.<\/p>\n<p>Los expertos que la han analizado han descartado que se trate de una doble exposici\u00f3n.<\/p>\n<p style=\"text-align: center;\"><a href=\"http:\/\/s392.photobucket.com\/albums\/pp7\/pepejaguar\/blog\/?action=view&amp;current=350fantasmas10uy9.jpg\"><img data-recalc-dims=\"1\" decoding=\"async\" class=\"aligncenter\" alt=\"\" src=\"https:\/\/i0.wp.com\/i392.photobucket.com\/albums\/pp7\/pepejaguar\/blog\/350fantasmas10uy9.jpg?w=1200\" \/><\/a><\/p>\n<p><strong>El fantasma del beb\u00e9<\/strong><\/p>\n<p>La se\u00f1ora Andrews visitaba la tumba de su hija <strong>Joyce<\/strong> quien muri\u00f3 a los 17 a\u00f1os, no not\u00f3 nada raro mientras tomaba la foto, pero cuando la revel\u00f3 se dio cuenta de que un ni\u00f1o peque\u00f1o estaba sentado sobre la cripta.<\/p>\n<p>En 1990 un investigador de fen\u00f3menos paranormales encontr\u00f3 que cerca de la tumba de Joyce se encuentran sepultadas dos peque\u00f1as y posiblemente se trate de una de ellas.<\/p>\n<p style=\"text-align: center;\"><a href=\"http:\/\/s392.photobucket.com\/albums\/pp7\/pepejaguar\/blog\/?action=view&amp;current=350fantasmas13ne4.jpg\"><img data-recalc-dims=\"1\" decoding=\"async\" class=\"aligncenter\" alt=\"\" src=\"https:\/\/i0.wp.com\/i392.photobucket.com\/albums\/pp7\/pepejaguar\/blog\/350fantasmas13ne4.jpg?w=1200\" \/><\/a><\/p>\n<p><strong>El fantasma del abuelo<\/strong><\/p>\n<p><strong>Dennis Russell<\/strong> tom\u00f3 esta imagen a su abuela en 1997 y se sorprendi\u00f3 al ver detr\u00e1s a su abuelo a\u00f1os despu\u00e9s de haberla revelado.<\/p>\n<p style=\"text-align: center;\"><a href=\"http:\/\/s392.photobucket.com\/albums\/pp7\/pepejaguar\/blog\/?action=view&amp;current=350fantasmas14rg9.jpg\"><img data-recalc-dims=\"1\" loading=\"lazy\" decoding=\"async\" class=\"aligncenter\" alt=\"\" src=\"https:\/\/i0.wp.com\/i392.photobucket.com\/albums\/pp7\/pepejaguar\/blog\/350fantasmas14rg9.jpg?resize=350%2C450\" width=\"350\" height=\"450\" \/><\/a><\/p>\n<p>Alguna informaci\u00f3n tomada de: <a title=\"Nosotras\" href=\"http:\/\/nosotras.com\" target=\"_blank\">Nosotras<\/a><\/p>\n<p><strong>Actualizaci\u00f3n:<\/strong>\u00a0<em>27 enero 2013.<\/em> Un lector nos comparte el siguiente video, del programa\u00a0<em>Espectros<\/em>, que se transmit\u00eda en\u00a0<em>Guatevisi\u00f3n<\/em>.<\/p>\n<p><span class=\"embed-youtube\" style=\"text-align:center; display: block;\"><iframe loading=\"lazy\" class=\"youtube-player\" width=\"1200\" height=\"675\" src=\"https:\/\/www.youtube.com\/embed\/Mh415iqnduw?version=3&#038;rel=1&#038;showsearch=0&#038;showinfo=1&#038;iv_load_policy=1&#038;fs=1&#038;hl=es-ES&#038;autohide=2&#038;wmode=transparent\" allowfullscreen=\"true\" style=\"border:0;\" sandbox=\"allow-scripts allow-same-origin allow-popups allow-presentation allow-popups-to-escape-sandbox\"><\/iframe><\/span><\/p>\n","protected":false},"excerpt":{"rendered":"<p>Para entrar a tono con la \u00e9poca, a continuaci\u00f3n una recopilaci\u00f3n de Fotos de fantasmas y aparecidos y su breve historia, \u00bfedici\u00f3n fotogr\u00e1fica o estamos frente a un fen\u00f3meno sobrenatural? The Brown Lady Cuenta la leyenda que &#8216;The Brown Lady&#8217; es el esp\u00edritu de la se\u00f1ora Townshend, esposa de Charles Townshend, quien supo que su &#8230; <a title=\"Fotos de fantasmas y aparecidos\" class=\"read-more\" href=\"https:\/\/quechilero.com\/blog\/2008\/10\/30\/fotos-de-fantasmas-y-aparecidos\/\" aria-label=\"Leer m\u00e1s sobre Fotos de fantasmas y aparecidos\">Leer m\u00e1s<\/a><\/p>\n","protected":false},"author":1,"featured_media":0,"comment_status":"open","ping_status":"open","sticky":false,"template":"","format":"standard","meta":{"advanced_seo_description":"","jetpack_seo_html_title":"","jetpack_seo_noindex":false,"jetpack_seo_schema_type":"","episode_type":"","audio_file":"","podmotor_file_id":"","podmotor_episode_id":"","cover_image":"","cover_image_id":"","duration":"","filesize":"","filesize_raw":"","date_recorded":"","explicit":"","block":"","_jetpack_newsletter_access":"","_jetpack_dont_email_post_to_subs":false,"_jetpack_newsletter_tier_id":0,"_jetpack_memberships_contains_paywalled_content":false,"_jetpack_feature_clip_id":0,"_jetpack_memberships_contains_paid_content":false,"footnotes":"","jetpack_publicize_message":"","jetpack_publicize_feature_enabled":true,"jetpack_social_post_already_shared":false,"jetpack_social_options":{"image_generator_settings":{"template":"highway","default_image_id":0,"font":"","enabled":false},"version":2},"jetpack_post_was_ever_published":false},"categories":[2],"tags":[11,4,8,17,18,39,50,20,24,25,53],"series":[],"class_list":["post-1533","post","type-post","status-publish","format-standard","hentry","category-limones","tag-amigo","tag-blog","tag-fotografia","tag-historia","tag-hombre","tag-madre","tag-muerte","tag-mujer","tag-vida","tag-video","tag-youtube"],"episode_featured_image":false,"episode_player_image":"https:\/\/i0.wp.com\/quechilero.com\/blog\/imagenes\/podcast.png?fit=1831%2C1831&ssl=1","download_link":"","player_link":"","audio_player":false,"episode_data":{"playerMode":"dark","subscribeUrls":{"amazon":{"key":"amazon","url":"","label":"Amazon","class":"amazon","icon":"amazon.png"},"apple_podcasts":{"key":"apple_podcasts","url":"","label":"Apple Podcasts","class":"apple_podcasts","icon":"apple-podcasts.png"},"castbox":{"key":"castbox","url":"","label":"CastBox","class":"castbox","icon":"castbox.png"},"deezer":{"key":"deezer","url":"","label":"Deezer","class":"deezer","icon":"deezer.png"},"google_podcasts":{"key":"google_podcasts","url":"","label":"Google Podcasts","class":"google_podcasts","icon":"google-podcasts.png"},"listen_notes":{"key":"listen_notes","url":"","label":"Listen Notes","class":"listen_notes","icon":"listen-notes.png"},"pandora":{"key":"pandora","url":"","label":"Pandora","class":"pandora","icon":"pandora.png"},"podbean":{"key":"podbean","url":"","label":"Podbean","class":"podbean","icon":"podbean.png"},"podcast_republic":{"key":"podcast_republic","url":"","label":"Podcast Republic","class":"podcast_republic","icon":"podcast-republic.png"},"rss":{"key":"rss","url":"","label":"RSS","class":"rss","icon":"rss.png"},"spotify":{"key":"spotify","url":"","label":"Spotify","class":"spotify","icon":"spotify.png"},"stitcher":{"key":"stitcher","url":"","label":"Stitcher","class":"stitcher","icon":"stitcher.png"},"tunein":{"key":"tunein","url":"","label":"TuneIn","class":"tunein","icon":"tunein.png"},"youtube":{"key":"youtube","url":"","label":"YouTube","class":"youtube","icon":"youtube.png"},"iheartradio":{"key":"iheartradio","url":"","label":"iHeartRadio","class":"iheartradio","icon":"iheartradio.png"},"ivoox":{"key":"ivoox","url":"","label":"iVoox","class":"ivoox","icon":"ivoox.png"}},"rssFeedUrl":"https:\/\/quechilero.com\/blog\/feed\/podcast\/si-la-vida-nos-da-limones","embedCode":"<blockquote class=\"wp-embedded-content\" data-secret=\"e6OeqW9yN4\"><a href=\"https:\/\/quechilero.com\/blog\/2008\/10\/30\/fotos-de-fantasmas-y-aparecidos\/\">Fotos de fantasmas y aparecidos<\/a><\/blockquote><iframe sandbox=\"allow-scripts\" security=\"restricted\" src=\"https:\/\/quechilero.com\/blog\/2008\/10\/30\/fotos-de-fantasmas-y-aparecidos\/embed\/#?secret=e6OeqW9yN4\" width=\"500\" height=\"350\" title=\"\u00abFotos de fantasmas y aparecidos\u00bb \u2014 Si la Vida nos da Limones...\" data-secret=\"e6OeqW9yN4\" frameborder=\"0\" marginwidth=\"0\" marginheight=\"0\" scrolling=\"no\" class=\"wp-embedded-content\"><\/iframe><script>\n\/*! This file is auto-generated *\/\n!function(d,l){\"use strict\";l.querySelector&&d.addEventListener&&\"undefined\"!=typeof URL&&(d.wp=d.wp||{},d.wp.receiveEmbedMessage||(d.wp.receiveEmbedMessage=function(e){var t=e.data;if((t||t.secret||t.message||t.value)&&!\/[^a-zA-Z0-9]\/.test(t.secret)){for(var s,r,n,a=l.querySelectorAll('iframe[data-secret=\"'+t.secret+'\"]'),o=l.querySelectorAll('blockquote[data-secret=\"'+t.secret+'\"]'),c=new RegExp(\"^https?:$\",\"i\"),i=0;i<o.length;i++)o[i].style.display=\"none\";for(i=0;i<a.length;i++)s=a[i],e.source===s.contentWindow&&(s.removeAttribute(\"style\"),\"height\"===t.message?(1e3<(r=parseInt(t.value,10))?r=1e3:~~r<200&&(r=200),s.height=r):\"link\"===t.message&&(r=new URL(s.getAttribute(\"src\")),n=new URL(t.value),c.test(n.protocol))&&n.host===r.host&&l.activeElement===s&&(d.top.location.href=t.value))}},d.addEventListener(\"message\",d.wp.receiveEmbedMessage,!1),l.addEventListener(\"DOMContentLoaded\",function(){for(var e,t,s=l.querySelectorAll(\"iframe.wp-embedded-content\"),r=0;r<s.length;r++)(t=(e=s[r]).getAttribute(\"data-secret\"))||(t=Math.random().toString(36).substring(2,12),e.src+=\"#?secret=\"+t,e.setAttribute(\"data-secret\",t)),e.contentWindow.postMessage({message:\"ready\",secret:t},\"*\")},!1)))}(window,document);\n\/\/# sourceURL=https:\/\/quechilero.com\/blog\/wp-includes\/js\/wp-embed.min.js\n<\/script>\n"},"jetpack_publicize_connections":[],"jetpack_shortlink":"https:\/\/wp.me\/pDKli-oJ","jetpack_sharing_enabled":true,"jetpack-related-posts":[{"id":1258,"url":"https:\/\/quechilero.com\/blog\/2008\/08\/27\/casa-de-espantos\/","url_meta":{"origin":1533,"position":0},"title":"Marat\u00f3n &#8211; Casa de Espantos","author":"Pepe Barrascout Ortiz","date":"27 agosto 2008","format":false,"excerpt":"Una noche eterna, El Vigilante, La Dama de Negro, Una Peque\u00f1a Ni\u00f1a, Mi Abuela me contaba, La Se\u00f1ora de los cafetales, La Guardiana, A galope en la madrugada, Desdoblamientos, son solo algunas de las muchas historias y leyendas que desde el 25 de junio 2007 se cuentan en la Casa\u2026","rel":"","context":"En \u00abBlogs de Guatemala\u00bb","block_context":{"text":"Blogs de Guatemala","link":"https:\/\/quechilero.com\/blog\/category\/blogs-de-guatemala\/"},"img":{"alt_text":"","src":"https:\/\/i0.wp.com\/img518.imageshack.us\/img518\/4420\/maratonxy8.jpg?resize=350%2C200","width":350,"height":200},"classes":[]},{"id":27327,"url":"https:\/\/quechilero.com\/blog\/2010\/10\/03\/el-santo-rosario-misterios-gloriosos\/","url_meta":{"origin":1533,"position":1},"title":"El Santo Rosario: Misterios Gloriosos","author":"Pepe Barrascout Ortiz","date":"3 octubre 2010","format":false,"excerpt":"Los Misterios Gloriosos los rezamos los Domingos y Martes \u00a0 En el nombre del Padre, y del Hijo, y del Esp\u00edritu Santo. Am\u00e9n. Dios m\u00edo, ven en mi auxilio. Se\u00f1or, date prisa en socorrerme. Gloria al Padre, Gloria al Hijo y Gloria al Esp\u00edritu Santo, Am\u00e9n. Primer Misterio Glorioso. La\u2026","rel":"","context":"En \u00abEl Santo Rosario\u00bb","block_context":{"text":"El Santo Rosario","link":"https:\/\/quechilero.com\/blog\/category\/podcast\/el-santo-rosario\/"},"img":{"alt_text":"Misterios Gloriosos","src":"https:\/\/i0.wp.com\/i392.photobucket.com\/albums\/pp7\/pepejaguar\/blog\/Misterios-Gloriosos_zps93f1b8d6.jpg?resize=350%2C200","width":350,"height":200,"srcset":"https:\/\/i0.wp.com\/i392.photobucket.com\/albums\/pp7\/pepejaguar\/blog\/Misterios-Gloriosos_zps93f1b8d6.jpg?resize=350%2C200 1x, https:\/\/i0.wp.com\/i392.photobucket.com\/albums\/pp7\/pepejaguar\/blog\/Misterios-Gloriosos_zps93f1b8d6.jpg?resize=525%2C300 1.5x"},"classes":[]},{"id":8136,"url":"https:\/\/quechilero.com\/blog\/2011\/04\/22\/jesus-nazareno-nuestra-senora-de-concepcion\/","url_meta":{"origin":1533,"position":2},"title":"Jes\u00fas Nazareno, Nuestra Se\u00f1ora de Concepci\u00f3n","author":"Pepe Barrascout Ortiz","date":"22 abril 2011","format":false,"excerpt":"Viernes Santo, Viernes Santo,Viernes Santo\u00a0en aquel dia iba la virgen Maria en busca de su hijo amado.\u00a0Al volver de una esquina con una mujer se ha encontrado -Se\u00f1ora, \u00bfha visto usted a mi hijo amado? -Si se\u00f1ora que lo he visto, por aqui ha pasado,\u00a0con el peso de la cruz\u2026","rel":"","context":"En \u00abLimones\u00bb","block_context":{"text":"Limones","link":"https:\/\/quechilero.com\/blog\/category\/limones\/"},"img":{"alt_text":"","src":"","width":0,"height":0},"classes":[]},{"id":633,"url":"https:\/\/quechilero.com\/blog\/2007\/08\/18\/maraton-de-blogs-apareces-tu\/","url_meta":{"origin":1533,"position":3},"title":"Marat\u00f3n de Blogs &#8211; Apareces Tu","author":"Pepe Barrascout Ortiz","date":"18 agosto 2007","format":false,"excerpt":"Sigue el Marat\u00f3n de Blogs, con este texto publicado originalmente en el blog Tu mundo de poes\u00eda, un lindo poema que llena el alma y enriquece los sentimientos. Este va dedicado a ti Kiki. ********** Apareces Tu... Me he prometido pedirme perd\u00f3n me he confesado con mi coraz\u00f3n me he\u2026","rel":"","context":"En \u00abLimones\u00bb","block_context":{"text":"Limones","link":"https:\/\/quechilero.com\/blog\/category\/limones\/"},"img":{"alt_text":"","src":"","width":0,"height":0},"classes":[]},{"id":13911,"url":"https:\/\/quechilero.com\/blog\/2012\/12\/08\/ave-maria-ellens-dritter-gesang\/","url_meta":{"origin":1533,"position":4},"title":"Ave Mar\u00eda &#8211; Ellens dritter Gesang","author":"Pepe Barrascout Ortiz","date":"8 diciembre 2012","format":false,"excerpt":"Hoy que celebramos el d\u00eda de la Virgen de Concepci\u00f3n, cuando el \u00e1ngel del Se\u00f1or le anuncia a la Sant\u00edsima Virgen Mar\u00eda, que ser\u00e1 la Madre de Dios\u00a0y ella con alegr\u00eda, acepta tan importante encargo, lo celebramos cantando el Ave Mar\u00eda, recordando que todos estamos llamados a la santidad. https:\/\/youtu.be\/sZoZwdesumY\u2026","rel":"","context":"En \u00abLimones\u00bb","block_context":{"text":"Limones","link":"https:\/\/quechilero.com\/blog\/category\/limones\/"},"img":{"alt_text":"","src":"https:\/\/i0.wp.com\/img.youtube.com\/vi\/sZoZwdesumY\/0.jpg?resize=350%2C200","width":350,"height":200},"classes":[]},{"id":243,"url":"https:\/\/quechilero.com\/blog\/2006\/09\/15\/las-chocas-de-a-25\/","url_meta":{"origin":1533,"position":5},"title":"Las Chocas de a 25","author":"Pepe Barrascout Ortiz","date":"15 septiembre 2006","format":false,"excerpt":"El art\u00edculo que escribi\u00f3 El mundo de macros y que habla sobre un detalle que observ\u00f3 en una moneda de 25 centavos acu\u00f1ada en 1981, si desean saber m\u00e1s sobre este art\u00edculo titulado: \"El misterio de las chocas del 81\", los invito a que lo visiten. Al leer este texto\u2026","rel":"","context":"En \u00abLimones\u00bb","block_context":{"text":"Limones","link":"https:\/\/quechilero.com\/blog\/category\/limones\/"},"img":{"alt_text":"Choca","src":"https:\/\/i0.wp.com\/static.flickr.com\/84\/243491321_9e812c12e7_o.jpg?resize=350%2C200","width":350,"height":200},"classes":[]}],"jetpack_featured_media_url":"","_links":{"self":[{"href":"https:\/\/quechilero.com\/blog\/wp-json\/wp\/v2\/posts\/1533","targetHints":{"allow":["GET"]}}],"collection":[{"href":"https:\/\/quechilero.com\/blog\/wp-json\/wp\/v2\/posts"}],"about":[{"href":"https:\/\/quechilero.com\/blog\/wp-json\/wp\/v2\/types\/post"}],"author":[{"embeddable":true,"href":"https:\/\/quechilero.com\/blog\/wp-json\/wp\/v2\/users\/1"}],"replies":[{"embeddable":true,"href":"https:\/\/quechilero.com\/blog\/wp-json\/wp\/v2\/comments?post=1533"}],"version-history":[{"count":0,"href":"https:\/\/quechilero.com\/blog\/wp-json\/wp\/v2\/posts\/1533\/revisions"}],"wp:attachment":[{"href":"https:\/\/quechilero.com\/blog\/wp-json\/wp\/v2\/media?parent=1533"}],"wp:term":[{"taxonomy":"category","embeddable":true,"href":"https:\/\/quechilero.com\/blog\/wp-json\/wp\/v2\/categories?post=1533"},{"taxonomy":"post_tag","embeddable":true,"href":"https:\/\/quechilero.com\/blog\/wp-json\/wp\/v2\/tags?post=1533"},{"taxonomy":"series","embeddable":true,"href":"https:\/\/quechilero.com\/blog\/wp-json\/wp\/v2\/series?post=1533"}],"curies":[{"name":"wp","href":"https:\/\/api.w.org\/{rel}","templated":true}]}}