{"id":15270,"date":"2012-12-27T08:00:09","date_gmt":"2012-12-27T14:00:09","guid":{"rendered":"http:\/\/quechilero.com\/blog\/?p=15270"},"modified":"2012-12-27T08:00:09","modified_gmt":"2012-12-27T14:00:09","slug":"estorbo-quien","status":"publish","type":"post","link":"https:\/\/quechilero.com\/blog\/2012\/12\/27\/estorbo-quien\/","title":{"rendered":"\u00bfEstorbo? \u00bfQui\u00e9n?"},"content":{"rendered":"<p>Mercedes hab\u00eda logrado hacer realidad su sue\u00f1o. Se hab\u00eda sumado al coro de su iglesia, algo que siempre hab\u00eda querido hacer. El problema era que tanto ella como los dem\u00e1s se pod\u00edan dar cuenta de que no estaba dotada de una melodiosa voz ni tampoco parec\u00eda dotada con la capacidad de mantener el ritmo.<\/p>\n<p>Ella le meti\u00f3 coraz\u00f3n a las pr\u00e1cticas semanales\u2026 pero tal parec\u00eda que lo suyo era un caso perdido. Pod\u00eda ver c\u00f3mo los dem\u00e1s miembros del coro se le quedaban mirando cada vez que desentonaba en las pr\u00e1cticas\u2026 lo cual, desgraciadamente, era bastante frecuente. El director del coro, queriendo apoyarla, parec\u00eda ignorar sus errores y m\u00e1s bien la animaba a seguir practicando.<\/p>\n<p>Finalmente, tras dos meses de extrema frustraci\u00f3n, Mercedes lleg\u00f3 a su casa desanimada. Se arrodill\u00f3 junto a su cama y le dijo a Dios que no pod\u00eda seguir con la farsa. Ella no pose\u00eda el don del canto y lo que hac\u00eda era estorbar el avance del coro de la iglesia\u2026 lo cual obviamente no pod\u00eda ser del agrado del Se\u00f1or.<\/p>\n<p>Sumida como estaba en su profundo dolor y frustraci\u00f3n, escuch\u00f3 la voz del Se\u00f1or que le contestaba diciendo: \u00ab\u00bfCoro? \u00bfQu\u00e9 coro? Yo s\u00f3lo te escucho a ti\u00bb.<\/p>\n","protected":false},"excerpt":{"rendered":"<p>Mercedes hab\u00eda logrado hacer realidad su sue\u00f1o. Se hab\u00eda sumado al coro de su iglesia, algo que siempre hab\u00eda querido hacer. El problema era que tanto ella como los dem\u00e1s se pod\u00edan dar cuenta de que no estaba dotada de una melodiosa voz ni tampoco parec\u00eda dotada con la capacidad de mantener el ritmo. Ella &#8230; <a title=\"\u00bfEstorbo? \u00bfQui\u00e9n?\" class=\"read-more\" href=\"https:\/\/quechilero.com\/blog\/2012\/12\/27\/estorbo-quien\/\" aria-label=\"Leer m\u00e1s sobre \u00bfEstorbo? \u00bfQui\u00e9n?\">Leer m\u00e1s<\/a><\/p>\n","protected":false},"author":1,"featured_media":0,"comment_status":"open","ping_status":"open","sticky":false,"template":"","format":"standard","meta":{"advanced_seo_description":"","jetpack_seo_html_title":"","jetpack_seo_noindex":false,"jetpack_seo_schema_type":"","episode_type":"","audio_file":"","podmotor_file_id":"","podmotor_episode_id":"","cover_image":"","cover_image_id":"","duration":"","filesize":"","filesize_raw":"","date_recorded":"","explicit":"","block":"","_jetpack_newsletter_access":"","_jetpack_dont_email_post_to_subs":false,"_jetpack_newsletter_tier_id":0,"_jetpack_memberships_contains_paywalled_content":false,"_jetpack_feature_clip_id":0,"_jetpack_memberships_contains_paid_content":false,"footnotes":"","jetpack_publicize_message":"","jetpack_publicize_feature_enabled":true,"jetpack_social_post_already_shared":true,"jetpack_social_options":{"image_generator_settings":{"template":"highway","default_image_id":0,"font":"","enabled":false},"version":2},"jetpack_post_was_ever_published":false},"categories":[2],"tags":[51,30,31,92,21,56],"series":[],"class_list":["post-15270","post","type-post","status-publish","format-standard","hentry","category-limones","tag-dios","tag-error","tag-errores","tag-frustracion","tag-problema","tag-sueno"],"episode_featured_image":false,"episode_player_image":"https:\/\/i0.wp.com\/quechilero.com\/blog\/imagenes\/podcast.png?fit=1831%2C1831&ssl=1","download_link":"","player_link":"","audio_player":false,"episode_data":{"playerMode":"dark","subscribeUrls":{"amazon":{"key":"amazon","url":"","label":"Amazon","class":"amazon","icon":"amazon.png"},"apple_podcasts":{"key":"apple_podcasts","url":"","label":"Apple Podcasts","class":"apple_podcasts","icon":"apple-podcasts.png"},"castbox":{"key":"castbox","url":"","label":"CastBox","class":"castbox","icon":"castbox.png"},"deezer":{"key":"deezer","url":"","label":"Deezer","class":"deezer","icon":"deezer.png"},"google_podcasts":{"key":"google_podcasts","url":"","label":"Google Podcasts","class":"google_podcasts","icon":"google-podcasts.png"},"listen_notes":{"key":"listen_notes","url":"","label":"Listen Notes","class":"listen_notes","icon":"listen-notes.png"},"pandora":{"key":"pandora","url":"","label":"Pandora","class":"pandora","icon":"pandora.png"},"podbean":{"key":"podbean","url":"","label":"Podbean","class":"podbean","icon":"podbean.png"},"podcast_republic":{"key":"podcast_republic","url":"","label":"Podcast Republic","class":"podcast_republic","icon":"podcast-republic.png"},"rss":{"key":"rss","url":"","label":"RSS","class":"rss","icon":"rss.png"},"spotify":{"key":"spotify","url":"","label":"Spotify","class":"spotify","icon":"spotify.png"},"stitcher":{"key":"stitcher","url":"","label":"Stitcher","class":"stitcher","icon":"stitcher.png"},"tunein":{"key":"tunein","url":"","label":"TuneIn","class":"tunein","icon":"tunein.png"},"youtube":{"key":"youtube","url":"","label":"YouTube","class":"youtube","icon":"youtube.png"},"iheartradio":{"key":"iheartradio","url":"","label":"iHeartRadio","class":"iheartradio","icon":"iheartradio.png"},"ivoox":{"key":"ivoox","url":"","label":"iVoox","class":"ivoox","icon":"ivoox.png"}},"rssFeedUrl":"https:\/\/quechilero.com\/blog\/feed\/podcast\/si-la-vida-nos-da-limones","embedCode":"<blockquote class=\"wp-embedded-content\" data-secret=\"RTaPDUmxM2\"><a href=\"https:\/\/quechilero.com\/blog\/2012\/12\/27\/estorbo-quien\/\">\u00bfEstorbo? \u00bfQui\u00e9n?<\/a><\/blockquote><iframe sandbox=\"allow-scripts\" security=\"restricted\" src=\"https:\/\/quechilero.com\/blog\/2012\/12\/27\/estorbo-quien\/embed\/#?secret=RTaPDUmxM2\" width=\"500\" height=\"350\" title=\"\u00ab\u00bfEstorbo? \u00bfQui\u00e9n?\u00bb \u2014 Si la Vida nos da Limones...\" data-secret=\"RTaPDUmxM2\" frameborder=\"0\" marginwidth=\"0\" marginheight=\"0\" scrolling=\"no\" class=\"wp-embedded-content\"><\/iframe><script>\n\/*! This file is auto-generated *\/\n!function(d,l){\"use strict\";l.querySelector&&d.addEventListener&&\"undefined\"!=typeof URL&&(d.wp=d.wp||{},d.wp.receiveEmbedMessage||(d.wp.receiveEmbedMessage=function(e){var t=e.data;if((t||t.secret||t.message||t.value)&&!\/[^a-zA-Z0-9]\/.test(t.secret)){for(var s,r,n,a=l.querySelectorAll('iframe[data-secret=\"'+t.secret+'\"]'),o=l.querySelectorAll('blockquote[data-secret=\"'+t.secret+'\"]'),c=new RegExp(\"^https?:$\",\"i\"),i=0;i<o.length;i++)o[i].style.display=\"none\";for(i=0;i<a.length;i++)s=a[i],e.source===s.contentWindow&&(s.removeAttribute(\"style\"),\"height\"===t.message?(1e3<(r=parseInt(t.value,10))?r=1e3:~~r<200&&(r=200),s.height=r):\"link\"===t.message&&(r=new URL(s.getAttribute(\"src\")),n=new URL(t.value),c.test(n.protocol))&&n.host===r.host&&l.activeElement===s&&(d.top.location.href=t.value))}},d.addEventListener(\"message\",d.wp.receiveEmbedMessage,!1),l.addEventListener(\"DOMContentLoaded\",function(){for(var e,t,s=l.querySelectorAll(\"iframe.wp-embedded-content\"),r=0;r<s.length;r++)(t=(e=s[r]).getAttribute(\"data-secret\"))||(t=Math.random().toString(36).substring(2,12),e.src+=\"#?secret=\"+t,e.setAttribute(\"data-secret\",t)),e.contentWindow.postMessage({message:\"ready\",secret:t},\"*\")},!1)))}(window,document);\n\/\/# sourceURL=https:\/\/quechilero.com\/blog\/wp-includes\/js\/wp-embed.min.js\n<\/script>\n"},"jetpack_publicize_connections":[],"jetpack_shortlink":"https:\/\/wp.me\/pDKli-3Yi","jetpack_sharing_enabled":true,"jetpack-related-posts":[{"id":7608,"url":"https:\/\/quechilero.com\/blog\/2011\/04\/09\/reflexiones-de-cuaresma-dia-32\/","url_meta":{"origin":15270,"position":0},"title":"Reflexiones de Cuaresma d\u00eda 32","author":"Pepe Barrascout Ortiz","date":"9 abril 2011","format":false,"excerpt":"Oraci\u00f3n inicial Se\u00f1or m\u00edo, Jesucristo, creo firmemente que est\u00e1s aqu\u00ed; en estos pocos minutos de oraci\u00f3n que empiezo ahora quiero pedirte y agradecerte. Pedirte\u00a0la gracia de darme m\u00e1s cuenta de que T\u00fa vives, me escuchas y me amas; tanto, que has querido morir libremente por m\u00ed en la cruz y\u2026","rel":"","context":"En \u00abLimones por mano\u00bb","block_context":{"text":"Limones por mano","link":"https:\/\/quechilero.com\/blog\/category\/limones-por-mano\/"},"img":{"alt_text":"","src":"","width":0,"height":0},"classes":[]},{"id":17775,"url":"https:\/\/quechilero.com\/blog\/2014\/02\/27\/el-joven-rico\/","url_meta":{"origin":15270,"position":1},"title":"El joven rico","author":"Pepe Barrascout Ortiz","date":"27 febrero 2014","format":false,"excerpt":"Cuenta una historia que un joven rico se desprendi\u00f3 de todos sus bienes, entr\u00f3 a un monasterio y se entreg\u00f3 a la oraci\u00f3n, al ayuno y al sacrificio. Pasados los a\u00f1os sent\u00eda que todav\u00eda hab\u00eda una hoguera que no hab\u00eda sido capaz de apagar: Se airaba con frecuencia... Re\u00f1\u00eda con\u2026","rel":"","context":"En \u00abLimones\u00bb","block_context":{"text":"Limones","link":"https:\/\/quechilero.com\/blog\/category\/limones\/"},"img":{"alt_text":"","src":"","width":0,"height":0},"classes":[]},{"id":482,"url":"https:\/\/quechilero.com\/blog\/2007\/04\/03\/como-pedir-perdon\/","url_meta":{"origin":15270,"position":2},"title":"C\u00f3mo pedir perd\u00f3n","author":"Pepe Barrascout Ortiz","date":"3 abril 2007","format":false,"excerpt":"Las disculpas sinceras y sus beneficios para la salud Todos conocemos ese sentimiento. Dijiste algo inapropiado sobre alguien y ese alguien se enter\u00f3. Tal vez, te ayudaste a ti mismo apropi\u00e1ndote del esfuerzo de otra persona. O, en una de esas, robaste. O mentiste. O le\u00edste el diario \u00edntimo de\u2026","rel":"","context":"En \u00abLimones\u00bb","block_context":{"text":"Limones","link":"https:\/\/quechilero.com\/blog\/category\/limones\/"},"img":{"alt_text":"","src":"","width":0,"height":0},"classes":[]},{"id":20055,"url":"https:\/\/quechilero.com\/blog\/2015\/04\/18\/la-rueda-incompleta\/","url_meta":{"origin":15270,"position":3},"title":"La rueda incompleta","author":"Pepe Barrascout Ortiz","date":"18 abril 2015","format":false,"excerpt":"Narra la historia de una rueda a la que le faltaba un pedazo, pues hab\u00edan cortado de ella un trozo triangular. La rueda quer\u00eda estar completa, sin que le faltara nada, as\u00ed que se fue a buscar la pieza que hab\u00eda perdido. Pero como estaba incompleta y s\u00f3lo pod\u00eda rodar\u2026","rel":"","context":"En \u00abLimones\u00bb","block_context":{"text":"Limones","link":"https:\/\/quechilero.com\/blog\/category\/limones\/"},"img":{"alt_text":"","src":"","width":0,"height":0},"classes":[]},{"id":15591,"url":"https:\/\/quechilero.com\/blog\/2013\/01\/09\/honrado\/","url_meta":{"origin":15270,"position":4},"title":"Honrado&#8230;","author":"Pepe Barrascout Ortiz","date":"9 enero 2013","format":false,"excerpt":"En un centro comercial en un lugar de los Estados Unidos una pareja se acerc\u00f3 a comprar un art\u00edculo. La dependiente les atendi\u00f3 sol\u00edcita y no se percat\u00f3 que al darles el cambio, se le fue la mano y les dio mucho dinero de m\u00e1s. Ellos, que ten\u00edan prisa, tampoco\u2026","rel":"","context":"En \u00abLimones\u00bb","block_context":{"text":"Limones","link":"https:\/\/quechilero.com\/blog\/category\/limones\/"},"img":{"alt_text":"","src":"","width":0,"height":0},"classes":[]},{"id":420,"url":"https:\/\/quechilero.com\/blog\/2007\/01\/25\/como-llenar-un-colador-con-agua\/","url_meta":{"origin":15270,"position":5},"title":"Como llenar un colador con agua","author":"Pepe Barrascout Ortiz","date":"25 enero 2007","format":false,"excerpt":"Un grupo de devotos invit\u00f3 a un maestro de meditaci\u00f3n a la casa de uno de ellos para que los instruyera. El maestro dijo que deb\u00edan esforzarse por liberarse de reaccionar en demas\u00eda frente a los hechos de la vida diaria, por lograr una actitud de reverencia, y por adquirir\u2026","rel":"","context":"En \u00abLimones\u00bb","block_context":{"text":"Limones","link":"https:\/\/quechilero.com\/blog\/category\/limones\/"},"img":{"alt_text":"","src":"","width":0,"height":0},"classes":[]}],"jetpack_featured_media_url":"","_links":{"self":[{"href":"https:\/\/quechilero.com\/blog\/wp-json\/wp\/v2\/posts\/15270","targetHints":{"allow":["GET"]}}],"collection":[{"href":"https:\/\/quechilero.com\/blog\/wp-json\/wp\/v2\/posts"}],"about":[{"href":"https:\/\/quechilero.com\/blog\/wp-json\/wp\/v2\/types\/post"}],"author":[{"embeddable":true,"href":"https:\/\/quechilero.com\/blog\/wp-json\/wp\/v2\/users\/1"}],"replies":[{"embeddable":true,"href":"https:\/\/quechilero.com\/blog\/wp-json\/wp\/v2\/comments?post=15270"}],"version-history":[{"count":0,"href":"https:\/\/quechilero.com\/blog\/wp-json\/wp\/v2\/posts\/15270\/revisions"}],"wp:attachment":[{"href":"https:\/\/quechilero.com\/blog\/wp-json\/wp\/v2\/media?parent=15270"}],"wp:term":[{"taxonomy":"category","embeddable":true,"href":"https:\/\/quechilero.com\/blog\/wp-json\/wp\/v2\/categories?post=15270"},{"taxonomy":"post_tag","embeddable":true,"href":"https:\/\/quechilero.com\/blog\/wp-json\/wp\/v2\/tags?post=15270"},{"taxonomy":"series","embeddable":true,"href":"https:\/\/quechilero.com\/blog\/wp-json\/wp\/v2\/series?post=15270"}],"curies":[{"name":"wp","href":"https:\/\/api.w.org\/{rel}","templated":true}]}}