{"id":15254,"date":"2012-12-04T08:00:21","date_gmt":"2012-12-04T14:00:21","guid":{"rendered":"http:\/\/quechilero.com\/blog\/?p=15254"},"modified":"2012-12-04T08:00:21","modified_gmt":"2012-12-04T14:00:21","slug":"quien-es-el","status":"publish","type":"post","link":"https:\/\/quechilero.com\/blog\/2012\/12\/04\/quien-es-el\/","title":{"rendered":"\u00bfQui\u00e9n es \u00e9l?"},"content":{"rendered":"<p>En qu\u00edmica, convirti\u00f3 el agua en vino.<\/p>\n<p>En biolog\u00eda, naci\u00f3 sin la normal concepci\u00f3n.<\/p>\n<p>En f\u00edsica, desminti\u00f3 la ley de la gravedad cuando ascendi\u00f3 al cielo.<\/p>\n<p>En econom\u00eda, refut\u00f3 la ley de la disminuci\u00f3n al alimentar 5,000 personas con s\u00f3lo dos peces y un pan.<\/p>\n<p>En medicina, cur\u00f3 a los enfermos y los ciegos sin administrar una sola dosis de droga.<\/p>\n<p>En historia, es el principio y el final.<\/p>\n<p>En gobierno, dijo que ser\u00eda llamado Maravilloso Consejero, Pr\u00edncipe de la Paz; es Rey de Reyes y Se\u00f1or de Se\u00f1ores.<\/p>\n<p>En religi\u00f3n, dijo que nadie viene al Padre sino a trav\u00e9s de \u00c9l.<\/p>\n<p>Entonces, \u00bfqui\u00e9n es \u00e9l?<\/p>\n<p>\u00a1\u00c9l es Jes\u00fas!<\/p>\n","protected":false},"excerpt":{"rendered":"<p>En qu\u00edmica, convirti\u00f3 el agua en vino. En biolog\u00eda, naci\u00f3 sin la normal concepci\u00f3n. En f\u00edsica, desminti\u00f3 la ley de la gravedad cuando ascendi\u00f3 al cielo. En econom\u00eda, refut\u00f3 la ley de la disminuci\u00f3n al alimentar 5,000 personas con s\u00f3lo dos peces y un pan. En medicina, cur\u00f3 a los enfermos y los ciegos sin &#8230; <a title=\"\u00bfQui\u00e9n es \u00e9l?\" class=\"read-more\" href=\"https:\/\/quechilero.com\/blog\/2012\/12\/04\/quien-es-el\/\" aria-label=\"Leer m\u00e1s sobre \u00bfQui\u00e9n es \u00e9l?\">Leer m\u00e1s<\/a><\/p>\n","protected":false},"author":1,"featured_media":0,"comment_status":"open","ping_status":"open","sticky":false,"template":"","format":"standard","meta":{"advanced_seo_description":"","jetpack_seo_html_title":"","jetpack_seo_noindex":false,"jetpack_seo_schema_type":"","episode_type":"","audio_file":"","podmotor_file_id":"","podmotor_episode_id":"","cover_image":"","cover_image_id":"","duration":"","filesize":"","filesize_raw":"","date_recorded":"","explicit":"","block":"","_jetpack_newsletter_access":"","_jetpack_dont_email_post_to_subs":false,"_jetpack_newsletter_tier_id":0,"_jetpack_memberships_contains_paywalled_content":false,"_jetpack_feature_clip_id":0,"_jetpack_memberships_contains_paid_content":false,"footnotes":"","jetpack_publicize_message":"","jetpack_publicize_feature_enabled":true,"jetpack_social_post_already_shared":true,"jetpack_social_options":{"image_generator_settings":{"template":"highway","default_image_id":0,"font":"","enabled":false},"version":2},"jetpack_post_was_ever_published":false},"categories":[2],"tags":[17,74,40],"series":[],"class_list":["post-15254","post","type-post","status-publish","format-standard","hentry","category-limones","tag-historia","tag-jesus","tag-paz"],"episode_featured_image":false,"episode_player_image":"https:\/\/i0.wp.com\/quechilero.com\/blog\/imagenes\/podcast.png?fit=1831%2C1831&ssl=1","download_link":"","player_link":"","audio_player":false,"episode_data":{"playerMode":"dark","subscribeUrls":{"amazon":{"key":"amazon","url":"","label":"Amazon","class":"amazon","icon":"amazon.png"},"apple_podcasts":{"key":"apple_podcasts","url":"","label":"Apple Podcasts","class":"apple_podcasts","icon":"apple-podcasts.png"},"castbox":{"key":"castbox","url":"","label":"CastBox","class":"castbox","icon":"castbox.png"},"deezer":{"key":"deezer","url":"","label":"Deezer","class":"deezer","icon":"deezer.png"},"google_podcasts":{"key":"google_podcasts","url":"","label":"Google Podcasts","class":"google_podcasts","icon":"google-podcasts.png"},"listen_notes":{"key":"listen_notes","url":"","label":"Listen Notes","class":"listen_notes","icon":"listen-notes.png"},"pandora":{"key":"pandora","url":"","label":"Pandora","class":"pandora","icon":"pandora.png"},"podbean":{"key":"podbean","url":"","label":"Podbean","class":"podbean","icon":"podbean.png"},"podcast_republic":{"key":"podcast_republic","url":"","label":"Podcast Republic","class":"podcast_republic","icon":"podcast-republic.png"},"rss":{"key":"rss","url":"","label":"RSS","class":"rss","icon":"rss.png"},"spotify":{"key":"spotify","url":"","label":"Spotify","class":"spotify","icon":"spotify.png"},"stitcher":{"key":"stitcher","url":"","label":"Stitcher","class":"stitcher","icon":"stitcher.png"},"tunein":{"key":"tunein","url":"","label":"TuneIn","class":"tunein","icon":"tunein.png"},"youtube":{"key":"youtube","url":"","label":"YouTube","class":"youtube","icon":"youtube.png"},"iheartradio":{"key":"iheartradio","url":"","label":"iHeartRadio","class":"iheartradio","icon":"iheartradio.png"},"ivoox":{"key":"ivoox","url":"","label":"iVoox","class":"ivoox","icon":"ivoox.png"}},"rssFeedUrl":"https:\/\/quechilero.com\/blog\/feed\/podcast\/si-la-vida-nos-da-limones","embedCode":"<blockquote class=\"wp-embedded-content\" data-secret=\"lQVVe6CJ7c\"><a href=\"https:\/\/quechilero.com\/blog\/2012\/12\/04\/quien-es-el\/\">\u00bfQui\u00e9n es \u00e9l?<\/a><\/blockquote><iframe sandbox=\"allow-scripts\" security=\"restricted\" src=\"https:\/\/quechilero.com\/blog\/2012\/12\/04\/quien-es-el\/embed\/#?secret=lQVVe6CJ7c\" width=\"500\" height=\"350\" title=\"\u00ab\u00bfQui\u00e9n es \u00e9l?\u00bb \u2014 Si la Vida nos da Limones...\" data-secret=\"lQVVe6CJ7c\" frameborder=\"0\" marginwidth=\"0\" marginheight=\"0\" scrolling=\"no\" class=\"wp-embedded-content\"><\/iframe><script>\n\/*! This file is auto-generated *\/\n!function(d,l){\"use strict\";l.querySelector&&d.addEventListener&&\"undefined\"!=typeof URL&&(d.wp=d.wp||{},d.wp.receiveEmbedMessage||(d.wp.receiveEmbedMessage=function(e){var t=e.data;if((t||t.secret||t.message||t.value)&&!\/[^a-zA-Z0-9]\/.test(t.secret)){for(var s,r,n,a=l.querySelectorAll('iframe[data-secret=\"'+t.secret+'\"]'),o=l.querySelectorAll('blockquote[data-secret=\"'+t.secret+'\"]'),c=new RegExp(\"^https?:$\",\"i\"),i=0;i<o.length;i++)o[i].style.display=\"none\";for(i=0;i<a.length;i++)s=a[i],e.source===s.contentWindow&&(s.removeAttribute(\"style\"),\"height\"===t.message?(1e3<(r=parseInt(t.value,10))?r=1e3:~~r<200&&(r=200),s.height=r):\"link\"===t.message&&(r=new URL(s.getAttribute(\"src\")),n=new URL(t.value),c.test(n.protocol))&&n.host===r.host&&l.activeElement===s&&(d.top.location.href=t.value))}},d.addEventListener(\"message\",d.wp.receiveEmbedMessage,!1),l.addEventListener(\"DOMContentLoaded\",function(){for(var e,t,s=l.querySelectorAll(\"iframe.wp-embedded-content\"),r=0;r<s.length;r++)(t=(e=s[r]).getAttribute(\"data-secret\"))||(t=Math.random().toString(36).substring(2,12),e.src+=\"#?secret=\"+t,e.setAttribute(\"data-secret\",t)),e.contentWindow.postMessage({message:\"ready\",secret:t},\"*\")},!1)))}(window,document);\n\/\/# sourceURL=https:\/\/quechilero.com\/blog\/wp-includes\/js\/wp-embed.min.js\n<\/script>\n"},"jetpack_publicize_connections":[],"jetpack_shortlink":"https:\/\/wp.me\/pDKli-3Y2","jetpack_sharing_enabled":true,"jetpack-related-posts":[{"id":907,"url":"https:\/\/quechilero.com\/blog\/2008\/03\/21\/cuaresma-evangelio-21-mar-08\/","url_meta":{"origin":15254,"position":0},"title":"Cuaresma &#8211; Evangelio 21 mar 08","author":"Pepe Barrascout Ortiz","date":"21 marzo 2008","format":false,"excerpt":"Evangelio seg\u00fan San Juan 18,1-40.19,1-42. Despu\u00e9s de haber dicho esto, Jes\u00fas fue con sus disc\u00edpulos al otro lado del torrente Cedr\u00f3n. Hab\u00eda en ese lugar una huerta y all\u00e1 entr\u00f3 con ellos. Judas, el traidor, tambi\u00e9n conoc\u00eda el lugar porque Jes\u00fas y sus disc\u00edpulos se reun\u00edan all\u00ed con frecuencia. Entonces\u2026","rel":"","context":"En \u00abLimones\u00bb","block_context":{"text":"Limones","link":"https:\/\/quechilero.com\/blog\/category\/limones\/"},"img":{"alt_text":"","src":"","width":0,"height":0},"classes":[]},{"id":17775,"url":"https:\/\/quechilero.com\/blog\/2014\/02\/27\/el-joven-rico\/","url_meta":{"origin":15254,"position":1},"title":"El joven rico","author":"Pepe Barrascout Ortiz","date":"27 febrero 2014","format":false,"excerpt":"Cuenta una historia que un joven rico se desprendi\u00f3 de todos sus bienes, entr\u00f3 a un monasterio y se entreg\u00f3 a la oraci\u00f3n, al ayuno y al sacrificio. Pasados los a\u00f1os sent\u00eda que todav\u00eda hab\u00eda una hoguera que no hab\u00eda sido capaz de apagar: Se airaba con frecuencia... Re\u00f1\u00eda con\u2026","rel":"","context":"En \u00abLimones\u00bb","block_context":{"text":"Limones","link":"https:\/\/quechilero.com\/blog\/category\/limones\/"},"img":{"alt_text":"","src":"","width":0,"height":0},"classes":[]},{"id":15359,"url":"https:\/\/quechilero.com\/blog\/2012\/12\/09\/segundo-domingo-de-adviento\/","url_meta":{"origin":15254,"position":2},"title":"Segundo Domingo de Adviento","author":"Pepe Barrascout Ortiz","date":"9 diciembre 2012","format":false,"excerpt":"Segundo Domingo de Adviento (ciclo B) Reunida la familia o el grupo de personas, se encienden: la vela del primer domingo y la que corresponde al segundo domingo. Hermanos: Al introducirnos m\u00e1s de lleno en el tiempo de Adviento, la Palabra de Dios nos urge a una reflexi\u00f3n m\u00e1s profunda.\u2026","rel":"","context":"En \u00abLimones\u00bb","block_context":{"text":"Limones","link":"https:\/\/quechilero.com\/blog\/category\/limones\/"},"img":{"alt_text":"","src":"https:\/\/i0.wp.com\/i392.photobucket.com\/albums\/pp7\/pepejaguar\/blog\/2-domingo-adviento.png?resize=350%2C200","width":350,"height":200,"srcset":"https:\/\/i0.wp.com\/i392.photobucket.com\/albums\/pp7\/pepejaguar\/blog\/2-domingo-adviento.png?resize=350%2C200 1x, https:\/\/i0.wp.com\/i392.photobucket.com\/albums\/pp7\/pepejaguar\/blog\/2-domingo-adviento.png?resize=525%2C300 1.5x"},"classes":[]},{"id":881,"url":"https:\/\/quechilero.com\/blog\/2008\/02\/26\/cuaresma-evangelio-26-feb-08\/","url_meta":{"origin":15254,"position":3},"title":"Cuaresma &#8211; Evangelio 26 feb 08","author":"Pepe Barrascout Ortiz","date":"26 febrero 2008","format":false,"excerpt":"Evangelio seg\u00fan San Mateo 18,21-35. Entonces se adelant\u00f3 Pedro y le dijo: \"Se\u00f1or, \u00bfcu\u00e1ntas veces tendr\u00e1 que perdonar a mi hermano las ofensas que me haga? \u00bfHasta siete veces?\". Jes\u00fas le respondi\u00f3: \"No te digo hasta siete veces, sino hasta setenta veces siete. Por eso, el Reino de los Cielos\u2026","rel":"","context":"En \u00abLimones\u00bb","block_context":{"text":"Limones","link":"https:\/\/quechilero.com\/blog\/category\/limones\/"},"img":{"alt_text":"","src":"","width":0,"height":0},"classes":[]},{"id":27328,"url":"https:\/\/quechilero.com\/blog\/2010\/10\/02\/el-santo-rosario-misterios-gozosos\/","url_meta":{"origin":15254,"position":4},"title":"El Santo Rosario: Misterios Gozosos","author":"Pepe Barrascout Ortiz","date":"2 octubre 2010","format":false,"excerpt":"Los Misterios Gozosos los rezamos los Lunes y S\u00e1bados \u00a0 En el nombre del Padre, y del Hijo, y del Esp\u00edritu Santo. Am\u00e9n. Dios m\u00edo, ven en mi auxilio. Se\u00f1or, date prisa en socorrerme. Gloria al Padre, Gloria al Hijo y Gloria al Esp\u00edritu Santo, Am\u00e9n. Primer Misterio Gozoso. La\u2026","rel":"","context":"En \u00abEl Santo Rosario\u00bb","block_context":{"text":"El Santo Rosario","link":"https:\/\/quechilero.com\/blog\/category\/podcast\/el-santo-rosario\/"},"img":{"alt_text":"Misterios Gozosos","src":"https:\/\/i0.wp.com\/i392.photobucket.com\/albums\/pp7\/pepejaguar\/blog\/Misterios-Gozosos_zps4a26ae91.jpg?resize=350%2C200","width":350,"height":200,"srcset":"https:\/\/i0.wp.com\/i392.photobucket.com\/albums\/pp7\/pepejaguar\/blog\/Misterios-Gozosos_zps4a26ae91.jpg?resize=350%2C200 1x, https:\/\/i0.wp.com\/i392.photobucket.com\/albums\/pp7\/pepejaguar\/blog\/Misterios-Gozosos_zps4a26ae91.jpg?resize=525%2C300 1.5x"},"classes":[]},{"id":1019,"url":"https:\/\/quechilero.com\/blog\/2008\/07\/12\/dios-cree-en-vos\/","url_meta":{"origin":15254,"position":5},"title":"Dios Cree en Vos","author":"Pepe Barrascout Ortiz","date":"12 julio 2008","format":false,"excerpt":"Estando solo en mi casa, recuerdo que cierta vez cerr\u00e9 todas las puertas y empec\u00e9 a reclamarle a Dios por muchas cosas. Porque no hab\u00eda aprendido que ser Cristiano no es no tener problemas, sino enfrentarlos al lado de Jes\u00fas. Jes\u00fas s\u00f3lo se me quedaba viendo en silencio y cuando\u2026","rel":"","context":"En \u00abLimones\u00bb","block_context":{"text":"Limones","link":"https:\/\/quechilero.com\/blog\/category\/limones\/"},"img":{"alt_text":"","src":"","width":0,"height":0},"classes":[]}],"jetpack_featured_media_url":"","_links":{"self":[{"href":"https:\/\/quechilero.com\/blog\/wp-json\/wp\/v2\/posts\/15254","targetHints":{"allow":["GET"]}}],"collection":[{"href":"https:\/\/quechilero.com\/blog\/wp-json\/wp\/v2\/posts"}],"about":[{"href":"https:\/\/quechilero.com\/blog\/wp-json\/wp\/v2\/types\/post"}],"author":[{"embeddable":true,"href":"https:\/\/quechilero.com\/blog\/wp-json\/wp\/v2\/users\/1"}],"replies":[{"embeddable":true,"href":"https:\/\/quechilero.com\/blog\/wp-json\/wp\/v2\/comments?post=15254"}],"version-history":[{"count":0,"href":"https:\/\/quechilero.com\/blog\/wp-json\/wp\/v2\/posts\/15254\/revisions"}],"wp:attachment":[{"href":"https:\/\/quechilero.com\/blog\/wp-json\/wp\/v2\/media?parent=15254"}],"wp:term":[{"taxonomy":"category","embeddable":true,"href":"https:\/\/quechilero.com\/blog\/wp-json\/wp\/v2\/categories?post=15254"},{"taxonomy":"post_tag","embeddable":true,"href":"https:\/\/quechilero.com\/blog\/wp-json\/wp\/v2\/tags?post=15254"},{"taxonomy":"series","embeddable":true,"href":"https:\/\/quechilero.com\/blog\/wp-json\/wp\/v2\/series?post=15254"}],"curies":[{"name":"wp","href":"https:\/\/api.w.org\/{rel}","templated":true}]}}