{"id":15225,"date":"2012-11-26T08:00:44","date_gmt":"2012-11-26T14:00:44","guid":{"rendered":"http:\/\/quechilero.com\/blog\/?p=15225"},"modified":"2012-11-26T08:00:44","modified_gmt":"2012-11-26T14:00:44","slug":"fijar-la-mirada","status":"publish","type":"post","link":"https:\/\/quechilero.com\/blog\/2012\/11\/26\/fijar-la-mirada\/","title":{"rendered":"Fijar la mirada"},"content":{"rendered":"<p>Un sabio dec\u00eda que nuestra forma de pensar se congela y nos quedamos recorriendo siempre los mismos caminos, pues la mente se fija a las cosas que pensamos. Hoy en d\u00eda este fen\u00f3meno se conoce como \u00abparadigma\u00bb.<\/p>\n<p>Imaginemos que vamos en bicicleta por una carretera: el aire fresco golpe\u00e1ndonos el rostro; los \u00e1rboles, las nubes, la naturaleza, las aves, los montes lejanos\u2026 Imaginemos que de pronto vemos una gran piedra en medio del camino.<\/p>\n<p>Si fijamos toda nuestra atenci\u00f3n en la piedra -es decir, en el obst\u00e1culo-, por m\u00e1s que s\u00f3lo ocupe un breve espacio en la carretera, terminaremos choc\u00e1ndonos con ella.<\/p>\n<p>Pensemos cu\u00e1ntas veces descubrimos un obst\u00e1culo en la v\u00eda y, al asumirlo como si fuera lo \u00fanico, hacemos desaparecer todas las dem\u00e1s opciones (los \u00e1rboles, las nubes, el resto del camino), dirigi\u00e9ndonos irremediablemente hacia \u00e9l, hacia la piedra.<\/p>\n<p>No permitamos hoy que los obst\u00e1culos desv\u00eden nuestra atenci\u00f3n y nos hagan creer que ya no hay salida, siempre hay oportunidades que vienen con ellos.<\/p>\n","protected":false},"excerpt":{"rendered":"<p>Un sabio dec\u00eda que nuestra forma de pensar se congela y nos quedamos recorriendo siempre los mismos caminos, pues la mente se fija a las cosas que pensamos. Hoy en d\u00eda este fen\u00f3meno se conoce como \u00abparadigma\u00bb. Imaginemos que vamos en bicicleta por una carretera: el aire fresco golpe\u00e1ndonos el rostro; los \u00e1rboles, las nubes, &#8230; <a title=\"Fijar la mirada\" class=\"read-more\" href=\"https:\/\/quechilero.com\/blog\/2012\/11\/26\/fijar-la-mirada\/\" aria-label=\"Leer m\u00e1s sobre Fijar la mirada\">Leer m\u00e1s<\/a><\/p>\n","protected":false},"author":1,"featured_media":0,"comment_status":"open","ping_status":"open","sticky":false,"template":"","format":"standard","meta":{"advanced_seo_description":"","jetpack_seo_html_title":"","jetpack_seo_noindex":false,"episode_type":"","audio_file":"","cover_image":"","cover_image_id":"","duration":"","filesize":"","date_recorded":"","explicit":"","block":"","filesize_raw":"","jetpack_post_was_ever_published":false,"_jetpack_newsletter_access":"","_jetpack_dont_email_post_to_subs":false,"_jetpack_newsletter_tier_id":0,"_jetpack_memberships_contains_paywalled_content":false,"_jetpack_memberships_contains_paid_content":false,"footnotes":"","jetpack_publicize_message":"","jetpack_publicize_feature_enabled":true,"jetpack_social_post_already_shared":true,"jetpack_social_options":{"image_generator_settings":{"template":"highway","enabled":false},"version":2}},"categories":[2],"tags":[12],"series":[],"class_list":["post-15225","post","type-post","status-publish","format-standard","hentry","category-limones","tag-cosas"],"episode_featured_image":false,"episode_player_image":"https:\/\/i0.wp.com\/quechilero.com\/blog\/imagenes\/podcast.png?fit=1831%2C1831&ssl=1","download_link":"","player_link":"","audio_player":false,"episode_data":{"playerMode":"dark","subscribeUrls":{"amazon":{"key":"amazon","url":"","label":"Amazon","class":"amazon","icon":"amazon.png"},"apple_podcasts":{"key":"apple_podcasts","url":"","label":"Apple Podcasts","class":"apple_podcasts","icon":"apple-podcasts.png"},"castbox":{"key":"castbox","url":"","label":"CastBox","class":"castbox","icon":"castbox.png"},"deezer":{"key":"deezer","url":"","label":"Deezer","class":"deezer","icon":"deezer.png"},"google_podcasts":{"key":"google_podcasts","url":"","label":"Google Podcasts","class":"google_podcasts","icon":"google-podcasts.png"},"listen_notes":{"key":"listen_notes","url":"","label":"Listen Notes","class":"listen_notes","icon":"listen-notes.png"},"pandora":{"key":"pandora","url":"","label":"Pandora","class":"pandora","icon":"pandora.png"},"podbean":{"key":"podbean","url":"","label":"Podbean","class":"podbean","icon":"podbean.png"},"podcast_republic":{"key":"podcast_republic","url":"","label":"Podcast Republic","class":"podcast_republic","icon":"podcast-republic.png"},"rss":{"key":"rss","url":"","label":"RSS","class":"rss","icon":"rss.png"},"spotify":{"key":"spotify","url":"","label":"Spotify","class":"spotify","icon":"spotify.png"},"stitcher":{"key":"stitcher","url":"","label":"Stitcher","class":"stitcher","icon":"stitcher.png"},"tunein":{"key":"tunein","url":"","label":"TuneIn","class":"tunein","icon":"tunein.png"},"youtube":{"key":"youtube","url":"","label":"YouTube","class":"youtube","icon":"youtube.png"},"iheartradio":{"key":"iheartradio","url":"","label":"iHeartRadio","class":"iheartradio","icon":"iheartradio.png"},"ivoox":{"key":"ivoox","url":"","label":"iVoox","class":"ivoox","icon":"ivoox.png"}},"rssFeedUrl":"https:\/\/quechilero.com\/blog\/feed\/podcast\/si-la-vida-nos-da-limones","embedCode":"<blockquote class=\"wp-embedded-content\" data-secret=\"LHPn8yQNO0\"><a href=\"https:\/\/quechilero.com\/blog\/2012\/11\/26\/fijar-la-mirada\/\">Fijar la mirada<\/a><\/blockquote><iframe sandbox=\"allow-scripts\" security=\"restricted\" src=\"https:\/\/quechilero.com\/blog\/2012\/11\/26\/fijar-la-mirada\/embed\/#?secret=LHPn8yQNO0\" width=\"500\" height=\"350\" title=\"\u00abFijar la mirada\u00bb \u2014 Si la Vida nos da Limones...\" data-secret=\"LHPn8yQNO0\" frameborder=\"0\" marginwidth=\"0\" marginheight=\"0\" scrolling=\"no\" class=\"wp-embedded-content\"><\/iframe><script>\n\/*! This file is auto-generated *\/\n!function(d,l){\"use strict\";l.querySelector&&d.addEventListener&&\"undefined\"!=typeof URL&&(d.wp=d.wp||{},d.wp.receiveEmbedMessage||(d.wp.receiveEmbedMessage=function(e){var t=e.data;if((t||t.secret||t.message||t.value)&&!\/[^a-zA-Z0-9]\/.test(t.secret)){for(var s,r,n,a=l.querySelectorAll('iframe[data-secret=\"'+t.secret+'\"]'),o=l.querySelectorAll('blockquote[data-secret=\"'+t.secret+'\"]'),c=new RegExp(\"^https?:$\",\"i\"),i=0;i<o.length;i++)o[i].style.display=\"none\";for(i=0;i<a.length;i++)s=a[i],e.source===s.contentWindow&&(s.removeAttribute(\"style\"),\"height\"===t.message?(1e3<(r=parseInt(t.value,10))?r=1e3:~~r<200&&(r=200),s.height=r):\"link\"===t.message&&(r=new URL(s.getAttribute(\"src\")),n=new URL(t.value),c.test(n.protocol))&&n.host===r.host&&l.activeElement===s&&(d.top.location.href=t.value))}},d.addEventListener(\"message\",d.wp.receiveEmbedMessage,!1),l.addEventListener(\"DOMContentLoaded\",function(){for(var e,t,s=l.querySelectorAll(\"iframe.wp-embedded-content\"),r=0;r<s.length;r++)(t=(e=s[r]).getAttribute(\"data-secret\"))||(t=Math.random().toString(36).substring(2,12),e.src+=\"#?secret=\"+t,e.setAttribute(\"data-secret\",t)),e.contentWindow.postMessage({message:\"ready\",secret:t},\"*\")},!1)))}(window,document);\n\/\/# sourceURL=https:\/\/quechilero.com\/blog\/wp-includes\/js\/wp-embed.min.js\n<\/script>\n"},"jetpack_publicize_connections":[],"jetpack_featured_media_url":"","jetpack_shortlink":"https:\/\/wp.me\/pDKli-3Xz","jetpack_sharing_enabled":true,"jetpack-related-posts":[],"_links":{"self":[{"href":"https:\/\/quechilero.com\/blog\/wp-json\/wp\/v2\/posts\/15225","targetHints":{"allow":["GET"]}}],"collection":[{"href":"https:\/\/quechilero.com\/blog\/wp-json\/wp\/v2\/posts"}],"about":[{"href":"https:\/\/quechilero.com\/blog\/wp-json\/wp\/v2\/types\/post"}],"author":[{"embeddable":true,"href":"https:\/\/quechilero.com\/blog\/wp-json\/wp\/v2\/users\/1"}],"replies":[{"embeddable":true,"href":"https:\/\/quechilero.com\/blog\/wp-json\/wp\/v2\/comments?post=15225"}],"version-history":[{"count":0,"href":"https:\/\/quechilero.com\/blog\/wp-json\/wp\/v2\/posts\/15225\/revisions"}],"wp:attachment":[{"href":"https:\/\/quechilero.com\/blog\/wp-json\/wp\/v2\/media?parent=15225"}],"wp:term":[{"taxonomy":"category","embeddable":true,"href":"https:\/\/quechilero.com\/blog\/wp-json\/wp\/v2\/categories?post=15225"},{"taxonomy":"post_tag","embeddable":true,"href":"https:\/\/quechilero.com\/blog\/wp-json\/wp\/v2\/tags?post=15225"},{"taxonomy":"series","embeddable":true,"href":"https:\/\/quechilero.com\/blog\/wp-json\/wp\/v2\/series?post=15225"}],"curies":[{"name":"wp","href":"https:\/\/api.w.org\/{rel}","templated":true}]}}