{"id":15223,"date":"2012-12-13T08:00:05","date_gmt":"2012-12-13T14:00:05","guid":{"rendered":"http:\/\/quechilero.com\/blog\/?p=15223"},"modified":"2012-12-13T08:00:05","modified_gmt":"2012-12-13T14:00:05","slug":"si-tu-vida-fuera-perfecta","status":"publish","type":"post","link":"https:\/\/quechilero.com\/blog\/2012\/12\/13\/si-tu-vida-fuera-perfecta\/","title":{"rendered":"Si tu vida fuera perfecta"},"content":{"rendered":"<p>Si nunca hubieras cometido un error, \u00bfc\u00f3mo sabr\u00edas que puedo perdonarte?<\/p>\n<p>Si lo supieras todo, \u00bfc\u00f3mo sabr\u00edas que puedo responder a todas tus dudas?<\/p>\n<p>Si nunca tuvieras aprietos, \u00bfc\u00f3mo sabr\u00edas que siempre puedo rescatarte?<\/p>\n<p>Si nunca hubieras estado abatido, \u00bfc\u00f3mo sabr\u00edas que te puedo sanar?<\/p>\n<p>Si nunca hubieras tenido un problema, \u00bfc\u00f3mo sabr\u00edas que puedo resolverlo?<\/p>\n<p>Si nunca hubieras sufrido, \u00bfc\u00f3mo sabr\u00edas por lo que yo pas\u00e9?<\/p>\n<p>Si nunca hubieras atravesado el fuego, \u00bfc\u00f3mo te volver\u00edas puro?<\/p>\n<p>Si te lo diera todo, \u00bfc\u00f3mo lo apreciar\u00edas?<\/p>\n<p>Si nunca te corrigiera, \u00bfc\u00f3mo sabr\u00edas que te amo?<\/p>\n<p>Si tuvieras todo el poder, \u00bfc\u00f3mo aprender\u00edas a depender de m\u00ed?<\/p>\n<p>Si tu vida fuera perfecta, \u00bfentonces para qu\u00e9 me necesitar\u00edas?<\/p>\n","protected":false},"excerpt":{"rendered":"<p>Si nunca hubieras cometido un error, \u00bfc\u00f3mo sabr\u00edas que puedo perdonarte? Si lo supieras todo, \u00bfc\u00f3mo sabr\u00edas que puedo responder a todas tus dudas? Si nunca tuvieras aprietos, \u00bfc\u00f3mo sabr\u00edas que siempre puedo rescatarte? Si nunca hubieras estado abatido, \u00bfc\u00f3mo sabr\u00edas que te puedo sanar? Si nunca hubieras tenido un problema, \u00bfc\u00f3mo sabr\u00edas que puedo &#8230; <a title=\"Si tu vida fuera perfecta\" class=\"read-more\" href=\"https:\/\/quechilero.com\/blog\/2012\/12\/13\/si-tu-vida-fuera-perfecta\/\" aria-label=\"Leer m\u00e1s sobre Si tu vida fuera perfecta\">Leer m\u00e1s<\/a><\/p>\n","protected":false},"author":1,"featured_media":0,"comment_status":"open","ping_status":"open","sticky":false,"template":"","format":"standard","meta":{"advanced_seo_description":"","jetpack_seo_html_title":"","jetpack_seo_noindex":false,"jetpack_seo_schema_type":"","episode_type":"","audio_file":"","podmotor_file_id":"","podmotor_episode_id":"","cover_image":"","cover_image_id":"","duration":"","filesize":"","filesize_raw":"","date_recorded":"","explicit":"","block":"","_jetpack_newsletter_access":"","_jetpack_dont_email_post_to_subs":false,"_jetpack_newsletter_tier_id":0,"_jetpack_memberships_contains_paywalled_content":false,"_jetpack_feature_clip_id":0,"_jetpack_memberships_contains_paid_content":false,"footnotes":"","jetpack_publicize_message":"","jetpack_publicize_feature_enabled":true,"jetpack_social_post_already_shared":true,"jetpack_social_options":{"image_generator_settings":{"template":"highway","default_image_id":0,"font":"","enabled":false},"version":2},"jetpack_post_was_ever_published":false},"categories":[2],"tags":[29,30,21,24],"series":[],"class_list":["post-15223","post","type-post","status-publish","format-standard","hentry","category-limones","tag-aprender","tag-error","tag-problema","tag-vida"],"episode_featured_image":false,"episode_player_image":"https:\/\/i0.wp.com\/quechilero.com\/blog\/imagenes\/podcast.png?fit=1831%2C1831&ssl=1","download_link":"","player_link":"","audio_player":false,"episode_data":{"playerMode":"dark","subscribeUrls":{"amazon":{"key":"amazon","url":"","label":"Amazon","class":"amazon","icon":"amazon.png"},"apple_podcasts":{"key":"apple_podcasts","url":"","label":"Apple Podcasts","class":"apple_podcasts","icon":"apple-podcasts.png"},"castbox":{"key":"castbox","url":"","label":"CastBox","class":"castbox","icon":"castbox.png"},"deezer":{"key":"deezer","url":"","label":"Deezer","class":"deezer","icon":"deezer.png"},"google_podcasts":{"key":"google_podcasts","url":"","label":"Google Podcasts","class":"google_podcasts","icon":"google-podcasts.png"},"listen_notes":{"key":"listen_notes","url":"","label":"Listen Notes","class":"listen_notes","icon":"listen-notes.png"},"pandora":{"key":"pandora","url":"","label":"Pandora","class":"pandora","icon":"pandora.png"},"podbean":{"key":"podbean","url":"","label":"Podbean","class":"podbean","icon":"podbean.png"},"podcast_republic":{"key":"podcast_republic","url":"","label":"Podcast Republic","class":"podcast_republic","icon":"podcast-republic.png"},"rss":{"key":"rss","url":"","label":"RSS","class":"rss","icon":"rss.png"},"spotify":{"key":"spotify","url":"","label":"Spotify","class":"spotify","icon":"spotify.png"},"stitcher":{"key":"stitcher","url":"","label":"Stitcher","class":"stitcher","icon":"stitcher.png"},"tunein":{"key":"tunein","url":"","label":"TuneIn","class":"tunein","icon":"tunein.png"},"youtube":{"key":"youtube","url":"","label":"YouTube","class":"youtube","icon":"youtube.png"},"iheartradio":{"key":"iheartradio","url":"","label":"iHeartRadio","class":"iheartradio","icon":"iheartradio.png"},"ivoox":{"key":"ivoox","url":"","label":"iVoox","class":"ivoox","icon":"ivoox.png"}},"rssFeedUrl":"https:\/\/quechilero.com\/blog\/feed\/podcast\/si-la-vida-nos-da-limones","embedCode":"<blockquote class=\"wp-embedded-content\" data-secret=\"DcuMONT68R\"><a href=\"https:\/\/quechilero.com\/blog\/2012\/12\/13\/si-tu-vida-fuera-perfecta\/\">Si tu vida fuera perfecta<\/a><\/blockquote><iframe sandbox=\"allow-scripts\" security=\"restricted\" src=\"https:\/\/quechilero.com\/blog\/2012\/12\/13\/si-tu-vida-fuera-perfecta\/embed\/#?secret=DcuMONT68R\" width=\"500\" height=\"350\" title=\"\u00abSi tu vida fuera perfecta\u00bb \u2014 Si la Vida nos da Limones...\" data-secret=\"DcuMONT68R\" frameborder=\"0\" marginwidth=\"0\" marginheight=\"0\" scrolling=\"no\" class=\"wp-embedded-content\"><\/iframe><script>\n\/*! This file is auto-generated *\/\n!function(d,l){\"use strict\";l.querySelector&&d.addEventListener&&\"undefined\"!=typeof URL&&(d.wp=d.wp||{},d.wp.receiveEmbedMessage||(d.wp.receiveEmbedMessage=function(e){var t=e.data;if((t||t.secret||t.message||t.value)&&!\/[^a-zA-Z0-9]\/.test(t.secret)){for(var s,r,n,a=l.querySelectorAll('iframe[data-secret=\"'+t.secret+'\"]'),o=l.querySelectorAll('blockquote[data-secret=\"'+t.secret+'\"]'),c=new RegExp(\"^https?:$\",\"i\"),i=0;i<o.length;i++)o[i].style.display=\"none\";for(i=0;i<a.length;i++)s=a[i],e.source===s.contentWindow&&(s.removeAttribute(\"style\"),\"height\"===t.message?(1e3<(r=parseInt(t.value,10))?r=1e3:~~r<200&&(r=200),s.height=r):\"link\"===t.message&&(r=new URL(s.getAttribute(\"src\")),n=new URL(t.value),c.test(n.protocol))&&n.host===r.host&&l.activeElement===s&&(d.top.location.href=t.value))}},d.addEventListener(\"message\",d.wp.receiveEmbedMessage,!1),l.addEventListener(\"DOMContentLoaded\",function(){for(var e,t,s=l.querySelectorAll(\"iframe.wp-embedded-content\"),r=0;r<s.length;r++)(t=(e=s[r]).getAttribute(\"data-secret\"))||(t=Math.random().toString(36).substring(2,12),e.src+=\"#?secret=\"+t,e.setAttribute(\"data-secret\",t)),e.contentWindow.postMessage({message:\"ready\",secret:t},\"*\")},!1)))}(window,document);\n\/\/# sourceURL=https:\/\/quechilero.com\/blog\/wp-includes\/js\/wp-embed.min.js\n<\/script>\n"},"jetpack_publicize_connections":[],"jetpack_shortlink":"https:\/\/wp.me\/pDKli-3Xx","jetpack_sharing_enabled":true,"jetpack-related-posts":[{"id":599,"url":"https:\/\/quechilero.com\/blog\/2007\/07\/31\/dios-es-como-azucar\/","url_meta":{"origin":15223,"position":0},"title":"Dios es como az\u00facar","author":"Pepe Barrascout Ortiz","date":"31 julio 2007","format":false,"excerpt":"Un cierto d\u00eda, la profesora, queriendo saber si todos hab\u00edan estudiado la lecci\u00f3n solicitada, pregunt\u00f3 a los ni\u00f1os qui\u00e9n sabr\u00eda explicar qui\u00e9n es Dios. Uno de los ni\u00f1os levant\u00f3 la mano y dijo: - Dios es nuestro Padre, \u00c9l hizo la tierra, el mar y todo lo que est\u00e1 en\u2026","rel":"","context":"En \u00abLimones\u00bb","block_context":{"text":"Limones","link":"https:\/\/quechilero.com\/blog\/category\/limones\/"},"img":{"alt_text":"","src":"","width":0,"height":0},"classes":[]},{"id":576,"url":"https:\/\/quechilero.com\/blog\/2007\/06\/12\/si-hubiese-sabido\/","url_meta":{"origin":15223,"position":1},"title":"Si hubiese sabido&#8230;","author":"Pepe Barrascout Ortiz","date":"12 junio 2007","format":false,"excerpt":"Si hubiese sabido que ser\u00eda la \u00faltima vez que te ver\u00eda quedarte dormido, te acurrucar\u00eda con fuerza y rogar\u00eda al Se\u00f1or que tu alma guardase... Si hubiese sabido que ser\u00eda la \u00faltima vez que te ver\u00eda salir por la puerta, te dar\u00eda un abrazo y un beso y te pedir\u00eda\u2026","rel":"","context":"En \u00abLimones\u00bb","block_context":{"text":"Limones","link":"https:\/\/quechilero.com\/blog\/category\/limones\/"},"img":{"alt_text":"","src":"","width":0,"height":0},"classes":[]},{"id":18001,"url":"https:\/\/quechilero.com\/blog\/2014\/07\/10\/sobre-la-propaganda-politica\/","url_meta":{"origin":15223,"position":2},"title":"Sobre la propaganda pol\u00edtica","author":"Pepe Barrascout Ortiz","date":"10 julio 2014","format":false,"excerpt":"El TSE est\u00e1 intentando cumplir con su funci\u00f3n y hacer que se cumplan las normas ya establecidas, eso est\u00e1 bien. Pero dejemos por un lado eso y mi reflexi\u00f3n es: \u00bfpor qu\u00e9 no se permite que se haga proselitismo en todo momento y se restringe a un determinado tiempo? \u00bfno\u2026","rel":"","context":"En \u00abLimones\u00bb","block_context":{"text":"Limones","link":"https:\/\/quechilero.com\/blog\/category\/limones\/"},"img":{"alt_text":"","src":"","width":0,"height":0},"classes":[]},{"id":14521,"url":"https:\/\/quechilero.com\/blog\/2012\/09\/14\/libre\/","url_meta":{"origin":15223,"position":3},"title":"Libre","author":"Pepe Barrascout Ortiz","date":"14 septiembre 2012","format":false,"excerpt":"Hubo un tiempo en mi vida en que si me preguntabas: \"\u00bfQu\u00e9 fue lo \u00faltimo que hiciste mal?\", pod\u00eda haberte detallado el preciso instante en que lo hab\u00eda hecho y cu\u00e1nto tiempo estuve pagando por ello. Me apenaba por cada m\u00ednimo error que comet\u00eda y con gran desesperaci\u00f3n intentaba no\u2026","rel":"","context":"En \u00abLimones\u00bb","block_context":{"text":"Limones","link":"https:\/\/quechilero.com\/blog\/category\/limones\/"},"img":{"alt_text":"","src":"","width":0,"height":0},"classes":[]},{"id":5653,"url":"https:\/\/quechilero.com\/blog\/2010\/09\/15\/guatemala-ojala-no-fueramos-independientes\/","url_meta":{"origin":15223,"position":4},"title":"Guatemala: ojal\u00e1 no fu\u00e9ramos independientes","author":"Pepe Barrascout Ortiz","date":"15 septiembre 2010","format":false,"excerpt":"\"...Nuestros padres lucharon un d\u00eda, encendidos en patrio ardimiento y lograron sin choque sangriento...\" Me gusta mas la versi\u00f3n rom\u00e1ntica, de que la independencia, fue para ser aut\u00f3nomos con propia autodeterminaci\u00f3n y no la que dice que los sectores econ\u00f3micos y pudientes de la \u00e9poca, provocaron la independencia, con la\u2026","rel":"","context":"En \u00abLimones\u00bb","block_context":{"text":"Limones","link":"https:\/\/quechilero.com\/blog\/category\/limones\/"},"img":{"alt_text":"","src":"","width":0,"height":0},"classes":[]},{"id":288,"url":"https:\/\/quechilero.com\/blog\/2006\/11\/12\/nada-en-mi-vida-se-pierde\/","url_meta":{"origin":15223,"position":5},"title":"Nada en mi vida&#8230; se pierde","author":"Pepe Barrascout Ortiz","date":"12 noviembre 2006","format":false,"excerpt":"Encuentro lo que busco en la gente. Si busco a Dios, lo encuentro; si busco malas cualidades, las encuentro. En cierto sentido, escojo lo que espero, y lo recibo. Una vida sin desaf\u00edos ser\u00eda como ir al colegio sin lecciones que aprender. Los desaf\u00edos vienen, no para deprimirnos y acabarnos,\u2026","rel":"","context":"En \u00abLimones\u00bb","block_context":{"text":"Limones","link":"https:\/\/quechilero.com\/blog\/category\/limones\/"},"img":{"alt_text":"","src":"","width":0,"height":0},"classes":[]}],"jetpack_featured_media_url":"","_links":{"self":[{"href":"https:\/\/quechilero.com\/blog\/wp-json\/wp\/v2\/posts\/15223","targetHints":{"allow":["GET"]}}],"collection":[{"href":"https:\/\/quechilero.com\/blog\/wp-json\/wp\/v2\/posts"}],"about":[{"href":"https:\/\/quechilero.com\/blog\/wp-json\/wp\/v2\/types\/post"}],"author":[{"embeddable":true,"href":"https:\/\/quechilero.com\/blog\/wp-json\/wp\/v2\/users\/1"}],"replies":[{"embeddable":true,"href":"https:\/\/quechilero.com\/blog\/wp-json\/wp\/v2\/comments?post=15223"}],"version-history":[{"count":0,"href":"https:\/\/quechilero.com\/blog\/wp-json\/wp\/v2\/posts\/15223\/revisions"}],"wp:attachment":[{"href":"https:\/\/quechilero.com\/blog\/wp-json\/wp\/v2\/media?parent=15223"}],"wp:term":[{"taxonomy":"category","embeddable":true,"href":"https:\/\/quechilero.com\/blog\/wp-json\/wp\/v2\/categories?post=15223"},{"taxonomy":"post_tag","embeddable":true,"href":"https:\/\/quechilero.com\/blog\/wp-json\/wp\/v2\/tags?post=15223"},{"taxonomy":"series","embeddable":true,"href":"https:\/\/quechilero.com\/blog\/wp-json\/wp\/v2\/series?post=15223"}],"curies":[{"name":"wp","href":"https:\/\/api.w.org\/{rel}","templated":true}]}}