{"id":15130,"date":"2012-12-03T08:00:15","date_gmt":"2012-12-03T14:00:15","guid":{"rendered":"http:\/\/quechilero.com\/blog\/?p=15130"},"modified":"2012-12-03T08:00:15","modified_gmt":"2012-12-03T14:00:15","slug":"mantente-firme","status":"publish","type":"post","link":"https:\/\/quechilero.com\/blog\/2012\/12\/03\/mantente-firme\/","title":{"rendered":"Mantente firme"},"content":{"rendered":"<p>Se presta mucha atenci\u00f3n a los testamentos de personas importantes, a la distribuci\u00f3n de sus bienes y propiedades. Pero uno de los m\u00e1s significativos es el bien conocido testamento de una mujer de Madras que dej\u00f3 a sus hijos un valioso consejo adem\u00e1s de sus bienes terrenales. He aqu\u00ed los renglones finales de dicho testamento:<\/p>\n<p>\u00ab\u00c1mense unos a otros. Mant\u00e9nganse firmes en este principio aunque no se comprendan mutuamente, y recuerden que lo \u00fanico realmente importante es que sean bondadosos uno con otro en nombre de Dios, y con todo el mundo hasta donde puedan alcanzar.\u00bb<\/p>\n<p>\u00abMant\u00e9nganse firmes&#8230;\u00bb Es interesante hacer notar las palabras escogidas por la mujer. Sab\u00eda que no era una tarea f\u00e1cil la que estaba encomendando a sus herederos. Y sin embargo, no dijo a sus hijos \u00fanicamente que fueran bondadosos uno con otro, sino con todo el mundo hasta donde pudiera alcanzar. Esta mujer perspicaz practicaba el segundo de los grandes mandamientos:<\/p>\n<p>\u00abY el segundo es semejante: &#8216;Amar\u00e1s a tu pr\u00f3jimo como a ti mismo&#8217;.\u00bb (Mateo 22:39)<\/p>\n","protected":false},"excerpt":{"rendered":"<p>Se presta mucha atenci\u00f3n a los testamentos de personas importantes, a la distribuci\u00f3n de sus bienes y propiedades. Pero uno de los m\u00e1s significativos es el bien conocido testamento de una mujer de Madras que dej\u00f3 a sus hijos un valioso consejo adem\u00e1s de sus bienes terrenales. He aqu\u00ed los renglones finales de dicho testamento: &#8230; <a title=\"Mantente firme\" class=\"read-more\" href=\"https:\/\/quechilero.com\/blog\/2012\/12\/03\/mantente-firme\/\" aria-label=\"Leer m\u00e1s sobre Mantente firme\">Leer m\u00e1s<\/a><\/p>\n","protected":false},"author":1,"featured_media":0,"comment_status":"open","ping_status":"open","sticky":false,"template":"","format":"standard","meta":{"advanced_seo_description":"","jetpack_seo_html_title":"","jetpack_seo_noindex":false,"jetpack_seo_schema_type":"","episode_type":"","audio_file":"","podmotor_file_id":"","podmotor_episode_id":"","cover_image":"","cover_image_id":"","duration":"","filesize":"","filesize_raw":"","date_recorded":"","explicit":"","block":"","_jetpack_newsletter_access":"","_jetpack_dont_email_post_to_subs":false,"_jetpack_newsletter_tier_id":0,"_jetpack_memberships_contains_paywalled_content":false,"_jetpack_feature_clip_id":0,"_jetpack_memberships_contains_paid_content":false,"footnotes":"","jetpack_publicize_message":"","jetpack_publicize_feature_enabled":true,"jetpack_social_post_already_shared":true,"jetpack_social_options":{"image_generator_settings":{"template":"highway","default_image_id":0,"font":"","enabled":false},"version":2},"jetpack_post_was_ever_published":false},"categories":[2],"tags":[51,20,42],"series":[],"class_list":["post-15130","post","type-post","status-publish","format-standard","hentry","category-limones","tag-dios","tag-mujer","tag-palabra"],"episode_featured_image":false,"episode_player_image":"https:\/\/i0.wp.com\/quechilero.com\/blog\/imagenes\/podcast.png?fit=1831%2C1831&ssl=1","download_link":"","player_link":"","audio_player":false,"episode_data":{"playerMode":"dark","subscribeUrls":{"amazon":{"key":"amazon","url":"","label":"Amazon","class":"amazon","icon":"amazon.png"},"apple_podcasts":{"key":"apple_podcasts","url":"","label":"Apple Podcasts","class":"apple_podcasts","icon":"apple-podcasts.png"},"castbox":{"key":"castbox","url":"","label":"CastBox","class":"castbox","icon":"castbox.png"},"deezer":{"key":"deezer","url":"","label":"Deezer","class":"deezer","icon":"deezer.png"},"google_podcasts":{"key":"google_podcasts","url":"","label":"Google Podcasts","class":"google_podcasts","icon":"google-podcasts.png"},"listen_notes":{"key":"listen_notes","url":"","label":"Listen Notes","class":"listen_notes","icon":"listen-notes.png"},"pandora":{"key":"pandora","url":"","label":"Pandora","class":"pandora","icon":"pandora.png"},"podbean":{"key":"podbean","url":"","label":"Podbean","class":"podbean","icon":"podbean.png"},"podcast_republic":{"key":"podcast_republic","url":"","label":"Podcast Republic","class":"podcast_republic","icon":"podcast-republic.png"},"rss":{"key":"rss","url":"","label":"RSS","class":"rss","icon":"rss.png"},"spotify":{"key":"spotify","url":"","label":"Spotify","class":"spotify","icon":"spotify.png"},"stitcher":{"key":"stitcher","url":"","label":"Stitcher","class":"stitcher","icon":"stitcher.png"},"tunein":{"key":"tunein","url":"","label":"TuneIn","class":"tunein","icon":"tunein.png"},"youtube":{"key":"youtube","url":"","label":"YouTube","class":"youtube","icon":"youtube.png"},"iheartradio":{"key":"iheartradio","url":"","label":"iHeartRadio","class":"iheartradio","icon":"iheartradio.png"},"ivoox":{"key":"ivoox","url":"","label":"iVoox","class":"ivoox","icon":"ivoox.png"}},"rssFeedUrl":"https:\/\/quechilero.com\/blog\/feed\/podcast\/si-la-vida-nos-da-limones","embedCode":"<blockquote class=\"wp-embedded-content\" data-secret=\"rcz3VFAXju\"><a href=\"https:\/\/quechilero.com\/blog\/2012\/12\/03\/mantente-firme\/\">Mantente firme<\/a><\/blockquote><iframe sandbox=\"allow-scripts\" security=\"restricted\" src=\"https:\/\/quechilero.com\/blog\/2012\/12\/03\/mantente-firme\/embed\/#?secret=rcz3VFAXju\" width=\"500\" height=\"350\" title=\"\u00abMantente firme\u00bb \u2014 Si la Vida nos da Limones...\" data-secret=\"rcz3VFAXju\" frameborder=\"0\" marginwidth=\"0\" marginheight=\"0\" scrolling=\"no\" class=\"wp-embedded-content\"><\/iframe><script>\n\/*! This file is auto-generated *\/\n!function(d,l){\"use strict\";l.querySelector&&d.addEventListener&&\"undefined\"!=typeof URL&&(d.wp=d.wp||{},d.wp.receiveEmbedMessage||(d.wp.receiveEmbedMessage=function(e){var t=e.data;if((t||t.secret||t.message||t.value)&&!\/[^a-zA-Z0-9]\/.test(t.secret)){for(var s,r,n,a=l.querySelectorAll('iframe[data-secret=\"'+t.secret+'\"]'),o=l.querySelectorAll('blockquote[data-secret=\"'+t.secret+'\"]'),c=new RegExp(\"^https?:$\",\"i\"),i=0;i<o.length;i++)o[i].style.display=\"none\";for(i=0;i<a.length;i++)s=a[i],e.source===s.contentWindow&&(s.removeAttribute(\"style\"),\"height\"===t.message?(1e3<(r=parseInt(t.value,10))?r=1e3:~~r<200&&(r=200),s.height=r):\"link\"===t.message&&(r=new URL(s.getAttribute(\"src\")),n=new URL(t.value),c.test(n.protocol))&&n.host===r.host&&l.activeElement===s&&(d.top.location.href=t.value))}},d.addEventListener(\"message\",d.wp.receiveEmbedMessage,!1),l.addEventListener(\"DOMContentLoaded\",function(){for(var e,t,s=l.querySelectorAll(\"iframe.wp-embedded-content\"),r=0;r<s.length;r++)(t=(e=s[r]).getAttribute(\"data-secret\"))||(t=Math.random().toString(36).substring(2,12),e.src+=\"#?secret=\"+t,e.setAttribute(\"data-secret\",t)),e.contentWindow.postMessage({message:\"ready\",secret:t},\"*\")},!1)))}(window,document);\n\/\/# sourceURL=https:\/\/quechilero.com\/blog\/wp-includes\/js\/wp-embed.min.js\n<\/script>\n"},"jetpack_publicize_connections":[],"jetpack_shortlink":"https:\/\/wp.me\/pDKli-3W2","jetpack_sharing_enabled":true,"jetpack-related-posts":[{"id":19929,"url":"https:\/\/quechilero.com\/blog\/2015\/03\/22\/maria-esta-cerca-de-cada-uno-de-nosotros\/","url_meta":{"origin":15130,"position":0},"title":"Mar\u00eda est\u00e1 cerca de cada uno de nosotros","author":"Pepe Barrascout Ortiz","date":"22 marzo 2015","format":false,"excerpt":"Esta poes\u00eda de Mar\u00eda -el Magn\u00edficat- es totalmente original; sin embargo, al mismo tiempo, es un \"tejido\" hecho completamente con \"hilos\" del Antiguo Testamento, hecho de palabra de Dios. Se puede ver que Mar\u00eda, por decirlo as\u00ed, \"se sent\u00eda como en su casa\" en la palabra de Dios, viv\u00eda de\u2026","rel":"","context":"En \u00abLimones\u00bb","block_context":{"text":"Limones","link":"https:\/\/quechilero.com\/blog\/category\/limones\/"},"img":{"alt_text":"","src":"","width":0,"height":0},"classes":[]},{"id":7588,"url":"https:\/\/quechilero.com\/blog\/2011\/03\/20\/reflexiones-de-cuaresma-dia-12\/","url_meta":{"origin":15130,"position":1},"title":"Reflexiones de Cuaresma d\u00eda 12","author":"Pepe Barrascout Ortiz","date":"20 marzo 2011","format":false,"excerpt":"Oraci\u00f3n inicial Se\u00f1or m\u00edo, Jesucristo, creo firmemente que est\u00e1s aqu\u00ed; en estos pocos minutos de oraci\u00f3n que empiezo ahora quiero pedirte y agradecerte. Pedirte\u00a0la gracia de darme m\u00e1s cuenta de que T\u00fa vives, me escuchas y me amas; tanto, que has querido morir libremente por m\u00ed en la cruz y\u2026","rel":"","context":"En \u00abLimones por mano\u00bb","block_context":{"text":"Limones por mano","link":"https:\/\/quechilero.com\/blog\/category\/limones-por-mano\/"},"img":{"alt_text":"","src":"","width":0,"height":0},"classes":[]},{"id":4614,"url":"https:\/\/quechilero.com\/blog\/2010\/04\/02\/viernes-santo\/","url_meta":{"origin":15130,"position":2},"title":"Viernes Santo","author":"Pepe Barrascout Ortiz","date":"2 abril 2010","format":false,"excerpt":"La tarde del Viernes Santo presenta el drama inmenso de la muerte de Cristo en el Calvario. La cruz erguida sobre el mundo sigue en pie como signo de salvaci\u00f3n y de esperanza. Con la Pasi\u00f3n de Jes\u00fas seg\u00fan el\u00a0Evangelio de Juan contemplamos el misterio del Crucificado, con el coraz\u00f3n\u2026","rel":"","context":"En \u00abLimones\u00bb","block_context":{"text":"Limones","link":"https:\/\/quechilero.com\/blog\/category\/limones\/"},"img":{"alt_text":"","src":"","width":0,"height":0},"classes":[]},{"id":15265,"url":"https:\/\/quechilero.com\/blog\/2012\/12\/21\/cultiva-las-palabras-bondadosas\/","url_meta":{"origin":15130,"position":3},"title":"Cultiva las palabras bondadosas","author":"Pepe Barrascout Ortiz","date":"21 diciembre 2012","format":false,"excerpt":"Una palabra bondadosa tiene el poder divino de calmar las tempestades del odio y de la lucha, y \"de cambiar a simples mortales en \u00e1ngeles visibles\". El padre Faber dice: \"\u00a1El poder de las palabras bondadosas! En verdad, dif\u00edcilmente hay en la tierra igual poder. Pueden realizar lo que s\u00f3lo\u2026","rel":"","context":"En \u00abLimones\u00bb","block_context":{"text":"Limones","link":"https:\/\/quechilero.com\/blog\/category\/limones\/"},"img":{"alt_text":"","src":"","width":0,"height":0},"classes":[]},{"id":19529,"url":"https:\/\/quechilero.com\/blog\/2014\/10\/16\/el-poder-de-la-palabra-de-dios\/","url_meta":{"origin":15130,"position":4},"title":"El Poder de la palabra de Dios","author":"Pepe Barrascout Ortiz","date":"16 octubre 2014","format":false,"excerpt":"Un agente viajero se encontraba solo y triste en su cuarto en el hotel; no hab\u00eda tenido mucho \u00e9xito en sus ventas y se sent\u00eda muy desanimado. Tal era su desilusi\u00f3n que pensaba en suicidarse. Entonces vio una Biblia sobre la mesa; la abri\u00f3 y la ley\u00f3 durante varias horas;\u2026","rel":"","context":"En \u00abLimones\u00bb","block_context":{"text":"Limones","link":"https:\/\/quechilero.com\/blog\/category\/limones\/"},"img":{"alt_text":"","src":"","width":0,"height":0},"classes":[]},{"id":4607,"url":"https:\/\/quechilero.com\/blog\/2010\/04\/02\/meditacion-de-las-siete-palabras\/","url_meta":{"origin":15130,"position":5},"title":"Meditaci\u00f3n de las Siete Palabras","author":"Pepe Barrascout Ortiz","date":"2 abril 2010","format":false,"excerpt":"Oraci\u00f3n Jes\u00fas en la Cruz aboga: da al ladr\u00f3n: lega su Madre: qu\u00e9jase: la sed le ahoga: cumple: entrega el alma al Padre Al Calvario hay que llegar porque Cristo, nuestra Luz, hoy tambi\u00e9n nos quiere hablar desde el ara de la Cruz. \u00a1Virgen de dolores y Madre m\u00eda! Que,\u2026","rel":"","context":"En \u00abLimones\u00bb","block_context":{"text":"Limones","link":"https:\/\/quechilero.com\/blog\/category\/limones\/"},"img":{"alt_text":"","src":"","width":0,"height":0},"classes":[]}],"jetpack_featured_media_url":"","_links":{"self":[{"href":"https:\/\/quechilero.com\/blog\/wp-json\/wp\/v2\/posts\/15130","targetHints":{"allow":["GET"]}}],"collection":[{"href":"https:\/\/quechilero.com\/blog\/wp-json\/wp\/v2\/posts"}],"about":[{"href":"https:\/\/quechilero.com\/blog\/wp-json\/wp\/v2\/types\/post"}],"author":[{"embeddable":true,"href":"https:\/\/quechilero.com\/blog\/wp-json\/wp\/v2\/users\/1"}],"replies":[{"embeddable":true,"href":"https:\/\/quechilero.com\/blog\/wp-json\/wp\/v2\/comments?post=15130"}],"version-history":[{"count":0,"href":"https:\/\/quechilero.com\/blog\/wp-json\/wp\/v2\/posts\/15130\/revisions"}],"wp:attachment":[{"href":"https:\/\/quechilero.com\/blog\/wp-json\/wp\/v2\/media?parent=15130"}],"wp:term":[{"taxonomy":"category","embeddable":true,"href":"https:\/\/quechilero.com\/blog\/wp-json\/wp\/v2\/categories?post=15130"},{"taxonomy":"post_tag","embeddable":true,"href":"https:\/\/quechilero.com\/blog\/wp-json\/wp\/v2\/tags?post=15130"},{"taxonomy":"series","embeddable":true,"href":"https:\/\/quechilero.com\/blog\/wp-json\/wp\/v2\/series?post=15130"}],"curies":[{"name":"wp","href":"https:\/\/api.w.org\/{rel}","templated":true}]}}