{"id":15127,"date":"2012-11-17T08:00:52","date_gmt":"2012-11-17T14:00:52","guid":{"rendered":"http:\/\/quechilero.com\/blog\/?p=15127"},"modified":"2012-11-17T08:00:52","modified_gmt":"2012-11-17T14:00:52","slug":"porque-me-conociste","status":"publish","type":"post","link":"https:\/\/quechilero.com\/blog\/2012\/11\/17\/porque-me-conociste\/","title":{"rendered":"Porque me conociste"},"content":{"rendered":"<p>Corr\u00eda el invierno del 1999, y all\u00ed estaba Jaume Rucabado, ocean\u00f3grafo conocid\u00edsimo entre los de su gremio, languidec\u00eda en el Hospital Oncol\u00f3gico de Barcelona a sus cincuenta y pocos a\u00f1os.<\/p>\n<p>La quimioterapia no hab\u00eda conseguido derrotar al c\u00e1ncer que se hab\u00eda afincado en el p\u00e1ncreas. Directo, sincero, gran trabajador, con gafas desde donde te escudri\u00f1aba.<\/p>\n<p>Las enfermeras, acostumbradas a la muerte, ve\u00edan con gran sorpresa c\u00f3mo Jaume, desde hace meses, se hab\u00eda encontrado con Dios en su misma Cruz; no sal\u00edan de su admiraci\u00f3n por aquel hombre que se les iba apagando, mientras les hac\u00eda re\u00edr con deliciosas y divertidas caricaturas.<\/p>\n<p>Una de ellas le pregunta:<\/p>\n<p>&#8211; Jaume, \u00bfcrees que yo ir\u00e9 al cielo?<\/p>\n<p>Jaume la mira largamente, sabiendo que ella no practicaba la Fe cristiana. Se atusa la barba y con una sonrisa le dice:<\/p>\n<p>&#8211; S\u00ed: t\u00fa ir\u00e1s al cielo.<\/p>\n<p>&#8211; \u00bfC\u00f3mo puedes decirlo tan seguro? \u00bfPor qu\u00e9 dices que ir\u00e9 al cielo?<\/p>\n<p>&#8211; Mira\u2026 porque me has conocido a m\u00ed\u2026<\/p>\n<p>Jaume Rucabado muri\u00f3 el 6 de enero de 1999. Y el d\u00eda de su entierro, aquella enfermera hizo una breve oraci\u00f3n, acept\u00f3 a Dios en su coraz\u00f3n, y recibi\u00f3 el premio del cielo de una sincera conversi\u00f3n.<\/p>\n<p>No era presunci\u00f3n, ni prepotencia de parte de Jaume, lo que pasaba era que \u00e9l se hab\u00eda dado a Dios; Jesucristo le hab\u00eda aceptado y ahora actuaba a trav\u00e9s suyo teniendo la certeza que su ejemplo de vida habr\u00eda sido suficiente para que aquella enfermera conociera a Jes\u00fas.<\/p>\n<p>Y t\u00fa, \u00bfpodr\u00e1s responder igual si alguien te hace la misma pregunta?<\/p>\n","protected":false},"excerpt":{"rendered":"<p>Corr\u00eda el invierno del 1999, y all\u00ed estaba Jaume Rucabado, ocean\u00f3grafo conocid\u00edsimo entre los de su gremio, languidec\u00eda en el Hospital Oncol\u00f3gico de Barcelona a sus cincuenta y pocos a\u00f1os. La quimioterapia no hab\u00eda conseguido derrotar al c\u00e1ncer que se hab\u00eda afincado en el p\u00e1ncreas. Directo, sincero, gran trabajador, con gafas desde donde te escudri\u00f1aba. &#8230; <a title=\"Porque me conociste\" class=\"read-more\" href=\"https:\/\/quechilero.com\/blog\/2012\/11\/17\/porque-me-conociste\/\" aria-label=\"Leer m\u00e1s sobre Porque me conociste\">Leer m\u00e1s<\/a><\/p>\n","protected":false},"author":1,"featured_media":0,"comment_status":"open","ping_status":"open","sticky":false,"template":"","format":"standard","meta":{"advanced_seo_description":"","jetpack_seo_html_title":"","jetpack_seo_noindex":false,"jetpack_seo_schema_type":"","episode_type":"","audio_file":"","podmotor_file_id":"","podmotor_episode_id":"","cover_image":"","cover_image_id":"","duration":"","filesize":"","filesize_raw":"","date_recorded":"","explicit":"","block":"","_jetpack_newsletter_access":"","_jetpack_dont_email_post_to_subs":false,"_jetpack_newsletter_tier_id":0,"_jetpack_memberships_contains_paywalled_content":false,"_jetpack_feature_clip_id":0,"_jetpack_memberships_contains_paid_content":false,"footnotes":"","jetpack_publicize_message":"","jetpack_publicize_feature_enabled":true,"jetpack_social_post_already_shared":false,"jetpack_social_options":{"image_generator_settings":{"template":"highway","default_image_id":0,"font":"","enabled":false},"version":2},"jetpack_post_was_ever_published":false},"categories":[2],"tags":[51,18,74,50,86,24],"series":[],"class_list":["post-15127","post","type-post","status-publish","format-standard","hentry","category-limones","tag-dios","tag-hombre","tag-jesus","tag-muerte","tag-oracion","tag-vida"],"episode_featured_image":false,"episode_player_image":"https:\/\/i0.wp.com\/quechilero.com\/blog\/imagenes\/podcast.png?fit=1831%2C1831&ssl=1","download_link":"","player_link":"","audio_player":false,"episode_data":{"playerMode":"dark","subscribeUrls":{"amazon":{"key":"amazon","url":"","label":"Amazon","class":"amazon","icon":"amazon.png"},"apple_podcasts":{"key":"apple_podcasts","url":"","label":"Apple Podcasts","class":"apple_podcasts","icon":"apple-podcasts.png"},"castbox":{"key":"castbox","url":"","label":"CastBox","class":"castbox","icon":"castbox.png"},"deezer":{"key":"deezer","url":"","label":"Deezer","class":"deezer","icon":"deezer.png"},"google_podcasts":{"key":"google_podcasts","url":"","label":"Google Podcasts","class":"google_podcasts","icon":"google-podcasts.png"},"listen_notes":{"key":"listen_notes","url":"","label":"Listen Notes","class":"listen_notes","icon":"listen-notes.png"},"pandora":{"key":"pandora","url":"","label":"Pandora","class":"pandora","icon":"pandora.png"},"podbean":{"key":"podbean","url":"","label":"Podbean","class":"podbean","icon":"podbean.png"},"podcast_republic":{"key":"podcast_republic","url":"","label":"Podcast Republic","class":"podcast_republic","icon":"podcast-republic.png"},"rss":{"key":"rss","url":"","label":"RSS","class":"rss","icon":"rss.png"},"spotify":{"key":"spotify","url":"","label":"Spotify","class":"spotify","icon":"spotify.png"},"stitcher":{"key":"stitcher","url":"","label":"Stitcher","class":"stitcher","icon":"stitcher.png"},"tunein":{"key":"tunein","url":"","label":"TuneIn","class":"tunein","icon":"tunein.png"},"youtube":{"key":"youtube","url":"","label":"YouTube","class":"youtube","icon":"youtube.png"},"iheartradio":{"key":"iheartradio","url":"","label":"iHeartRadio","class":"iheartradio","icon":"iheartradio.png"},"ivoox":{"key":"ivoox","url":"","label":"iVoox","class":"ivoox","icon":"ivoox.png"}},"rssFeedUrl":"https:\/\/quechilero.com\/blog\/feed\/podcast\/si-la-vida-nos-da-limones","embedCode":"<blockquote class=\"wp-embedded-content\" data-secret=\"26iNE7Fn7m\"><a href=\"https:\/\/quechilero.com\/blog\/2012\/11\/17\/porque-me-conociste\/\">Porque me conociste<\/a><\/blockquote><iframe sandbox=\"allow-scripts\" security=\"restricted\" src=\"https:\/\/quechilero.com\/blog\/2012\/11\/17\/porque-me-conociste\/embed\/#?secret=26iNE7Fn7m\" width=\"500\" height=\"350\" title=\"\u00abPorque me conociste\u00bb \u2014 Si la Vida nos da Limones...\" data-secret=\"26iNE7Fn7m\" frameborder=\"0\" marginwidth=\"0\" marginheight=\"0\" scrolling=\"no\" class=\"wp-embedded-content\"><\/iframe><script>\n\/*! This file is auto-generated *\/\n!function(d,l){\"use strict\";l.querySelector&&d.addEventListener&&\"undefined\"!=typeof URL&&(d.wp=d.wp||{},d.wp.receiveEmbedMessage||(d.wp.receiveEmbedMessage=function(e){var t=e.data;if((t||t.secret||t.message||t.value)&&!\/[^a-zA-Z0-9]\/.test(t.secret)){for(var s,r,n,a=l.querySelectorAll('iframe[data-secret=\"'+t.secret+'\"]'),o=l.querySelectorAll('blockquote[data-secret=\"'+t.secret+'\"]'),c=new RegExp(\"^https?:$\",\"i\"),i=0;i<o.length;i++)o[i].style.display=\"none\";for(i=0;i<a.length;i++)s=a[i],e.source===s.contentWindow&&(s.removeAttribute(\"style\"),\"height\"===t.message?(1e3<(r=parseInt(t.value,10))?r=1e3:~~r<200&&(r=200),s.height=r):\"link\"===t.message&&(r=new URL(s.getAttribute(\"src\")),n=new URL(t.value),c.test(n.protocol))&&n.host===r.host&&l.activeElement===s&&(d.top.location.href=t.value))}},d.addEventListener(\"message\",d.wp.receiveEmbedMessage,!1),l.addEventListener(\"DOMContentLoaded\",function(){for(var e,t,s=l.querySelectorAll(\"iframe.wp-embedded-content\"),r=0;r<s.length;r++)(t=(e=s[r]).getAttribute(\"data-secret\"))||(t=Math.random().toString(36).substring(2,12),e.src+=\"#?secret=\"+t,e.setAttribute(\"data-secret\",t)),e.contentWindow.postMessage({message:\"ready\",secret:t},\"*\")},!1)))}(window,document);\n\/\/# sourceURL=https:\/\/quechilero.com\/blog\/wp-includes\/js\/wp-embed.min.js\n<\/script>\n"},"jetpack_publicize_connections":[],"jetpack_shortlink":"https:\/\/wp.me\/pDKli-3VZ","jetpack_sharing_enabled":true,"jetpack-related-posts":[{"id":131,"url":"https:\/\/quechilero.com\/blog\/2006\/08\/14\/frases-celebres\/","url_meta":{"origin":15127,"position":0},"title":"Frases c\u00e9lebres","author":"Pepe Barrascout Ortiz","date":"14 agosto 2006","format":false,"excerpt":"Peque\u00f1o recopilatorio de frases que podr\u00edamos clasificar como c\u00e9lebres, solo porque se les ha atribu\u00eddo a alg\u00fan personaje c\u00e9lebre. Otro grupo de frases c\u00e9lebres, dichas por un personaje igual de c\u00e9lebre, las podemos ver haciendo click ac\u00e1. Tambi\u00e9n se puede leer un listado de frases inteligentes sobre la guerra, aqui.\u2026","rel":"","context":"En \u00abLimones\u00bb","block_context":{"text":"Limones","link":"https:\/\/quechilero.com\/blog\/category\/limones\/"},"img":{"alt_text":"","src":"","width":0,"height":0},"classes":[]},{"id":17480,"url":"https:\/\/quechilero.com\/blog\/2013\/12\/03\/muertos-para-vivir\/","url_meta":{"origin":15127,"position":1},"title":"Muertos para vivir","author":"Pepe Barrascout Ortiz","date":"3 diciembre 2013","format":false,"excerpt":"Hace ya bastante tiempo, un hombre de familia tuvo que elegir entre Dios o sus seres m\u00e1s queridos. Eran creyentes en un pa\u00eds, donde el nombre de Jes\u00fas era blasfemia para ellos. El padre de familia era predicador y su temor no estaba sobre los hombres, sino sobre Dios; es\u2026","rel":"","context":"En \u00abLimones\u00bb","block_context":{"text":"Limones","link":"https:\/\/quechilero.com\/blog\/category\/limones\/"},"img":{"alt_text":"","src":"","width":0,"height":0},"classes":[]},{"id":17315,"url":"https:\/\/quechilero.com\/blog\/2013\/10\/13\/una-fe-sin-obras-es-una-fe-muerta\/","url_meta":{"origin":15127,"position":2},"title":"Una Fe sin obras es una Fe muerta","author":"Pepe Barrascout Ortiz","date":"13 octubre 2013","format":false,"excerpt":"Cuentan que un capell\u00e1n se aproxim\u00f3 a un herido en medio del fragor de la batalla y le pregunt\u00f3: - \u00bfQuieres que te lea la Biblia? - Primero dame agua, que tengo sed -dijo el herido. El capell\u00e1n le convid\u00f3 el \u00faltimo trago de su cantimplora, aunque sab\u00eda que no\u2026","rel":"","context":"En \u00abLimones\u00bb","block_context":{"text":"Limones","link":"https:\/\/quechilero.com\/blog\/category\/limones\/"},"img":{"alt_text":"","src":"","width":0,"height":0},"classes":[]},{"id":4619,"url":"https:\/\/quechilero.com\/blog\/2010\/04\/04\/verdaderamente-resucito-jesucristo\/","url_meta":{"origin":15127,"position":3},"title":"\u00bfVerdaderamente resucit\u00f3 Jesucristo?","author":"Pepe Barrascout Ortiz","date":"4 abril 2010","format":false,"excerpt":"Entre uno de los rasgos caracter\u00edsticos de la figura de Jesucristo, que contrasta tremendamente con su condici\u00f3n divina, fue la humillaci\u00f3n extrema que sufri\u00f3 en la hora de su muerte. Una paradoja absoluta. El que ha manifestado ser el propio Hijo de Dios, aquel que reun\u00eda a las multitudes y\u2026","rel":"","context":"En \u00abLimones\u00bb","block_context":{"text":"Limones","link":"https:\/\/quechilero.com\/blog\/category\/limones\/"},"img":{"alt_text":"","src":"","width":0,"height":0},"classes":[]},{"id":17351,"url":"https:\/\/quechilero.com\/blog\/2013\/10\/21\/el-alpinista-2\/","url_meta":{"origin":15127,"position":4},"title":"El alpinista","author":"Pepe Barrascout Ortiz","date":"21 octubre 2013","format":false,"excerpt":"Cuentan que un alpinista, desesperado por conquistar el Aconcagua, inici\u00f3 su traves\u00eda despu\u00e9s de a\u00f1os de preparaci\u00f3n, pero quer\u00eda la gloria para \u00e9l solo; por lo tanto, subi\u00f3 sin compa\u00f1eros. Empez\u00f3 a subir y se le fue haciendo tarde, y m\u00e1s tarde, y no se prepar\u00f3 para acampar, sino que\u2026","rel":"","context":"En \u00abLimones\u00bb","block_context":{"text":"Limones","link":"https:\/\/quechilero.com\/blog\/category\/limones\/"},"img":{"alt_text":"","src":"","width":0,"height":0},"classes":[]},{"id":13020,"url":"https:\/\/quechilero.com\/blog\/2012\/04\/14\/el-alpinista\/","url_meta":{"origin":15127,"position":5},"title":"El Alpinista","author":"Pepe Barrascout Ortiz","date":"14 abril 2012","format":false,"excerpt":"Cuentan que un alpinista, desesperado por conquistar el Aconcagua. Inici\u00f3 su traves\u00eda, despu\u00e9s de a\u00f1os de preparaci\u00f3n, pero quer\u00eda la gloria para \u00e9l s\u00f3lo, por lo tanto subi\u00f3 sin sus compa\u00f1eros. Empez\u00f3 a subir y se le fue haciendo tarde, y m\u00e1s tarde, y no se prepar\u00f3 para acampar, sino\u2026","rel":"","context":"En \u00abLimones\u00bb","block_context":{"text":"Limones","link":"https:\/\/quechilero.com\/blog\/category\/limones\/"},"img":{"alt_text":"","src":"","width":0,"height":0},"classes":[]}],"jetpack_featured_media_url":"","_links":{"self":[{"href":"https:\/\/quechilero.com\/blog\/wp-json\/wp\/v2\/posts\/15127","targetHints":{"allow":["GET"]}}],"collection":[{"href":"https:\/\/quechilero.com\/blog\/wp-json\/wp\/v2\/posts"}],"about":[{"href":"https:\/\/quechilero.com\/blog\/wp-json\/wp\/v2\/types\/post"}],"author":[{"embeddable":true,"href":"https:\/\/quechilero.com\/blog\/wp-json\/wp\/v2\/users\/1"}],"replies":[{"embeddable":true,"href":"https:\/\/quechilero.com\/blog\/wp-json\/wp\/v2\/comments?post=15127"}],"version-history":[{"count":0,"href":"https:\/\/quechilero.com\/blog\/wp-json\/wp\/v2\/posts\/15127\/revisions"}],"wp:attachment":[{"href":"https:\/\/quechilero.com\/blog\/wp-json\/wp\/v2\/media?parent=15127"}],"wp:term":[{"taxonomy":"category","embeddable":true,"href":"https:\/\/quechilero.com\/blog\/wp-json\/wp\/v2\/categories?post=15127"},{"taxonomy":"post_tag","embeddable":true,"href":"https:\/\/quechilero.com\/blog\/wp-json\/wp\/v2\/tags?post=15127"},{"taxonomy":"series","embeddable":true,"href":"https:\/\/quechilero.com\/blog\/wp-json\/wp\/v2\/series?post=15127"}],"curies":[{"name":"wp","href":"https:\/\/api.w.org\/{rel}","templated":true}]}}