{"id":15125,"date":"2012-11-15T08:00:37","date_gmt":"2012-11-15T14:00:37","guid":{"rendered":"http:\/\/quechilero.com\/blog\/?p=15125"},"modified":"2012-11-15T08:00:37","modified_gmt":"2012-11-15T14:00:37","slug":"dar-gracias","status":"publish","type":"post","link":"https:\/\/quechilero.com\/blog\/2012\/11\/15\/dar-gracias\/","title":{"rendered":"Dar Gracias"},"content":{"rendered":"<p>Una madre sol\u00eda orar en las noches con una hija peque\u00f1a, de unos seis a\u00f1os, al acostarla.<\/p>\n<p>Una noche la madre le dijo:<\/p>\n<p>&#8211; Hoy vamos a pedir a Dios un poco m\u00e1s para que sane a la t\u00eda Marta.<\/p>\n<p>Oraron por la t\u00eda Marta, cada noche, durante un par de semanas. Despu\u00e9s, la madre no dijo nada y dejaron de pedir. A la tercera o cuarta noche sin hacerlo, la ni\u00f1a pregunt\u00f3:<\/p>\n<p>&#8211; Mam\u00e1, \u00bfpor qu\u00e9 no oramos por la t\u00eda Marta?<\/p>\n<p>&#8211; Es que Diosito ya la puso buena -respondi\u00f3 la madre.<\/p>\n<p>&#8211; Y si la puso buena -replic\u00f3 la ni\u00f1a- \u00bfno deber\u00edamos orar para darle las gracias?<\/p>\n<p>Somos m\u00e1s dados a pedir que a agradecer. Lo de aquellos diez leprosos curados y de los que s\u00f3lo uno vuelve a dar las gracias a Jes\u00fas, se repite en nuestra vida a diario.<\/p>\n<p>De cada diez veces que pedimos, quiz\u00e1s, no damos gracias ni una. La gratitud del que pide abre la mano del que da: el agradecimiento facilita la generosidad.<\/p>\n<p>\u00a1Y tenemos tanto que agradecer a Dios!<\/p>\n","protected":false},"excerpt":{"rendered":"<p>Una madre sol\u00eda orar en las noches con una hija peque\u00f1a, de unos seis a\u00f1os, al acostarla. Una noche la madre le dijo: &#8211; Hoy vamos a pedir a Dios un poco m\u00e1s para que sane a la t\u00eda Marta. Oraron por la t\u00eda Marta, cada noche, durante un par de semanas. Despu\u00e9s, la madre &#8230; <a title=\"Dar Gracias\" class=\"read-more\" href=\"https:\/\/quechilero.com\/blog\/2012\/11\/15\/dar-gracias\/\" aria-label=\"Leer m\u00e1s sobre Dar Gracias\">Leer m\u00e1s<\/a><\/p>\n","protected":false},"author":1,"featured_media":0,"comment_status":"open","ping_status":"open","sticky":false,"template":"","format":"standard","meta":{"advanced_seo_description":"","jetpack_seo_html_title":"","jetpack_seo_noindex":false,"jetpack_seo_schema_type":"","episode_type":"","audio_file":"","podmotor_file_id":"","podmotor_episode_id":"","cover_image":"","cover_image_id":"","duration":"","filesize":"","filesize_raw":"","date_recorded":"","explicit":"","block":"","_jetpack_newsletter_access":"","_jetpack_dont_email_post_to_subs":false,"_jetpack_newsletter_tier_id":0,"_jetpack_memberships_contains_paywalled_content":false,"_jetpack_feature_clip_id":0,"_jetpack_memberships_contains_paid_content":false,"footnotes":"","jetpack_publicize_message":"","jetpack_publicize_feature_enabled":true,"jetpack_social_post_already_shared":false,"jetpack_social_options":{"image_generator_settings":{"template":"highway","default_image_id":0,"font":"","enabled":false},"version":2},"jetpack_post_was_ever_published":false},"categories":[2],"tags":[51,74,39,24],"series":[],"class_list":["post-15125","post","type-post","status-publish","format-standard","hentry","category-limones","tag-dios","tag-jesus","tag-madre","tag-vida"],"episode_featured_image":false,"episode_player_image":"https:\/\/i0.wp.com\/quechilero.com\/blog\/imagenes\/podcast.png?fit=1831%2C1831&ssl=1","download_link":"","player_link":"","audio_player":false,"episode_data":{"playerMode":"dark","subscribeUrls":{"amazon":{"key":"amazon","url":"","label":"Amazon","class":"amazon","icon":"amazon.png"},"apple_podcasts":{"key":"apple_podcasts","url":"","label":"Apple Podcasts","class":"apple_podcasts","icon":"apple-podcasts.png"},"castbox":{"key":"castbox","url":"","label":"CastBox","class":"castbox","icon":"castbox.png"},"deezer":{"key":"deezer","url":"","label":"Deezer","class":"deezer","icon":"deezer.png"},"google_podcasts":{"key":"google_podcasts","url":"","label":"Google Podcasts","class":"google_podcasts","icon":"google-podcasts.png"},"listen_notes":{"key":"listen_notes","url":"","label":"Listen Notes","class":"listen_notes","icon":"listen-notes.png"},"pandora":{"key":"pandora","url":"","label":"Pandora","class":"pandora","icon":"pandora.png"},"podbean":{"key":"podbean","url":"","label":"Podbean","class":"podbean","icon":"podbean.png"},"podcast_republic":{"key":"podcast_republic","url":"","label":"Podcast Republic","class":"podcast_republic","icon":"podcast-republic.png"},"rss":{"key":"rss","url":"","label":"RSS","class":"rss","icon":"rss.png"},"spotify":{"key":"spotify","url":"","label":"Spotify","class":"spotify","icon":"spotify.png"},"stitcher":{"key":"stitcher","url":"","label":"Stitcher","class":"stitcher","icon":"stitcher.png"},"tunein":{"key":"tunein","url":"","label":"TuneIn","class":"tunein","icon":"tunein.png"},"youtube":{"key":"youtube","url":"","label":"YouTube","class":"youtube","icon":"youtube.png"},"iheartradio":{"key":"iheartradio","url":"","label":"iHeartRadio","class":"iheartradio","icon":"iheartradio.png"},"ivoox":{"key":"ivoox","url":"","label":"iVoox","class":"ivoox","icon":"ivoox.png"}},"rssFeedUrl":"https:\/\/quechilero.com\/blog\/feed\/podcast\/si-la-vida-nos-da-limones","embedCode":"<blockquote class=\"wp-embedded-content\" data-secret=\"d3B6FT78fB\"><a href=\"https:\/\/quechilero.com\/blog\/2012\/11\/15\/dar-gracias\/\">Dar Gracias<\/a><\/blockquote><iframe sandbox=\"allow-scripts\" security=\"restricted\" src=\"https:\/\/quechilero.com\/blog\/2012\/11\/15\/dar-gracias\/embed\/#?secret=d3B6FT78fB\" width=\"500\" height=\"350\" title=\"\u00abDar Gracias\u00bb \u2014 Si la Vida nos da Limones...\" data-secret=\"d3B6FT78fB\" frameborder=\"0\" marginwidth=\"0\" marginheight=\"0\" scrolling=\"no\" class=\"wp-embedded-content\"><\/iframe><script>\n\/*! This file is auto-generated *\/\n!function(d,l){\"use strict\";l.querySelector&&d.addEventListener&&\"undefined\"!=typeof URL&&(d.wp=d.wp||{},d.wp.receiveEmbedMessage||(d.wp.receiveEmbedMessage=function(e){var t=e.data;if((t||t.secret||t.message||t.value)&&!\/[^a-zA-Z0-9]\/.test(t.secret)){for(var s,r,n,a=l.querySelectorAll('iframe[data-secret=\"'+t.secret+'\"]'),o=l.querySelectorAll('blockquote[data-secret=\"'+t.secret+'\"]'),c=new RegExp(\"^https?:$\",\"i\"),i=0;i<o.length;i++)o[i].style.display=\"none\";for(i=0;i<a.length;i++)s=a[i],e.source===s.contentWindow&&(s.removeAttribute(\"style\"),\"height\"===t.message?(1e3<(r=parseInt(t.value,10))?r=1e3:~~r<200&&(r=200),s.height=r):\"link\"===t.message&&(r=new URL(s.getAttribute(\"src\")),n=new URL(t.value),c.test(n.protocol))&&n.host===r.host&&l.activeElement===s&&(d.top.location.href=t.value))}},d.addEventListener(\"message\",d.wp.receiveEmbedMessage,!1),l.addEventListener(\"DOMContentLoaded\",function(){for(var e,t,s=l.querySelectorAll(\"iframe.wp-embedded-content\"),r=0;r<s.length;r++)(t=(e=s[r]).getAttribute(\"data-secret\"))||(t=Math.random().toString(36).substring(2,12),e.src+=\"#?secret=\"+t,e.setAttribute(\"data-secret\",t)),e.contentWindow.postMessage({message:\"ready\",secret:t},\"*\")},!1)))}(window,document);\n\/\/# sourceURL=https:\/\/quechilero.com\/blog\/wp-includes\/js\/wp-embed.min.js\n<\/script>\n"},"jetpack_publicize_connections":[],"jetpack_shortlink":"https:\/\/wp.me\/pDKli-3VX","jetpack_sharing_enabled":true,"jetpack-related-posts":[{"id":21698,"url":"https:\/\/quechilero.com\/blog\/2015\/10\/30\/helado-para-el-alma\/","url_meta":{"origin":15125,"position":0},"title":"Helado para el Alma","author":"Pepe Barrascout Ortiz","date":"30 octubre 2015","format":false,"excerpt":"La semana pasada llev\u00e9 a mis ni\u00f1os a un restaurante. Mi hijo de 6 a\u00f1os de edad pregunt\u00f3 si pod\u00eda dar las gracias. Cuando inclinamos nuestras cabezas, \u00e9l dijo: \"Dios es bueno, Dios es grande. Gracias por los alimentos, yo estar\u00eda a\u00fan m\u00e1s agradecido si Mam\u00e1 nos diese helado para\u2026","rel":"","context":"En \u00abLimones\u00bb","block_context":{"text":"Limones","link":"https:\/\/quechilero.com\/blog\/category\/limones\/"},"img":{"alt_text":"","src":"","width":0,"height":0},"classes":[]},{"id":20050,"url":"https:\/\/quechilero.com\/blog\/2015\/04\/16\/das-gracias-a-dios-por-los-alimentos\/","url_meta":{"origin":15125,"position":1},"title":"\u00bfDas gracias a Dios por los alimentos?","author":"Pepe Barrascout Ortiz","date":"16 abril 2015","format":false,"excerpt":"Una peque\u00f1a historia nos habla de un ni\u00f1o que un d\u00eda fue invitado a cenar en casa de un amiguito. Cuando el peque\u00f1o se sent\u00f3 a la mesa, inclin\u00f3 la cabeza y esper\u00f3 que alguien diese gracias por los alimentos. Sin embargo, las dem\u00e1s personas que estaban a la mesa\u2026","rel":"","context":"En \u00abLimones\u00bb","block_context":{"text":"Limones","link":"https:\/\/quechilero.com\/blog\/category\/limones\/"},"img":{"alt_text":"","src":"","width":0,"height":0},"classes":[]},{"id":19505,"url":"https:\/\/quechilero.com\/blog\/2014\/10\/04\/para-que-usas-tus-ojos\/","url_meta":{"origin":15125,"position":2},"title":"\u00bfPara qu\u00e9 usas tus ojos?","author":"Pepe Barrascout Ortiz","date":"4 octubre 2014","format":false,"excerpt":"En la tarde de la v\u00edspera de Pentecost\u00e9s, muchos j\u00f3venes hab\u00edan ido a la sacrist\u00eda con la intenci\u00f3n de confesarse con Don Bosco. Una se\u00f1ora de bastante edad bajaba llevando de la mano a una ni\u00f1ita de diez o doce a\u00f1os, con los ojos vendados. Se llamaba Mar\u00eda Stardero, y\u2026","rel":"","context":"En \u00abLimones\u00bb","block_context":{"text":"Limones","link":"https:\/\/quechilero.com\/blog\/category\/limones\/"},"img":{"alt_text":"","src":"","width":0,"height":0},"classes":[]},{"id":461,"url":"https:\/\/quechilero.com\/blog\/2007\/02\/21\/el-santo-rosario\/","url_meta":{"origin":15125,"position":3},"title":"El Santo Rosario","author":"Pepe Barrascout Ortiz","date":"21 febrero 2007","format":false,"excerpt":"Preparaci\u00f3n: * Nos hacemos la se\u00f1al de la Cruz * Nos ponemos en presencia de Dios y para que la oraci\u00f3n llegue al Cielo, pedimos humildemente perd\u00f3n al Se\u00f1or por nuestras faltas (en silencio). Rezamos el Acto de Contrici\u00f3n (el \"P\u00e9same\") * Decimos: \"En el primer misterio recordamos...\" (nombramos el\u2026","rel":"","context":"En \u00abLimones\u00bb","block_context":{"text":"Limones","link":"https:\/\/quechilero.com\/blog\/category\/limones\/"},"img":{"alt_text":"","src":"","width":0,"height":0},"classes":[]},{"id":4248,"url":"https:\/\/quechilero.com\/blog\/2010\/01\/15\/senor-de-esquipulas-3\/","url_meta":{"origin":15125,"position":4},"title":"Se\u00f1or de Esquipulas","author":"Pepe Barrascout Ortiz","date":"15 enero 2010","format":false,"excerpt":"Se\u00f1or Jes\u00fas, creemos que est\u00e1s vivo y resucitado. Creemos que est\u00e1s realmente presente en el Sant\u00edsimo Sacramento del altar y en cada uno de nosotros. Te alabamos y te adoramos. Te damos gracias, Se\u00f1or, por venir hasta nosotros como pan vivo bajado del cielo. T\u00fa eres la plenitud de la\u2026","rel":"","context":"En \u00abLimones\u00bb","block_context":{"text":"Limones","link":"https:\/\/quechilero.com\/blog\/category\/limones\/"},"img":{"alt_text":"","src":"","width":0,"height":0},"classes":[]},{"id":985,"url":"https:\/\/quechilero.com\/blog\/2008\/06\/13\/mi-papa-es-un-sonador\/","url_meta":{"origin":15125,"position":5},"title":"Mi Pap\u00e1 es un so\u00f1ador","author":"Pepe Barrascout Ortiz","date":"13 junio 2008","format":false,"excerpt":"Una ni\u00f1ita se encontraba al costado de una multitud, mientras su pap\u00e1 testificaba acerca de c\u00f3mo Jesucristo hab\u00eda influenciado en \u00e9l. Explicaba c\u00f3mo el Se\u00f1or lo hab\u00eda salvado y rescatado de su anterior estilo de vida como alcoh\u00f3lico. Entre los presentes hab\u00eda un desvergonzado que no pod\u00eda soportar m\u00e1s o\u00edr\u2026","rel":"","context":"En \u00abLimones\u00bb","block_context":{"text":"Limones","link":"https:\/\/quechilero.com\/blog\/category\/limones\/"},"img":{"alt_text":"","src":"","width":0,"height":0},"classes":[]}],"jetpack_featured_media_url":"","_links":{"self":[{"href":"https:\/\/quechilero.com\/blog\/wp-json\/wp\/v2\/posts\/15125","targetHints":{"allow":["GET"]}}],"collection":[{"href":"https:\/\/quechilero.com\/blog\/wp-json\/wp\/v2\/posts"}],"about":[{"href":"https:\/\/quechilero.com\/blog\/wp-json\/wp\/v2\/types\/post"}],"author":[{"embeddable":true,"href":"https:\/\/quechilero.com\/blog\/wp-json\/wp\/v2\/users\/1"}],"replies":[{"embeddable":true,"href":"https:\/\/quechilero.com\/blog\/wp-json\/wp\/v2\/comments?post=15125"}],"version-history":[{"count":0,"href":"https:\/\/quechilero.com\/blog\/wp-json\/wp\/v2\/posts\/15125\/revisions"}],"wp:attachment":[{"href":"https:\/\/quechilero.com\/blog\/wp-json\/wp\/v2\/media?parent=15125"}],"wp:term":[{"taxonomy":"category","embeddable":true,"href":"https:\/\/quechilero.com\/blog\/wp-json\/wp\/v2\/categories?post=15125"},{"taxonomy":"post_tag","embeddable":true,"href":"https:\/\/quechilero.com\/blog\/wp-json\/wp\/v2\/tags?post=15125"},{"taxonomy":"series","embeddable":true,"href":"https:\/\/quechilero.com\/blog\/wp-json\/wp\/v2\/series?post=15125"}],"curies":[{"name":"wp","href":"https:\/\/api.w.org\/{rel}","templated":true}]}}