{"id":15098,"date":"2012-11-12T08:00:03","date_gmt":"2012-11-12T14:00:03","guid":{"rendered":"http:\/\/quechilero.com\/blog\/?p=15098"},"modified":"2012-11-12T08:00:03","modified_gmt":"2012-11-12T14:00:03","slug":"de-la-flauta","status":"publish","type":"post","link":"https:\/\/quechilero.com\/blog\/2012\/11\/12\/de-la-flauta\/","title":{"rendered":"De la flauta"},"content":{"rendered":"<p>Creo que gran parte de los lectores asistieron al film \u00abAmadeus\u00bb: masacrado por la cr\u00edtica musical de su \u00e9poca, que lo acusaba de superficial, Wolfang Amadeus Mozart se consolaba sabiendo que al p\u00fablico le gustaba y apoyaba su arte.<\/p>\n<p>Su \u00faltima \u00f3pera, \u00abLa Flauta M\u00e1gica\u00bb, muestra a un Mozart de una ligereza extraordinaria, ignorando por completo la filosof\u00eda siniestra que complica la vida. A un amigo, el compositor explic\u00f3 el porqu\u00e9 de tanta suavidad: \u00abLa vida es permanente. Ella no precisa de significados ocultos para mostrar su belleza y su eternidad. Dios no est\u00e1 en la tortura del alma o en las confusiones del pensamiento, pero la capacidad que el hombre tiene, desde los tiempos m\u00e1s remotos, es la de mirar las estrellas y conmoverse.\u00bb<\/p>\n","protected":false},"excerpt":{"rendered":"<p>Creo que gran parte de los lectores asistieron al film \u00abAmadeus\u00bb: masacrado por la cr\u00edtica musical de su \u00e9poca, que lo acusaba de superficial, Wolfang Amadeus Mozart se consolaba sabiendo que al p\u00fablico le gustaba y apoyaba su arte. Su \u00faltima \u00f3pera, \u00abLa Flauta M\u00e1gica\u00bb, muestra a un Mozart de una ligereza extraordinaria, ignorando por &#8230; <a title=\"De la flauta\" class=\"read-more\" href=\"https:\/\/quechilero.com\/blog\/2012\/11\/12\/de-la-flauta\/\" aria-label=\"Leer m\u00e1s sobre De la flauta\">Leer m\u00e1s<\/a><\/p>\n","protected":false},"author":1,"featured_media":0,"comment_status":"open","ping_status":"open","sticky":false,"template":"","format":"standard","meta":{"advanced_seo_description":"","jetpack_seo_html_title":"","jetpack_seo_noindex":false,"jetpack_seo_schema_type":"","episode_type":"","audio_file":"","podmotor_file_id":"","podmotor_episode_id":"","cover_image":"","cover_image_id":"","duration":"","filesize":"","filesize_raw":"","date_recorded":"","explicit":"","block":"","_jetpack_newsletter_access":"","_jetpack_dont_email_post_to_subs":false,"_jetpack_newsletter_tier_id":0,"_jetpack_memberships_contains_paywalled_content":false,"_jetpack_feature_clip_id":0,"_jetpack_memberships_contains_paid_content":false,"footnotes":"","jetpack_publicize_message":"","jetpack_publicize_feature_enabled":true,"jetpack_social_post_already_shared":false,"jetpack_social_options":{"image_generator_settings":{"template":"highway","default_image_id":0,"font":"","enabled":false},"version":2},"jetpack_post_was_ever_published":false},"categories":[2],"tags":[11,97,51,18,5,24],"series":[],"class_list":["post-15098","post","type-post","status-publish","format-standard","hentry","category-limones","tag-amigo","tag-deus","tag-dios","tag-hombre","tag-tiempo","tag-vida"],"episode_featured_image":false,"episode_player_image":"https:\/\/i0.wp.com\/quechilero.com\/blog\/imagenes\/podcast.png?fit=1831%2C1831&ssl=1","download_link":"","player_link":"","audio_player":false,"episode_data":{"playerMode":"dark","subscribeUrls":{"amazon":{"key":"amazon","url":"","label":"Amazon","class":"amazon","icon":"amazon.png"},"apple_podcasts":{"key":"apple_podcasts","url":"","label":"Apple Podcasts","class":"apple_podcasts","icon":"apple-podcasts.png"},"castbox":{"key":"castbox","url":"","label":"CastBox","class":"castbox","icon":"castbox.png"},"deezer":{"key":"deezer","url":"","label":"Deezer","class":"deezer","icon":"deezer.png"},"google_podcasts":{"key":"google_podcasts","url":"","label":"Google Podcasts","class":"google_podcasts","icon":"google-podcasts.png"},"listen_notes":{"key":"listen_notes","url":"","label":"Listen Notes","class":"listen_notes","icon":"listen-notes.png"},"pandora":{"key":"pandora","url":"","label":"Pandora","class":"pandora","icon":"pandora.png"},"podbean":{"key":"podbean","url":"","label":"Podbean","class":"podbean","icon":"podbean.png"},"podcast_republic":{"key":"podcast_republic","url":"","label":"Podcast Republic","class":"podcast_republic","icon":"podcast-republic.png"},"rss":{"key":"rss","url":"","label":"RSS","class":"rss","icon":"rss.png"},"spotify":{"key":"spotify","url":"","label":"Spotify","class":"spotify","icon":"spotify.png"},"stitcher":{"key":"stitcher","url":"","label":"Stitcher","class":"stitcher","icon":"stitcher.png"},"tunein":{"key":"tunein","url":"","label":"TuneIn","class":"tunein","icon":"tunein.png"},"youtube":{"key":"youtube","url":"","label":"YouTube","class":"youtube","icon":"youtube.png"},"iheartradio":{"key":"iheartradio","url":"","label":"iHeartRadio","class":"iheartradio","icon":"iheartradio.png"},"ivoox":{"key":"ivoox","url":"","label":"iVoox","class":"ivoox","icon":"ivoox.png"}},"rssFeedUrl":"https:\/\/quechilero.com\/blog\/feed\/podcast\/si-la-vida-nos-da-limones","embedCode":"<blockquote class=\"wp-embedded-content\" data-secret=\"Qn3SisbnsP\"><a href=\"https:\/\/quechilero.com\/blog\/2012\/11\/12\/de-la-flauta\/\">De la flauta<\/a><\/blockquote><iframe sandbox=\"allow-scripts\" security=\"restricted\" src=\"https:\/\/quechilero.com\/blog\/2012\/11\/12\/de-la-flauta\/embed\/#?secret=Qn3SisbnsP\" width=\"500\" height=\"350\" title=\"\u00abDe la flauta\u00bb \u2014 Si la Vida nos da Limones...\" data-secret=\"Qn3SisbnsP\" frameborder=\"0\" marginwidth=\"0\" marginheight=\"0\" scrolling=\"no\" class=\"wp-embedded-content\"><\/iframe><script>\n\/*! This file is auto-generated *\/\n!function(d,l){\"use strict\";l.querySelector&&d.addEventListener&&\"undefined\"!=typeof URL&&(d.wp=d.wp||{},d.wp.receiveEmbedMessage||(d.wp.receiveEmbedMessage=function(e){var t=e.data;if((t||t.secret||t.message||t.value)&&!\/[^a-zA-Z0-9]\/.test(t.secret)){for(var s,r,n,a=l.querySelectorAll('iframe[data-secret=\"'+t.secret+'\"]'),o=l.querySelectorAll('blockquote[data-secret=\"'+t.secret+'\"]'),c=new RegExp(\"^https?:$\",\"i\"),i=0;i<o.length;i++)o[i].style.display=\"none\";for(i=0;i<a.length;i++)s=a[i],e.source===s.contentWindow&&(s.removeAttribute(\"style\"),\"height\"===t.message?(1e3<(r=parseInt(t.value,10))?r=1e3:~~r<200&&(r=200),s.height=r):\"link\"===t.message&&(r=new URL(s.getAttribute(\"src\")),n=new URL(t.value),c.test(n.protocol))&&n.host===r.host&&l.activeElement===s&&(d.top.location.href=t.value))}},d.addEventListener(\"message\",d.wp.receiveEmbedMessage,!1),l.addEventListener(\"DOMContentLoaded\",function(){for(var e,t,s=l.querySelectorAll(\"iframe.wp-embedded-content\"),r=0;r<s.length;r++)(t=(e=s[r]).getAttribute(\"data-secret\"))||(t=Math.random().toString(36).substring(2,12),e.src+=\"#?secret=\"+t,e.setAttribute(\"data-secret\",t)),e.contentWindow.postMessage({message:\"ready\",secret:t},\"*\")},!1)))}(window,document);\n\/\/# sourceURL=https:\/\/quechilero.com\/blog\/wp-includes\/js\/wp-embed.min.js\n<\/script>\n"},"jetpack_publicize_connections":[],"jetpack_shortlink":"https:\/\/wp.me\/pDKli-3Vw","jetpack_sharing_enabled":true,"jetpack-related-posts":[{"id":3182,"url":"https:\/\/quechilero.com\/blog\/2009\/08\/12\/el-ciego-que-se-hizo-explicar-el-sol\/","url_meta":{"origin":15098,"position":0},"title":"El ciego que se hizo explicar el sol","author":"Pepe Barrascout Ortiz","date":"12 agosto 2009","format":false,"excerpt":"Un hombre, ciego de nacimiento, quiso saber qu\u00e9 aspecto ten\u00eda el sol, y pidi\u00f3 que se lo describieran. - El sol es como este disco de bronce -le explic\u00f3 alguien golpeando un batint\u00edn. Pasado un tiempo, el ciego oy\u00f3 sonar una campana y crey\u00f3 que ese sonido proven\u00eda del sol.\u2026","rel":"","context":"En \u00abLimones\u00bb","block_context":{"text":"Limones","link":"https:\/\/quechilero.com\/blog\/category\/limones\/"},"img":{"alt_text":"","src":"","width":0,"height":0},"classes":[]},{"id":16762,"url":"https:\/\/quechilero.com\/blog\/2013\/06\/13\/los-genios-no-preguntan\/","url_meta":{"origin":15098,"position":1},"title":"Los genios no preguntan","author":"Pepe Barrascout Ortiz","date":"13 junio 2013","format":false,"excerpt":"Un jovenzuelo, aspirante a m\u00fasico, pidi\u00f3 en cierta ocasi\u00f3n a Mozart que le dijera c\u00f3mo hab\u00eda de componer una sinfon\u00eda. - Eres muy joven -le contest\u00f3 Mozart-, \u00bfpor qu\u00e9 no comienzas con baladas? - T\u00fa compusiste sinfon\u00edas a la edad de diez a\u00f1os -le contest\u00f3 el joven. - S\u00ed -contest\u00f3\u2026","rel":"","context":"En \u00abLimones\u00bb","block_context":{"text":"Limones","link":"https:\/\/quechilero.com\/blog\/category\/limones\/"},"img":{"alt_text":"","src":"","width":0,"height":0},"classes":[]},{"id":26706,"url":"https:\/\/quechilero.com\/blog\/2016\/03\/28\/podcast-las-6am-episodio-1167-mozart\/","url_meta":{"origin":15098,"position":2},"title":"Podcast: Las 6am episodio 1167, Mozart","author":"Pepe Barrascout Ortiz","date":"28 marzo 2016","format":false,"excerpt":"Bienvenidos al mil\u00e9simo cent\u00e9simo sexag\u00e9simo s\u00e9ptimo\u00a0episodio de \u201cLas 6 de la ma\u00f1ana\u201d, un podcast diario que trae 6 canciones, para que iniciemos el d\u00eda con buena m\u00fasica. Nuestro invitado de hoy: \"Mozart\" El listado para hoy es: Artista \/ Tema 01 - Singin' In The Rain 02 - Good Morning\u2026","rel":"","context":"En \u00abLas 6 de la ma\u00f1ana\u00bb","block_context":{"text":"Las 6 de la ma\u00f1ana","link":"https:\/\/quechilero.com\/blog\/category\/podcast\/las-6-de-la-manana\/"},"img":{"alt_text":"","src":"https:\/\/i0.wp.com\/quechilero.com\/blog\/imagenes\/las6am.jpg?fit=620%2C350&ssl=1&resize=350%2C200","width":350,"height":200,"srcset":"https:\/\/i0.wp.com\/quechilero.com\/blog\/imagenes\/las6am.jpg?fit=620%2C350&ssl=1&resize=350%2C200 1x, https:\/\/i0.wp.com\/quechilero.com\/blog\/imagenes\/las6am.jpg?fit=620%2C350&ssl=1&resize=525%2C300 1.5x"},"classes":[]},{"id":12788,"url":"https:\/\/quechilero.com\/blog\/2012\/03\/11\/cual-es-el-punto\/","url_meta":{"origin":15098,"position":3},"title":"\u00bfCu\u00e1l es el punto?","author":"Pepe Barrascout Ortiz","date":"11 marzo 2012","format":false,"excerpt":"\u00bfCu\u00e1l es el punto? Esa pregunta me vino a la mente mientras observaba al perro de mi nieto buscar y traerme una pelota una y otra vez. \u00bfCu\u00e1l es el punto? Eso es lo que el autor de Eclesiast\u00e9s pregunt\u00f3 mientras pensaba en el mon\u00f3tono ciclo que observaba en la\u2026","rel":"","context":"En \u00abLimones\u00bb","block_context":{"text":"Limones","link":"https:\/\/quechilero.com\/blog\/category\/limones\/"},"img":{"alt_text":"","src":"","width":0,"height":0},"classes":[]},{"id":16366,"url":"https:\/\/quechilero.com\/blog\/2013\/04\/24\/el-tema-que-vale-la-pena\/","url_meta":{"origin":15098,"position":4},"title":"El tema que vale la pena","author":"Pepe Barrascout Ortiz","date":"24 abril 2013","format":false,"excerpt":"Los debates giran en torno a cientos de temas. Discutimos sobre el clima y sobre la familia, sobre la bolsa y sobre los impuestos, sobre las promesas de los pol\u00edticos y sobre la mejor manera de ahorrar. Pero a veces dejamos de lado un tema que deber\u00eda ocupar un lugar\u2026","rel":"","context":"En \u00abLimones\u00bb","block_context":{"text":"Limones","link":"https:\/\/quechilero.com\/blog\/category\/limones\/"},"img":{"alt_text":"","src":"","width":0,"height":0},"classes":[]},{"id":19297,"url":"https:\/\/quechilero.com\/blog\/2014\/09\/02\/la-grandeza-de-lo-pequeno\/","url_meta":{"origin":15098,"position":5},"title":"La grandeza de lo peque\u00f1o","author":"Pepe Barrascout Ortiz","date":"2 septiembre 2014","format":false,"excerpt":"\"Yo te alabo, Padre, porque has ocultado estas cosas a los sabios y entendidos, y las revelaste a los peque\u00f1os.\" (Lc. 10:21) Estas palabras encierran un misterio y una paradoja para la l\u00f3gica humana. Los m\u00e1s grandes acontecimientos de su vida, Cristo no los quiso revelar a quienes, seg\u00fan el\u2026","rel":"","context":"En \u00abLimones\u00bb","block_context":{"text":"Limones","link":"https:\/\/quechilero.com\/blog\/category\/limones\/"},"img":{"alt_text":"","src":"","width":0,"height":0},"classes":[]}],"jetpack_featured_media_url":"","_links":{"self":[{"href":"https:\/\/quechilero.com\/blog\/wp-json\/wp\/v2\/posts\/15098","targetHints":{"allow":["GET"]}}],"collection":[{"href":"https:\/\/quechilero.com\/blog\/wp-json\/wp\/v2\/posts"}],"about":[{"href":"https:\/\/quechilero.com\/blog\/wp-json\/wp\/v2\/types\/post"}],"author":[{"embeddable":true,"href":"https:\/\/quechilero.com\/blog\/wp-json\/wp\/v2\/users\/1"}],"replies":[{"embeddable":true,"href":"https:\/\/quechilero.com\/blog\/wp-json\/wp\/v2\/comments?post=15098"}],"version-history":[{"count":0,"href":"https:\/\/quechilero.com\/blog\/wp-json\/wp\/v2\/posts\/15098\/revisions"}],"wp:attachment":[{"href":"https:\/\/quechilero.com\/blog\/wp-json\/wp\/v2\/media?parent=15098"}],"wp:term":[{"taxonomy":"category","embeddable":true,"href":"https:\/\/quechilero.com\/blog\/wp-json\/wp\/v2\/categories?post=15098"},{"taxonomy":"post_tag","embeddable":true,"href":"https:\/\/quechilero.com\/blog\/wp-json\/wp\/v2\/tags?post=15098"},{"taxonomy":"series","embeddable":true,"href":"https:\/\/quechilero.com\/blog\/wp-json\/wp\/v2\/series?post=15098"}],"curies":[{"name":"wp","href":"https:\/\/api.w.org\/{rel}","templated":true}]}}