{"id":15095,"date":"2012-11-09T08:00:50","date_gmt":"2012-11-09T14:00:50","guid":{"rendered":"http:\/\/quechilero.com\/blog\/?p=15095"},"modified":"2012-11-09T08:00:50","modified_gmt":"2012-11-09T14:00:50","slug":"ford-y-su-motor-v-8","status":"publish","type":"post","link":"https:\/\/quechilero.com\/blog\/2012\/11\/09\/ford-y-su-motor-v-8\/","title":{"rendered":"Ford y su motor V-8"},"content":{"rendered":"<p>El genio del autom\u00f3vil, Henry Ford, una vez concibi\u00f3 un plano revolucionario para una nueva clase de motor. Lo conocemos ahora como el V-8. Ford estaba ansioso de poner esta nueva idea en producci\u00f3n. Puso a algunos hombres a dibujar los planos y los present\u00f3 a los ingenieros.<\/p>\n<p>Cuando los ingenieros examinaron los dibujos, uno a uno llegaron a la misma conclusi\u00f3n: su visionario jefe no sab\u00eda mucho sobre los principios fundamentales de la ingenier\u00eda. Le dijeron con toda amabilidad que su sue\u00f1o era imposible.<\/p>\n<p>Ford dijo: \u00abFabr\u00edquenlo de cualquier manera\u00bb. Ellos contestaron: \u00abPero es imposible\u00bb. \u00abH\u00e1ganlo\u00bb, orden\u00f3 Ford, \u00aby trabajen hasta que lo logren, no importa cu\u00e1nto tiempo se requiera\u00bb.<\/p>\n<p>Por seis meses lucharon, dibujo tras dibujo, dise\u00f1o tras dise\u00f1o. Nada. Otros seis meses. Nada. Al fin del a\u00f1o, Ford se reuni\u00f3 con sus ingenieros, y una vez m\u00e1s le dijeron que lo que \u00e9l quer\u00eda era imposible. Ford les dijo que continuaran. Continuaron. Y descubrieron c\u00f3mo construir un motor V-8.<\/p>\n<p>Ford y sus ingenieros viv\u00edan bajo el mismo cielo, pero no ten\u00edan el mismo horizonte.<\/p>\n","protected":false},"excerpt":{"rendered":"<p>El genio del autom\u00f3vil, Henry Ford, una vez concibi\u00f3 un plano revolucionario para una nueva clase de motor. Lo conocemos ahora como el V-8. Ford estaba ansioso de poner esta nueva idea en producci\u00f3n. Puso a algunos hombres a dibujar los planos y los present\u00f3 a los ingenieros. Cuando los ingenieros examinaron los dibujos, uno &#8230; <a title=\"Ford y su motor V-8\" class=\"read-more\" href=\"https:\/\/quechilero.com\/blog\/2012\/11\/09\/ford-y-su-motor-v-8\/\" aria-label=\"Leer m\u00e1s sobre Ford y su motor V-8\">Leer m\u00e1s<\/a><\/p>\n","protected":false},"author":1,"featured_media":0,"comment_status":"open","ping_status":"open","sticky":false,"template":"","format":"standard","meta":{"advanced_seo_description":"","jetpack_seo_html_title":"","jetpack_seo_noindex":false,"jetpack_seo_schema_type":"","episode_type":"","audio_file":"","podmotor_file_id":"","podmotor_episode_id":"","cover_image":"","cover_image_id":"","duration":"","filesize":"","filesize_raw":"","date_recorded":"","explicit":"","block":"","_jetpack_newsletter_access":"","_jetpack_dont_email_post_to_subs":false,"_jetpack_newsletter_tier_id":0,"_jetpack_memberships_contains_paywalled_content":false,"_jetpack_feature_clip_id":0,"_jetpack_memberships_contains_paid_content":false,"footnotes":"","jetpack_publicize_message":"","jetpack_publicize_feature_enabled":true,"jetpack_social_post_already_shared":false,"jetpack_social_options":{"image_generator_settings":{"template":"highway","default_image_id":0,"font":"","enabled":false},"version":2},"jetpack_post_was_ever_published":false},"categories":[2],"tags":[7,18,9,56,5],"series":[],"class_list":["post-15095","post","type-post","status-publish","format-standard","hentry","category-limones","tag-diseno","tag-hombre","tag-idea","tag-sueno","tag-tiempo"],"episode_featured_image":false,"episode_player_image":"https:\/\/i0.wp.com\/quechilero.com\/blog\/imagenes\/podcast.png?fit=1831%2C1831&ssl=1","download_link":"","player_link":"","audio_player":false,"episode_data":{"playerMode":"dark","subscribeUrls":{"amazon":{"key":"amazon","url":"","label":"Amazon","class":"amazon","icon":"amazon.png"},"apple_podcasts":{"key":"apple_podcasts","url":"","label":"Apple Podcasts","class":"apple_podcasts","icon":"apple-podcasts.png"},"castbox":{"key":"castbox","url":"","label":"CastBox","class":"castbox","icon":"castbox.png"},"deezer":{"key":"deezer","url":"","label":"Deezer","class":"deezer","icon":"deezer.png"},"google_podcasts":{"key":"google_podcasts","url":"","label":"Google Podcasts","class":"google_podcasts","icon":"google-podcasts.png"},"listen_notes":{"key":"listen_notes","url":"","label":"Listen Notes","class":"listen_notes","icon":"listen-notes.png"},"pandora":{"key":"pandora","url":"","label":"Pandora","class":"pandora","icon":"pandora.png"},"podbean":{"key":"podbean","url":"","label":"Podbean","class":"podbean","icon":"podbean.png"},"podcast_republic":{"key":"podcast_republic","url":"","label":"Podcast Republic","class":"podcast_republic","icon":"podcast-republic.png"},"rss":{"key":"rss","url":"","label":"RSS","class":"rss","icon":"rss.png"},"spotify":{"key":"spotify","url":"","label":"Spotify","class":"spotify","icon":"spotify.png"},"stitcher":{"key":"stitcher","url":"","label":"Stitcher","class":"stitcher","icon":"stitcher.png"},"tunein":{"key":"tunein","url":"","label":"TuneIn","class":"tunein","icon":"tunein.png"},"youtube":{"key":"youtube","url":"","label":"YouTube","class":"youtube","icon":"youtube.png"},"iheartradio":{"key":"iheartradio","url":"","label":"iHeartRadio","class":"iheartradio","icon":"iheartradio.png"},"ivoox":{"key":"ivoox","url":"","label":"iVoox","class":"ivoox","icon":"ivoox.png"}},"rssFeedUrl":"https:\/\/quechilero.com\/blog\/feed\/podcast\/si-la-vida-nos-da-limones","embedCode":"<blockquote class=\"wp-embedded-content\" data-secret=\"qbURJba4wB\"><a href=\"https:\/\/quechilero.com\/blog\/2012\/11\/09\/ford-y-su-motor-v-8\/\">Ford y su motor V-8<\/a><\/blockquote><iframe sandbox=\"allow-scripts\" security=\"restricted\" src=\"https:\/\/quechilero.com\/blog\/2012\/11\/09\/ford-y-su-motor-v-8\/embed\/#?secret=qbURJba4wB\" width=\"500\" height=\"350\" title=\"\u00abFord y su motor V-8\u00bb \u2014 Si la Vida nos da Limones...\" data-secret=\"qbURJba4wB\" frameborder=\"0\" marginwidth=\"0\" marginheight=\"0\" scrolling=\"no\" class=\"wp-embedded-content\"><\/iframe><script>\n\/*! This file is auto-generated *\/\n!function(d,l){\"use strict\";l.querySelector&&d.addEventListener&&\"undefined\"!=typeof URL&&(d.wp=d.wp||{},d.wp.receiveEmbedMessage||(d.wp.receiveEmbedMessage=function(e){var t=e.data;if((t||t.secret||t.message||t.value)&&!\/[^a-zA-Z0-9]\/.test(t.secret)){for(var s,r,n,a=l.querySelectorAll('iframe[data-secret=\"'+t.secret+'\"]'),o=l.querySelectorAll('blockquote[data-secret=\"'+t.secret+'\"]'),c=new RegExp(\"^https?:$\",\"i\"),i=0;i<o.length;i++)o[i].style.display=\"none\";for(i=0;i<a.length;i++)s=a[i],e.source===s.contentWindow&&(s.removeAttribute(\"style\"),\"height\"===t.message?(1e3<(r=parseInt(t.value,10))?r=1e3:~~r<200&&(r=200),s.height=r):\"link\"===t.message&&(r=new URL(s.getAttribute(\"src\")),n=new URL(t.value),c.test(n.protocol))&&n.host===r.host&&l.activeElement===s&&(d.top.location.href=t.value))}},d.addEventListener(\"message\",d.wp.receiveEmbedMessage,!1),l.addEventListener(\"DOMContentLoaded\",function(){for(var e,t,s=l.querySelectorAll(\"iframe.wp-embedded-content\"),r=0;r<s.length;r++)(t=(e=s[r]).getAttribute(\"data-secret\"))||(t=Math.random().toString(36).substring(2,12),e.src+=\"#?secret=\"+t,e.setAttribute(\"data-secret\",t)),e.contentWindow.postMessage({message:\"ready\",secret:t},\"*\")},!1)))}(window,document);\n\/\/# sourceURL=https:\/\/quechilero.com\/blog\/wp-includes\/js\/wp-embed.min.js\n<\/script>\n"},"jetpack_publicize_connections":[],"jetpack_shortlink":"https:\/\/wp.me\/pDKli-3Vt","jetpack_sharing_enabled":true,"jetpack-related-posts":[{"id":14041,"url":"https:\/\/quechilero.com\/blog\/2012\/07\/23\/el-sueno-de-ford\/","url_meta":{"origin":15095,"position":0},"title":"El Sue\u00f1o de Ford","author":"Pepe Barrascout Ortiz","date":"23 julio 2012","format":false,"excerpt":"El pionero de la industria automotriz y visionario Henry Ford dijo: \"Todo el secreto de una vida exitosa es descubrir qu\u00e9 estamos destinados a hacer, y luego hacerlo\". El sue\u00f1o de Ford naci\u00f3 de su inter\u00e9s por todo lo que fuera mec\u00e1nico. Desde su ni\u00f1ez tuvo la pasi\u00f3n por estudiar\u2026","rel":"","context":"En \u00abLimones\u00bb","block_context":{"text":"Limones","link":"https:\/\/quechilero.com\/blog\/category\/limones\/"},"img":{"alt_text":"","src":"","width":0,"height":0},"classes":[]},{"id":3657,"url":"https:\/\/quechilero.com\/blog\/2009\/10\/04\/top-5-ceos-que-no-salieron-de-la-universidad\/","url_meta":{"origin":15095,"position":1},"title":"Top 5 CEOs que no salieron de la universidad","author":"Pepe Barrascout Ortiz","date":"4 octubre 2009","format":false,"excerpt":"La universidad o en virtud la graduaci\u00f3n de la misma, es considerada como el umbral de la carrera del hombre. Es la interfaz que maneja el intelecto de los individuos por s\u00ed mismo la exploraci\u00f3n, la experimentaci\u00f3n y la investigaci\u00f3n. \u00a1Pero, \u00bfes realmente indispensable?!. \u00c9stos son los top cinco multi-millonarios\u2026","rel":"","context":"En \u00abLimones\u00bb","block_context":{"text":"Limones","link":"https:\/\/quechilero.com\/blog\/category\/limones\/"},"img":{"alt_text":"","src":"","width":0,"height":0},"classes":[]},{"id":1361,"url":"https:\/\/quechilero.com\/blog\/2008\/08\/09\/en-la-vispera\/","url_meta":{"origin":15095,"position":2},"title":"En la v\u00edspera","author":"Pepe Barrascout Ortiz","date":"9 agosto 2008","format":false,"excerpt":"En la v\u00edspera del aniversario de mi natalicio, presento una selecci\u00f3n de fotograf\u00edas de distintos \u00edconos representativos del a\u00f1o en que pas\u00e9 a formar parte de este planeta 1972. El a\u00f1o anterior coment\u00e9 algo sobre Un Nuevo D\u00eda, el cual invito a leer nuevamente. Abajo: Ford Mustang Mach1, cl\u00e1sico entre\u2026","rel":"","context":"En \u00abLimones\u00bb","block_context":{"text":"Limones","link":"https:\/\/quechilero.com\/blog\/category\/limones\/"},"img":{"alt_text":"","src":"https:\/\/i0.wp.com\/img242.imageshack.us\/img242\/5227\/unovk8.jpg?resize=350%2C200","width":350,"height":200},"classes":[]},{"id":19928,"url":"https:\/\/quechilero.com\/blog\/2015\/03\/20\/piensa-en-futuro\/","url_meta":{"origin":15095,"position":3},"title":"Piensa en futuro","author":"Pepe Barrascout Ortiz","date":"20 marzo 2015","format":false,"excerpt":"Desde que se puso de moda el carpe diem parece que hay que vivir en clave de presente: hoy, ahora, aqu\u00ed, ya. Sin embargo, s\u00f3lo si uno es capaz de proyectar, so\u00f1ar e imaginar algo que todav\u00eda no ha llegado ser\u00e1 capaz de luchar por ello. S\u00f3lo quien es capaz\u2026","rel":"","context":"En \u00abLimones\u00bb","block_context":{"text":"Limones","link":"https:\/\/quechilero.com\/blog\/category\/limones\/"},"img":{"alt_text":"","src":"","width":0,"height":0},"classes":[]},{"id":555,"url":"https:\/\/quechilero.com\/blog\/2007\/05\/22\/un-nombre-nuevo\/","url_meta":{"origin":15095,"position":4},"title":"Un Nombre Nuevo","author":"Pepe Barrascout Ortiz","date":"22 mayo 2007","format":false,"excerpt":"En los tiempos antiguos era costumbre del pueblo bautizar a los ni\u00f1os con el nombre del abuelo o del santo del d\u00eda. Por eso algunos nombres dados a ni\u00f1os en ese tiempo, hoy son: Adelvina, Agape, Bernardina, Belarmino, Cuasimara, Delfilia, Fulgencio, Krizia, Hildegarda, On\u00e9simo, Petronila, Probo o Teodosia. Hoy en\u2026","rel":"","context":"En \u00abLimones\u00bb","block_context":{"text":"Limones","link":"https:\/\/quechilero.com\/blog\/category\/limones\/"},"img":{"alt_text":"","src":"","width":0,"height":0},"classes":[]},{"id":2243,"url":"https:\/\/quechilero.com\/blog\/2008\/01\/17\/un-nombre-nuevo-2\/","url_meta":{"origin":15095,"position":5},"title":"Un Nombre Nuevo","author":"Pepe Barrascout Ortiz","date":"17 enero 2008","format":false,"excerpt":"En los tiempos antiguos era costumbre del pueblo bautizar a los ni\u00f1os con el nombre del abuelo o del santo del d\u00eda. Por eso algunos nombres dados a ni\u00f1os en ese tiempo, hoy son: Adelvina, Agape, Bernardina, Belarmino, Cuasimara, Delfilia, Fulgencio, Krizia, Hildegarda, On\u00edsimo, Petronila, Probo o Teodosia. Hoy en\u2026","rel":"","context":"En \u00abLimones\u00bb","block_context":{"text":"Limones","link":"https:\/\/quechilero.com\/blog\/category\/limones\/"},"img":{"alt_text":"","src":"","width":0,"height":0},"classes":[]}],"jetpack_featured_media_url":"","_links":{"self":[{"href":"https:\/\/quechilero.com\/blog\/wp-json\/wp\/v2\/posts\/15095","targetHints":{"allow":["GET"]}}],"collection":[{"href":"https:\/\/quechilero.com\/blog\/wp-json\/wp\/v2\/posts"}],"about":[{"href":"https:\/\/quechilero.com\/blog\/wp-json\/wp\/v2\/types\/post"}],"author":[{"embeddable":true,"href":"https:\/\/quechilero.com\/blog\/wp-json\/wp\/v2\/users\/1"}],"replies":[{"embeddable":true,"href":"https:\/\/quechilero.com\/blog\/wp-json\/wp\/v2\/comments?post=15095"}],"version-history":[{"count":0,"href":"https:\/\/quechilero.com\/blog\/wp-json\/wp\/v2\/posts\/15095\/revisions"}],"wp:attachment":[{"href":"https:\/\/quechilero.com\/blog\/wp-json\/wp\/v2\/media?parent=15095"}],"wp:term":[{"taxonomy":"category","embeddable":true,"href":"https:\/\/quechilero.com\/blog\/wp-json\/wp\/v2\/categories?post=15095"},{"taxonomy":"post_tag","embeddable":true,"href":"https:\/\/quechilero.com\/blog\/wp-json\/wp\/v2\/tags?post=15095"},{"taxonomy":"series","embeddable":true,"href":"https:\/\/quechilero.com\/blog\/wp-json\/wp\/v2\/series?post=15095"}],"curies":[{"name":"wp","href":"https:\/\/api.w.org\/{rel}","templated":true}]}}