{"id":15080,"date":"2012-11-20T08:00:48","date_gmt":"2012-11-20T14:00:48","guid":{"rendered":"http:\/\/quechilero.com\/blog\/?p=15080"},"modified":"2012-11-20T08:00:48","modified_gmt":"2012-11-20T14:00:48","slug":"huracan-sandy","status":"publish","type":"post","link":"https:\/\/quechilero.com\/blog\/2012\/11\/20\/huracan-sandy\/","title":{"rendered":"Hurac\u00e1n Sandy"},"content":{"rendered":"<p><a href=\"https:\/\/i0.wp.com\/i392.photobucket.com\/albums\/pp7\/pepejaguar\/blog\/s40_92848928.jpg\"><img data-recalc-dims=\"1\" decoding=\"async\" class=\"alignnone\" src=\"https:\/\/i0.wp.com\/i392.photobucket.com\/albums\/pp7\/pepejaguar\/blog\/s40_92848928.jpg?w=560\" alt=\"\"  \/><\/a><\/p>\n<p>Esta fotograf\u00eda, muestra los da\u00f1os causados por el <em>hurac\u00e1n Sandy<\/em>, en su paso por los Estados Unidos, se muestra un paisaje desolador y en medio de toda la destrucci\u00f3n, ha quedado en pie la imagen de la <em>Virgen de la Medalla Milagrosa<\/em>.<\/p>\n<p>De esta forma impresionante nuestra fe cat\u00f3lica, nos hace fuertes sobre la adversidad y nos mantiene siempre en pi\u00e9, aunque temporalmente no veamos la soluci\u00f3n, si con fe, entregamos nuestra vida a Dios y pedimos la intercesi\u00f3n de Santa Mar\u00eda Virgen, lograremos siempre salir, de los problemas que nos aquejen. A Jes\u00fas por Mar\u00eda.<\/p>\n<p>Foto: <a title=\"Hurac\u00e1n Sandy\" href=\"http:\/\/www.theatlantic.com\/infocus\/2012\/10\/hurricane-sandy-after-landfall\/100396\/#img40\" target=\"_blank\">The Atlantic<\/a><\/p>\n<p><a href=\"https:\/\/i0.wp.com\/i392.photobucket.com\/albums\/pp7\/pepejaguar\/blog\/wsj750-1.jpg\"><img data-recalc-dims=\"1\" decoding=\"async\" class=\"alignnone\" src=\"https:\/\/i0.wp.com\/i392.photobucket.com\/albums\/pp7\/pepejaguar\/blog\/wsj750-1.jpg?w=560\" alt=\"\"  \/><\/a><\/p>\n<p>The Wall Street Journal. Wednesday, October 31, 2012<\/p>\n<p><a href=\"https:\/\/i0.wp.com\/i392.photobucket.com\/albums\/pp7\/pepejaguar\/blog\/59789_10151292301001942_1940863765_n.jpg\"><img data-recalc-dims=\"1\" decoding=\"async\" class=\"alignnone\" src=\"https:\/\/i0.wp.com\/i392.photobucket.com\/albums\/pp7\/pepejaguar\/blog\/59789_10151292301001942_1940863765_n.jpg?w=560\" alt=\"\"  \/><\/a><\/p>\n<p>The Wall Street Journal. Wednesday, October 31, 2012<\/p>\n<p><a href=\"https:\/\/i0.wp.com\/i392.photobucket.com\/albums\/pp7\/pepejaguar\/blog\/wsj750.jpg\"><img data-recalc-dims=\"1\" decoding=\"async\" class=\"alignnone\" src=\"https:\/\/i0.wp.com\/i392.photobucket.com\/albums\/pp7\/pepejaguar\/blog\/wsj750.jpg?w=560\" alt=\"\"  \/><\/a><\/p>\n<p>asdf<\/p>\n","protected":false},"excerpt":{"rendered":"<p>Esta fotograf\u00eda, muestra los da\u00f1os causados por el hurac\u00e1n Sandy, en su paso por los Estados Unidos, se muestra un paisaje desolador y en medio de toda la destrucci\u00f3n, ha quedado en pie la imagen de la Virgen de la Medalla Milagrosa. De esta forma impresionante nuestra fe cat\u00f3lica, nos hace fuertes sobre la adversidad &#8230; <a title=\"Hurac\u00e1n Sandy\" class=\"read-more\" href=\"https:\/\/quechilero.com\/blog\/2012\/11\/20\/huracan-sandy\/\" aria-label=\"Leer m\u00e1s sobre Hurac\u00e1n Sandy\">Leer m\u00e1s<\/a><\/p>\n","protected":false},"author":1,"featured_media":0,"comment_status":"open","ping_status":"open","sticky":false,"template":"","format":"standard","meta":{"advanced_seo_description":"","jetpack_seo_html_title":"","jetpack_seo_noindex":false,"jetpack_seo_schema_type":"","episode_type":"","audio_file":"","podmotor_file_id":"","podmotor_episode_id":"","cover_image":"","cover_image_id":"","duration":"","filesize":"","filesize_raw":"","date_recorded":"","explicit":"","block":"","_jetpack_newsletter_access":"","_jetpack_dont_email_post_to_subs":false,"_jetpack_newsletter_tier_id":0,"_jetpack_memberships_contains_paywalled_content":false,"_jetpack_feature_clip_id":0,"_jetpack_memberships_contains_paid_content":false,"footnotes":"","jetpack_publicize_message":"","jetpack_publicize_feature_enabled":true,"jetpack_social_post_already_shared":false,"jetpack_social_options":{"image_generator_settings":{"template":"highway","default_image_id":0,"font":"","enabled":false},"version":2},"jetpack_post_was_ever_published":false},"categories":[2],"tags":[51,8,74,21,34,24],"series":[],"class_list":["post-15080","post","type-post","status-publish","format-standard","hentry","category-limones","tag-dios","tag-fotografia","tag-jesus","tag-problema","tag-solucion","tag-vida"],"episode_featured_image":false,"episode_player_image":"https:\/\/i0.wp.com\/quechilero.com\/blog\/imagenes\/podcast.png?fit=1831%2C1831&ssl=1","download_link":"","player_link":"","audio_player":false,"episode_data":{"playerMode":"dark","subscribeUrls":{"amazon":{"key":"amazon","url":"","label":"Amazon","class":"amazon","icon":"amazon.png"},"apple_podcasts":{"key":"apple_podcasts","url":"","label":"Apple Podcasts","class":"apple_podcasts","icon":"apple-podcasts.png"},"castbox":{"key":"castbox","url":"","label":"CastBox","class":"castbox","icon":"castbox.png"},"deezer":{"key":"deezer","url":"","label":"Deezer","class":"deezer","icon":"deezer.png"},"google_podcasts":{"key":"google_podcasts","url":"","label":"Google Podcasts","class":"google_podcasts","icon":"google-podcasts.png"},"listen_notes":{"key":"listen_notes","url":"","label":"Listen Notes","class":"listen_notes","icon":"listen-notes.png"},"pandora":{"key":"pandora","url":"","label":"Pandora","class":"pandora","icon":"pandora.png"},"podbean":{"key":"podbean","url":"","label":"Podbean","class":"podbean","icon":"podbean.png"},"podcast_republic":{"key":"podcast_republic","url":"","label":"Podcast Republic","class":"podcast_republic","icon":"podcast-republic.png"},"rss":{"key":"rss","url":"","label":"RSS","class":"rss","icon":"rss.png"},"spotify":{"key":"spotify","url":"","label":"Spotify","class":"spotify","icon":"spotify.png"},"stitcher":{"key":"stitcher","url":"","label":"Stitcher","class":"stitcher","icon":"stitcher.png"},"tunein":{"key":"tunein","url":"","label":"TuneIn","class":"tunein","icon":"tunein.png"},"youtube":{"key":"youtube","url":"","label":"YouTube","class":"youtube","icon":"youtube.png"},"iheartradio":{"key":"iheartradio","url":"","label":"iHeartRadio","class":"iheartradio","icon":"iheartradio.png"},"ivoox":{"key":"ivoox","url":"","label":"iVoox","class":"ivoox","icon":"ivoox.png"}},"rssFeedUrl":"https:\/\/quechilero.com\/blog\/feed\/podcast\/si-la-vida-nos-da-limones","embedCode":"<blockquote class=\"wp-embedded-content\" data-secret=\"M8Ve5lPgrt\"><a href=\"https:\/\/quechilero.com\/blog\/2012\/11\/20\/huracan-sandy\/\">Hurac\u00e1n Sandy<\/a><\/blockquote><iframe sandbox=\"allow-scripts\" security=\"restricted\" src=\"https:\/\/quechilero.com\/blog\/2012\/11\/20\/huracan-sandy\/embed\/#?secret=M8Ve5lPgrt\" width=\"500\" height=\"350\" title=\"\u00abHurac\u00e1n Sandy\u00bb \u2014 Si la Vida nos da Limones...\" data-secret=\"M8Ve5lPgrt\" frameborder=\"0\" marginwidth=\"0\" marginheight=\"0\" scrolling=\"no\" class=\"wp-embedded-content\"><\/iframe><script>\n\/*! This file is auto-generated *\/\n!function(d,l){\"use strict\";l.querySelector&&d.addEventListener&&\"undefined\"!=typeof URL&&(d.wp=d.wp||{},d.wp.receiveEmbedMessage||(d.wp.receiveEmbedMessage=function(e){var t=e.data;if((t||t.secret||t.message||t.value)&&!\/[^a-zA-Z0-9]\/.test(t.secret)){for(var s,r,n,a=l.querySelectorAll('iframe[data-secret=\"'+t.secret+'\"]'),o=l.querySelectorAll('blockquote[data-secret=\"'+t.secret+'\"]'),c=new RegExp(\"^https?:$\",\"i\"),i=0;i<o.length;i++)o[i].style.display=\"none\";for(i=0;i<a.length;i++)s=a[i],e.source===s.contentWindow&&(s.removeAttribute(\"style\"),\"height\"===t.message?(1e3<(r=parseInt(t.value,10))?r=1e3:~~r<200&&(r=200),s.height=r):\"link\"===t.message&&(r=new URL(s.getAttribute(\"src\")),n=new URL(t.value),c.test(n.protocol))&&n.host===r.host&&l.activeElement===s&&(d.top.location.href=t.value))}},d.addEventListener(\"message\",d.wp.receiveEmbedMessage,!1),l.addEventListener(\"DOMContentLoaded\",function(){for(var e,t,s=l.querySelectorAll(\"iframe.wp-embedded-content\"),r=0;r<s.length;r++)(t=(e=s[r]).getAttribute(\"data-secret\"))||(t=Math.random().toString(36).substring(2,12),e.src+=\"#?secret=\"+t,e.setAttribute(\"data-secret\",t)),e.contentWindow.postMessage({message:\"ready\",secret:t},\"*\")},!1)))}(window,document);\n\/\/# sourceURL=https:\/\/quechilero.com\/blog\/wp-includes\/js\/wp-embed.min.js\n<\/script>\n"},"jetpack_publicize_connections":[],"jetpack_shortlink":"https:\/\/wp.me\/pDKli-3Ve","jetpack_sharing_enabled":true,"jetpack-related-posts":[{"id":10232,"url":"https:\/\/quechilero.com\/blog\/2011\/08\/15\/solemnidad-de-la-asuncion-de-la-virgen-maria\/","url_meta":{"origin":15080,"position":0},"title":"Solemnidad de la Asunci\u00f3n de la Virgen Mar\u00eda","author":"Pepe Barrascout Ortiz","date":"15 agosto 2011","format":false,"excerpt":"Hermanos, la Iglesia quiere comunicarnos una Buena Noticia: la Asunci\u00f3n de Mar\u00eda en cuerpo y alma a los cielos. 1.- Proclamaci\u00f3n del misterio de la Asunci\u00f3n de Mar\u00eda El d\u00eda 1 de Noviembre de 1950,P\u00edo XII defini\u00f3 solemnemente el dogma de la Asunci\u00f3n de Mar\u00eda a los cielos con estas\u2026","rel":"","context":"En \u00abLimones\u00bb","block_context":{"text":"Limones","link":"https:\/\/quechilero.com\/blog\/category\/limones\/"},"img":{"alt_text":"","src":"https:\/\/i0.wp.com\/lh3.googleusercontent.com\/-hoNf0XlCGas\/TknhhNXlY_I\/AAAAAAAAA4E\/TkOHPATlRSk\/s640\/VIRGEN%252520MAR%2525C3%25258DA%252520-%252520ASUNCI%2525C3%252593N%252520-%252520ITALIA%252520-%252520assunzione.jpg?resize=350%2C200&ssl=1","width":350,"height":200},"classes":[]},{"id":12302,"url":"https:\/\/quechilero.com\/blog\/2012\/01\/20\/san-sebastian\/","url_meta":{"origin":15080,"position":1},"title":"San Sebasti\u00e1n","author":"Pepe Barrascout Ortiz","date":"20 enero 2012","format":false,"excerpt":"San Sebasti\u00e1n, que alcanzaste de Dios tanta fe y caridad, que llegaste a sacrificar tu vida por obedecer a Dios, y socorrer a tus hermanos cristianos. Ahora que vives junto a Dios, escucha las plegarias y s\u00faplicas que con gratitud, fe y devoci\u00f3n, acuden a t\u00ed desde los campos, pueblos\u2026","rel":"","context":"En \u00abLimones\u00bb","block_context":{"text":"Limones","link":"https:\/\/quechilero.com\/blog\/category\/limones\/"},"img":{"alt_text":"","src":"https:\/\/i0.wp.com\/i392.photobucket.com\/albums\/pp7\/pepejaguar\/blog\/401528_10150486307648931_541353930_8752916_638264961_n.jpg?resize=350%2C200","width":350,"height":200},"classes":[]},{"id":6578,"url":"https:\/\/quechilero.com\/blog\/2010\/12\/08\/virgen-de-la-inmaculada-concepcion\/","url_meta":{"origin":15080,"position":2},"title":"Virgen de la Inmaculada Concepci\u00f3n","author":"Pepe Barrascout Ortiz","date":"8 diciembre 2010","format":false,"excerpt":"La Inmaculada Concepci\u00f3n de Mar\u00eda es el dogma de fe que declara que por una gracia especial de Dios, ella fue preservada de todo pecado desde su concepci\u00f3n. La Concepci\u00f3n: Es el momento en el cual Dios crea el alma y la infunde en la materia org\u00e1nica procedente de los\u2026","rel":"","context":"En \u00abLimones\u00bb","block_context":{"text":"Limones","link":"https:\/\/quechilero.com\/blog\/category\/limones\/"},"img":{"alt_text":"","src":"https:\/\/i0.wp.com\/i392.photobucket.com\/albums\/pp7\/pepejaguar\/blog\/inmaculada-concepcion-de-la-virgen.jpg?resize=350%2C200","width":350,"height":200},"classes":[]},{"id":4248,"url":"https:\/\/quechilero.com\/blog\/2010\/01\/15\/senor-de-esquipulas-3\/","url_meta":{"origin":15080,"position":3},"title":"Se\u00f1or de Esquipulas","author":"Pepe Barrascout Ortiz","date":"15 enero 2010","format":false,"excerpt":"Se\u00f1or Jes\u00fas, creemos que est\u00e1s vivo y resucitado. Creemos que est\u00e1s realmente presente en el Sant\u00edsimo Sacramento del altar y en cada uno de nosotros. Te alabamos y te adoramos. Te damos gracias, Se\u00f1or, por venir hasta nosotros como pan vivo bajado del cielo. T\u00fa eres la plenitud de la\u2026","rel":"","context":"En \u00abLimones\u00bb","block_context":{"text":"Limones","link":"https:\/\/quechilero.com\/blog\/category\/limones\/"},"img":{"alt_text":"","src":"","width":0,"height":0},"classes":[]},{"id":16355,"url":"https:\/\/quechilero.com\/blog\/2013\/03\/26\/resucito-cristo-mi-esperanza\/","url_meta":{"origin":15080,"position":4},"title":"Resucit\u00f3 Cristo, mi esperanza","author":"Pepe Barrascout Ortiz","date":"26 marzo 2013","format":false,"excerpt":"Llegue a todos vosotros la voz exultante de la Iglesia, con las palabras que el antiguo himno pone en labios de Mar\u00eda Magdalena, la primera en encontrar en la ma\u00f1a de Pascua a Jes\u00fas resucitado. \"Ella corri\u00f3 hacia los otros disc\u00edpulos y, con el coraz\u00f3n sobrecogido, les anunci\u00f3: He visto\u2026","rel":"","context":"En \u00abLimones\u00bb","block_context":{"text":"Limones","link":"https:\/\/quechilero.com\/blog\/category\/limones\/"},"img":{"alt_text":"","src":"","width":0,"height":0},"classes":[]},{"id":19952,"url":"https:\/\/quechilero.com\/blog\/2015\/04\/05\/el-silencio-de-dios-siempre-habla-muy-fuerte\/","url_meta":{"origin":15080,"position":5},"title":"El Silencio de Dios siempre habla muy fuerte","author":"Pepe Barrascout Ortiz","date":"5 abril 2015","format":false,"excerpt":"A veces pensamos que Dios nos dice que no puede atendernos, nos pone en espera. Eso le pas\u00f3 a una mujer cananea que dijo: \"Se\u00f1or hijo de David ten misericordia de m\u00ed\", y Jes\u00fas no le respondi\u00f3. Ella sigui\u00f3 diciendo: \"Porque tengo una hija endemoniada\" y parec\u00eda que Jes\u00fas no\u2026","rel":"","context":"En \u00abLimones\u00bb","block_context":{"text":"Limones","link":"https:\/\/quechilero.com\/blog\/category\/limones\/"},"img":{"alt_text":"","src":"","width":0,"height":0},"classes":[]}],"jetpack_featured_media_url":"","_links":{"self":[{"href":"https:\/\/quechilero.com\/blog\/wp-json\/wp\/v2\/posts\/15080","targetHints":{"allow":["GET"]}}],"collection":[{"href":"https:\/\/quechilero.com\/blog\/wp-json\/wp\/v2\/posts"}],"about":[{"href":"https:\/\/quechilero.com\/blog\/wp-json\/wp\/v2\/types\/post"}],"author":[{"embeddable":true,"href":"https:\/\/quechilero.com\/blog\/wp-json\/wp\/v2\/users\/1"}],"replies":[{"embeddable":true,"href":"https:\/\/quechilero.com\/blog\/wp-json\/wp\/v2\/comments?post=15080"}],"version-history":[{"count":0,"href":"https:\/\/quechilero.com\/blog\/wp-json\/wp\/v2\/posts\/15080\/revisions"}],"wp:attachment":[{"href":"https:\/\/quechilero.com\/blog\/wp-json\/wp\/v2\/media?parent=15080"}],"wp:term":[{"taxonomy":"category","embeddable":true,"href":"https:\/\/quechilero.com\/blog\/wp-json\/wp\/v2\/categories?post=15080"},{"taxonomy":"post_tag","embeddable":true,"href":"https:\/\/quechilero.com\/blog\/wp-json\/wp\/v2\/tags?post=15080"},{"taxonomy":"series","embeddable":true,"href":"https:\/\/quechilero.com\/blog\/wp-json\/wp\/v2\/series?post=15080"}],"curies":[{"name":"wp","href":"https:\/\/api.w.org\/{rel}","templated":true}]}}