{"id":14922,"date":"2012-10-17T08:00:44","date_gmt":"2012-10-17T14:00:44","guid":{"rendered":"http:\/\/quechilero.com\/blog\/?p=14922"},"modified":"2012-10-17T08:00:44","modified_gmt":"2012-10-17T14:00:44","slug":"mala-gestion-en-redes-sociales-caso-mcdonalds-guatemala","status":"publish","type":"post","link":"https:\/\/quechilero.com\/blog\/2012\/10\/17\/mala-gestion-en-redes-sociales-caso-mcdonalds-guatemala\/","title":{"rendered":"Mala gesti\u00f3n en redes sociales: Caso McDonald&#8217;s Guatemala"},"content":{"rendered":"<p>En la <em>fan page<\/em> de McDonald&#8217;s en Facebook, una usuaria public\u00f3 una denuncia, relacionada con una experiencia que tuvo, a prop\u00f3sito del <em>McD\u00eda Feliz<\/em>. A los pocos minutos, como tristemente era de esperarse, ya contaba con una serie de comentarios, que en su mayor\u00eda eran insidiosos y mal intencionados. Como decimos en Guatemala, estaban ech\u00e1ndole mas le\u00f1a al fuego.<\/p>\n<p>Lamentablemente, como ya es com\u00fan con los <em>Community Managers<\/em> que manejan las cuentas de las empresas nacionales, no supo que hacer y finalmente, opt\u00f3 por una soluci\u00f3n <em>pol\u00edticamente correcta<\/em>, pero con el agravante de la mentira, que a su vez, hizo que la <em>rechifla<\/em>, por llamarlo de alg\u00fan modo, de los usuarios y clientes de McDonald&#8217;s, la arremetieran en contra de la misma empresa, que una semana antes, todos alababan por las obras ben\u00e9ficas que realiza.<\/p>\n<p>Este caso en particular, se puede dividir en tres partes:<\/p>\n<p><strong>1 &#8211; La denuncia<\/strong>:<\/p>\n<p>Empezando por la persona que public\u00f3 el texto inicial, no us\u00f3 el canal adecuado de comunicaci\u00f3n. Claro que es mas c\u00f3modo sentarse frente a la computadora, que levantarse e ir al restaurante y pedir hablar con el gerente. Este tipo de situaciones, se deben aclarar cara a cara, de frente y no desde un teclado de computadora, cuando el honor est\u00e1 en juego, se debe actuar honorablemente. Si agotado este recurso y otros mas, como ser\u00edan, comunicarse directamente con servicio al cliente o a las oficinas centrales y si en ning\u00fan caso, hubiera logrado ser escuchada la petici\u00f3n, entonces finalmente, acudir al escarnio p\u00fablico. No es pol\u00edtica de este restaurante actuar de esa forma, todos lo conocen y no tengo porqu\u00e9 defender un punto que es del dominio p\u00fablico.<\/p>\n<p>En Guatemala estamos muy acostumbrados a <em>tirar la piedra y esconder la mano<\/em>, por eso no es raro, ver cada cierto tiempo, que hay gente que incumple la ley, para exigir que se cumpla otra ley, o limitar un derecho ciudadano, para exigir que se respete otro derecho.<!--more--><\/p>\n<p><strong>2 &#8211; Tirando le\u00f1a al fuego:<\/strong><\/p>\n<p>En Guatemala, la ley asegura que <em>toda persona es inocente, hasta que no se demuestre lo contrario<\/em>. La presunci\u00f3n de inocencia nos deber\u00eda de salvar de los linchamientos, f\u00edsicos o virtuales como este caso, sin embargo, gracias a los medios de comunicaci\u00f3n que mal informan a la poblaci\u00f3n, han acostumbrado a las personas, a que es mas f\u00e1cil <em>caerle a palos<\/em> a alguien y despu\u00e9s, si hay tiempo y si alguien se acuerda, disculparse por acusar injustamente a una persona o instituci\u00f3n, siempre en voz baja y sin que nadie se entere.<\/p>\n<p>Era lamentable leer los comentarios ofensivos en su mayor\u00eda, con un vocabulario digno de personas vulgares y nada educadas, en los que trataban de demostrar que McDonald&#8217;s es, ha sido y ser\u00e1 la peor empresa en Guatemala, defendiendo de forma tan iracunda, una acusaci\u00f3n, de la cual no se sabe si es cierto y de la cual no se ha dado ni siquiera la oportunidad de defensa y mucho menos de investigaci\u00f3n de tal extremo.<\/p>\n<p>Es triste ver como el guatemalteco com\u00fan, da por cierto, lo que cualquier persona escriba y publique en Internet, sin tomarse al menos un par de minutos para reflexionar, ampliar un poco la investigaci\u00f3n y sobre todo, usar el sentido com\u00fan. Todo esto, resultado de nuestro tan deficiente sistema escolar.<\/p>\n<p>Ma\u00f1ana, cualquiera puede publicar que tal o cual cosa es as\u00ed y en pocos instantes vendr\u00e1n las hordas iracundas con su falsa solidaridad, a apoyar un hecho del cual no se sabe si es o no cierto.<\/p>\n<p><strong>3 &#8211; La respuesta:<\/strong><\/p>\n<p>Los aludidos, respondieron r\u00e1pidamente y de todas las formas posibles de hacer frente y responder, eligieron la peor de las formas: <em>la mentira.<\/em><\/p>\n<p>Jugar con la inteligencia de las personas es peligroso, porque a un tonto se le ofende y a un listo se le insulta, de cualquier forma se sale perdiendo y esa fue la carta que jug\u00f3 McDonald&#8217;s a trav\u00e9s de la persona que maneja esa cuenta.<\/p>\n<p>Como primer paso, quitaron el texto de la denuncia (primer error), tratando con esto, evitar que los iracundos siguieran linchando la imagen de McDonald&#8217;s. Seguidamente publicaron una respuesta, queriendo calmar los \u00e1nimos, en la que como hacen los <em>malos guatemaltecos<\/em>, no asumen su responsabilidad, sino se la trasladan a alguien mas y lo hicieron dos veces en un mismo p\u00e1rrafo (segundo error). Para completar la desafortunada respuesta, se recurre a la mentira (tercer error), fatal para mantener la credibilidad de la empresa.<\/p>\n<p>Quieren salvar su responsabilidad, al decir que la <em>seguridad<\/em> es realizada por una empresa externa a ellos. Si bien esto es cierto, fue McDonald&#8217;s y nadie mas, quien contrat\u00f3 a esa empresa, con esto deben asumir la responsabilidad, porque aunque son externos, tambi\u00e9n son sus empleados y a quienes debieron capacitar de acuerdo a los principios \u00e9ticos propios de la empresa. Con esto no salvan su responsabilidad.<\/p>\n<p>Adem\u00e1s, mienten al decir que fue <em>el sistema de esta red social (Facebook)<\/em>, quien bloque\u00f3 ese texto en particular, porque los comentarios ten\u00edan un lenguaje inapropiado. Facebook se rige bajo las leyes estadounidenses, las cuales defienden la libertad de expresi\u00f3n y Facebook no se arriesgar\u00eda por unas palabras mal sonantes, a ser demandado por censura. De hecho, en Facebook se han creado <em>fan pages<\/em> con la \u00fanica finalidad de insultar de todas las formas posibles y ah\u00ed siguen, por ejemplo <a title=\"Odio a Emetra\" href=\"http:\/\/www.facebook.com\/odioaemetra\" target=\"_blank\">Odio a Emetra<\/a>.<\/p>\n<p>Esta mentira y desinter\u00e9s por asumir la responsabilidad, hicieron que los usuarios se volcaran con mas ganas a echar le\u00f1a al fuego y avivar mas la llama, que seg\u00fan ellos, pretend\u00edan apagar.<\/p>\n<p><strong>***<\/strong><\/p>\n<p>No hay duda que la inexperiencia de la persona que maneja la cuenta de McDonald&#8217;s en Facebook y peor a\u00fan, si fue aconsejado por alguno de los directivos, fue lo que hizo que este caso se volviera viral y algo que desde un inicio debi\u00f3 quedarse en la intimidad, fuera la comidilla del d\u00eda.<\/p>\n<p>Es muy posible, que los hechos hayan sucedido, como fueron relatados en la denuncia, como tambi\u00e9n es posible que todo sea una mentira o en el mejor de los casos, un malentendido, sin embargo, no debemos dejarnos llevar por lo primero que leemos, sin antes hacer un an\u00e1lisis profundo de la situaci\u00f3n, porque al final de cuentas \u00bfquien me asegura que realmente fue as\u00ed y no de otra forma lo sucedido?<\/p>\n<p>Ya es hora que las empresas en Guatemala, contraten gente capacitada y profesional, para el manejo de sus cuentas en las redes sociales, saber escribir en una computadora y haber usado alguna vez Facebook, no debiera ser suficiente para encargarse de las <em>relaciones p\u00fablicas<\/em> de una empresa, entre otras cosas, es importante la preparaci\u00f3n, profesionalismo, la madurez y como m\u00ednimo el sentido com\u00fan. No cualquiera debe manejar las redes sociales de una cuenta empresarial.<\/p>\n<p><strong>Texto de la denuncia y respuesta:<\/strong><\/p>\n<p>Por la mala redacci\u00f3n y reiteradas faltas de ortograf\u00eda en los dos textos, podemos deducir la falta de experiencia de uno y otro, para manejar una situaci\u00f3n como esta. (Click en la imagen para ampliar)<\/p>\n<p><a href=\"https:\/\/i0.wp.com\/i392.photobucket.com\/albums\/pp7\/pepejaguar\/blog\/mc-donalds-fail-1.png\"><img data-recalc-dims=\"1\" decoding=\"async\" class=\"alignnone\" src=\"https:\/\/i0.wp.com\/i392.photobucket.com\/albums\/pp7\/pepejaguar\/blog\/mc-donalds-fail-1.png?w=560\" alt=\"\"  \/><\/a><\/p>\n<p><em>Barbara Lobos a McDonald&#8217;s<\/em>:<em> (sic)<\/em><\/p>\n<p>Buenas tardes! Tenia Una inquietud, nosotros compramos tickets para ayudar a los ninos el el Mc dia feliz, y para hacer feliz a otro nino le regalamos uno para que fuera a cambiarlo, el viene a la oficina a lustrar zapatos y es un nino muy querido. Hoy que le preguntamos como le habia ido nos conto que fue a McDonald&#8217;s de El Zapote y que no lo habian dejado entrar aI restaurante. Que el enseno su vale y el policia le dijo que se lo diera y que el se lo iba a entrar a cambiar pero que el no podia entrar. Ademas el policia salio solo con la caja del cuarto de libra, ni siquiera una bolsita de ketchup ni servilletas le dieron. Par que tal discrimincion a un nino honrado y que solo por trabajar de lustrador lo ven de menos y no lo dejan entrar a las instalaciones??? Se supone que es una empresa que ve por los ninos y su felicidad, y el salio triste y dolido que no lo dejaron entrar y se tuvo que comer su cuarto de libra en el parqueo sentado en el piso. Realmente que lamentable situacion que deja mucho que pensar&#8230;<\/p>\n<p><em>McDonald&#8217;s al p\u00fablico: (sic)<br \/>\n<\/em><\/p>\n<p>Lamentamos mucho lo ocurrido\u00a0 en McDonald&#8217;s\u00a0 el\u00a0 Zapote, ya que\u00a0 en McDonald&#8217;s no\u00a0 aceptamos ni realizamos ning\u00fan tipo de discriminaci\u00f3n en nuestros restaurantes. Todas las personas son bienvenidas puesto que\u00a0 son nuestra raz\u00f3n de\u00a0 ser y lo mas importante para nosotros. La compa\u00f1\u00eda encargada de la seguridad en nuestros restaurantes es un servicio externo ajeno a McDonald&#8217;s. Sin embargo, agradecemos mucho sus comentarios ya que le daremos el seguimiento necesario para evitar que\u00a0 este tipo de inconvenientes ocurran nuevamente. As\u00ed mismo queremos aclararle a nuestra comunidad que el comentario de la se\u00f1ora Barbara Lobos no fue borrado por McDonald&#8217;s si no bloqueado por el sistema de\u00a0 esta red social debido al lenguaje inapropiado utilizado por los usuarios en los comentarios de la publicaci6n.<\/p>\n<p><strong>***<\/strong><\/p>\n<p><a href=\"https:\/\/i0.wp.com\/i392.photobucket.com\/albums\/pp7\/pepejaguar\/blog\/mc-donald-s-fail.png\"><img data-recalc-dims=\"1\" loading=\"lazy\" decoding=\"async\" class=\"alignleft\" style=\"margin-right: 10px;\" src=\"https:\/\/i0.wp.com\/i392.photobucket.com\/albums\/pp7\/pepejaguar\/blog\/mc-donald-s-fail.png?resize=217%2C400\" alt=\"\" width=\"217\" height=\"400\" \/><\/a>Finalmente y seg\u00fan <a title=\"Mala gesti\u00f3n en redes sociales: Caso McDonald's Guatemala\" href=\"http:\/\/www.publinews.gt\/index.php\/descartan-queja-de-discriminacion-en-restaurante-de-z2\/\" target=\"_blank\">Publinews<\/a>, los personeros de McDonald&#8217;s revisaron el video de seguridad y en \u00e9l se aprecia al ni\u00f1o entrando al restaurante y recibiendo su hamburguesa, adem\u00e1s Guillermo Lobos, quien se identifica como el padre de B\u00e1rbara Lobos, fue quien identific\u00f3 al ni\u00f1o en el video y posteriormente pidi\u00f3 disculpas por el malentendido.<\/p>\n<p>Seg\u00fan la nota del peri\u00f3dico, Ana Cristina Alejos, gerente de relaciones p\u00fablicas de McDonald&#8217;s, asegura que se dio seguimiento al caso y seg\u00fan ellos, comprobaron que no era cierto.<\/p>\n<p>Sin embargo, a\u00fan no se conoce el video de forma p\u00fablica y tampoco hay una respuesta oficial de parte de McDonald&#8217;s, que aclare esta situaci\u00f3n.<\/p>\n<p>No hay duda, que en Guatemala, en t\u00e9rminos generales, a\u00fan no se logra comprender el potencial de las redes sociales, ni de como aprovecharla para obtener \u00e9xito y no convertirla en una herramienta que traiga lastre a la marca.<\/p>\n<p>En Guatemala, a\u00fan se considera como un gasto y no una inversi\u00f3n, cualquier dinero que se utilice en capacitaci\u00f3n y educaci\u00f3n. Hasta que no se entienda esto, que entre mas capacitado se encuentre el personal de una empresa, mas y mejores resultados efectivos se obtendr\u00e1n.<\/p>\n<p><strong>***<\/strong><\/p>\n<p><em>Actualizaci\u00f3n<\/em>: en horas de la tarde, McDonald&#8217;s da a conocer el video de seguridad donde demuestra que se atendi\u00f3 al supuesto afectado, de igual forma que a cualquier otro usuario del restaurante. La persona que difam\u00f3 a McDonald&#8217;s, seguro aprendi\u00f3 una muy buena lecci\u00f3n, despu\u00e9s de sus cinco minutos de fama.<\/p>\n<p><iframe loading=\"lazy\" title=\"Video ni\u00f1o ingresando a McDonald&#039;s El Zapote\" width=\"1200\" height=\"900\" src=\"https:\/\/www.youtube.com\/embed\/Dp-oOTzFkaA?feature=oembed\" frameborder=\"0\" allow=\"accelerometer; autoplay; clipboard-write; encrypted-media; gyroscope; picture-in-picture; web-share\" referrerpolicy=\"strict-origin-when-cross-origin\" allowfullscreen><\/iframe><\/p>\n<p><a href=\"https:\/\/i0.wp.com\/i392.photobucket.com\/albums\/pp7\/pepejaguar\/blog\/486889_10151457528146038_402580770_n.jpg\"><img data-recalc-dims=\"1\" decoding=\"async\" class=\"alignleft\" style=\"margin-right: 10px;\" src=\"https:\/\/i0.wp.com\/i392.photobucket.com\/albums\/pp7\/pepejaguar\/blog\/486889_10151457528146038_402580770_n.jpg?w=300\" alt=\"\"  \/><\/a>La disculpa de Barbara Lobos al respecto, las faltas de ortograf\u00eda y mala redacci\u00f3n, son consecuentes con la nota original, por lo que es posible, que as\u00ed lo haya escrito esa persona. Una vez mas, como <em>mala guatemalteca<\/em>, no asume su responsabilidad y se la traslada a otra persona, en este caso, el ni\u00f1o que fue el centro de la historia. Este ni\u00f1o, dif\u00edcilmente podr\u00e1 dar a conocer su versi\u00f3n de la historia y cargar\u00e1 con toda la responsabilidad, el enojo y los insultos que seguramente no se har\u00e1n esperar.<\/p>\n<p>Seg\u00fan Lobos, el ni\u00f1o <em>es muy querido y por eso lo invitaron a una hamburguesa<\/em>, pero cuando se trata de asumir la responsabilidad, no le import\u00f3 acusarlo y <em>tirarlo de cabeza<\/em> a la horda de personas que se dedican a insultar con lo que irresponsablemente escribi\u00f3 desde un principio. Elmensaje de disculpa que publica, se contradice en algunos aspectos y daexplicaciones no pedidas, \u00bfser\u00e1 culpa o aceptaci\u00f3n de los hechos?, \u00bfpor qu\u00e9 aclara que no se vendi\u00f3, acaso alguien lo duda?.<\/p>\n<p>Es posible que el ni\u00f1o hubiera mentido, es posible que no haya explicado bien y que fuera malentendido, sin embargo, con los antecedentes de mentira de Lobos, es muy dif\u00edcil creerle, en especial porque no se conoce la versi\u00f3n del acusado. Una vez, <em>se tira la piedra y se esconde la mano<\/em>, lamentable que pase en Guatemala o en cualquier lado.<\/p>\n","protected":false},"excerpt":{"rendered":"<p>En la fan page de McDonald&#8217;s en Facebook, una usuaria public\u00f3 una denuncia, relacionada con una experiencia que tuvo, a prop\u00f3sito del McD\u00eda Feliz. A los pocos minutos, como tristemente era de esperarse, ya contaba con una serie de comentarios, que en su mayor\u00eda eran insidiosos y mal intencionados. Como decimos en Guatemala, estaban ech\u00e1ndole &#8230; <a title=\"Mala gesti\u00f3n en redes sociales: Caso McDonald&#8217;s Guatemala\" class=\"read-more\" href=\"https:\/\/quechilero.com\/blog\/2012\/10\/17\/mala-gestion-en-redes-sociales-caso-mcdonalds-guatemala\/\" aria-label=\"Leer m\u00e1s sobre Mala gesti\u00f3n en redes sociales: Caso McDonald&#8217;s Guatemala\">Leer m\u00e1s<\/a><\/p>\n","protected":false},"author":1,"featured_media":0,"comment_status":"open","ping_status":"open","sticky":false,"template":"","format":"standard","meta":{"advanced_seo_description":"","jetpack_seo_html_title":"","jetpack_seo_noindex":false,"episode_type":"","audio_file":"","cover_image":"","cover_image_id":"","duration":"","filesize":"","date_recorded":"","explicit":"","block":"","filesize_raw":"","jetpack_post_was_ever_published":false,"_jetpack_newsletter_access":"","_jetpack_dont_email_post_to_subs":false,"_jetpack_newsletter_tier_id":0,"_jetpack_memberships_contains_paywalled_content":false,"_jetpack_memberships_contains_paid_content":false,"footnotes":"","jetpack_publicize_message":"","jetpack_publicize_feature_enabled":true,"jetpack_social_post_already_shared":false,"jetpack_social_options":{"image_generator_settings":{"template":"highway","enabled":false},"version":2}},"categories":[2],"tags":[14,112,37,12,26,51,30,32,46,10,17,27,42,22,3,34,5,25,53],"series":[],"class_list":["post-14922","post","type-post","status-publish","format-standard","hentry","category-limones","tag-accion","tag-animo","tag-ayuda","tag-cosas","tag-dinero","tag-dios","tag-error","tag-especial","tag-feliz","tag-guatemala","tag-historia","tag-internet","tag-palabra","tag-respuesta","tag-resultados","tag-solucion","tag-tiempo","tag-video","tag-youtube"],"episode_featured_image":false,"episode_player_image":"https:\/\/i0.wp.com\/quechilero.com\/blog\/imagenes\/podcast.png?fit=1831%2C1831&ssl=1","download_link":"","player_link":"","audio_player":false,"episode_data":{"playerMode":"dark","subscribeUrls":{"amazon":{"key":"amazon","url":"","label":"Amazon","class":"amazon","icon":"amazon.png"},"apple_podcasts":{"key":"apple_podcasts","url":"","label":"Apple Podcasts","class":"apple_podcasts","icon":"apple-podcasts.png"},"castbox":{"key":"castbox","url":"","label":"CastBox","class":"castbox","icon":"castbox.png"},"deezer":{"key":"deezer","url":"","label":"Deezer","class":"deezer","icon":"deezer.png"},"google_podcasts":{"key":"google_podcasts","url":"","label":"Google Podcasts","class":"google_podcasts","icon":"google-podcasts.png"},"listen_notes":{"key":"listen_notes","url":"","label":"Listen Notes","class":"listen_notes","icon":"listen-notes.png"},"pandora":{"key":"pandora","url":"","label":"Pandora","class":"pandora","icon":"pandora.png"},"podbean":{"key":"podbean","url":"","label":"Podbean","class":"podbean","icon":"podbean.png"},"podcast_republic":{"key":"podcast_republic","url":"","label":"Podcast Republic","class":"podcast_republic","icon":"podcast-republic.png"},"rss":{"key":"rss","url":"","label":"RSS","class":"rss","icon":"rss.png"},"spotify":{"key":"spotify","url":"","label":"Spotify","class":"spotify","icon":"spotify.png"},"stitcher":{"key":"stitcher","url":"","label":"Stitcher","class":"stitcher","icon":"stitcher.png"},"tunein":{"key":"tunein","url":"","label":"TuneIn","class":"tunein","icon":"tunein.png"},"youtube":{"key":"youtube","url":"","label":"YouTube","class":"youtube","icon":"youtube.png"},"iheartradio":{"key":"iheartradio","url":"","label":"iHeartRadio","class":"iheartradio","icon":"iheartradio.png"},"ivoox":{"key":"ivoox","url":"","label":"iVoox","class":"ivoox","icon":"ivoox.png"}},"rssFeedUrl":"https:\/\/quechilero.com\/blog\/feed\/podcast\/si-la-vida-nos-da-limones","embedCode":"<blockquote class=\"wp-embedded-content\" data-secret=\"QZneSYCCV8\"><a href=\"https:\/\/quechilero.com\/blog\/2012\/10\/17\/mala-gestion-en-redes-sociales-caso-mcdonalds-guatemala\/\">Mala gesti\u00f3n en redes sociales: Caso McDonald&#8217;s Guatemala<\/a><\/blockquote><iframe sandbox=\"allow-scripts\" security=\"restricted\" src=\"https:\/\/quechilero.com\/blog\/2012\/10\/17\/mala-gestion-en-redes-sociales-caso-mcdonalds-guatemala\/embed\/#?secret=QZneSYCCV8\" width=\"500\" height=\"350\" title=\"\u00abMala gesti\u00f3n en redes sociales: Caso McDonald&#8217;s Guatemala\u00bb \u2014 Si la Vida nos da Limones...\" data-secret=\"QZneSYCCV8\" frameborder=\"0\" marginwidth=\"0\" marginheight=\"0\" scrolling=\"no\" class=\"wp-embedded-content\"><\/iframe><script>\n\/*! This file is auto-generated *\/\n!function(d,l){\"use strict\";l.querySelector&&d.addEventListener&&\"undefined\"!=typeof URL&&(d.wp=d.wp||{},d.wp.receiveEmbedMessage||(d.wp.receiveEmbedMessage=function(e){var t=e.data;if((t||t.secret||t.message||t.value)&&!\/[^a-zA-Z0-9]\/.test(t.secret)){for(var s,r,n,a=l.querySelectorAll('iframe[data-secret=\"'+t.secret+'\"]'),o=l.querySelectorAll('blockquote[data-secret=\"'+t.secret+'\"]'),c=new RegExp(\"^https?:$\",\"i\"),i=0;i<o.length;i++)o[i].style.display=\"none\";for(i=0;i<a.length;i++)s=a[i],e.source===s.contentWindow&&(s.removeAttribute(\"style\"),\"height\"===t.message?(1e3<(r=parseInt(t.value,10))?r=1e3:~~r<200&&(r=200),s.height=r):\"link\"===t.message&&(r=new URL(s.getAttribute(\"src\")),n=new URL(t.value),c.test(n.protocol))&&n.host===r.host&&l.activeElement===s&&(d.top.location.href=t.value))}},d.addEventListener(\"message\",d.wp.receiveEmbedMessage,!1),l.addEventListener(\"DOMContentLoaded\",function(){for(var e,t,s=l.querySelectorAll(\"iframe.wp-embedded-content\"),r=0;r<s.length;r++)(t=(e=s[r]).getAttribute(\"data-secret\"))||(t=Math.random().toString(36).substring(2,12),e.src+=\"#?secret=\"+t,e.setAttribute(\"data-secret\",t)),e.contentWindow.postMessage({message:\"ready\",secret:t},\"*\")},!1)))}(window,document);\n\/\/# sourceURL=https:\/\/quechilero.com\/blog\/wp-includes\/js\/wp-embed.min.js\n<\/script>\n"},"jetpack_publicize_connections":[],"jetpack_featured_media_url":"","jetpack_shortlink":"https:\/\/wp.me\/pDKli-3SG","jetpack_sharing_enabled":true,"jetpack-related-posts":[],"_links":{"self":[{"href":"https:\/\/quechilero.com\/blog\/wp-json\/wp\/v2\/posts\/14922","targetHints":{"allow":["GET"]}}],"collection":[{"href":"https:\/\/quechilero.com\/blog\/wp-json\/wp\/v2\/posts"}],"about":[{"href":"https:\/\/quechilero.com\/blog\/wp-json\/wp\/v2\/types\/post"}],"author":[{"embeddable":true,"href":"https:\/\/quechilero.com\/blog\/wp-json\/wp\/v2\/users\/1"}],"replies":[{"embeddable":true,"href":"https:\/\/quechilero.com\/blog\/wp-json\/wp\/v2\/comments?post=14922"}],"version-history":[{"count":0,"href":"https:\/\/quechilero.com\/blog\/wp-json\/wp\/v2\/posts\/14922\/revisions"}],"wp:attachment":[{"href":"https:\/\/quechilero.com\/blog\/wp-json\/wp\/v2\/media?parent=14922"}],"wp:term":[{"taxonomy":"category","embeddable":true,"href":"https:\/\/quechilero.com\/blog\/wp-json\/wp\/v2\/categories?post=14922"},{"taxonomy":"post_tag","embeddable":true,"href":"https:\/\/quechilero.com\/blog\/wp-json\/wp\/v2\/tags?post=14922"},{"taxonomy":"series","embeddable":true,"href":"https:\/\/quechilero.com\/blog\/wp-json\/wp\/v2\/series?post=14922"}],"curies":[{"name":"wp","href":"https:\/\/api.w.org\/{rel}","templated":true}]}}