{"id":14896,"date":"2012-10-30T08:00:06","date_gmt":"2012-10-30T14:00:06","guid":{"rendered":"http:\/\/quechilero.com\/blog\/?p=14896"},"modified":"2012-10-30T08:00:06","modified_gmt":"2012-10-30T14:00:06","slug":"conectate","status":"publish","type":"post","link":"https:\/\/quechilero.com\/blog\/2012\/10\/30\/conectate\/","title":{"rendered":"\u00a1Con\u00e9ctate!"},"content":{"rendered":"<p>En nuestro caminar cristiano, muchas veces llegamos a poseer una cantidad de principios, f\u00f3rmulas y m\u00e9todos, pero carecen de verdadero poder. Esto tambi\u00e9n se aplica a las ense\u00f1anzas sobre la fe, la oraci\u00f3n, la alabanza, la meditaci\u00f3n, los estudios b\u00edblicos, la confesi\u00f3n, la guerra espiritual y todos los otros preceptos sobre los que hemos escuchado y asimilado. Todo es bueno, y necesitamos saber acerca de ello, pero por s\u00ed solo no puede resolver nuestro problema.<\/p>\n<p>Debemos recordar que, a\u00fan con lo buenas que son estas disciplinas, s\u00f3lo son canales para recibir al se\u00f1or. No son de ninguna ayuda si no est\u00e1n conectadas a la fuente de poder divino.<\/p>\n<p>Nos conectamos a trav\u00e9s de una relaci\u00f3n personal con Dios, lo que demanda tiempo. Nunca lograremos una verdadera victoria perdurable en nuestra vida cristiana, si no tenemos un tiempo de comuni\u00f3n privada y personal con el Se\u00f1or. \u00c9l tiene un plan especial, \u00fanico para ti. Si se lo pides, \u00c9l se acercar\u00e1 a tu vida y tendr\u00e1 una relaci\u00f3n \u00edntima contigo. \u00c9l te ense\u00f1ar\u00e1 y te guiar\u00e1 en el camino que debes recorrer.<\/p>\n<p>Aprende a responder con prontitud a la gu\u00eda del Esp\u00edritu Santo. Ap\u00e1rtate con \u00c9l a solas, y ser\u00e1s recompensado en abundancia.<\/p>\n<p>Es s\u00f3lo en la presencia del Se\u00f1or donde recibimos Su poder.<\/p>\n","protected":false},"excerpt":{"rendered":"<p>En nuestro caminar cristiano, muchas veces llegamos a poseer una cantidad de principios, f\u00f3rmulas y m\u00e9todos, pero carecen de verdadero poder. Esto tambi\u00e9n se aplica a las ense\u00f1anzas sobre la fe, la oraci\u00f3n, la alabanza, la meditaci\u00f3n, los estudios b\u00edblicos, la confesi\u00f3n, la guerra espiritual y todos los otros preceptos sobre los que hemos escuchado &#8230; <a title=\"\u00a1Con\u00e9ctate!\" class=\"read-more\" href=\"https:\/\/quechilero.com\/blog\/2012\/10\/30\/conectate\/\" aria-label=\"Leer m\u00e1s sobre \u00a1Con\u00e9ctate!\">Leer m\u00e1s<\/a><\/p>\n","protected":false},"author":1,"featured_media":0,"comment_status":"open","ping_status":"open","sticky":false,"template":"","format":"standard","meta":{"advanced_seo_description":"","jetpack_seo_html_title":"","jetpack_seo_noindex":false,"jetpack_seo_schema_type":"","episode_type":"","audio_file":"","podmotor_file_id":"","podmotor_episode_id":"","cover_image":"","cover_image_id":"","duration":"","filesize":"","filesize_raw":"","date_recorded":"","explicit":"","block":"","_jetpack_newsletter_access":"","_jetpack_dont_email_post_to_subs":false,"_jetpack_newsletter_tier_id":0,"_jetpack_memberships_contains_paywalled_content":false,"_jetpack_feature_clip_id":0,"_jetpack_memberships_contains_paid_content":false,"footnotes":"","jetpack_publicize_message":"","jetpack_publicize_feature_enabled":true,"jetpack_social_post_already_shared":false,"jetpack_social_options":{"image_generator_settings":{"template":"highway","default_image_id":0,"font":"","enabled":false},"version":2},"jetpack_post_was_ever_published":false},"categories":[2],"tags":[37,94,51,32,86,21,5,41,24],"series":[],"class_list":["post-14896","post","type-post","status-publish","format-standard","hentry","category-limones","tag-ayuda","tag-comunion","tag-dios","tag-especial","tag-oracion","tag-problema","tag-tiempo","tag-verdad","tag-vida"],"episode_featured_image":false,"episode_player_image":"https:\/\/i0.wp.com\/quechilero.com\/blog\/imagenes\/podcast.png?fit=1831%2C1831&ssl=1","download_link":"","player_link":"","audio_player":false,"episode_data":{"playerMode":"dark","subscribeUrls":{"amazon":{"key":"amazon","url":"","label":"Amazon","class":"amazon","icon":"amazon.png"},"apple_podcasts":{"key":"apple_podcasts","url":"","label":"Apple Podcasts","class":"apple_podcasts","icon":"apple-podcasts.png"},"castbox":{"key":"castbox","url":"","label":"CastBox","class":"castbox","icon":"castbox.png"},"deezer":{"key":"deezer","url":"","label":"Deezer","class":"deezer","icon":"deezer.png"},"google_podcasts":{"key":"google_podcasts","url":"","label":"Google Podcasts","class":"google_podcasts","icon":"google-podcasts.png"},"listen_notes":{"key":"listen_notes","url":"","label":"Listen Notes","class":"listen_notes","icon":"listen-notes.png"},"pandora":{"key":"pandora","url":"","label":"Pandora","class":"pandora","icon":"pandora.png"},"podbean":{"key":"podbean","url":"","label":"Podbean","class":"podbean","icon":"podbean.png"},"podcast_republic":{"key":"podcast_republic","url":"","label":"Podcast Republic","class":"podcast_republic","icon":"podcast-republic.png"},"rss":{"key":"rss","url":"","label":"RSS","class":"rss","icon":"rss.png"},"spotify":{"key":"spotify","url":"","label":"Spotify","class":"spotify","icon":"spotify.png"},"stitcher":{"key":"stitcher","url":"","label":"Stitcher","class":"stitcher","icon":"stitcher.png"},"tunein":{"key":"tunein","url":"","label":"TuneIn","class":"tunein","icon":"tunein.png"},"youtube":{"key":"youtube","url":"","label":"YouTube","class":"youtube","icon":"youtube.png"},"iheartradio":{"key":"iheartradio","url":"","label":"iHeartRadio","class":"iheartradio","icon":"iheartradio.png"},"ivoox":{"key":"ivoox","url":"","label":"iVoox","class":"ivoox","icon":"ivoox.png"}},"rssFeedUrl":"https:\/\/quechilero.com\/blog\/feed\/podcast\/si-la-vida-nos-da-limones","embedCode":"<blockquote class=\"wp-embedded-content\" data-secret=\"395qbGKXFU\"><a href=\"https:\/\/quechilero.com\/blog\/2012\/10\/30\/conectate\/\">\u00a1Con\u00e9ctate!<\/a><\/blockquote><iframe sandbox=\"allow-scripts\" security=\"restricted\" src=\"https:\/\/quechilero.com\/blog\/2012\/10\/30\/conectate\/embed\/#?secret=395qbGKXFU\" width=\"500\" height=\"350\" title=\"\u00ab\u00a1Con\u00e9ctate!\u00bb \u2014 Si la Vida nos da Limones...\" data-secret=\"395qbGKXFU\" frameborder=\"0\" marginwidth=\"0\" marginheight=\"0\" scrolling=\"no\" class=\"wp-embedded-content\"><\/iframe><script>\n\/*! This file is auto-generated *\/\n!function(d,l){\"use strict\";l.querySelector&&d.addEventListener&&\"undefined\"!=typeof URL&&(d.wp=d.wp||{},d.wp.receiveEmbedMessage||(d.wp.receiveEmbedMessage=function(e){var t=e.data;if((t||t.secret||t.message||t.value)&&!\/[^a-zA-Z0-9]\/.test(t.secret)){for(var s,r,n,a=l.querySelectorAll('iframe[data-secret=\"'+t.secret+'\"]'),o=l.querySelectorAll('blockquote[data-secret=\"'+t.secret+'\"]'),c=new RegExp(\"^https?:$\",\"i\"),i=0;i<o.length;i++)o[i].style.display=\"none\";for(i=0;i<a.length;i++)s=a[i],e.source===s.contentWindow&&(s.removeAttribute(\"style\"),\"height\"===t.message?(1e3<(r=parseInt(t.value,10))?r=1e3:~~r<200&&(r=200),s.height=r):\"link\"===t.message&&(r=new URL(s.getAttribute(\"src\")),n=new URL(t.value),c.test(n.protocol))&&n.host===r.host&&l.activeElement===s&&(d.top.location.href=t.value))}},d.addEventListener(\"message\",d.wp.receiveEmbedMessage,!1),l.addEventListener(\"DOMContentLoaded\",function(){for(var e,t,s=l.querySelectorAll(\"iframe.wp-embedded-content\"),r=0;r<s.length;r++)(t=(e=s[r]).getAttribute(\"data-secret\"))||(t=Math.random().toString(36).substring(2,12),e.src+=\"#?secret=\"+t,e.setAttribute(\"data-secret\",t)),e.contentWindow.postMessage({message:\"ready\",secret:t},\"*\")},!1)))}(window,document);\n\/\/# sourceURL=https:\/\/quechilero.com\/blog\/wp-includes\/js\/wp-embed.min.js\n<\/script>\n"},"jetpack_publicize_connections":[],"jetpack_shortlink":"https:\/\/wp.me\/pDKli-3Sg","jetpack_sharing_enabled":true,"jetpack-related-posts":[{"id":17114,"url":"https:\/\/quechilero.com\/blog\/2013\/09\/06\/oraciones-filtradas\/","url_meta":{"origin":14896,"position":0},"title":"Oraciones Filtradas","author":"Pepe Barrascout Ortiz","date":"6 septiembre 2013","format":false,"excerpt":"Tengo unas amigas que pasan horas cada d\u00eda intercediendo en oraci\u00f3n. Sus hijos ya son adultos y se han ido, as\u00ed que ellas pueden dedicar m\u00e1s tiempo a interceder. Yo no esto en la misma fase de la vida. Sin duda, oro todos los d\u00edas y tengo un diario de\u2026","rel":"","context":"En \u00abLimones\u00bb","block_context":{"text":"Limones","link":"https:\/\/quechilero.com\/blog\/category\/limones\/"},"img":{"alt_text":"","src":"","width":0,"height":0},"classes":[]},{"id":7586,"url":"https:\/\/quechilero.com\/blog\/2011\/03\/18\/reflexiones-de-cuaresma-dia-10\/","url_meta":{"origin":14896,"position":1},"title":"Reflexiones de Cuaresma d\u00eda 10","author":"Pepe Barrascout Ortiz","date":"18 marzo 2011","format":false,"excerpt":"Oraci\u00f3n inicial Se\u00f1or m\u00edo, Jesucristo, creo firmemente que est\u00e1s aqu\u00ed; en estos pocos minutos de oraci\u00f3n que empiezo ahora quiero pedirte y agradecerte. Pedirte\u00a0la gracia de darme m\u00e1s cuenta de que T\u00fa vives, me escuchas y me amas; tanto, que has querido morir libremente por m\u00ed en la cruz y\u2026","rel":"","context":"En \u00abLimones por mano\u00bb","block_context":{"text":"Limones por mano","link":"https:\/\/quechilero.com\/blog\/category\/limones-por-mano\/"},"img":{"alt_text":"","src":"","width":0,"height":0},"classes":[]},{"id":16675,"url":"https:\/\/quechilero.com\/blog\/2013\/04\/28\/la-cruz-acoger-sin-reservas-el-plan-de-dios\/","url_meta":{"origin":14896,"position":2},"title":"La cruz: acoger sin reservas el plan de Dios","author":"Pepe Barrascout Ortiz","date":"28 abril 2013","format":false,"excerpt":"La cruz no es un producto muy cotizado en nuestros d\u00edas. A inicios del tercer milenio, lo que m\u00e1s se busca y anhela es el bienestar, el placer. Y, sin embargo, muchas veces nos encontramos con hombres y mujeres hastiados, incluso heridos, por la vida. Personas que lo han disfrutado\u2026","rel":"","context":"En \u00abLimones\u00bb","block_context":{"text":"Limones","link":"https:\/\/quechilero.com\/blog\/category\/limones\/"},"img":{"alt_text":"","src":"","width":0,"height":0},"classes":[]},{"id":20100,"url":"https:\/\/quechilero.com\/blog\/2015\/05\/09\/accion-de-gracias-2\/","url_meta":{"origin":14896,"position":3},"title":"Acci\u00f3n de Gracias","author":"Pepe Barrascout Ortiz","date":"9 mayo 2015","format":false,"excerpt":"Estaba leyendo esta semana acerca de esta mujer que, como toda buena madre de familia, andaba a la carrera tratando de lograr todas las metas diarias que se hab\u00eda trazado y, encima de todo, ten\u00eda una cita m\u00e9dica con el especialista, a la que estaba llegando tarde; en medio de\u2026","rel":"","context":"En \u00abLimones\u00bb","block_context":{"text":"Limones","link":"https:\/\/quechilero.com\/blog\/category\/limones\/"},"img":{"alt_text":"","src":"","width":0,"height":0},"classes":[]},{"id":393,"url":"https:\/\/quechilero.com\/blog\/2007\/01\/04\/oracion\/","url_meta":{"origin":14896,"position":4},"title":"Oraci\u00f3n","author":"Pepe Barrascout Ortiz","date":"4 enero 2007","format":false,"excerpt":"Creo en Ti, Se\u00f1or... pero ay\u00fadame a creer con firmeza. Espero en Ti... pero ay\u00fadame a esperar sin desconfianza. Te amo Se\u00f1or... pero ay\u00fadame a no volver a ofenderte.Te adoro Se\u00f1or, porque eres mi creador y te anhelo porque eres mi fin. Te alabo porque no te cansas de hacerme\u2026","rel":"","context":"En \u00abLimones\u00bb","block_context":{"text":"Limones","link":"https:\/\/quechilero.com\/blog\/category\/limones\/"},"img":{"alt_text":"","src":"","width":0,"height":0},"classes":[]},{"id":303,"url":"https:\/\/quechilero.com\/blog\/2006\/10\/28\/rezar-o-actuar\/","url_meta":{"origin":14896,"position":5},"title":"Rezar o actuar","author":"Pepe Barrascout Ortiz","date":"28 octubre 2006","format":false,"excerpt":"Si un misionero llega a tu iglesia y dice que necesita ayuda por un per\u00edodo corto de tiempo, \u00bforas o act\u00faas?. Si el director de j\u00f3venes dice que tu iglesia necesita algunos instrumentos musicales nuevos para el ministerio, \u00bforas o act\u00faas? Si un ministerio necesita ayuda en un comedor de\u2026","rel":"","context":"En \u00abLimones\u00bb","block_context":{"text":"Limones","link":"https:\/\/quechilero.com\/blog\/category\/limones\/"},"img":{"alt_text":"","src":"","width":0,"height":0},"classes":[]}],"jetpack_featured_media_url":"","_links":{"self":[{"href":"https:\/\/quechilero.com\/blog\/wp-json\/wp\/v2\/posts\/14896","targetHints":{"allow":["GET"]}}],"collection":[{"href":"https:\/\/quechilero.com\/blog\/wp-json\/wp\/v2\/posts"}],"about":[{"href":"https:\/\/quechilero.com\/blog\/wp-json\/wp\/v2\/types\/post"}],"author":[{"embeddable":true,"href":"https:\/\/quechilero.com\/blog\/wp-json\/wp\/v2\/users\/1"}],"replies":[{"embeddable":true,"href":"https:\/\/quechilero.com\/blog\/wp-json\/wp\/v2\/comments?post=14896"}],"version-history":[{"count":0,"href":"https:\/\/quechilero.com\/blog\/wp-json\/wp\/v2\/posts\/14896\/revisions"}],"wp:attachment":[{"href":"https:\/\/quechilero.com\/blog\/wp-json\/wp\/v2\/media?parent=14896"}],"wp:term":[{"taxonomy":"category","embeddable":true,"href":"https:\/\/quechilero.com\/blog\/wp-json\/wp\/v2\/categories?post=14896"},{"taxonomy":"post_tag","embeddable":true,"href":"https:\/\/quechilero.com\/blog\/wp-json\/wp\/v2\/tags?post=14896"},{"taxonomy":"series","embeddable":true,"href":"https:\/\/quechilero.com\/blog\/wp-json\/wp\/v2\/series?post=14896"}],"curies":[{"name":"wp","href":"https:\/\/api.w.org\/{rel}","templated":true}]}}