{"id":14891,"date":"2012-10-26T08:00:56","date_gmt":"2012-10-26T14:00:56","guid":{"rendered":"http:\/\/quechilero.com\/blog\/?p=14891"},"modified":"2012-10-26T08:00:56","modified_gmt":"2012-10-26T14:00:56","slug":"el-labrador-y-sus-hijos-2","status":"publish","type":"post","link":"https:\/\/quechilero.com\/blog\/2012\/10\/26\/el-labrador-y-sus-hijos-2\/","title":{"rendered":"El Labrador y sus Hijos"},"content":{"rendered":"<p>Un labrador anciano ten\u00eda varios hijos j\u00f3venes que se llevaban mal entre s\u00ed, peleaban constantemente.<\/p>\n<p>Un d\u00eda les congreg\u00f3 a todos y mand\u00f3 traer unas cu\u00e1ntas varas, las coloc\u00f3 todas juntas e hizo un haz con ellas, les pregunt\u00f3 cu\u00e1l de ellos se atrev\u00eda a romperlo.<\/p>\n<p>Uno tras otro todos se esforzaron para lograrlo, pero ninguno pudo conseguirlo.<\/p>\n<p>Entonces el padre desat\u00f3 el haz y tomando las varas una a una les mostr\u00f3 cu\u00e1n f\u00e1cilmente se part\u00edan, y enseguida les dijo:<\/p>\n<p>&#8211; De esta manera, hijos m\u00edos, si est\u00e1is todos unidos nadie podr\u00e1 venceros; pero si est\u00e1is divididos y enemistados el primero que quiera haceros mal os perder\u00e1.<\/p>\n<p>Que vivan con toda humildad y mansedumbre, con paciencia, soport\u00e1ndose unos a otros en amor, esforz\u00e1ndose por preservar la unidad del Esp\u00edritu en el v\u00ednculo de la paz. Hay un solo cuerpo y un solo Esp\u00edritu, as\u00ed como tambi\u00e9n ustedes fueron llamados en una misma esperanza de su vocaci\u00f3n; un solo Se\u00f1or, una sola fe, un solo bautismo, un solo Dios y Padre de todos, que est\u00e1 sobre todos, por todos y en todos. (Efesios 4:2-6)<\/p>\n","protected":false},"excerpt":{"rendered":"<p>Un labrador anciano ten\u00eda varios hijos j\u00f3venes que se llevaban mal entre s\u00ed, peleaban constantemente. Un d\u00eda les congreg\u00f3 a todos y mand\u00f3 traer unas cu\u00e1ntas varas, las coloc\u00f3 todas juntas e hizo un haz con ellas, les pregunt\u00f3 cu\u00e1l de ellos se atrev\u00eda a romperlo. Uno tras otro todos se esforzaron para lograrlo, pero &#8230; <a title=\"El Labrador y sus Hijos\" class=\"read-more\" href=\"https:\/\/quechilero.com\/blog\/2012\/10\/26\/el-labrador-y-sus-hijos-2\/\" aria-label=\"Leer m\u00e1s sobre El Labrador y sus Hijos\">Leer m\u00e1s<\/a><\/p>\n","protected":false},"author":1,"featured_media":0,"comment_status":"open","ping_status":"open","sticky":false,"template":"","format":"standard","meta":{"advanced_seo_description":"","jetpack_seo_html_title":"","jetpack_seo_noindex":false,"jetpack_seo_schema_type":"","episode_type":"","audio_file":"","podmotor_file_id":"","podmotor_episode_id":"","cover_image":"","cover_image_id":"","duration":"","filesize":"","filesize_raw":"","date_recorded":"","explicit":"","block":"","_jetpack_newsletter_access":"","_jetpack_dont_email_post_to_subs":false,"_jetpack_newsletter_tier_id":0,"_jetpack_memberships_contains_paywalled_content":false,"_jetpack_feature_clip_id":0,"_jetpack_memberships_contains_paid_content":false,"footnotes":"","jetpack_publicize_message":"","jetpack_publicize_feature_enabled":true,"jetpack_social_post_already_shared":false,"jetpack_social_options":{"image_generator_settings":{"template":"highway","default_image_id":0,"font":"","enabled":false},"version":2},"jetpack_post_was_ever_published":false},"categories":[2],"tags":[15,51,60,40],"series":[],"class_list":["post-14891","post","type-post","status-publish","format-standard","hentry","category-limones","tag-amor","tag-dios","tag-paciencia","tag-paz"],"episode_featured_image":false,"episode_player_image":"https:\/\/i0.wp.com\/quechilero.com\/blog\/imagenes\/podcast.png?fit=1831%2C1831&ssl=1","download_link":"","player_link":"","audio_player":false,"episode_data":{"playerMode":"dark","subscribeUrls":{"amazon":{"key":"amazon","url":"","label":"Amazon","class":"amazon","icon":"amazon.png"},"apple_podcasts":{"key":"apple_podcasts","url":"","label":"Apple Podcasts","class":"apple_podcasts","icon":"apple-podcasts.png"},"castbox":{"key":"castbox","url":"","label":"CastBox","class":"castbox","icon":"castbox.png"},"deezer":{"key":"deezer","url":"","label":"Deezer","class":"deezer","icon":"deezer.png"},"google_podcasts":{"key":"google_podcasts","url":"","label":"Google Podcasts","class":"google_podcasts","icon":"google-podcasts.png"},"listen_notes":{"key":"listen_notes","url":"","label":"Listen Notes","class":"listen_notes","icon":"listen-notes.png"},"pandora":{"key":"pandora","url":"","label":"Pandora","class":"pandora","icon":"pandora.png"},"podbean":{"key":"podbean","url":"","label":"Podbean","class":"podbean","icon":"podbean.png"},"podcast_republic":{"key":"podcast_republic","url":"","label":"Podcast Republic","class":"podcast_republic","icon":"podcast-republic.png"},"rss":{"key":"rss","url":"","label":"RSS","class":"rss","icon":"rss.png"},"spotify":{"key":"spotify","url":"","label":"Spotify","class":"spotify","icon":"spotify.png"},"stitcher":{"key":"stitcher","url":"","label":"Stitcher","class":"stitcher","icon":"stitcher.png"},"tunein":{"key":"tunein","url":"","label":"TuneIn","class":"tunein","icon":"tunein.png"},"youtube":{"key":"youtube","url":"","label":"YouTube","class":"youtube","icon":"youtube.png"},"iheartradio":{"key":"iheartradio","url":"","label":"iHeartRadio","class":"iheartradio","icon":"iheartradio.png"},"ivoox":{"key":"ivoox","url":"","label":"iVoox","class":"ivoox","icon":"ivoox.png"}},"rssFeedUrl":"https:\/\/quechilero.com\/blog\/feed\/podcast\/si-la-vida-nos-da-limones","embedCode":"<blockquote class=\"wp-embedded-content\" data-secret=\"CXlf4ZZ56l\"><a href=\"https:\/\/quechilero.com\/blog\/2012\/10\/26\/el-labrador-y-sus-hijos-2\/\">El Labrador y sus Hijos<\/a><\/blockquote><iframe sandbox=\"allow-scripts\" security=\"restricted\" src=\"https:\/\/quechilero.com\/blog\/2012\/10\/26\/el-labrador-y-sus-hijos-2\/embed\/#?secret=CXlf4ZZ56l\" width=\"500\" height=\"350\" title=\"\u00abEl Labrador y sus Hijos\u00bb \u2014 Si la Vida nos da Limones...\" data-secret=\"CXlf4ZZ56l\" frameborder=\"0\" marginwidth=\"0\" marginheight=\"0\" scrolling=\"no\" class=\"wp-embedded-content\"><\/iframe><script>\n\/*! This file is auto-generated *\/\n!function(d,l){\"use strict\";l.querySelector&&d.addEventListener&&\"undefined\"!=typeof URL&&(d.wp=d.wp||{},d.wp.receiveEmbedMessage||(d.wp.receiveEmbedMessage=function(e){var t=e.data;if((t||t.secret||t.message||t.value)&&!\/[^a-zA-Z0-9]\/.test(t.secret)){for(var s,r,n,a=l.querySelectorAll('iframe[data-secret=\"'+t.secret+'\"]'),o=l.querySelectorAll('blockquote[data-secret=\"'+t.secret+'\"]'),c=new RegExp(\"^https?:$\",\"i\"),i=0;i<o.length;i++)o[i].style.display=\"none\";for(i=0;i<a.length;i++)s=a[i],e.source===s.contentWindow&&(s.removeAttribute(\"style\"),\"height\"===t.message?(1e3<(r=parseInt(t.value,10))?r=1e3:~~r<200&&(r=200),s.height=r):\"link\"===t.message&&(r=new URL(s.getAttribute(\"src\")),n=new URL(t.value),c.test(n.protocol))&&n.host===r.host&&l.activeElement===s&&(d.top.location.href=t.value))}},d.addEventListener(\"message\",d.wp.receiveEmbedMessage,!1),l.addEventListener(\"DOMContentLoaded\",function(){for(var e,t,s=l.querySelectorAll(\"iframe.wp-embedded-content\"),r=0;r<s.length;r++)(t=(e=s[r]).getAttribute(\"data-secret\"))||(t=Math.random().toString(36).substring(2,12),e.src+=\"#?secret=\"+t,e.setAttribute(\"data-secret\",t)),e.contentWindow.postMessage({message:\"ready\",secret:t},\"*\")},!1)))}(window,document);\n\/\/# sourceURL=https:\/\/quechilero.com\/blog\/wp-includes\/js\/wp-embed.min.js\n<\/script>\n"},"jetpack_publicize_connections":[],"jetpack_shortlink":"https:\/\/wp.me\/pDKli-3Sb","jetpack_sharing_enabled":true,"jetpack-related-posts":[{"id":13976,"url":"https:\/\/quechilero.com\/blog\/2012\/07\/04\/oracion-4\/","url_meta":{"origin":14891,"position":0},"title":"Oraci\u00f3n","author":"Pepe Barrascout Ortiz","date":"4 julio 2012","format":false,"excerpt":"Dios, dame el d\u00eda de hoy fe para seguir adelante; Dame grandeza de esp\u00edritu para perdonar; Dame paciencia para comprender y esperar; Dame voluntad para no caer; Dame fuerza para levantarme si ca\u00eddo estoy; Dame amor para dar; Dame lo que necesito y no lo que quiero; Dame elocuencia para\u2026","rel":"","context":"En \u00abLimones\u00bb","block_context":{"text":"Limones","link":"https:\/\/quechilero.com\/blog\/category\/limones\/"},"img":{"alt_text":"","src":"","width":0,"height":0},"classes":[]},{"id":14626,"url":"https:\/\/quechilero.com\/blog\/2012\/10\/10\/el-labrador-y-el-arbol\/","url_meta":{"origin":14891,"position":1},"title":"El labrador y el \u00e1rbol","author":"Pepe Barrascout Ortiz","date":"10 octubre 2012","format":false,"excerpt":"En el campo de un labriego hab\u00eda un \u00e1rbol est\u00e9ril que \u00fanicamente serv\u00eda de refugio a los gorriones y a las cigarras ruidosas. El labrador, viendo su esterilidad, se dispuso a abatirlo y descarg\u00f3 contra \u00e9l su hacha. Suplic\u00e1ronle los gorriones y las cigarras que no abatiera su asilo, para\u2026","rel":"","context":"En \u00abLimones\u00bb","block_context":{"text":"Limones","link":"https:\/\/quechilero.com\/blog\/category\/limones\/"},"img":{"alt_text":"","src":"","width":0,"height":0},"classes":[]},{"id":2603,"url":"https:\/\/quechilero.com\/blog\/2009\/03\/29\/el-labrador-y-sus-hijos\/","url_meta":{"origin":14891,"position":2},"title":"El labrador y sus hijos","author":"Pepe Barrascout Ortiz","date":"29 marzo 2009","format":false,"excerpt":"Un labrador anciano, que se sinti\u00f3 morir, deseaba que sus hijos no se ocupasen m\u00e1s que de la agricultura; y para inculcarles con eficacia este precepto, les llam\u00f3 a su lado y les dijo: - Es llegada, \u00a1oh hijos m\u00edos!, la hora de mi muerte. Buscad en la vi\u00f1a y\u2026","rel":"","context":"En \u00abLimones\u00bb","block_context":{"text":"Limones","link":"https:\/\/quechilero.com\/blog\/category\/limones\/"},"img":{"alt_text":"","src":"","width":0,"height":0},"classes":[]},{"id":4607,"url":"https:\/\/quechilero.com\/blog\/2010\/04\/02\/meditacion-de-las-siete-palabras\/","url_meta":{"origin":14891,"position":3},"title":"Meditaci\u00f3n de las Siete Palabras","author":"Pepe Barrascout Ortiz","date":"2 abril 2010","format":false,"excerpt":"Oraci\u00f3n Jes\u00fas en la Cruz aboga: da al ladr\u00f3n: lega su Madre: qu\u00e9jase: la sed le ahoga: cumple: entrega el alma al Padre Al Calvario hay que llegar porque Cristo, nuestra Luz, hoy tambi\u00e9n nos quiere hablar desde el ara de la Cruz. \u00a1Virgen de dolores y Madre m\u00eda! Que,\u2026","rel":"","context":"En \u00abLimones\u00bb","block_context":{"text":"Limones","link":"https:\/\/quechilero.com\/blog\/category\/limones\/"},"img":{"alt_text":"","src":"","width":0,"height":0},"classes":[]},{"id":6707,"url":"https:\/\/quechilero.com\/blog\/2011\/01\/17\/el-labrador-y-los-perros\/","url_meta":{"origin":14891,"position":4},"title":"El labrador y los perros","author":"Pepe Barrascout Ortiz","date":"17 enero 2011","format":false,"excerpt":"Aprision\u00f3 el mal tiempo a un labrador en su cuadra. No pudiendo salir para buscar comida, empez\u00f3 por devorar a sus carneros; luego, como el mal tiempo segu\u00eda, comi\u00f3 tambi\u00e9n a las cabras; y en fin, como no paraba el temporal, acab\u00f3 con sus propios bueyes. Viendo entonces los perros\u2026","rel":"","context":"En \u00abLimones\u00bb","block_context":{"text":"Limones","link":"https:\/\/quechilero.com\/blog\/category\/limones\/"},"img":{"alt_text":"","src":"","width":0,"height":0},"classes":[]},{"id":7297,"url":"https:\/\/quechilero.com\/blog\/2011\/02\/20\/amad-a-vuestros-enemigos\/","url_meta":{"origin":14891,"position":5},"title":"Amad a vuestros enemigos","author":"Pepe Barrascout Ortiz","date":"20 febrero 2011","format":false,"excerpt":"Evangelio seg\u00fan San Mateo 5:38-48 Hab\u00e9is o\u00eddo que se dijo: Ojo por ojo y diente por diente. Pues yo os digo: no resist\u00e1is al mal; antes bien, al que te abofetee en la mejilla derecha ofr\u00e9cele tambi\u00e9n la otra: al que quiera pleitear contigo para quitarte la t\u00fanica d\u00e9jale tambi\u00e9n\u2026","rel":"","context":"En \u00abLimones\u00bb","block_context":{"text":"Limones","link":"https:\/\/quechilero.com\/blog\/category\/limones\/"},"img":{"alt_text":"","src":"","width":0,"height":0},"classes":[]}],"jetpack_featured_media_url":"","_links":{"self":[{"href":"https:\/\/quechilero.com\/blog\/wp-json\/wp\/v2\/posts\/14891","targetHints":{"allow":["GET"]}}],"collection":[{"href":"https:\/\/quechilero.com\/blog\/wp-json\/wp\/v2\/posts"}],"about":[{"href":"https:\/\/quechilero.com\/blog\/wp-json\/wp\/v2\/types\/post"}],"author":[{"embeddable":true,"href":"https:\/\/quechilero.com\/blog\/wp-json\/wp\/v2\/users\/1"}],"replies":[{"embeddable":true,"href":"https:\/\/quechilero.com\/blog\/wp-json\/wp\/v2\/comments?post=14891"}],"version-history":[{"count":0,"href":"https:\/\/quechilero.com\/blog\/wp-json\/wp\/v2\/posts\/14891\/revisions"}],"wp:attachment":[{"href":"https:\/\/quechilero.com\/blog\/wp-json\/wp\/v2\/media?parent=14891"}],"wp:term":[{"taxonomy":"category","embeddable":true,"href":"https:\/\/quechilero.com\/blog\/wp-json\/wp\/v2\/categories?post=14891"},{"taxonomy":"post_tag","embeddable":true,"href":"https:\/\/quechilero.com\/blog\/wp-json\/wp\/v2\/tags?post=14891"},{"taxonomy":"series","embeddable":true,"href":"https:\/\/quechilero.com\/blog\/wp-json\/wp\/v2\/series?post=14891"}],"curies":[{"name":"wp","href":"https:\/\/api.w.org\/{rel}","templated":true}]}}