{"id":14884,"date":"2012-11-05T08:00:39","date_gmt":"2012-11-05T14:00:39","guid":{"rendered":"http:\/\/quechilero.com\/blog\/?p=14884"},"modified":"2012-11-05T08:00:39","modified_gmt":"2012-11-05T14:00:39","slug":"de-la-crisalida","status":"publish","type":"post","link":"https:\/\/quechilero.com\/blog\/2012\/11\/05\/de-la-crisalida\/","title":{"rendered":"De la cris\u00e1lida"},"content":{"rendered":"<p>El gran escritor griego, Nikos Kazantzakis (\u00abZorba, el Griego\u00bb) cuenta que, cuando ni\u00f1o, repar\u00f3 en una cris\u00e1lida adherida a un \u00e1rbol, donde una mariposa se preparaba para salir. Esper\u00f3 alg\u00fan tiempo, pero, como estaba demorando mucho, resolvi\u00f3 acelerar el proceso. Comenz\u00f3 a calentar la cris\u00e1lida con su aliento; la mariposa termin\u00f3 saliendo, pero sus alas a\u00fan estaban amarradas, y termin\u00f3 por morir poco tiempo despu\u00e9s.<\/p>\n<p>\u00abEra necesaria una paciente maduraci\u00f3n hecha por el sol, y yo no supe esperar\u00bb, dijo Kazantzakis. \u00abAquel peque\u00f1o cad\u00e1ver es, hasta hoy, uno de los mayores pesos que tengo en la conciencia. Mas fue \u00e9l el que me hizo entender lo que es un verdadero pecado mortal: forzar las grandes leyes del Universo. Es preciso paciencia, aguardar la hora exacta y seguir con confianza el ritmo que Dios escogi\u00f3 para nuestra vida.\u00bb<\/p>\n","protected":false},"excerpt":{"rendered":"<p>El gran escritor griego, Nikos Kazantzakis (\u00abZorba, el Griego\u00bb) cuenta que, cuando ni\u00f1o, repar\u00f3 en una cris\u00e1lida adherida a un \u00e1rbol, donde una mariposa se preparaba para salir. Esper\u00f3 alg\u00fan tiempo, pero, como estaba demorando mucho, resolvi\u00f3 acelerar el proceso. Comenz\u00f3 a calentar la cris\u00e1lida con su aliento; la mariposa termin\u00f3 saliendo, pero sus alas &#8230; <a title=\"De la cris\u00e1lida\" class=\"read-more\" href=\"https:\/\/quechilero.com\/blog\/2012\/11\/05\/de-la-crisalida\/\" aria-label=\"Leer m\u00e1s sobre De la cris\u00e1lida\">Leer m\u00e1s<\/a><\/p>\n","protected":false},"author":1,"featured_media":0,"comment_status":"open","ping_status":"open","sticky":false,"template":"","format":"standard","meta":{"advanced_seo_description":"","jetpack_seo_html_title":"","jetpack_seo_noindex":false,"jetpack_seo_schema_type":"","episode_type":"","audio_file":"","podmotor_file_id":"","podmotor_episode_id":"","cover_image":"","cover_image_id":"","duration":"","filesize":"","filesize_raw":"","date_recorded":"","explicit":"","block":"","_jetpack_newsletter_access":"","_jetpack_dont_email_post_to_subs":false,"_jetpack_newsletter_tier_id":0,"_jetpack_memberships_contains_paywalled_content":false,"_jetpack_feature_clip_id":0,"_jetpack_memberships_contains_paid_content":false,"footnotes":"","jetpack_publicize_message":"","jetpack_publicize_feature_enabled":true,"jetpack_social_post_already_shared":false,"jetpack_social_options":{"image_generator_settings":{"template":"highway","default_image_id":0,"font":"","enabled":false},"version":2},"jetpack_post_was_ever_published":false},"categories":[2],"tags":[38,51,60,5,41,24],"series":[],"class_list":["post-14884","post","type-post","status-publish","format-standard","hentry","category-limones","tag-confianza","tag-dios","tag-paciencia","tag-tiempo","tag-verdad","tag-vida"],"episode_featured_image":false,"episode_player_image":"https:\/\/i0.wp.com\/quechilero.com\/blog\/imagenes\/podcast.png?fit=1831%2C1831&ssl=1","download_link":"","player_link":"","audio_player":false,"episode_data":{"playerMode":"dark","subscribeUrls":{"amazon":{"key":"amazon","url":"","label":"Amazon","class":"amazon","icon":"amazon.png"},"apple_podcasts":{"key":"apple_podcasts","url":"","label":"Apple Podcasts","class":"apple_podcasts","icon":"apple-podcasts.png"},"castbox":{"key":"castbox","url":"","label":"CastBox","class":"castbox","icon":"castbox.png"},"deezer":{"key":"deezer","url":"","label":"Deezer","class":"deezer","icon":"deezer.png"},"google_podcasts":{"key":"google_podcasts","url":"","label":"Google Podcasts","class":"google_podcasts","icon":"google-podcasts.png"},"listen_notes":{"key":"listen_notes","url":"","label":"Listen Notes","class":"listen_notes","icon":"listen-notes.png"},"pandora":{"key":"pandora","url":"","label":"Pandora","class":"pandora","icon":"pandora.png"},"podbean":{"key":"podbean","url":"","label":"Podbean","class":"podbean","icon":"podbean.png"},"podcast_republic":{"key":"podcast_republic","url":"","label":"Podcast Republic","class":"podcast_republic","icon":"podcast-republic.png"},"rss":{"key":"rss","url":"","label":"RSS","class":"rss","icon":"rss.png"},"spotify":{"key":"spotify","url":"","label":"Spotify","class":"spotify","icon":"spotify.png"},"stitcher":{"key":"stitcher","url":"","label":"Stitcher","class":"stitcher","icon":"stitcher.png"},"tunein":{"key":"tunein","url":"","label":"TuneIn","class":"tunein","icon":"tunein.png"},"youtube":{"key":"youtube","url":"","label":"YouTube","class":"youtube","icon":"youtube.png"},"iheartradio":{"key":"iheartradio","url":"","label":"iHeartRadio","class":"iheartradio","icon":"iheartradio.png"},"ivoox":{"key":"ivoox","url":"","label":"iVoox","class":"ivoox","icon":"ivoox.png"}},"rssFeedUrl":"https:\/\/quechilero.com\/blog\/feed\/podcast\/si-la-vida-nos-da-limones","embedCode":"<blockquote class=\"wp-embedded-content\" data-secret=\"fARiqy6gPq\"><a href=\"https:\/\/quechilero.com\/blog\/2012\/11\/05\/de-la-crisalida\/\">De la cris\u00e1lida<\/a><\/blockquote><iframe sandbox=\"allow-scripts\" security=\"restricted\" src=\"https:\/\/quechilero.com\/blog\/2012\/11\/05\/de-la-crisalida\/embed\/#?secret=fARiqy6gPq\" width=\"500\" height=\"350\" title=\"\u00abDe la cris\u00e1lida\u00bb \u2014 Si la Vida nos da Limones...\" data-secret=\"fARiqy6gPq\" frameborder=\"0\" marginwidth=\"0\" marginheight=\"0\" scrolling=\"no\" class=\"wp-embedded-content\"><\/iframe><script>\n\/*! This file is auto-generated *\/\n!function(d,l){\"use strict\";l.querySelector&&d.addEventListener&&\"undefined\"!=typeof URL&&(d.wp=d.wp||{},d.wp.receiveEmbedMessage||(d.wp.receiveEmbedMessage=function(e){var t=e.data;if((t||t.secret||t.message||t.value)&&!\/[^a-zA-Z0-9]\/.test(t.secret)){for(var s,r,n,a=l.querySelectorAll('iframe[data-secret=\"'+t.secret+'\"]'),o=l.querySelectorAll('blockquote[data-secret=\"'+t.secret+'\"]'),c=new RegExp(\"^https?:$\",\"i\"),i=0;i<o.length;i++)o[i].style.display=\"none\";for(i=0;i<a.length;i++)s=a[i],e.source===s.contentWindow&&(s.removeAttribute(\"style\"),\"height\"===t.message?(1e3<(r=parseInt(t.value,10))?r=1e3:~~r<200&&(r=200),s.height=r):\"link\"===t.message&&(r=new URL(s.getAttribute(\"src\")),n=new URL(t.value),c.test(n.protocol))&&n.host===r.host&&l.activeElement===s&&(d.top.location.href=t.value))}},d.addEventListener(\"message\",d.wp.receiveEmbedMessage,!1),l.addEventListener(\"DOMContentLoaded\",function(){for(var e,t,s=l.querySelectorAll(\"iframe.wp-embedded-content\"),r=0;r<s.length;r++)(t=(e=s[r]).getAttribute(\"data-secret\"))||(t=Math.random().toString(36).substring(2,12),e.src+=\"#?secret=\"+t,e.setAttribute(\"data-secret\",t)),e.contentWindow.postMessage({message:\"ready\",secret:t},\"*\")},!1)))}(window,document);\n\/\/# sourceURL=https:\/\/quechilero.com\/blog\/wp-includes\/js\/wp-embed.min.js\n<\/script>\n"},"jetpack_publicize_connections":[],"jetpack_shortlink":"https:\/\/wp.me\/pDKli-3S4","jetpack_sharing_enabled":true,"jetpack-related-posts":[{"id":3569,"url":"https:\/\/quechilero.com\/blog\/2009\/08\/15\/virgen-de-la-asuncion\/","url_meta":{"origin":14884,"position":0},"title":"Virgen de la Asunci\u00f3n","author":"Pepe Barrascout Ortiz","date":"15 agosto 2009","format":false,"excerpt":"Explicaci\u00f3n de la fiesta La Asunci\u00f3n es un mensaje de esperanza que nos hace pensar en la dicha de alcanzar el Cielo, la gloria de Dios y en la alegr\u00eda de tener una madre que ha alcanzado la meta a la que nosotros caminamos. Este d\u00eda, recordamos que Mar\u00eda es\u2026","rel":"","context":"En \u00abLimones\u00bb","block_context":{"text":"Limones","link":"https:\/\/quechilero.com\/blog\/category\/limones\/"},"img":{"alt_text":"","src":"","width":0,"height":0},"classes":[]},{"id":5998,"url":"https:\/\/quechilero.com\/blog\/2010\/11\/15\/como-superar-un-mal-momento\/","url_meta":{"origin":14884,"position":1},"title":"Como superar un mal momento","author":"Pepe Barrascout Ortiz","date":"15 noviembre 2010","format":false,"excerpt":"Cuando pasas por un mal momento, seguramente te sentiste mal emocionalmente hablando, te pones triste, deprimido y no sabes qu\u00e9 hacer. No te preocupes, presta atenci\u00f3n aqu\u00ed te doy tres tips de c\u00f3mo cambiar ese estado de \u00e1nimo y salir de ese pozo tan oscuro en el cual no encuentras\u2026","rel":"","context":"En \u00abLimones\u00bb","block_context":{"text":"Limones","link":"https:\/\/quechilero.com\/blog\/category\/limones\/"},"img":{"alt_text":"","src":"","width":0,"height":0},"classes":[]},{"id":609,"url":"https:\/\/quechilero.com\/blog\/2007\/08\/18\/la-fe-del-campesino\/","url_meta":{"origin":14884,"position":2},"title":"La Fe del campesino","author":"Pepe Barrascout Ortiz","date":"18 agosto 2007","format":false,"excerpt":"Los agricultores son un modelo de Fe, paciencia y confianza en el Se\u00f1or, pues no esperan que \u00c9l lo haga todo en un d\u00eda. Han aprendido a tener paciencia y a confiar durante la larga espera a que los cultivos se desarrollen y los animales produzcan. No les queda otra\u2026","rel":"","context":"En \u00abLimones\u00bb","block_context":{"text":"Limones","link":"https:\/\/quechilero.com\/blog\/category\/limones\/"},"img":{"alt_text":"","src":"","width":0,"height":0},"classes":[]},{"id":611,"url":"https:\/\/quechilero.com\/blog\/2007\/08\/12\/ayuna-y-llenate\/","url_meta":{"origin":14884,"position":3},"title":"Ayuna y ll\u00e9nate","author":"Pepe Barrascout Ortiz","date":"12 agosto 2007","format":false,"excerpt":"El ayuno tiene como objetivo vaciar nuestro coraz\u00f3n para llenarlo de algo m\u00e1s valioso. Es una necesaria limpieza del alma para atener la grandeza para la que Dios nos ha creado. Ayuna de juzgar a otros; ll\u00e9nate de todo lo bueno que vive en ellos. Ayuna de palabras hirientes; ll\u00e9nate\u2026","rel":"","context":"En \u00abLimones\u00bb","block_context":{"text":"Limones","link":"https:\/\/quechilero.com\/blog\/category\/limones\/"},"img":{"alt_text":"","src":"","width":0,"height":0},"classes":[]},{"id":13505,"url":"https:\/\/quechilero.com\/blog\/2012\/05\/24\/la-mariposa-la-ardilla-el-bosque\/","url_meta":{"origin":14884,"position":4},"title":"La mariposa, la ardilla, el bosque","author":"Pepe Barrascout Ortiz","date":"24 mayo 2012","format":false,"excerpt":"En un bosque muy peculiar, viv\u00eda una mariposa, que anunciaba las malas y buenas nuevas de todo lo que suced\u00eda en ese rinc\u00f3n de la naturaleza. Como toda buena mariposa, era admirada por los habitantes del bosque, que d\u00eda a d\u00eda la ve\u00edan, para enterarse de todos los temas de\u2026","rel":"","context":"En \u00abLimones\u00bb","block_context":{"text":"Limones","link":"https:\/\/quechilero.com\/blog\/category\/limones\/"},"img":{"alt_text":"","src":"https:\/\/i0.wp.com\/img.youtube.com\/vi\/ttmM0KYHZAU\/0.jpg?resize=350%2C200","width":350,"height":200},"classes":[]},{"id":21429,"url":"https:\/\/quechilero.com\/blog\/2015\/08\/03\/dios-siempre-presente-entre-nosotros\/","url_meta":{"origin":14884,"position":5},"title":"Dios, siempre presente entre nosotros","author":"Pepe Barrascout Ortiz","date":"3 agosto 2015","format":false,"excerpt":"\"\u00bfDios, eres real?\" -susurr\u00f3 un joven. \"Dios, habla conmigo.\" Y entonces una alondra del campo cant\u00f3, pero el joven no escuch\u00f3. As\u00ed que el joven grit\u00f3: \"\u00a1Dios, h\u00e1blame!\" Y un trueno reson\u00f3 por todo el cielo, pero el joven no escuch\u00f3. El joven mir\u00f3 alrededor y dijo: \"Dios, d\u00e9jame verte.\"\u2026","rel":"","context":"En \u00abLimones\u00bb","block_context":{"text":"Limones","link":"https:\/\/quechilero.com\/blog\/category\/limones\/"},"img":{"alt_text":"","src":"","width":0,"height":0},"classes":[]}],"jetpack_featured_media_url":"","_links":{"self":[{"href":"https:\/\/quechilero.com\/blog\/wp-json\/wp\/v2\/posts\/14884","targetHints":{"allow":["GET"]}}],"collection":[{"href":"https:\/\/quechilero.com\/blog\/wp-json\/wp\/v2\/posts"}],"about":[{"href":"https:\/\/quechilero.com\/blog\/wp-json\/wp\/v2\/types\/post"}],"author":[{"embeddable":true,"href":"https:\/\/quechilero.com\/blog\/wp-json\/wp\/v2\/users\/1"}],"replies":[{"embeddable":true,"href":"https:\/\/quechilero.com\/blog\/wp-json\/wp\/v2\/comments?post=14884"}],"version-history":[{"count":0,"href":"https:\/\/quechilero.com\/blog\/wp-json\/wp\/v2\/posts\/14884\/revisions"}],"wp:attachment":[{"href":"https:\/\/quechilero.com\/blog\/wp-json\/wp\/v2\/media?parent=14884"}],"wp:term":[{"taxonomy":"category","embeddable":true,"href":"https:\/\/quechilero.com\/blog\/wp-json\/wp\/v2\/categories?post=14884"},{"taxonomy":"post_tag","embeddable":true,"href":"https:\/\/quechilero.com\/blog\/wp-json\/wp\/v2\/tags?post=14884"},{"taxonomy":"series","embeddable":true,"href":"https:\/\/quechilero.com\/blog\/wp-json\/wp\/v2\/series?post=14884"}],"curies":[{"name":"wp","href":"https:\/\/api.w.org\/{rel}","templated":true}]}}