{"id":14883,"date":"2012-10-18T08:00:37","date_gmt":"2012-10-18T14:00:37","guid":{"rendered":"http:\/\/quechilero.com\/blog\/?p=14883"},"modified":"2012-10-18T08:00:37","modified_gmt":"2012-10-18T14:00:37","slug":"depender-de-dios-2","status":"publish","type":"post","link":"https:\/\/quechilero.com\/blog\/2012\/10\/18\/depender-de-dios-2\/","title":{"rendered":"Depender de Dios"},"content":{"rendered":"<p>Un hombre agricultor de pocos recursos econ\u00f3micos marchaba de su isla natal en la costa occidental de Escocia, donde no hab\u00eda medios de comunicaci\u00f3n, por lo que hab\u00eda visto pocas cosas. En el barco le contaban acerca de las maravillas que ver\u00eda en la isla de Mull. La isla de donde \u00e9l ven\u00eda, llamada San Kilda, era muy poco fruct\u00edfera y ten\u00edan que trabajar mucho para poder sacar fruto de la tierra.<\/p>\n<p>Uno de los pasajeros, le pregunt\u00f3 al agricultor si hab\u00eda o\u00eddo hablar de Dios alguna vez. El labriego, un tanto resentido de semejante pregunta, pregunt\u00f3 a su vez a ese compa\u00f1ero de viaje de d\u00f3nde ven\u00eda \u00e9l. El otro pasajero le respondi\u00f3 con mucho orgullo que \u00e9l era de una tierra donde la naturaleza daba frutos abundantes y cuyas comodidades ofrec\u00edan a las gentes una vida maravillosa.<\/p>\n<p>&#8211; Ah, entonces me explico por qu\u00e9 se olvidan de Dios. Nosotros, como tenemos que depender de \u00c9l, jam\u00e1s podemos olvidarlo.<\/p>\n<p>\u00abAcu\u00e9rdate de tu Creador en los d\u00edas de tu juventud, antes que vengan los d\u00edas malos, y lleguen los a\u00f1os de los cuales digas: No tengo en ellos contentamiento.\u00bb Eclesiast\u00e9s 12:1<\/p>\n","protected":false},"excerpt":{"rendered":"<p>Un hombre agricultor de pocos recursos econ\u00f3micos marchaba de su isla natal en la costa occidental de Escocia, donde no hab\u00eda medios de comunicaci\u00f3n, por lo que hab\u00eda visto pocas cosas. En el barco le contaban acerca de las maravillas que ver\u00eda en la isla de Mull. La isla de donde \u00e9l ven\u00eda, llamada San &#8230; <a title=\"Depender de Dios\" class=\"read-more\" href=\"https:\/\/quechilero.com\/blog\/2012\/10\/18\/depender-de-dios-2\/\" aria-label=\"Leer m\u00e1s sobre Depender de Dios\">Leer m\u00e1s<\/a><\/p>\n","protected":false},"author":1,"featured_media":0,"comment_status":"open","ping_status":"open","sticky":false,"template":"","format":"standard","meta":{"advanced_seo_description":"","jetpack_seo_html_title":"","jetpack_seo_noindex":false,"jetpack_seo_schema_type":"","episode_type":"","audio_file":"","podmotor_file_id":"","podmotor_episode_id":"","cover_image":"","cover_image_id":"","duration":"","filesize":"","filesize_raw":"","date_recorded":"","explicit":"","block":"","_jetpack_newsletter_access":"","_jetpack_dont_email_post_to_subs":false,"_jetpack_newsletter_tier_id":0,"_jetpack_memberships_contains_paywalled_content":false,"_jetpack_feature_clip_id":0,"_jetpack_memberships_contains_paid_content":false,"footnotes":"","jetpack_publicize_message":"","jetpack_publicize_feature_enabled":true,"jetpack_social_post_already_shared":false,"jetpack_social_options":{"image_generator_settings":{"template":"highway","default_image_id":0,"font":"","enabled":false},"version":2},"jetpack_post_was_ever_published":false},"categories":[2],"tags":[12,51,18,24],"series":[],"class_list":["post-14883","post","type-post","status-publish","format-standard","hentry","category-limones","tag-cosas","tag-dios","tag-hombre","tag-vida"],"episode_featured_image":false,"episode_player_image":"https:\/\/i0.wp.com\/quechilero.com\/blog\/imagenes\/podcast.png?fit=1831%2C1831&ssl=1","download_link":"","player_link":"","audio_player":false,"episode_data":{"playerMode":"dark","subscribeUrls":{"amazon":{"key":"amazon","url":"","label":"Amazon","class":"amazon","icon":"amazon.png"},"apple_podcasts":{"key":"apple_podcasts","url":"","label":"Apple Podcasts","class":"apple_podcasts","icon":"apple-podcasts.png"},"castbox":{"key":"castbox","url":"","label":"CastBox","class":"castbox","icon":"castbox.png"},"deezer":{"key":"deezer","url":"","label":"Deezer","class":"deezer","icon":"deezer.png"},"google_podcasts":{"key":"google_podcasts","url":"","label":"Google Podcasts","class":"google_podcasts","icon":"google-podcasts.png"},"listen_notes":{"key":"listen_notes","url":"","label":"Listen Notes","class":"listen_notes","icon":"listen-notes.png"},"pandora":{"key":"pandora","url":"","label":"Pandora","class":"pandora","icon":"pandora.png"},"podbean":{"key":"podbean","url":"","label":"Podbean","class":"podbean","icon":"podbean.png"},"podcast_republic":{"key":"podcast_republic","url":"","label":"Podcast Republic","class":"podcast_republic","icon":"podcast-republic.png"},"rss":{"key":"rss","url":"","label":"RSS","class":"rss","icon":"rss.png"},"spotify":{"key":"spotify","url":"","label":"Spotify","class":"spotify","icon":"spotify.png"},"stitcher":{"key":"stitcher","url":"","label":"Stitcher","class":"stitcher","icon":"stitcher.png"},"tunein":{"key":"tunein","url":"","label":"TuneIn","class":"tunein","icon":"tunein.png"},"youtube":{"key":"youtube","url":"","label":"YouTube","class":"youtube","icon":"youtube.png"},"iheartradio":{"key":"iheartradio","url":"","label":"iHeartRadio","class":"iheartradio","icon":"iheartradio.png"},"ivoox":{"key":"ivoox","url":"","label":"iVoox","class":"ivoox","icon":"ivoox.png"}},"rssFeedUrl":"https:\/\/quechilero.com\/blog\/feed\/podcast\/si-la-vida-nos-da-limones","embedCode":"<blockquote class=\"wp-embedded-content\" data-secret=\"L5lHYIIJ4t\"><a href=\"https:\/\/quechilero.com\/blog\/2012\/10\/18\/depender-de-dios-2\/\">Depender de Dios<\/a><\/blockquote><iframe sandbox=\"allow-scripts\" security=\"restricted\" src=\"https:\/\/quechilero.com\/blog\/2012\/10\/18\/depender-de-dios-2\/embed\/#?secret=L5lHYIIJ4t\" width=\"500\" height=\"350\" title=\"\u00abDepender de Dios\u00bb \u2014 Si la Vida nos da Limones...\" data-secret=\"L5lHYIIJ4t\" frameborder=\"0\" marginwidth=\"0\" marginheight=\"0\" scrolling=\"no\" class=\"wp-embedded-content\"><\/iframe><script>\n\/*! This file is auto-generated *\/\n!function(d,l){\"use strict\";l.querySelector&&d.addEventListener&&\"undefined\"!=typeof URL&&(d.wp=d.wp||{},d.wp.receiveEmbedMessage||(d.wp.receiveEmbedMessage=function(e){var t=e.data;if((t||t.secret||t.message||t.value)&&!\/[^a-zA-Z0-9]\/.test(t.secret)){for(var s,r,n,a=l.querySelectorAll('iframe[data-secret=\"'+t.secret+'\"]'),o=l.querySelectorAll('blockquote[data-secret=\"'+t.secret+'\"]'),c=new RegExp(\"^https?:$\",\"i\"),i=0;i<o.length;i++)o[i].style.display=\"none\";for(i=0;i<a.length;i++)s=a[i],e.source===s.contentWindow&&(s.removeAttribute(\"style\"),\"height\"===t.message?(1e3<(r=parseInt(t.value,10))?r=1e3:~~r<200&&(r=200),s.height=r):\"link\"===t.message&&(r=new URL(s.getAttribute(\"src\")),n=new URL(t.value),c.test(n.protocol))&&n.host===r.host&&l.activeElement===s&&(d.top.location.href=t.value))}},d.addEventListener(\"message\",d.wp.receiveEmbedMessage,!1),l.addEventListener(\"DOMContentLoaded\",function(){for(var e,t,s=l.querySelectorAll(\"iframe.wp-embedded-content\"),r=0;r<s.length;r++)(t=(e=s[r]).getAttribute(\"data-secret\"))||(t=Math.random().toString(36).substring(2,12),e.src+=\"#?secret=\"+t,e.setAttribute(\"data-secret\",t)),e.contentWindow.postMessage({message:\"ready\",secret:t},\"*\")},!1)))}(window,document);\n\/\/# sourceURL=https:\/\/quechilero.com\/blog\/wp-includes\/js\/wp-embed.min.js\n<\/script>\n"},"jetpack_publicize_connections":[],"jetpack_shortlink":"https:\/\/wp.me\/pDKli-3S3","jetpack_sharing_enabled":true,"jetpack-related-posts":[{"id":12788,"url":"https:\/\/quechilero.com\/blog\/2012\/03\/11\/cual-es-el-punto\/","url_meta":{"origin":14883,"position":0},"title":"\u00bfCu\u00e1l es el punto?","author":"Pepe Barrascout Ortiz","date":"11 marzo 2012","format":false,"excerpt":"\u00bfCu\u00e1l es el punto? Esa pregunta me vino a la mente mientras observaba al perro de mi nieto buscar y traerme una pelota una y otra vez. \u00bfCu\u00e1l es el punto? Eso es lo que el autor de Eclesiast\u00e9s pregunt\u00f3 mientras pensaba en el mon\u00f3tono ciclo que observaba en la\u2026","rel":"","context":"En \u00abLimones\u00bb","block_context":{"text":"Limones","link":"https:\/\/quechilero.com\/blog\/category\/limones\/"},"img":{"alt_text":"","src":"","width":0,"height":0},"classes":[]},{"id":19549,"url":"https:\/\/quechilero.com\/blog\/2014\/10\/31\/cuando-la-fruta-alcance\/","url_meta":{"origin":14883,"position":1},"title":"Cuando la fruta no alcance","author":"Pepe Barrascout Ortiz","date":"31 octubre 2014","format":false,"excerpt":"Una vez un grupo de tres hombres se perdi\u00f3 en la monta\u00f1a, y hab\u00eda solamente una fruta para alimentarlos a los tres, quienes casi desfallec\u00edan de hambre. Se les apareci\u00f3 entonces Dios y les dijo que probar\u00eda su sabidur\u00eda y que dependiendo de lo que mostraran les salvar\u00eda. Les pregunt\u00f3\u2026","rel":"","context":"En \u00abLimones\u00bb","block_context":{"text":"Limones","link":"https:\/\/quechilero.com\/blog\/category\/limones\/"},"img":{"alt_text":"","src":"","width":0,"height":0},"classes":[]},{"id":1055,"url":"https:\/\/quechilero.com\/blog\/2008\/08\/18\/comunion-en-la-luna\/","url_meta":{"origin":14883,"position":2},"title":"Comuni\u00f3n en la luna","author":"Pepe Barrascout Ortiz","date":"18 agosto 2008","format":false,"excerpt":"El Apolo 11 aluniz\u00f3 sobre la superficie de la luna el 20 de julio de 1969. La mayor\u00eda de nosotros estamos familiarizados con la hist\u00f3rica declaraci\u00f3n de Armstrong cuando pis\u00f3 la superficie lunar: \"Es un peque\u00f1o paso para un hombre; un gran salto para la humanidad\". Pero muy pocas personas\u2026","rel":"","context":"En \u00abLimones\u00bb","block_context":{"text":"Limones","link":"https:\/\/quechilero.com\/blog\/category\/limones\/"},"img":{"alt_text":"","src":"","width":0,"height":0},"classes":[]},{"id":15360,"url":"https:\/\/quechilero.com\/blog\/2012\/12\/16\/tercer-domingo-de-adviento\/","url_meta":{"origin":14883,"position":3},"title":"Tercer Domingo de Adviento","author":"Pepe Barrascout Ortiz","date":"16 diciembre 2012","format":false,"excerpt":"Tercer Domingo de Adviento (ciclo B) Reunida la familia o grupo de personas, se encienden las candelas del primero domingo, la del segundo y la del tercer domingo. Hermanos: A medida que avanza el Adviento y crece nuestra expectativa por un encuentro m\u00e1s intenso con Jes\u00fas, la Palabra de Dios,\u2026","rel":"","context":"En \u00abLimones\u00bb","block_context":{"text":"Limones","link":"https:\/\/quechilero.com\/blog\/category\/limones\/"},"img":{"alt_text":"","src":"https:\/\/i0.wp.com\/i392.photobucket.com\/albums\/pp7\/pepejaguar\/blog\/3-domingo-adviento.png?resize=350%2C200","width":350,"height":200,"srcset":"https:\/\/i0.wp.com\/i392.photobucket.com\/albums\/pp7\/pepejaguar\/blog\/3-domingo-adviento.png?resize=350%2C200 1x, https:\/\/i0.wp.com\/i392.photobucket.com\/albums\/pp7\/pepejaguar\/blog\/3-domingo-adviento.png?resize=525%2C300 1.5x"},"classes":[]},{"id":17357,"url":"https:\/\/quechilero.com\/blog\/2013\/10\/27\/una-figura-sencilla-y-humilde\/","url_meta":{"origin":14883,"position":4},"title":"Una figura sencilla y humilde","author":"Pepe Barrascout Ortiz","date":"27 octubre 2013","format":false,"excerpt":"San Jos\u00e9 era una figura sencilla y humilde, silenciosa y pobre en apariencia, pero Dios le ha encomendado una misi\u00f3n \u00fanica y maravillosa. Este hombre del silencio es un hombre aparte, a\u00fan en medio de los bienaventurados. Era de estirpe real, de la familia de David. Dios le muestra un\u2026","rel":"","context":"En \u00abLimones\u00bb","block_context":{"text":"Limones","link":"https:\/\/quechilero.com\/blog\/category\/limones\/"},"img":{"alt_text":"","src":"","width":0,"height":0},"classes":[]},{"id":17923,"url":"https:\/\/quechilero.com\/blog\/2014\/06\/23\/el-vive-aqui\/","url_meta":{"origin":14883,"position":5},"title":"\u00a1\u00c9l vive aqu\u00ed!","author":"Pepe Barrascout Ortiz","date":"23 junio 2014","format":false,"excerpt":"Hace muchos a\u00f1os, cerca de la real residencia brit\u00e1nica en la isla de Wight, hab\u00eda varias casas para los pobres y ancianos. Un misionero, que un d\u00eda visitaba a algunos ancianos, pregunt\u00f3 a una mujer: \"\u00bfOs visita alguna vez la reina Victoria?\" \"Oh, s\u00ed -contest\u00f3- su Majestad viene a menudo\u2026","rel":"","context":"En \u00abLimones\u00bb","block_context":{"text":"Limones","link":"https:\/\/quechilero.com\/blog\/category\/limones\/"},"img":{"alt_text":"","src":"","width":0,"height":0},"classes":[]}],"jetpack_featured_media_url":"","_links":{"self":[{"href":"https:\/\/quechilero.com\/blog\/wp-json\/wp\/v2\/posts\/14883","targetHints":{"allow":["GET"]}}],"collection":[{"href":"https:\/\/quechilero.com\/blog\/wp-json\/wp\/v2\/posts"}],"about":[{"href":"https:\/\/quechilero.com\/blog\/wp-json\/wp\/v2\/types\/post"}],"author":[{"embeddable":true,"href":"https:\/\/quechilero.com\/blog\/wp-json\/wp\/v2\/users\/1"}],"replies":[{"embeddable":true,"href":"https:\/\/quechilero.com\/blog\/wp-json\/wp\/v2\/comments?post=14883"}],"version-history":[{"count":0,"href":"https:\/\/quechilero.com\/blog\/wp-json\/wp\/v2\/posts\/14883\/revisions"}],"wp:attachment":[{"href":"https:\/\/quechilero.com\/blog\/wp-json\/wp\/v2\/media?parent=14883"}],"wp:term":[{"taxonomy":"category","embeddable":true,"href":"https:\/\/quechilero.com\/blog\/wp-json\/wp\/v2\/categories?post=14883"},{"taxonomy":"post_tag","embeddable":true,"href":"https:\/\/quechilero.com\/blog\/wp-json\/wp\/v2\/tags?post=14883"},{"taxonomy":"series","embeddable":true,"href":"https:\/\/quechilero.com\/blog\/wp-json\/wp\/v2\/series?post=14883"}],"curies":[{"name":"wp","href":"https:\/\/api.w.org\/{rel}","templated":true}]}}