{"id":14872,"date":"2012-10-19T08:00:50","date_gmt":"2012-10-19T14:00:50","guid":{"rendered":"http:\/\/quechilero.com\/blog\/?p=14872"},"modified":"2012-10-19T08:00:50","modified_gmt":"2012-10-19T14:00:50","slug":"un-dia-gris","status":"publish","type":"post","link":"https:\/\/quechilero.com\/blog\/2012\/10\/19\/un-dia-gris\/","title":{"rendered":"Un d\u00eda gris"},"content":{"rendered":"<p><span class=\"embed-youtube\" style=\"text-align:center; display: block;\"><iframe loading=\"lazy\" class=\"youtube-player\" width=\"1200\" height=\"675\" src=\"https:\/\/www.youtube.com\/embed\/tdLLje6I-zs?version=3&#038;rel=1&#038;showsearch=0&#038;showinfo=1&#038;iv_load_policy=1&#038;fs=1&#038;hl=es-ES&#038;autohide=2&#038;wmode=transparent\" allowfullscreen=\"true\" style=\"border:0;\" sandbox=\"allow-scripts allow-same-origin allow-popups allow-presentation allow-popups-to-escape-sandbox\"><\/iframe><\/span><\/p>\n<p>En un clima tropical, como el de lacosta sur de Guatemala, es com\u00fan que todos los d\u00edas, se sienta calor y que por momentos se haga insoportable. No hay duda que el calentamiento global, afecta primero y con mayor fuerza a los pa\u00edses mas cercanos a la l\u00ednea del ecuador.<\/p>\n<p>En esta regi\u00f3n la temperatura se mide en dos niveles, calor y mas calor. Pr\u00e1cticamente es imposible que exista alg\u00fan d\u00eda con fr\u00edo, incluso cuando llueve. De tal suerte, cuando de repente y como consecuencia de unfrente fr\u00edo que se ha desplazado, el d\u00eda amanece nublado y con una temperatura fuera de lo normal, no deja de extra\u00f1ar y llamar la atenci\u00f3n.<\/p>\n<p>As\u00ed fue como amaneci\u00f3 recientemente, con un clima refrescante y agradable, en comparaci\u00f3n al com\u00fan de los d\u00edas.<\/p>\n","protected":false},"excerpt":{"rendered":"<p>En un clima tropical, como el de lacosta sur de Guatemala, es com\u00fan que todos los d\u00edas, se sienta calor y que por momentos se haga insoportable. No hay duda que el calentamiento global, afecta primero y con mayor fuerza a los pa\u00edses mas cercanos a la l\u00ednea del ecuador. En esta regi\u00f3n la temperatura &#8230; <a title=\"Un d\u00eda gris\" class=\"read-more\" href=\"https:\/\/quechilero.com\/blog\/2012\/10\/19\/un-dia-gris\/\" aria-label=\"Leer m\u00e1s sobre Un d\u00eda gris\">Leer m\u00e1s<\/a><\/p>\n","protected":false},"author":1,"featured_media":0,"comment_status":"open","ping_status":"open","sticky":false,"template":"","format":"standard","meta":{"advanced_seo_description":"","jetpack_seo_html_title":"","jetpack_seo_noindex":false,"jetpack_seo_schema_type":"","episode_type":"","audio_file":"","podmotor_file_id":"","podmotor_episode_id":"","cover_image":"","cover_image_id":"","duration":"","filesize":"","filesize_raw":"","date_recorded":"","explicit":"","block":"","_jetpack_newsletter_access":"","_jetpack_dont_email_post_to_subs":false,"_jetpack_newsletter_tier_id":0,"_jetpack_memberships_contains_paywalled_content":false,"_jetpack_feature_clip_id":0,"_jetpack_memberships_contains_paid_content":false,"footnotes":"","jetpack_publicize_message":"","jetpack_publicize_feature_enabled":true,"jetpack_social_post_already_shared":false,"jetpack_social_options":{"image_generator_settings":{"template":"highway","default_image_id":0,"font":"","enabled":false},"version":2},"jetpack_post_was_ever_published":false},"categories":[2],"tags":[10,53],"series":[],"class_list":["post-14872","post","type-post","status-publish","format-standard","hentry","category-limones","tag-guatemala","tag-youtube"],"episode_featured_image":false,"episode_player_image":"https:\/\/i0.wp.com\/quechilero.com\/blog\/imagenes\/podcast.png?fit=1831%2C1831&ssl=1","download_link":"","player_link":"","audio_player":false,"episode_data":{"playerMode":"dark","subscribeUrls":{"amazon":{"key":"amazon","url":"","label":"Amazon","class":"amazon","icon":"amazon.png"},"apple_podcasts":{"key":"apple_podcasts","url":"","label":"Apple Podcasts","class":"apple_podcasts","icon":"apple-podcasts.png"},"castbox":{"key":"castbox","url":"","label":"CastBox","class":"castbox","icon":"castbox.png"},"deezer":{"key":"deezer","url":"","label":"Deezer","class":"deezer","icon":"deezer.png"},"google_podcasts":{"key":"google_podcasts","url":"","label":"Google Podcasts","class":"google_podcasts","icon":"google-podcasts.png"},"listen_notes":{"key":"listen_notes","url":"","label":"Listen Notes","class":"listen_notes","icon":"listen-notes.png"},"pandora":{"key":"pandora","url":"","label":"Pandora","class":"pandora","icon":"pandora.png"},"podbean":{"key":"podbean","url":"","label":"Podbean","class":"podbean","icon":"podbean.png"},"podcast_republic":{"key":"podcast_republic","url":"","label":"Podcast Republic","class":"podcast_republic","icon":"podcast-republic.png"},"rss":{"key":"rss","url":"","label":"RSS","class":"rss","icon":"rss.png"},"spotify":{"key":"spotify","url":"","label":"Spotify","class":"spotify","icon":"spotify.png"},"stitcher":{"key":"stitcher","url":"","label":"Stitcher","class":"stitcher","icon":"stitcher.png"},"tunein":{"key":"tunein","url":"","label":"TuneIn","class":"tunein","icon":"tunein.png"},"youtube":{"key":"youtube","url":"","label":"YouTube","class":"youtube","icon":"youtube.png"},"iheartradio":{"key":"iheartradio","url":"","label":"iHeartRadio","class":"iheartradio","icon":"iheartradio.png"},"ivoox":{"key":"ivoox","url":"","label":"iVoox","class":"ivoox","icon":"ivoox.png"}},"rssFeedUrl":"https:\/\/quechilero.com\/blog\/feed\/podcast\/si-la-vida-nos-da-limones","embedCode":"<blockquote class=\"wp-embedded-content\" data-secret=\"s8GBwcdfuP\"><a href=\"https:\/\/quechilero.com\/blog\/2012\/10\/19\/un-dia-gris\/\">Un d\u00eda gris<\/a><\/blockquote><iframe sandbox=\"allow-scripts\" security=\"restricted\" src=\"https:\/\/quechilero.com\/blog\/2012\/10\/19\/un-dia-gris\/embed\/#?secret=s8GBwcdfuP\" width=\"500\" height=\"350\" title=\"\u00abUn d\u00eda gris\u00bb \u2014 Si la Vida nos da Limones...\" data-secret=\"s8GBwcdfuP\" frameborder=\"0\" marginwidth=\"0\" marginheight=\"0\" scrolling=\"no\" class=\"wp-embedded-content\"><\/iframe><script>\n\/*! This file is auto-generated *\/\n!function(d,l){\"use strict\";l.querySelector&&d.addEventListener&&\"undefined\"!=typeof URL&&(d.wp=d.wp||{},d.wp.receiveEmbedMessage||(d.wp.receiveEmbedMessage=function(e){var t=e.data;if((t||t.secret||t.message||t.value)&&!\/[^a-zA-Z0-9]\/.test(t.secret)){for(var s,r,n,a=l.querySelectorAll('iframe[data-secret=\"'+t.secret+'\"]'),o=l.querySelectorAll('blockquote[data-secret=\"'+t.secret+'\"]'),c=new RegExp(\"^https?:$\",\"i\"),i=0;i<o.length;i++)o[i].style.display=\"none\";for(i=0;i<a.length;i++)s=a[i],e.source===s.contentWindow&&(s.removeAttribute(\"style\"),\"height\"===t.message?(1e3<(r=parseInt(t.value,10))?r=1e3:~~r<200&&(r=200),s.height=r):\"link\"===t.message&&(r=new URL(s.getAttribute(\"src\")),n=new URL(t.value),c.test(n.protocol))&&n.host===r.host&&l.activeElement===s&&(d.top.location.href=t.value))}},d.addEventListener(\"message\",d.wp.receiveEmbedMessage,!1),l.addEventListener(\"DOMContentLoaded\",function(){for(var e,t,s=l.querySelectorAll(\"iframe.wp-embedded-content\"),r=0;r<s.length;r++)(t=(e=s[r]).getAttribute(\"data-secret\"))||(t=Math.random().toString(36).substring(2,12),e.src+=\"#?secret=\"+t,e.setAttribute(\"data-secret\",t)),e.contentWindow.postMessage({message:\"ready\",secret:t},\"*\")},!1)))}(window,document);\n\/\/# sourceURL=https:\/\/quechilero.com\/blog\/wp-includes\/js\/wp-embed.min.js\n<\/script>\n"},"jetpack_publicize_connections":[],"jetpack_shortlink":"https:\/\/wp.me\/pDKli-3RS","jetpack_sharing_enabled":true,"jetpack-related-posts":[{"id":22,"url":"https:\/\/quechilero.com\/blog\/2006\/07\/02\/que-calor\/","url_meta":{"origin":14872,"position":0},"title":"\u00a1Que Calor!","author":"Pepe Barrascout Ortiz","date":"2 julio 2006","format":false,"excerpt":"Hoy ha sido el d\u00eda m\u00e1s caluroso del a\u00f1o, estamos a 31\u00ba C (87.8\u00ba F) en la sombra, son las 17:03 (hora de Guatemala) y la temperatura simplemente es sofocante, lo sorprendente es que no ha cambiado ni un grado desde medio d\u00eda. Es un calor sofocante, h\u00famedo, pegajoso y\u2026","rel":"","context":"En \u00abLimones\u00bb","block_context":{"text":"Limones","link":"https:\/\/quechilero.com\/blog\/category\/limones\/"},"img":{"alt_text":"invernadero","src":"https:\/\/i0.wp.com\/static.flickr.com\/55\/180285433_cd9547eb89_o.jpg?resize=350%2C200","width":350,"height":200},"classes":[]},{"id":12530,"url":"https:\/\/quechilero.com\/blog\/2012\/02\/09\/clima-de-guatemala-en-twitter\/","url_meta":{"origin":14872,"position":1},"title":"Clima de Guatemala en Twitter","author":"Pepe Barrascout Ortiz","date":"9 febrero 2012","format":false,"excerpt":"https:\/\/youtu.be\/dcxDOqtCpFA He programado un peque\u00f1o bot\u00a0para Twitter,\u00a0que responde a las preguntas sobre el clima de los departamentos de Guatemala. La informaci\u00f3n que proporciona, es la temperatura y las condiciones clim\u00e1ticas en ese momento, en la cabecera departamental que se ha solicitado. Su uso es bastante sencillo, pero se deben seguir\u2026","rel":"","context":"En \u00abLimones\u00bb","block_context":{"text":"Limones","link":"https:\/\/quechilero.com\/blog\/category\/limones\/"},"img":{"alt_text":"Clima de Guatemala en Twitter","src":"https:\/\/i0.wp.com\/quechilero.com\/blog\/wp-content\/themes\/crybook\/images\/img_trans.gif?resize=350%2C200","width":350,"height":200},"classes":[]},{"id":31443,"url":"https:\/\/quechilero.com\/blog\/2023\/05\/30\/nuevamente-el-aire-acondicionado\/","url_meta":{"origin":14872,"position":2},"title":"Nuevamente el aire acondicionado","author":"Pepe Barrascout Ortiz","date":"30 mayo 2023","format":false,"excerpt":"Vuelta y va de nuevo amigos, el tema del\u00a0aire acondicionado, ser\u00e1 un tema recurrente en el podcast y est\u00e1 camino a convertirse en nuestro invitado especial, creo que tendr\u00e9 que crear una secci\u00f3n especial para este tema en particular. Y es que pr\u00e1cticamente todo el tiempo que lleva de funcionar\u2026","rel":"","context":"En \u00abDaily Gym\u00bb","block_context":{"text":"Daily Gym","link":"https:\/\/quechilero.com\/blog\/category\/podcast\/daily-gym\/"},"img":{"alt_text":"Daily Gym Podcast","src":"https:\/\/i0.wp.com\/quechilero.com\/blog\/imagenes\/DailyGym.jpg?fit=1200%2C675&ssl=1&resize=350%2C200","width":350,"height":200,"srcset":"https:\/\/i0.wp.com\/quechilero.com\/blog\/imagenes\/DailyGym.jpg?fit=1200%2C675&ssl=1&resize=350%2C200 1x, https:\/\/i0.wp.com\/quechilero.com\/blog\/imagenes\/DailyGym.jpg?fit=1200%2C675&ssl=1&resize=525%2C300 1.5x, https:\/\/i0.wp.com\/quechilero.com\/blog\/imagenes\/DailyGym.jpg?fit=1200%2C675&ssl=1&resize=700%2C400 2x, https:\/\/i0.wp.com\/quechilero.com\/blog\/imagenes\/DailyGym.jpg?fit=1200%2C675&ssl=1&resize=1050%2C600 3x"},"classes":[]},{"id":5046,"url":"https:\/\/quechilero.com\/blog\/2010\/07\/14\/galerias-primma-falta-de-respeto-a-los-clientes\/","url_meta":{"origin":14872,"position":3},"title":"Galer\u00edas Primma: falta de respeto a los clientes","author":"Pepe Barrascout Ortiz","date":"14 julio 2010","format":false,"excerpt":"Haciendo unos tr\u00e1mites en la SAT, me vi en la necesidad de ir a la agencia ubicada en Galer\u00edas Primma. La primera vez que fui a este centro comercial, fue tres d\u00edas despu\u00e9s de su inauguraci\u00f3n, cuando eran muy pocos los negocios que estaban instalados y muchos los locales vac\u00edos,\u2026","rel":"","context":"En \u00abLimones\u00bb","block_context":{"text":"Limones","link":"https:\/\/quechilero.com\/blog\/category\/limones\/"},"img":{"alt_text":"","src":"","width":0,"height":0},"classes":[]},{"id":14037,"url":"https:\/\/quechilero.com\/blog\/2012\/07\/17\/tiempo-anormal\/","url_meta":{"origin":14872,"position":4},"title":"Tiempo anormal","author":"Pepe Barrascout Ortiz","date":"17 julio 2012","format":false,"excerpt":"Una noche de invierno, un general com\u00eda dentro de su tienda. Un gran fuego de le\u00f1a y numerosas velas calentaban la atm\u00f3sfera. Despu\u00e9s de vaciar muchos vasos de vino, el militar sinti\u00f3 que el calor le sub\u00eda a la cabeza. - El tiempo no es normal este a\u00f1o -suspir\u00f3-. En\u2026","rel":"","context":"En \u00abLimones\u00bb","block_context":{"text":"Limones","link":"https:\/\/quechilero.com\/blog\/category\/limones\/"},"img":{"alt_text":"","src":"","width":0,"height":0},"classes":[]},{"id":1157,"url":"https:\/\/quechilero.com\/blog\/2008\/09\/28\/la-parabola-del-te\/","url_meta":{"origin":14872,"position":5},"title":"La par\u00e1bola del t\u00e9","author":"Pepe Barrascout Ortiz","date":"28 septiembre 2008","format":false,"excerpt":"Al preparar una taza de t\u00e9 comprend\u00ed la interacci\u00f3n que se produce entre la vida devota y la santidad. El agua es un cuerpo l\u00edquido, incoloro, inodoro e ins\u00edpido. Como compuesto qu\u00edmico, posee la capacidad de disolver gran cantidad de sustancias, y su poder de disoluci\u00f3n aumenta a mayor temperatura.\u2026","rel":"","context":"En \u00abLimones\u00bb","block_context":{"text":"Limones","link":"https:\/\/quechilero.com\/blog\/category\/limones\/"},"img":{"alt_text":"","src":"","width":0,"height":0},"classes":[]}],"jetpack_featured_media_url":"","_links":{"self":[{"href":"https:\/\/quechilero.com\/blog\/wp-json\/wp\/v2\/posts\/14872","targetHints":{"allow":["GET"]}}],"collection":[{"href":"https:\/\/quechilero.com\/blog\/wp-json\/wp\/v2\/posts"}],"about":[{"href":"https:\/\/quechilero.com\/blog\/wp-json\/wp\/v2\/types\/post"}],"author":[{"embeddable":true,"href":"https:\/\/quechilero.com\/blog\/wp-json\/wp\/v2\/users\/1"}],"replies":[{"embeddable":true,"href":"https:\/\/quechilero.com\/blog\/wp-json\/wp\/v2\/comments?post=14872"}],"version-history":[{"count":0,"href":"https:\/\/quechilero.com\/blog\/wp-json\/wp\/v2\/posts\/14872\/revisions"}],"wp:attachment":[{"href":"https:\/\/quechilero.com\/blog\/wp-json\/wp\/v2\/media?parent=14872"}],"wp:term":[{"taxonomy":"category","embeddable":true,"href":"https:\/\/quechilero.com\/blog\/wp-json\/wp\/v2\/categories?post=14872"},{"taxonomy":"post_tag","embeddable":true,"href":"https:\/\/quechilero.com\/blog\/wp-json\/wp\/v2\/tags?post=14872"},{"taxonomy":"series","embeddable":true,"href":"https:\/\/quechilero.com\/blog\/wp-json\/wp\/v2\/series?post=14872"}],"curies":[{"name":"wp","href":"https:\/\/api.w.org\/{rel}","templated":true}]}}