{"id":14618,"date":"2012-10-02T08:00:37","date_gmt":"2012-10-02T14:00:37","guid":{"rendered":"http:\/\/quechilero.com\/blog\/?p=14618"},"modified":"2012-10-02T08:00:37","modified_gmt":"2012-10-02T14:00:37","slug":"pan-tostado","status":"publish","type":"post","link":"https:\/\/quechilero.com\/blog\/2012\/10\/02\/pan-tostado\/","title":{"rendered":"Pan tostado"},"content":{"rendered":"<p>Despu\u00e9s de un largo y duro d\u00eda en el trabajo, mi mam\u00e1 puso un plato de salchichas y pan tostado muy quemado frente a mi padre.<\/p>\n<p>Recuerdo estar esperando ver si alguien lo notaba,.. Sin embargo, aunque mi padre lo not\u00f3, alcanz\u00f3 un pan tostado, sonri\u00f3 a mi madre y me pregunt\u00f3 c\u00f3mo me hab\u00eda ido en la escuela. No recuerdo lo que le contest\u00e9, pero s\u00ed recuerdo verlo unt\u00e1ndole mantequilla y mermelada al pan tostado y com\u00e9rselo todo.<\/p>\n<p>Cuando me levant\u00e9 de la mesa esa noche, recuerdo haber o\u00eddo a mi madre pedir disculpas a mi padre por los panes tostados muy quemados. Nunca voy a olvidar lo que le dijo: \u00abCari\u00f1o, no te preocupes, a veces me gustan los panes tostados bien quemados.\u00bb<\/p>\n<p>M\u00e1s tarde esa noche, fui a dar el beso de las buenas noches a mi padre y le pregunt\u00e9 si a \u00e9l le gustaban los panes tostados bien quemados. \u00c9l me abraz\u00f3 y dijo: \u00abTu mam\u00e1 tuvo un d\u00eda muy duro en el trabajo, est\u00e1 muy cansada y adem\u00e1s&#8230; un pan tostado un poco quemado no le hace da\u00f1o a nadie.\u00bb<\/p>\n<p>La vida est\u00e1 llena de cosas imperfectas y gente imperfecta. Aprender a aceptar los defectos y decidir celebrar cada una de las diferencias de los dem\u00e1s, es una de las cosas m\u00e1s importantes para crear una relaci\u00f3n sana y duradera.<\/p>\n<p>Un pan tostado quemado no va a romper un coraz\u00f3n.<\/p>\n<p>La comprensi\u00f3n y la tolerancia es la base de cualquier relaci\u00f3n, ya sea de pareja, de padre a hijo, hermano, amistad, laboral, vecinal, etc. S\u00e9 m\u00e1s amable de lo necesario, porque toda la gente que conocemos, en \u00e9ste momento, est\u00e1n librando alg\u00fan tipo de batalla.<\/p>\n<p>Todos tenemos problemas y todos estamos aprendiendo a vivir.<\/p>\n","protected":false},"excerpt":{"rendered":"<p>Despu\u00e9s de un largo y duro d\u00eda en el trabajo, mi mam\u00e1 puso un plato de salchichas y pan tostado muy quemado frente a mi padre. Recuerdo estar esperando ver si alguien lo notaba,.. Sin embargo, aunque mi padre lo not\u00f3, alcanz\u00f3 un pan tostado, sonri\u00f3 a mi madre y me pregunt\u00f3 c\u00f3mo me hab\u00eda &#8230; <a title=\"Pan tostado\" class=\"read-more\" href=\"https:\/\/quechilero.com\/blog\/2012\/10\/02\/pan-tostado\/\" aria-label=\"Leer m\u00e1s sobre Pan tostado\">Leer m\u00e1s<\/a><\/p>\n","protected":false},"author":1,"featured_media":0,"comment_status":"open","ping_status":"open","sticky":false,"template":"","format":"standard","meta":{"advanced_seo_description":"","jetpack_seo_html_title":"","jetpack_seo_noindex":false,"jetpack_seo_schema_type":"","episode_type":"","audio_file":"","podmotor_file_id":"","podmotor_episode_id":"","cover_image":"","cover_image_id":"","duration":"","filesize":"","filesize_raw":"","date_recorded":"","explicit":"","block":"","_jetpack_newsletter_access":"","_jetpack_dont_email_post_to_subs":false,"_jetpack_newsletter_tier_id":0,"_jetpack_memberships_contains_paywalled_content":false,"_jetpack_feature_clip_id":0,"_jetpack_memberships_contains_paid_content":false,"footnotes":"","jetpack_publicize_message":"","jetpack_publicize_feature_enabled":true,"jetpack_social_post_already_shared":false,"jetpack_social_options":{"image_generator_settings":{"template":"highway","default_image_id":0,"font":"","enabled":false},"version":2},"jetpack_post_was_ever_published":false},"categories":[2],"tags":[84,29,12,39,59,21,36,24],"series":[],"class_list":["post-14618","post","type-post","status-publish","format-standard","hentry","category-limones","tag-amistad","tag-aprender","tag-cosas","tag-madre","tag-pareja","tag-problema","tag-trabajo","tag-vida"],"episode_featured_image":false,"episode_player_image":"https:\/\/i0.wp.com\/quechilero.com\/blog\/imagenes\/podcast.png?fit=1831%2C1831&ssl=1","download_link":"","player_link":"","audio_player":false,"episode_data":{"playerMode":"dark","subscribeUrls":{"amazon":{"key":"amazon","url":"","label":"Amazon","class":"amazon","icon":"amazon.png"},"apple_podcasts":{"key":"apple_podcasts","url":"","label":"Apple Podcasts","class":"apple_podcasts","icon":"apple-podcasts.png"},"castbox":{"key":"castbox","url":"","label":"CastBox","class":"castbox","icon":"castbox.png"},"deezer":{"key":"deezer","url":"","label":"Deezer","class":"deezer","icon":"deezer.png"},"google_podcasts":{"key":"google_podcasts","url":"","label":"Google Podcasts","class":"google_podcasts","icon":"google-podcasts.png"},"listen_notes":{"key":"listen_notes","url":"","label":"Listen Notes","class":"listen_notes","icon":"listen-notes.png"},"pandora":{"key":"pandora","url":"","label":"Pandora","class":"pandora","icon":"pandora.png"},"podbean":{"key":"podbean","url":"","label":"Podbean","class":"podbean","icon":"podbean.png"},"podcast_republic":{"key":"podcast_republic","url":"","label":"Podcast Republic","class":"podcast_republic","icon":"podcast-republic.png"},"rss":{"key":"rss","url":"","label":"RSS","class":"rss","icon":"rss.png"},"spotify":{"key":"spotify","url":"","label":"Spotify","class":"spotify","icon":"spotify.png"},"stitcher":{"key":"stitcher","url":"","label":"Stitcher","class":"stitcher","icon":"stitcher.png"},"tunein":{"key":"tunein","url":"","label":"TuneIn","class":"tunein","icon":"tunein.png"},"youtube":{"key":"youtube","url":"","label":"YouTube","class":"youtube","icon":"youtube.png"},"iheartradio":{"key":"iheartradio","url":"","label":"iHeartRadio","class":"iheartradio","icon":"iheartradio.png"},"ivoox":{"key":"ivoox","url":"","label":"iVoox","class":"ivoox","icon":"ivoox.png"}},"rssFeedUrl":"https:\/\/quechilero.com\/blog\/feed\/podcast\/si-la-vida-nos-da-limones","embedCode":"<blockquote class=\"wp-embedded-content\" data-secret=\"XORhc2PzEs\"><a href=\"https:\/\/quechilero.com\/blog\/2012\/10\/02\/pan-tostado\/\">Pan tostado<\/a><\/blockquote><iframe sandbox=\"allow-scripts\" security=\"restricted\" src=\"https:\/\/quechilero.com\/blog\/2012\/10\/02\/pan-tostado\/embed\/#?secret=XORhc2PzEs\" width=\"500\" height=\"350\" title=\"\u00abPan tostado\u00bb \u2014 Si la Vida nos da Limones...\" data-secret=\"XORhc2PzEs\" frameborder=\"0\" marginwidth=\"0\" marginheight=\"0\" scrolling=\"no\" class=\"wp-embedded-content\"><\/iframe><script>\n\/*! This file is auto-generated *\/\n!function(d,l){\"use strict\";l.querySelector&&d.addEventListener&&\"undefined\"!=typeof URL&&(d.wp=d.wp||{},d.wp.receiveEmbedMessage||(d.wp.receiveEmbedMessage=function(e){var t=e.data;if((t||t.secret||t.message||t.value)&&!\/[^a-zA-Z0-9]\/.test(t.secret)){for(var s,r,n,a=l.querySelectorAll('iframe[data-secret=\"'+t.secret+'\"]'),o=l.querySelectorAll('blockquote[data-secret=\"'+t.secret+'\"]'),c=new RegExp(\"^https?:$\",\"i\"),i=0;i<o.length;i++)o[i].style.display=\"none\";for(i=0;i<a.length;i++)s=a[i],e.source===s.contentWindow&&(s.removeAttribute(\"style\"),\"height\"===t.message?(1e3<(r=parseInt(t.value,10))?r=1e3:~~r<200&&(r=200),s.height=r):\"link\"===t.message&&(r=new URL(s.getAttribute(\"src\")),n=new URL(t.value),c.test(n.protocol))&&n.host===r.host&&l.activeElement===s&&(d.top.location.href=t.value))}},d.addEventListener(\"message\",d.wp.receiveEmbedMessage,!1),l.addEventListener(\"DOMContentLoaded\",function(){for(var e,t,s=l.querySelectorAll(\"iframe.wp-embedded-content\"),r=0;r<s.length;r++)(t=(e=s[r]).getAttribute(\"data-secret\"))||(t=Math.random().toString(36).substring(2,12),e.src+=\"#?secret=\"+t,e.setAttribute(\"data-secret\",t)),e.contentWindow.postMessage({message:\"ready\",secret:t},\"*\")},!1)))}(window,document);\n\/\/# sourceURL=https:\/\/quechilero.com\/blog\/wp-includes\/js\/wp-embed.min.js\n<\/script>\n"},"jetpack_publicize_connections":[],"jetpack_shortlink":"https:\/\/wp.me\/pDKli-3NM","jetpack_sharing_enabled":true,"jetpack-related-posts":[{"id":16830,"url":"https:\/\/quechilero.com\/blog\/2013\/07\/18\/las-cosas-comunes\/","url_meta":{"origin":14618,"position":0},"title":"Las cosas comunes","author":"Pepe Barrascout Ortiz","date":"18 julio 2013","format":false,"excerpt":"Nada empa\u00f1a tanto el brillo de la vida como la costumbre de aceptar ciertas cosas como comunes y corrientes, sin reparar en ellas. Habi\u00e9ndome dado cuenta de esta verdad, mis sentimientos descubren ahora milagros de belleza en objetos que antes pasaba por alto: el fresco perfume del zumo de naranja;\u2026","rel":"","context":"En \u00abLimones\u00bb","block_context":{"text":"Limones","link":"https:\/\/quechilero.com\/blog\/category\/limones\/"},"img":{"alt_text":"","src":"","width":0,"height":0},"classes":[]},{"id":16701,"url":"https:\/\/quechilero.com\/blog\/2013\/05\/14\/%ef%bb%bfte-resistes-al-cambio\/","url_meta":{"origin":14618,"position":1},"title":"\ufeff\u00bfTe resistes al cambio?","author":"Pepe Barrascout Ortiz","date":"14 mayo 2013","format":false,"excerpt":"Una tira c\u00f3mica de Calvin y Hobbes ilustra la manera en que muchos de nosotros percibimos el cambio. Calvin y su amigo el tigre presumido ven\u00edan bajando un cerro a toda velocidad en el cochecito del ni\u00f1o. Calvin le grit\u00f3 a Hobbes, que ven\u00eda tras \u00e9l: - Me encanta el\u2026","rel":"","context":"En \u00abLimones\u00bb","block_context":{"text":"Limones","link":"https:\/\/quechilero.com\/blog\/category\/limones\/"},"img":{"alt_text":"","src":"","width":0,"height":0},"classes":[]},{"id":16870,"url":"https:\/\/quechilero.com\/blog\/2013\/08\/06\/quien-tenga-pan\/","url_meta":{"origin":14618,"position":2},"title":"Quien tenga pan&#8230;","author":"Pepe Barrascout Ortiz","date":"6 agosto 2013","format":false,"excerpt":"Uno de los santos m\u00e1s entra\u00f1ables en la historia de la iglesia es San Francisco de As\u00eds. Todos sabemos de \u00e9l algo importante: su humildad y su alegr\u00eda de vivir. Cuentan de \u00e9l y de la comunidad en la que viv\u00eda, que en Cuaresma realizaban tremendos ayunos. Una noche, cuando\u2026","rel":"","context":"En \u00abLimones\u00bb","block_context":{"text":"Limones","link":"https:\/\/quechilero.com\/blog\/category\/limones\/"},"img":{"alt_text":"","src":"","width":0,"height":0},"classes":[]},{"id":5611,"url":"https:\/\/quechilero.com\/blog\/2010\/09\/16\/las-albondigas\/","url_meta":{"origin":14618,"position":3},"title":"Las alb\u00f3ndigas","author":"Pepe Barrascout Ortiz","date":"16 septiembre 2010","format":false,"excerpt":"Hab\u00eda una vez una persona que viv\u00eda al lado de una carretera donde vend\u00eda unas ricas alb\u00f3ndigas con pan. Estaba muy ocupado y por lo tanto no o\u00eda la radio, no le\u00eda los peri\u00f3dicos ni ve\u00eda la televisi\u00f3n. Alquil\u00f3 un peque\u00f1o terreno, coloc\u00f3 una gran valla y anunci\u00f3 su mercanc\u00eda\u2026","rel":"","context":"En \u00abLimones\u00bb","block_context":{"text":"Limones","link":"https:\/\/quechilero.com\/blog\/category\/limones\/"},"img":{"alt_text":"","src":"","width":0,"height":0},"classes":[]},{"id":11444,"url":"https:\/\/quechilero.com\/blog\/2011\/12\/21\/dios-es-sencillo-y-nosotros-complicados\/","url_meta":{"origin":14618,"position":4},"title":"Dios es sencillo y nosotros complicados","author":"Pepe Barrascout Ortiz","date":"21 diciembre 2011","format":false,"excerpt":"La vida en realidad es sencilla pero nosotros la complicamos. Nos gustan las cosas complejas. Dios en sencillo en todas sus ense\u00f1anzas. Le\u00ed que si un abogado hubiera escrito solamente esta frase del Padre Nuestro: \"El pan nuestro de cada d\u00eda, d\u00e1noslo hoy\", se leer\u00eda as\u00ed: \"Con los debidos respetos,\u2026","rel":"","context":"En \u00abLimones\u00bb","block_context":{"text":"Limones","link":"https:\/\/quechilero.com\/blog\/category\/limones\/"},"img":{"alt_text":"","src":"","width":0,"height":0},"classes":[]},{"id":20050,"url":"https:\/\/quechilero.com\/blog\/2015\/04\/16\/das-gracias-a-dios-por-los-alimentos\/","url_meta":{"origin":14618,"position":5},"title":"\u00bfDas gracias a Dios por los alimentos?","author":"Pepe Barrascout Ortiz","date":"16 abril 2015","format":false,"excerpt":"Una peque\u00f1a historia nos habla de un ni\u00f1o que un d\u00eda fue invitado a cenar en casa de un amiguito. Cuando el peque\u00f1o se sent\u00f3 a la mesa, inclin\u00f3 la cabeza y esper\u00f3 que alguien diese gracias por los alimentos. Sin embargo, las dem\u00e1s personas que estaban a la mesa\u2026","rel":"","context":"En \u00abLimones\u00bb","block_context":{"text":"Limones","link":"https:\/\/quechilero.com\/blog\/category\/limones\/"},"img":{"alt_text":"","src":"","width":0,"height":0},"classes":[]}],"jetpack_featured_media_url":"","_links":{"self":[{"href":"https:\/\/quechilero.com\/blog\/wp-json\/wp\/v2\/posts\/14618","targetHints":{"allow":["GET"]}}],"collection":[{"href":"https:\/\/quechilero.com\/blog\/wp-json\/wp\/v2\/posts"}],"about":[{"href":"https:\/\/quechilero.com\/blog\/wp-json\/wp\/v2\/types\/post"}],"author":[{"embeddable":true,"href":"https:\/\/quechilero.com\/blog\/wp-json\/wp\/v2\/users\/1"}],"replies":[{"embeddable":true,"href":"https:\/\/quechilero.com\/blog\/wp-json\/wp\/v2\/comments?post=14618"}],"version-history":[{"count":0,"href":"https:\/\/quechilero.com\/blog\/wp-json\/wp\/v2\/posts\/14618\/revisions"}],"wp:attachment":[{"href":"https:\/\/quechilero.com\/blog\/wp-json\/wp\/v2\/media?parent=14618"}],"wp:term":[{"taxonomy":"category","embeddable":true,"href":"https:\/\/quechilero.com\/blog\/wp-json\/wp\/v2\/categories?post=14618"},{"taxonomy":"post_tag","embeddable":true,"href":"https:\/\/quechilero.com\/blog\/wp-json\/wp\/v2\/tags?post=14618"},{"taxonomy":"series","embeddable":true,"href":"https:\/\/quechilero.com\/blog\/wp-json\/wp\/v2\/series?post=14618"}],"curies":[{"name":"wp","href":"https:\/\/api.w.org\/{rel}","templated":true}]}}