{"id":14606,"date":"2012-09-28T08:00:30","date_gmt":"2012-09-28T14:00:30","guid":{"rendered":"http:\/\/quechilero.com\/blog\/?p=14606"},"modified":"2012-09-28T08:00:30","modified_gmt":"2012-09-28T14:00:30","slug":"soy-inocente","status":"publish","type":"post","link":"https:\/\/quechilero.com\/blog\/2012\/09\/28\/soy-inocente\/","title":{"rendered":"\u00a1Soy inocente!"},"content":{"rendered":"<p>Todos los estudiantes de un colegio en Florida -2550 en total- estaban en problemas. Un sistema de mensajes notific\u00f3 a cada uno de los padres que su hijo (o hijos) quedar\u00edan castigados ese fin de semana por mal comportamiento.<\/p>\n<p>Muchos ni\u00f1os alegaron su inocencia, pero algunos padres de todas maneras impusieron el castigo. Una madre, Amy, admiti\u00f3 que le grit\u00f3 a su hijo y se asegur\u00f3 que este se presentara en el colegio el s\u00e1bado para recibir su castigo.<\/p>\n<p>Para alivio de 2534 ni\u00f1os y verg\u00fcenza de algunos padres, se descubri\u00f3 que el mensaje autom\u00e1tico hab\u00eda sido enviado por error a todo el cuerpo estudiantil, \u00a1cuando en realidad s\u00f3lo 16 estudiantes merec\u00edan el castigo! Amy se sinti\u00f3 tan mal por no haber escuchado y cre\u00eddo a su hijo que esa ma\u00f1ana lo invit\u00f3 a desayunar fuera.<\/p>\n<p>Todos tenemos historias que contar acerca de circunstancias que nos han mostrado nuestra necesidad de escuchar antes de hablar. Somos naturalmente tentados a hacer juicios r\u00e1pidos y a reaccionar con ira. El libro de Santiago nos da tres exhortaciones pr\u00e1cticas para tratar las situaciones estresantes de la vida: \u00abTodo hombre sea pronto para o\u00edr, tardo para hablar, tardo para airarse\u00bb Santiago 1:19<\/p>\n<p>En las tensiones de la vida, seamos hoy \u00abhacedores de la palabra\u00bb y tomemos tiempo para escuchar y restringir nuestras palabras y nuestra ira.<\/p>\n<p>Escucha para entender y luego habla con amor.<\/p>\n","protected":false},"excerpt":{"rendered":"<p>Todos los estudiantes de un colegio en Florida -2550 en total- estaban en problemas. Un sistema de mensajes notific\u00f3 a cada uno de los padres que su hijo (o hijos) quedar\u00edan castigados ese fin de semana por mal comportamiento. Muchos ni\u00f1os alegaron su inocencia, pero algunos padres de todas maneras impusieron el castigo. Una madre, &#8230; <a title=\"\u00a1Soy inocente!\" class=\"read-more\" href=\"https:\/\/quechilero.com\/blog\/2012\/09\/28\/soy-inocente\/\" aria-label=\"Leer m\u00e1s sobre \u00a1Soy inocente!\">Leer m\u00e1s<\/a><\/p>\n","protected":false},"author":1,"featured_media":0,"comment_status":"open","ping_status":"open","sticky":false,"template":"","format":"standard","meta":{"advanced_seo_description":"","jetpack_seo_html_title":"","jetpack_seo_noindex":false,"jetpack_seo_schema_type":"","episode_type":"","audio_file":"","podmotor_file_id":"","podmotor_episode_id":"","cover_image":"","cover_image_id":"","duration":"","filesize":"","filesize_raw":"","date_recorded":"","explicit":"","block":"","_jetpack_newsletter_access":"","_jetpack_dont_email_post_to_subs":false,"_jetpack_newsletter_tier_id":0,"_jetpack_memberships_contains_paywalled_content":false,"_jetpack_feature_clip_id":0,"_jetpack_memberships_contains_paid_content":false,"footnotes":"","jetpack_publicize_message":"","jetpack_publicize_feature_enabled":true,"jetpack_social_post_already_shared":false,"jetpack_social_options":{"image_generator_settings":{"template":"highway","default_image_id":0,"font":"","enabled":false},"version":2},"jetpack_post_was_ever_published":false},"categories":[2],"tags":[15,30,17,18,72,39,42,21,5,24],"series":[],"class_list":["post-14606","post","type-post","status-publish","format-standard","hentry","category-limones","tag-amor","tag-error","tag-historia","tag-hombre","tag-libro","tag-madre","tag-palabra","tag-problema","tag-tiempo","tag-vida"],"episode_featured_image":false,"episode_player_image":"https:\/\/i0.wp.com\/quechilero.com\/blog\/imagenes\/podcast.png?fit=1831%2C1831&ssl=1","download_link":"","player_link":"","audio_player":false,"episode_data":{"playerMode":"dark","subscribeUrls":{"amazon":{"key":"amazon","url":"","label":"Amazon","class":"amazon","icon":"amazon.png"},"apple_podcasts":{"key":"apple_podcasts","url":"","label":"Apple Podcasts","class":"apple_podcasts","icon":"apple-podcasts.png"},"castbox":{"key":"castbox","url":"","label":"CastBox","class":"castbox","icon":"castbox.png"},"deezer":{"key":"deezer","url":"","label":"Deezer","class":"deezer","icon":"deezer.png"},"google_podcasts":{"key":"google_podcasts","url":"","label":"Google Podcasts","class":"google_podcasts","icon":"google-podcasts.png"},"listen_notes":{"key":"listen_notes","url":"","label":"Listen Notes","class":"listen_notes","icon":"listen-notes.png"},"pandora":{"key":"pandora","url":"","label":"Pandora","class":"pandora","icon":"pandora.png"},"podbean":{"key":"podbean","url":"","label":"Podbean","class":"podbean","icon":"podbean.png"},"podcast_republic":{"key":"podcast_republic","url":"","label":"Podcast Republic","class":"podcast_republic","icon":"podcast-republic.png"},"rss":{"key":"rss","url":"","label":"RSS","class":"rss","icon":"rss.png"},"spotify":{"key":"spotify","url":"","label":"Spotify","class":"spotify","icon":"spotify.png"},"stitcher":{"key":"stitcher","url":"","label":"Stitcher","class":"stitcher","icon":"stitcher.png"},"tunein":{"key":"tunein","url":"","label":"TuneIn","class":"tunein","icon":"tunein.png"},"youtube":{"key":"youtube","url":"","label":"YouTube","class":"youtube","icon":"youtube.png"},"iheartradio":{"key":"iheartradio","url":"","label":"iHeartRadio","class":"iheartradio","icon":"iheartradio.png"},"ivoox":{"key":"ivoox","url":"","label":"iVoox","class":"ivoox","icon":"ivoox.png"}},"rssFeedUrl":"https:\/\/quechilero.com\/blog\/feed\/podcast\/si-la-vida-nos-da-limones","embedCode":"<blockquote class=\"wp-embedded-content\" data-secret=\"2lLDngo4yr\"><a href=\"https:\/\/quechilero.com\/blog\/2012\/09\/28\/soy-inocente\/\">\u00a1Soy inocente!<\/a><\/blockquote><iframe sandbox=\"allow-scripts\" security=\"restricted\" src=\"https:\/\/quechilero.com\/blog\/2012\/09\/28\/soy-inocente\/embed\/#?secret=2lLDngo4yr\" width=\"500\" height=\"350\" title=\"\u00ab\u00a1Soy inocente!\u00bb \u2014 Si la Vida nos da Limones...\" data-secret=\"2lLDngo4yr\" frameborder=\"0\" marginwidth=\"0\" marginheight=\"0\" scrolling=\"no\" class=\"wp-embedded-content\"><\/iframe><script>\n\/*! This file is auto-generated *\/\n!function(d,l){\"use strict\";l.querySelector&&d.addEventListener&&\"undefined\"!=typeof URL&&(d.wp=d.wp||{},d.wp.receiveEmbedMessage||(d.wp.receiveEmbedMessage=function(e){var t=e.data;if((t||t.secret||t.message||t.value)&&!\/[^a-zA-Z0-9]\/.test(t.secret)){for(var s,r,n,a=l.querySelectorAll('iframe[data-secret=\"'+t.secret+'\"]'),o=l.querySelectorAll('blockquote[data-secret=\"'+t.secret+'\"]'),c=new RegExp(\"^https?:$\",\"i\"),i=0;i<o.length;i++)o[i].style.display=\"none\";for(i=0;i<a.length;i++)s=a[i],e.source===s.contentWindow&&(s.removeAttribute(\"style\"),\"height\"===t.message?(1e3<(r=parseInt(t.value,10))?r=1e3:~~r<200&&(r=200),s.height=r):\"link\"===t.message&&(r=new URL(s.getAttribute(\"src\")),n=new URL(t.value),c.test(n.protocol))&&n.host===r.host&&l.activeElement===s&&(d.top.location.href=t.value))}},d.addEventListener(\"message\",d.wp.receiveEmbedMessage,!1),l.addEventListener(\"DOMContentLoaded\",function(){for(var e,t,s=l.querySelectorAll(\"iframe.wp-embedded-content\"),r=0;r<s.length;r++)(t=(e=s[r]).getAttribute(\"data-secret\"))||(t=Math.random().toString(36).substring(2,12),e.src+=\"#?secret=\"+t,e.setAttribute(\"data-secret\",t)),e.contentWindow.postMessage({message:\"ready\",secret:t},\"*\")},!1)))}(window,document);\n\/\/# sourceURL=https:\/\/quechilero.com\/blog\/wp-includes\/js\/wp-embed.min.js\n<\/script>\n"},"jetpack_publicize_connections":[],"jetpack_shortlink":"https:\/\/wp.me\/pDKli-3NA","jetpack_sharing_enabled":true,"jetpack-related-posts":[{"id":16812,"url":"https:\/\/quechilero.com\/blog\/2013\/07\/09\/hermano-y-hermana\/","url_meta":{"origin":14606,"position":0},"title":"Hermano y hermana","author":"Pepe Barrascout Ortiz","date":"9 julio 2013","format":false,"excerpt":"Un padre ten\u00eda un hijo y una hija, el hijo de muy buena apariencia, y ella de una fealdad extraordinaria. Mientras ellos jugaban un d\u00eda como ni\u00f1os, por casualidad se miraron juntos en un espejo que estaba colocado en la silla de su madre. El muchacho se congratul\u00f3 de su\u2026","rel":"","context":"En \u00abLimones\u00bb","block_context":{"text":"Limones","link":"https:\/\/quechilero.com\/blog\/category\/limones\/"},"img":{"alt_text":"","src":"","width":0,"height":0},"classes":[]},{"id":14367,"url":"https:\/\/quechilero.com\/blog\/2012\/08\/16\/oracion-para-los-padres\/","url_meta":{"origin":14606,"position":1},"title":"Oraci\u00f3n para los padres","author":"Pepe Barrascout Ortiz","date":"16 agosto 2012","format":false,"excerpt":"Hoy que es el cumplea\u00f1os de mi pap\u00e1, una oraci\u00f3n para todos los pap\u00e1s del mundo. AYUDAME: A comprender a mis hijos, a escuchar pacientemente lo que tengan que decir, a contestar con cari\u00f1o todas sus preguntas. HAZME: Tan amable con ellos, como quisiera que lo fueran conmigo. No me\u2026","rel":"","context":"En \u00abLimones\u00bb","block_context":{"text":"Limones","link":"https:\/\/quechilero.com\/blog\/category\/limones\/"},"img":{"alt_text":"","src":"","width":0,"height":0},"classes":[]},{"id":20102,"url":"https:\/\/quechilero.com\/blog\/2015\/05\/11\/algo-no-anda-bien\/","url_meta":{"origin":14606,"position":2},"title":"Algo no anda bien&#8230;","author":"Pepe Barrascout Ortiz","date":"11 mayo 2015","format":false,"excerpt":"Yo ten\u00eda 16 a\u00f1os y estaba viviendo con mis padres en el instituto que mi abuelo hab\u00eda fundado a 18 millas en las afueras de la ciudad de Durban, en Sud\u00e1frica, en medio de plantaciones de az\u00facar. Est\u00e1bamos bien en el interior del pa\u00eds y no ten\u00edamos vecinos, as\u00ed que\u2026","rel":"","context":"En \u00abLimones\u00bb","block_context":{"text":"Limones","link":"https:\/\/quechilero.com\/blog\/category\/limones\/"},"img":{"alt_text":"","src":"","width":0,"height":0},"classes":[]},{"id":6180,"url":"https:\/\/quechilero.com\/blog\/2010\/11\/28\/la-constitucion-lo-permite\/","url_meta":{"origin":14606,"position":3},"title":"La Constituci\u00f3n lo permite","author":"Pepe Barrascout Ortiz","date":"28 noviembre 2010","format":false,"excerpt":"Una noche, el m\u00e1s peque\u00f1o de los hijos de William Howard Taft, Presidente de los Estados Unidos, insult\u00f3 a su padre. La se\u00f1ora Taft intervino: - \u00bfNo vas a castigarle? A lo que su esposo respondi\u00f3: - Si el comentario se refer\u00eda a m\u00ed en cuanto padre, naturalmente que ser\u00e1\u2026","rel":"","context":"En \u00abLimones\u00bb","block_context":{"text":"Limones","link":"https:\/\/quechilero.com\/blog\/category\/limones\/"},"img":{"alt_text":"","src":"","width":0,"height":0},"classes":[]},{"id":19888,"url":"https:\/\/quechilero.com\/blog\/2015\/05\/10\/madres-segun-sus-hijos\/","url_meta":{"origin":14606,"position":4},"title":"Madres seg\u00fan sus hijos","author":"Pepe Barrascout Ortiz","date":"10 mayo 2015","format":false,"excerpt":"https:\/\/www.youtube.com\/watch?v=NkPj18EwMWg Hoy se celebra en todo el mundo, el\u00a0D\u00eda de la Madre y siempre se comenta lo importante que es una madre para todos nosotros, pero \u00bfque dicen sus hijos? las madres seg\u00fan sus hijos, a veces se pierde esa perspectiva y se cree por un momento que los hijos\u2026","rel":"","context":"En \u00abVideoBlog\u00bb","block_context":{"text":"VideoBlog","link":"https:\/\/quechilero.com\/blog\/category\/videoblog\/"},"img":{"alt_text":"","src":"https:\/\/i0.wp.com\/img.youtube.com\/vi\/NkPj18EwMWg\/0.jpg?resize=350%2C200","width":350,"height":200},"classes":[]},{"id":21603,"url":"https:\/\/quechilero.com\/blog\/2015\/09\/23\/diez-cosas-por-las-que-nunca-se-sentira-arrepentido-como-padre\/","url_meta":{"origin":14606,"position":5},"title":"Diez cosas por las que nunca se sentir\u00e1 arrepentido como Padre","author":"Pepe Barrascout Ortiz","date":"23 septiembre 2015","format":false,"excerpt":"La Revista Encounter public\u00f3 una vez esta lista de Diez cosas por las que usted como padre nunca se sentir\u00e1 arrepentido: Por dar lo mejor de usted, a\u00fan cuando se sienta desalentado. Por escuchar antes de juzgar en las ri\u00f1as familiares. Por pensar antes de hablar cuando est\u00e1 emocionalmente afectado.\u2026","rel":"","context":"En \u00abLimones\u00bb","block_context":{"text":"Limones","link":"https:\/\/quechilero.com\/blog\/category\/limones\/"},"img":{"alt_text":"","src":"","width":0,"height":0},"classes":[]}],"jetpack_featured_media_url":"","_links":{"self":[{"href":"https:\/\/quechilero.com\/blog\/wp-json\/wp\/v2\/posts\/14606","targetHints":{"allow":["GET"]}}],"collection":[{"href":"https:\/\/quechilero.com\/blog\/wp-json\/wp\/v2\/posts"}],"about":[{"href":"https:\/\/quechilero.com\/blog\/wp-json\/wp\/v2\/types\/post"}],"author":[{"embeddable":true,"href":"https:\/\/quechilero.com\/blog\/wp-json\/wp\/v2\/users\/1"}],"replies":[{"embeddable":true,"href":"https:\/\/quechilero.com\/blog\/wp-json\/wp\/v2\/comments?post=14606"}],"version-history":[{"count":0,"href":"https:\/\/quechilero.com\/blog\/wp-json\/wp\/v2\/posts\/14606\/revisions"}],"wp:attachment":[{"href":"https:\/\/quechilero.com\/blog\/wp-json\/wp\/v2\/media?parent=14606"}],"wp:term":[{"taxonomy":"category","embeddable":true,"href":"https:\/\/quechilero.com\/blog\/wp-json\/wp\/v2\/categories?post=14606"},{"taxonomy":"post_tag","embeddable":true,"href":"https:\/\/quechilero.com\/blog\/wp-json\/wp\/v2\/tags?post=14606"},{"taxonomy":"series","embeddable":true,"href":"https:\/\/quechilero.com\/blog\/wp-json\/wp\/v2\/series?post=14606"}],"curies":[{"name":"wp","href":"https:\/\/api.w.org\/{rel}","templated":true}]}}