{"id":14605,"date":"2012-09-27T08:00:24","date_gmt":"2012-09-27T14:00:24","guid":{"rendered":"http:\/\/quechilero.com\/blog\/?p=14605"},"modified":"2012-09-27T08:00:24","modified_gmt":"2012-09-27T14:00:24","slug":"disfruta-que-el-tiempo-vuela","status":"publish","type":"post","link":"https:\/\/quechilero.com\/blog\/2012\/09\/27\/disfruta-que-el-tiempo-vuela\/","title":{"rendered":"Disfruta, \u00a1que el tiempo vuela!"},"content":{"rendered":"<p>Los dos ni\u00f1os estaban vestidos y listos para el gran suceso. La emoci\u00f3n inundaba sus rostros y hablaban sobre un solo tema: \u00a1Su padre les hab\u00eda prometido llevarlos al circo esa misma tarde!<\/p>\n<p>Despu\u00e9s del almuerzo, el pap\u00e1 lleg\u00f3 a casa y r\u00e1pidamente se visti\u00f3 con ropa m\u00e1s informal. Justo cuando los tres estaban a punto de salir de la casa, son\u00f3 el tel\u00e9fono.<\/p>\n<p>Los chicos escucharon a su padre hablando con la persona del otro lado de la l\u00ednea. Poco a poco, comenzaron a cambiar el rostro. Obviamente era una llamada de negocios. La desilusi\u00f3n inund\u00f3 la habitaci\u00f3n como una oscura nube. La madre tambi\u00e9n escuch\u00f3 la conversaci\u00f3n y pens\u00f3 que el cambio de planes era algo inevitable. Entonces, para sorpresa de todos, escucharon a su pap\u00e1 decir:<\/p>\n<p>&#8211; No, no ir\u00e9. Tendr\u00e1 que esperar hasta ma\u00f1ana.<\/p>\n<p>Colg\u00f3 el tel\u00e9fono y les dijo a los chicos que lo esperaran en el auto. Al acercarse a su esposa para darle un beso de despedida, ella sonri\u00f3, y atemorizada de que su esposo hubiera tomado la decisi\u00f3n equivocada, le dijo:<\/p>\n<p>&#8211; Sabes muy bien que el circo siempre regresa.<\/p>\n<p>A lo que su esposo respondi\u00f3:<\/p>\n<p>&#8211; S\u00ed, lo s\u00e9, pero la ni\u00f1ez no regresa.<\/p>\n<p>El tiempo vuela con demasiada rapidez. Disfruta a tus hijos ahora.<\/p>\n","protected":false},"excerpt":{"rendered":"<p>Los dos ni\u00f1os estaban vestidos y listos para el gran suceso. La emoci\u00f3n inundaba sus rostros y hablaban sobre un solo tema: \u00a1Su padre les hab\u00eda prometido llevarlos al circo esa misma tarde! Despu\u00e9s del almuerzo, el pap\u00e1 lleg\u00f3 a casa y r\u00e1pidamente se visti\u00f3 con ropa m\u00e1s informal. Justo cuando los tres estaban a &#8230; <a title=\"Disfruta, \u00a1que el tiempo vuela!\" class=\"read-more\" href=\"https:\/\/quechilero.com\/blog\/2012\/09\/27\/disfruta-que-el-tiempo-vuela\/\" aria-label=\"Leer m\u00e1s sobre Disfruta, \u00a1que el tiempo vuela!\">Leer m\u00e1s<\/a><\/p>\n","protected":false},"author":1,"featured_media":0,"comment_status":"open","ping_status":"open","sticky":false,"template":"","format":"standard","meta":{"advanced_seo_description":"","jetpack_seo_html_title":"","jetpack_seo_noindex":false,"jetpack_seo_schema_type":"","episode_type":"","audio_file":"","podmotor_file_id":"","podmotor_episode_id":"","cover_image":"","cover_image_id":"","duration":"","filesize":"","filesize_raw":"","date_recorded":"","explicit":"","block":"","_jetpack_newsletter_access":"","_jetpack_dont_email_post_to_subs":false,"_jetpack_newsletter_tier_id":0,"_jetpack_memberships_contains_paywalled_content":false,"_jetpack_feature_clip_id":0,"_jetpack_memberships_contains_paid_content":false,"footnotes":"","jetpack_publicize_message":"","jetpack_publicize_feature_enabled":true,"jetpack_social_post_already_shared":false,"jetpack_social_options":{"image_generator_settings":{"template":"highway","default_image_id":0,"font":"","enabled":false},"version":2},"jetpack_post_was_ever_published":false},"categories":[2],"tags":[39,5],"series":[],"class_list":["post-14605","post","type-post","status-publish","format-standard","hentry","category-limones","tag-madre","tag-tiempo"],"episode_featured_image":false,"episode_player_image":"https:\/\/i0.wp.com\/quechilero.com\/blog\/imagenes\/podcast.png?fit=1831%2C1831&ssl=1","download_link":"","player_link":"","audio_player":false,"episode_data":{"playerMode":"dark","subscribeUrls":{"amazon":{"key":"amazon","url":"","label":"Amazon","class":"amazon","icon":"amazon.png"},"apple_podcasts":{"key":"apple_podcasts","url":"","label":"Apple Podcasts","class":"apple_podcasts","icon":"apple-podcasts.png"},"castbox":{"key":"castbox","url":"","label":"CastBox","class":"castbox","icon":"castbox.png"},"deezer":{"key":"deezer","url":"","label":"Deezer","class":"deezer","icon":"deezer.png"},"google_podcasts":{"key":"google_podcasts","url":"","label":"Google Podcasts","class":"google_podcasts","icon":"google-podcasts.png"},"listen_notes":{"key":"listen_notes","url":"","label":"Listen Notes","class":"listen_notes","icon":"listen-notes.png"},"pandora":{"key":"pandora","url":"","label":"Pandora","class":"pandora","icon":"pandora.png"},"podbean":{"key":"podbean","url":"","label":"Podbean","class":"podbean","icon":"podbean.png"},"podcast_republic":{"key":"podcast_republic","url":"","label":"Podcast Republic","class":"podcast_republic","icon":"podcast-republic.png"},"rss":{"key":"rss","url":"","label":"RSS","class":"rss","icon":"rss.png"},"spotify":{"key":"spotify","url":"","label":"Spotify","class":"spotify","icon":"spotify.png"},"stitcher":{"key":"stitcher","url":"","label":"Stitcher","class":"stitcher","icon":"stitcher.png"},"tunein":{"key":"tunein","url":"","label":"TuneIn","class":"tunein","icon":"tunein.png"},"youtube":{"key":"youtube","url":"","label":"YouTube","class":"youtube","icon":"youtube.png"},"iheartradio":{"key":"iheartradio","url":"","label":"iHeartRadio","class":"iheartradio","icon":"iheartradio.png"},"ivoox":{"key":"ivoox","url":"","label":"iVoox","class":"ivoox","icon":"ivoox.png"}},"rssFeedUrl":"https:\/\/quechilero.com\/blog\/feed\/podcast\/si-la-vida-nos-da-limones","embedCode":"<blockquote class=\"wp-embedded-content\" data-secret=\"knbhDSMqpC\"><a href=\"https:\/\/quechilero.com\/blog\/2012\/09\/27\/disfruta-que-el-tiempo-vuela\/\">Disfruta, \u00a1que el tiempo vuela!<\/a><\/blockquote><iframe sandbox=\"allow-scripts\" security=\"restricted\" src=\"https:\/\/quechilero.com\/blog\/2012\/09\/27\/disfruta-que-el-tiempo-vuela\/embed\/#?secret=knbhDSMqpC\" width=\"500\" height=\"350\" title=\"\u00abDisfruta, \u00a1que el tiempo vuela!\u00bb \u2014 Si la Vida nos da Limones...\" data-secret=\"knbhDSMqpC\" frameborder=\"0\" marginwidth=\"0\" marginheight=\"0\" scrolling=\"no\" class=\"wp-embedded-content\"><\/iframe><script>\n\/*! This file is auto-generated *\/\n!function(d,l){\"use strict\";l.querySelector&&d.addEventListener&&\"undefined\"!=typeof URL&&(d.wp=d.wp||{},d.wp.receiveEmbedMessage||(d.wp.receiveEmbedMessage=function(e){var t=e.data;if((t||t.secret||t.message||t.value)&&!\/[^a-zA-Z0-9]\/.test(t.secret)){for(var s,r,n,a=l.querySelectorAll('iframe[data-secret=\"'+t.secret+'\"]'),o=l.querySelectorAll('blockquote[data-secret=\"'+t.secret+'\"]'),c=new RegExp(\"^https?:$\",\"i\"),i=0;i<o.length;i++)o[i].style.display=\"none\";for(i=0;i<a.length;i++)s=a[i],e.source===s.contentWindow&&(s.removeAttribute(\"style\"),\"height\"===t.message?(1e3<(r=parseInt(t.value,10))?r=1e3:~~r<200&&(r=200),s.height=r):\"link\"===t.message&&(r=new URL(s.getAttribute(\"src\")),n=new URL(t.value),c.test(n.protocol))&&n.host===r.host&&l.activeElement===s&&(d.top.location.href=t.value))}},d.addEventListener(\"message\",d.wp.receiveEmbedMessage,!1),l.addEventListener(\"DOMContentLoaded\",function(){for(var e,t,s=l.querySelectorAll(\"iframe.wp-embedded-content\"),r=0;r<s.length;r++)(t=(e=s[r]).getAttribute(\"data-secret\"))||(t=Math.random().toString(36).substring(2,12),e.src+=\"#?secret=\"+t,e.setAttribute(\"data-secret\",t)),e.contentWindow.postMessage({message:\"ready\",secret:t},\"*\")},!1)))}(window,document);\n\/\/# sourceURL=https:\/\/quechilero.com\/blog\/wp-includes\/js\/wp-embed.min.js\n<\/script>\n"},"jetpack_publicize_connections":[],"jetpack_shortlink":"https:\/\/wp.me\/pDKli-3Nz","jetpack_sharing_enabled":true,"jetpack-related-posts":[{"id":10092,"url":"https:\/\/quechilero.com\/blog\/2011\/08\/18\/el-extrano\/","url_meta":{"origin":14605,"position":0},"title":"El Extra\u00f1o","author":"Pepe Barrascout Ortiz","date":"18 agosto 2011","format":false,"excerpt":"Unos cuantos a\u00f1os despu\u00e9s de que yo nac\u00ed, mi padre conoci\u00f3 a un extra\u00f1o en nuestra peque\u00f1a poblaci\u00f3n. Desde el principio mi padre qued\u00f3 fascinado con este reci\u00e9n llegado encantador personaje y enseguida le invit\u00f3 a que viviera con nuestra familia. El Extra\u00f1o acept\u00f3 y desde entonces ha estado con\u2026","rel":"","context":"En \u00abLimones\u00bb","block_context":{"text":"Limones","link":"https:\/\/quechilero.com\/blog\/category\/limones\/"},"img":{"alt_text":"","src":"","width":0,"height":0},"classes":[]},{"id":14621,"url":"https:\/\/quechilero.com\/blog\/2012\/10\/05\/los-maestros-mas-importantes\/","url_meta":{"origin":14605,"position":1},"title":"Los maestros m\u00e1s importantes","author":"Pepe Barrascout Ortiz","date":"5 octubre 2012","format":false,"excerpt":"Nos encontr\u00e1bamos en la clase de cuarto grado de la se\u00f1orita Tacy, repasando las tablas de multiplicaci\u00f3n, cuando levant\u00e9 la vista y vi que mi padre entraba al sal\u00f3n de clase. \"Se\u00f1orita Tacy,\" escuch\u00e9 a mi padre decir, \"pienso salir de viaje ma\u00f1ana, y me voy a llevar a John\u2026","rel":"","context":"En \u00abLimones\u00bb","block_context":{"text":"Limones","link":"https:\/\/quechilero.com\/blog\/category\/limones\/"},"img":{"alt_text":"","src":"","width":0,"height":0},"classes":[]},{"id":6239,"url":"https:\/\/quechilero.com\/blog\/2011\/01\/10\/escuchando-con-el-corazon\/","url_meta":{"origin":14605,"position":2},"title":"Escuchando con el coraz\u00f3n","author":"Pepe Barrascout Ortiz","date":"10 enero 2011","format":false,"excerpt":"\"He desperdiciado todo mi s\u00e1bado\", se lament\u00f3 John, mientras su padre le despertaba con delicadeza. El tono de su voz, lastimero y angustiado, provoc\u00f3 una reacci\u00f3n instant\u00e1nea en su padre y un destello de ira emergi\u00f3 de \u00e9l. Hab\u00eda sido un largo d\u00eda de pintar y colocar papel de pared\u2026","rel":"","context":"En \u00abLimones\u00bb","block_context":{"text":"Limones","link":"https:\/\/quechilero.com\/blog\/category\/limones\/"},"img":{"alt_text":"","src":"","width":0,"height":0},"classes":[]},{"id":384,"url":"https:\/\/quechilero.com\/blog\/2006\/12\/26\/el-nudo\/","url_meta":{"origin":14605,"position":3},"title":"El nudo","author":"Pepe Barrascout Ortiz","date":"26 diciembre 2006","format":false,"excerpt":"En una junta de padres de familia de cierta escuela, la directora resaltaba el apoyo que los padres deben darle a los hijos. Tambi\u00e9n ped\u00eda que se hicieran presentes el m\u00e1ximo de tiempo posible. Ella entend\u00eda que, aunque la mayor\u00eda de los padres y madres de aquella comunidad fueran trabajadores,\u2026","rel":"","context":"En \u00abLimones\u00bb","block_context":{"text":"Limones","link":"https:\/\/quechilero.com\/blog\/category\/limones\/"},"img":{"alt_text":"","src":"","width":0,"height":0},"classes":[]},{"id":7589,"url":"https:\/\/quechilero.com\/blog\/2011\/03\/21\/reflexiones-de-cuaresma-dia-13\/","url_meta":{"origin":14605,"position":4},"title":"Reflexiones de Cuaresma d\u00eda 13","author":"Pepe Barrascout Ortiz","date":"21 marzo 2011","format":false,"excerpt":"Oraci\u00f3n inicial Se\u00f1or m\u00edo, Jesucristo, creo firmemente que est\u00e1s aqu\u00ed; en estos pocos minutos de oraci\u00f3n que empiezo ahora quiero pedirte y agradecerte. Pedirte\u00a0la gracia de darme m\u00e1s cuenta de que T\u00fa vives, me escuchas y me amas; tanto, que has querido morir libremente por m\u00ed en la cruz y\u2026","rel":"","context":"En \u00abLimones por mano\u00bb","block_context":{"text":"Limones por mano","link":"https:\/\/quechilero.com\/blog\/category\/limones-por-mano\/"},"img":{"alt_text":"","src":"","width":0,"height":0},"classes":[]},{"id":16036,"url":"https:\/\/quechilero.com\/blog\/2013\/02\/20\/el-circo\/","url_meta":{"origin":14605,"position":5},"title":"El Circo","author":"Pepe Barrascout Ortiz","date":"20 febrero 2013","format":false,"excerpt":"Cuando yo era adolescente, en cierta oportunidad estaba con mi padre haciendo cola para comprar entradas para el circo. Al final, s\u00f3lo quedaba una familia entre la ventanilla y nosotros. Esta familia me impresion\u00f3 mucho. Eran ocho chicos, todos probablemente menores de doce a\u00f1os. Se ve\u00eda que no ten\u00edan mucho\u2026","rel":"","context":"En \u00abLimones\u00bb","block_context":{"text":"Limones","link":"https:\/\/quechilero.com\/blog\/category\/limones\/"},"img":{"alt_text":"","src":"","width":0,"height":0},"classes":[]}],"jetpack_featured_media_url":"","_links":{"self":[{"href":"https:\/\/quechilero.com\/blog\/wp-json\/wp\/v2\/posts\/14605","targetHints":{"allow":["GET"]}}],"collection":[{"href":"https:\/\/quechilero.com\/blog\/wp-json\/wp\/v2\/posts"}],"about":[{"href":"https:\/\/quechilero.com\/blog\/wp-json\/wp\/v2\/types\/post"}],"author":[{"embeddable":true,"href":"https:\/\/quechilero.com\/blog\/wp-json\/wp\/v2\/users\/1"}],"replies":[{"embeddable":true,"href":"https:\/\/quechilero.com\/blog\/wp-json\/wp\/v2\/comments?post=14605"}],"version-history":[{"count":0,"href":"https:\/\/quechilero.com\/blog\/wp-json\/wp\/v2\/posts\/14605\/revisions"}],"wp:attachment":[{"href":"https:\/\/quechilero.com\/blog\/wp-json\/wp\/v2\/media?parent=14605"}],"wp:term":[{"taxonomy":"category","embeddable":true,"href":"https:\/\/quechilero.com\/blog\/wp-json\/wp\/v2\/categories?post=14605"},{"taxonomy":"post_tag","embeddable":true,"href":"https:\/\/quechilero.com\/blog\/wp-json\/wp\/v2\/tags?post=14605"},{"taxonomy":"series","embeddable":true,"href":"https:\/\/quechilero.com\/blog\/wp-json\/wp\/v2\/series?post=14605"}],"curies":[{"name":"wp","href":"https:\/\/api.w.org\/{rel}","templated":true}]}}