{"id":14604,"date":"2012-09-26T08:00:11","date_gmt":"2012-09-26T14:00:11","guid":{"rendered":"http:\/\/quechilero.com\/blog\/?p=14604"},"modified":"2012-09-26T08:00:11","modified_gmt":"2012-09-26T14:00:11","slug":"paisajes","status":"publish","type":"post","link":"https:\/\/quechilero.com\/blog\/2012\/09\/26\/paisajes\/","title":{"rendered":"Paisajes"},"content":{"rendered":"<p>El entorno de un hogar es casi siempre muy personal y refleja el gusto individual de los propietarios. Hacer que el exterior refleje al propietario es un talento singular que tienen en com\u00fan los arquitectos, paisajistas y los aficionados a la jardiner\u00eda. Admiran tanto su trabajo que los amigos y vecinos van hasta all\u00ed, toman fotos y tratan de copiar lo que crearon esos talentosos artistas del paisajismo.<\/p>\n<p>El paisajismo es sin duda un arte, pero tambi\u00e9n es mucho m\u00e1s. Esos lugares tan singulares y atractivos dicen algo sobre el propietario. Expresan sus preferencias, permiten conocer lo que \u00e9l aprecia y que es digno de todos los esfuerzos para crearlo.<\/p>\n<p>La mayor\u00eda de los jardineros te dir\u00e1n que aunque les gusta mucho la jardiner\u00eda, es todav\u00eda trabajo. Involucra la inversi\u00f3n de dinero, tiempo y mucho trabajo para crear los resultados deseados. Durante uno o dos a\u00f1os, un jard\u00edn bien cuidado requiere tanta atenci\u00f3n y dedicaci\u00f3n como un nuevo beb\u00e9. No obstante, si est\u00e1s dispuesto a seguir las direcciones, invertir en los materiales necesarios, nutrir y regar las plantas del jard\u00edn y arrancar las hierbas malas, puedes esperar un precioso jard\u00edn. Hace falta preparaci\u00f3n y dedicaci\u00f3n&#8230; y much\u00edsimo trabajo duro.<\/p>\n<p>La manera en que vivimos nuestra vida f\u00edsica tambi\u00e9n expresa lo que somos y apreciamos. Se requiere preparaci\u00f3n, nutrici\u00f3n de la Palabra y constante atenci\u00f3n a las malas hierbas de nuestra vida diaria a fin de crear un bello y satisfactorio paisaje espiritual.<\/p>\n","protected":false},"excerpt":{"rendered":"<p>El entorno de un hogar es casi siempre muy personal y refleja el gusto individual de los propietarios. Hacer que el exterior refleje al propietario es un talento singular que tienen en com\u00fan los arquitectos, paisajistas y los aficionados a la jardiner\u00eda. Admiran tanto su trabajo que los amigos y vecinos van hasta all\u00ed, toman &#8230; <a title=\"Paisajes\" class=\"read-more\" href=\"https:\/\/quechilero.com\/blog\/2012\/09\/26\/paisajes\/\" aria-label=\"Leer m\u00e1s sobre Paisajes\">Leer m\u00e1s<\/a><\/p>\n","protected":false},"author":1,"featured_media":0,"comment_status":"open","ping_status":"open","sticky":false,"template":"","format":"standard","meta":{"advanced_seo_description":"","jetpack_seo_html_title":"","jetpack_seo_noindex":false,"jetpack_seo_schema_type":"","episode_type":"","audio_file":"","podmotor_file_id":"","podmotor_episode_id":"","cover_image":"","cover_image_id":"","duration":"","filesize":"","filesize_raw":"","date_recorded":"","explicit":"","block":"","_jetpack_newsletter_access":"","_jetpack_dont_email_post_to_subs":false,"_jetpack_newsletter_tier_id":0,"_jetpack_memberships_contains_paywalled_content":false,"_jetpack_feature_clip_id":0,"_jetpack_memberships_contains_paid_content":false,"footnotes":"","jetpack_publicize_message":"","jetpack_publicize_feature_enabled":true,"jetpack_social_post_already_shared":false,"jetpack_social_options":{"image_generator_settings":{"template":"highway","default_image_id":0,"font":"","enabled":false},"version":2},"jetpack_post_was_ever_published":false},"categories":[2],"tags":[11,26,49,42,3,5,36,24],"series":[],"class_list":["post-14604","post","type-post","status-publish","format-standard","hentry","category-limones","tag-amigo","tag-dinero","tag-esfuerzo","tag-palabra","tag-resultados","tag-tiempo","tag-trabajo","tag-vida"],"episode_featured_image":false,"episode_player_image":"https:\/\/i0.wp.com\/quechilero.com\/blog\/imagenes\/podcast.png?fit=1831%2C1831&ssl=1","download_link":"","player_link":"","audio_player":false,"episode_data":{"playerMode":"dark","subscribeUrls":{"amazon":{"key":"amazon","url":"","label":"Amazon","class":"amazon","icon":"amazon.png"},"apple_podcasts":{"key":"apple_podcasts","url":"","label":"Apple Podcasts","class":"apple_podcasts","icon":"apple-podcasts.png"},"castbox":{"key":"castbox","url":"","label":"CastBox","class":"castbox","icon":"castbox.png"},"deezer":{"key":"deezer","url":"","label":"Deezer","class":"deezer","icon":"deezer.png"},"google_podcasts":{"key":"google_podcasts","url":"","label":"Google Podcasts","class":"google_podcasts","icon":"google-podcasts.png"},"listen_notes":{"key":"listen_notes","url":"","label":"Listen Notes","class":"listen_notes","icon":"listen-notes.png"},"pandora":{"key":"pandora","url":"","label":"Pandora","class":"pandora","icon":"pandora.png"},"podbean":{"key":"podbean","url":"","label":"Podbean","class":"podbean","icon":"podbean.png"},"podcast_republic":{"key":"podcast_republic","url":"","label":"Podcast Republic","class":"podcast_republic","icon":"podcast-republic.png"},"rss":{"key":"rss","url":"","label":"RSS","class":"rss","icon":"rss.png"},"spotify":{"key":"spotify","url":"","label":"Spotify","class":"spotify","icon":"spotify.png"},"stitcher":{"key":"stitcher","url":"","label":"Stitcher","class":"stitcher","icon":"stitcher.png"},"tunein":{"key":"tunein","url":"","label":"TuneIn","class":"tunein","icon":"tunein.png"},"youtube":{"key":"youtube","url":"","label":"YouTube","class":"youtube","icon":"youtube.png"},"iheartradio":{"key":"iheartradio","url":"","label":"iHeartRadio","class":"iheartradio","icon":"iheartradio.png"},"ivoox":{"key":"ivoox","url":"","label":"iVoox","class":"ivoox","icon":"ivoox.png"}},"rssFeedUrl":"https:\/\/quechilero.com\/blog\/feed\/podcast\/si-la-vida-nos-da-limones","embedCode":"<blockquote class=\"wp-embedded-content\" data-secret=\"NGommUH5Cb\"><a href=\"https:\/\/quechilero.com\/blog\/2012\/09\/26\/paisajes\/\">Paisajes<\/a><\/blockquote><iframe sandbox=\"allow-scripts\" security=\"restricted\" src=\"https:\/\/quechilero.com\/blog\/2012\/09\/26\/paisajes\/embed\/#?secret=NGommUH5Cb\" width=\"500\" height=\"350\" title=\"\u00abPaisajes\u00bb \u2014 Si la Vida nos da Limones...\" data-secret=\"NGommUH5Cb\" frameborder=\"0\" marginwidth=\"0\" marginheight=\"0\" scrolling=\"no\" class=\"wp-embedded-content\"><\/iframe><script>\n\/*! This file is auto-generated *\/\n!function(d,l){\"use strict\";l.querySelector&&d.addEventListener&&\"undefined\"!=typeof URL&&(d.wp=d.wp||{},d.wp.receiveEmbedMessage||(d.wp.receiveEmbedMessage=function(e){var t=e.data;if((t||t.secret||t.message||t.value)&&!\/[^a-zA-Z0-9]\/.test(t.secret)){for(var s,r,n,a=l.querySelectorAll('iframe[data-secret=\"'+t.secret+'\"]'),o=l.querySelectorAll('blockquote[data-secret=\"'+t.secret+'\"]'),c=new RegExp(\"^https?:$\",\"i\"),i=0;i<o.length;i++)o[i].style.display=\"none\";for(i=0;i<a.length;i++)s=a[i],e.source===s.contentWindow&&(s.removeAttribute(\"style\"),\"height\"===t.message?(1e3<(r=parseInt(t.value,10))?r=1e3:~~r<200&&(r=200),s.height=r):\"link\"===t.message&&(r=new URL(s.getAttribute(\"src\")),n=new URL(t.value),c.test(n.protocol))&&n.host===r.host&&l.activeElement===s&&(d.top.location.href=t.value))}},d.addEventListener(\"message\",d.wp.receiveEmbedMessage,!1),l.addEventListener(\"DOMContentLoaded\",function(){for(var e,t,s=l.querySelectorAll(\"iframe.wp-embedded-content\"),r=0;r<s.length;r++)(t=(e=s[r]).getAttribute(\"data-secret\"))||(t=Math.random().toString(36).substring(2,12),e.src+=\"#?secret=\"+t,e.setAttribute(\"data-secret\",t)),e.contentWindow.postMessage({message:\"ready\",secret:t},\"*\")},!1)))}(window,document);\n\/\/# sourceURL=https:\/\/quechilero.com\/blog\/wp-includes\/js\/wp-embed.min.js\n<\/script>\n"},"jetpack_publicize_connections":[],"jetpack_shortlink":"https:\/\/wp.me\/sDKli-paisajes","jetpack_sharing_enabled":true,"jetpack-related-posts":[{"id":10475,"url":"https:\/\/quechilero.com\/blog\/2011\/09\/29\/equilibrio\/","url_meta":{"origin":14604,"position":0},"title":"Equilibrio","author":"Pepe Barrascout Ortiz","date":"29 septiembre 2011","format":false,"excerpt":"Lo que no te gusta de tus superiores, no se los hagas a tus inferiores. Lo que no te gusta de tus inferiores, trata de no hacerlo cuando trabajas para tus superiores. Lo que odias de aquellas personas que tienes en frente a ti, no se lo hagas a nadie\u2026","rel":"","context":"En \u00abLimones\u00bb","block_context":{"text":"Limones","link":"https:\/\/quechilero.com\/blog\/category\/limones\/"},"img":{"alt_text":"","src":"","width":0,"height":0},"classes":[]},{"id":17864,"url":"https:\/\/quechilero.com\/blog\/2014\/06\/06\/viajando-por-xela\/","url_meta":{"origin":14604,"position":1},"title":"Viajando por Xela","author":"Pepe Barrascout Ortiz","date":"6 junio 2014","format":false,"excerpt":"https:\/\/youtu.be\/zCamn8KOwas Una visita a\u00e9rea a\u00a0\"Xela\", desde el aire, a trav\u00e9s de las im\u00e1genes capturadas por una c\u00e1mara GoPro junto a un Droid, como todos los videos de este tipo, es muy interesante ver, desde otro \u00e1ngulo poco com\u00fan, los distintos paisajes y lugares, como en este caso, la emblem\u00e1tica ciudad\u2026","rel":"","context":"En \u00abVideoBlog\u00bb","block_context":{"text":"VideoBlog","link":"https:\/\/quechilero.com\/blog\/category\/videoblog\/"},"img":{"alt_text":"","src":"https:\/\/i0.wp.com\/img.youtube.com\/vi\/zCamn8KOwas\/0.jpg?resize=350%2C200","width":350,"height":200},"classes":[]},{"id":286,"url":"https:\/\/quechilero.com\/blog\/2006\/10\/24\/las-flores-han-brotado\/","url_meta":{"origin":14604,"position":2},"title":"Las Flores han brotado","author":"Pepe Barrascout Ortiz","date":"24 octubre 2006","format":false,"excerpt":"Un hombre trabajaba en una f\u00e1brica distante cincuenta minutos en \u00f3mnibus de su casa. En la siguiente parada entraba una se\u00f1ora anciana que siempre se sentaba junto a la ventana. Ella abr\u00eda la bolsa, sacaba un paquetito y se pasaba todo el viaje arrojando alguna cosa para afuera. La escena\u2026","rel":"","context":"En \u00abLimones\u00bb","block_context":{"text":"Limones","link":"https:\/\/quechilero.com\/blog\/category\/limones\/"},"img":{"alt_text":"","src":"","width":0,"height":0},"classes":[]},{"id":291,"url":"https:\/\/quechilero.com\/blog\/2006\/11\/09\/mas-alla-de-la-ventana\/","url_meta":{"origin":14604,"position":3},"title":"Mas all\u00e1 de la ventana","author":"Pepe Barrascout Ortiz","date":"9 noviembre 2006","format":false,"excerpt":"\"Lo que ve\u00eda a trav\u00e9s de esas ventanas no era simplemente un paisaje. Era mucho m\u00e1s que eso: el futuro que un d\u00eda podr\u00eda ser suyo. \"Podr\u00eda. El hecho de sentarse a pensar y a so\u00f1ar lo dejaba boquiabierto, especialmente cuando las dudas invad\u00edan su mente. Pero de todas formas\u2026","rel":"","context":"En \u00abLimones\u00bb","block_context":{"text":"Limones","link":"https:\/\/quechilero.com\/blog\/category\/limones\/"},"img":{"alt_text":"","src":"","width":0,"height":0},"classes":[]},{"id":1830,"url":"https:\/\/quechilero.com\/blog\/2008\/09\/15\/google-en-centroamerica\/","url_meta":{"origin":14604,"position":4},"title":"Google en Centroam\u00e9rica","author":"Pepe Barrascout Ortiz","date":"15 septiembre 2008","format":false,"excerpt":"Por mucho tiempo hemo visto como las grandes corporaciones mundiales han dejado de lado a la regi\u00f3n centroamericana por no considerarla \"atractiva\" comercialmente hablando. Sin embargo, siempre se habla de los bonitos paisajes, de la calidez de su gente, de sus tradiciones, de su comida, del acento y de tantas\u2026","rel":"","context":"En \u00abLimones\u00bb","block_context":{"text":"Limones","link":"https:\/\/quechilero.com\/blog\/category\/limones\/"},"img":{"alt_text":"","src":"https:\/\/i0.wp.com\/img389.imageshack.us\/img389\/2710\/centroamericana5.gif?resize=350%2C200","width":350,"height":200},"classes":[]},{"id":2814,"url":"https:\/\/quechilero.com\/blog\/2009\/06\/22\/para-ser-joven-eternamente\/","url_meta":{"origin":14604,"position":5},"title":"Para ser joven eternamente","author":"Pepe Barrascout Ortiz","date":"22 junio 2009","format":false,"excerpt":"1. Elimine todas las cantidades que no sean esenciales. Esto incluye edad, peso, arrugas, canas. 2. Rod\u00e9ese de amigos positivos. Los negativos lo amargan. 3. Siga aprendiendo: Aprenda m\u00e1s acerca de computaci\u00f3n, manualidades, jardiner\u00eda, lo que sea. No permita que su cerebro se desconecte. Una mente desocupada es el taller\u2026","rel":"","context":"En \u00abLimones\u00bb","block_context":{"text":"Limones","link":"https:\/\/quechilero.com\/blog\/category\/limones\/"},"img":{"alt_text":"","src":"","width":0,"height":0},"classes":[]}],"jetpack_featured_media_url":"","_links":{"self":[{"href":"https:\/\/quechilero.com\/blog\/wp-json\/wp\/v2\/posts\/14604","targetHints":{"allow":["GET"]}}],"collection":[{"href":"https:\/\/quechilero.com\/blog\/wp-json\/wp\/v2\/posts"}],"about":[{"href":"https:\/\/quechilero.com\/blog\/wp-json\/wp\/v2\/types\/post"}],"author":[{"embeddable":true,"href":"https:\/\/quechilero.com\/blog\/wp-json\/wp\/v2\/users\/1"}],"replies":[{"embeddable":true,"href":"https:\/\/quechilero.com\/blog\/wp-json\/wp\/v2\/comments?post=14604"}],"version-history":[{"count":0,"href":"https:\/\/quechilero.com\/blog\/wp-json\/wp\/v2\/posts\/14604\/revisions"}],"wp:attachment":[{"href":"https:\/\/quechilero.com\/blog\/wp-json\/wp\/v2\/media?parent=14604"}],"wp:term":[{"taxonomy":"category","embeddable":true,"href":"https:\/\/quechilero.com\/blog\/wp-json\/wp\/v2\/categories?post=14604"},{"taxonomy":"post_tag","embeddable":true,"href":"https:\/\/quechilero.com\/blog\/wp-json\/wp\/v2\/tags?post=14604"},{"taxonomy":"series","embeddable":true,"href":"https:\/\/quechilero.com\/blog\/wp-json\/wp\/v2\/series?post=14604"}],"curies":[{"name":"wp","href":"https:\/\/api.w.org\/{rel}","templated":true}]}}