{"id":14603,"date":"2012-09-25T08:00:07","date_gmt":"2012-09-25T14:00:07","guid":{"rendered":"http:\/\/quechilero.com\/blog\/?p=14603"},"modified":"2012-09-25T08:00:07","modified_gmt":"2012-09-25T14:00:07","slug":"la-respuesta-es-si","status":"publish","type":"post","link":"https:\/\/quechilero.com\/blog\/2012\/09\/25\/la-respuesta-es-si\/","title":{"rendered":"La respuesta es S\u00ed"},"content":{"rendered":"<p>Hace poco alguien llam\u00f3 a nuestra oficina. Yo fui quien cogi\u00f3 el auricular. \u00ab\u00bfEs la oficina de la Akamba (una compa\u00f1\u00eda de \u00f3mnibus)?\u00bb, pregunt\u00f3 una voz. \u00abNo, es la oficina de L\u00e1mparas y Luz.\u00bb, contest\u00e9. \u00abLo siento, marqu\u00e9 el n\u00famero equivocado.\u00bb, se disculp\u00f3 la persona y colg\u00f3.<\/p>\n<p>En la Biblia, encontramos que hab\u00eda personas que llamaron a su dios, pero sus oraciones no fueron contestadas.<\/p>\n<p>En 1 Reyes 18, cuatrocientos profetas de Baal le invocaron desde el amanecer hasta el anochecer, pero no recibieron respuesta alguna. En Hechos 8, Sim\u00f3n el mago, en lugar de invocar a Dios, trat\u00f3 de comprar al Esp\u00edritu Santo con dinero. En cambio, los hombres de Dios le invocaron, y Dios les respondi\u00f3, incluso por encima de sus expectativas. \u00bfSu secreto? Ellos no se equivocaron de n\u00famero.<\/p>\n<p>No importa qui\u00e9n seas, lo que seas, lo que tengas, o d\u00f3nde vivas. Cualquiera puede llamar a la mayor oficina, al perfecto y m\u00e1s grande hogar, al mayor negocio, y al mayor poder que el mundo jam\u00e1s haya conocido. El se\u00f1or Jesucristo, Rey de reyes, y Se\u00f1or de se\u00f1ores es su nombre. \u00c9l hizo el primer llamado. Los hombres s\u00f3lo tienen que responder a su llamado.<\/p>\n<p>Los servicios de llamadas est\u00e1n disponibles a cualquier hora en todo el mundo por medio de la sangre de Cristo.<\/p>\n","protected":false},"excerpt":{"rendered":"<p>Hace poco alguien llam\u00f3 a nuestra oficina. Yo fui quien cogi\u00f3 el auricular. \u00ab\u00bfEs la oficina de la Akamba (una compa\u00f1\u00eda de \u00f3mnibus)?\u00bb, pregunt\u00f3 una voz. \u00abNo, es la oficina de L\u00e1mparas y Luz.\u00bb, contest\u00e9. \u00abLo siento, marqu\u00e9 el n\u00famero equivocado.\u00bb, se disculp\u00f3 la persona y colg\u00f3. En la Biblia, encontramos que hab\u00eda personas que &#8230; <a title=\"La respuesta es S\u00ed\" class=\"read-more\" href=\"https:\/\/quechilero.com\/blog\/2012\/09\/25\/la-respuesta-es-si\/\" aria-label=\"Leer m\u00e1s sobre La respuesta es S\u00ed\">Leer m\u00e1s<\/a><\/p>\n","protected":false},"author":1,"featured_media":0,"comment_status":"open","ping_status":"open","sticky":false,"template":"","format":"standard","meta":{"advanced_seo_description":"","jetpack_seo_html_title":"","jetpack_seo_noindex":false,"jetpack_seo_schema_type":"","episode_type":"","audio_file":"","podmotor_file_id":"","podmotor_episode_id":"","cover_image":"","cover_image_id":"","duration":"","filesize":"","filesize_raw":"","date_recorded":"","explicit":"","block":"","_jetpack_newsletter_access":"","_jetpack_dont_email_post_to_subs":false,"_jetpack_newsletter_tier_id":0,"_jetpack_memberships_contains_paywalled_content":false,"_jetpack_feature_clip_id":0,"_jetpack_memberships_contains_paid_content":false,"footnotes":"","jetpack_publicize_message":"","jetpack_publicize_feature_enabled":true,"jetpack_social_post_already_shared":false,"jetpack_social_options":{"image_generator_settings":{"template":"highway","default_image_id":0,"font":"","enabled":false},"version":2},"jetpack_post_was_ever_published":false},"categories":[2],"tags":[26,51,18,22],"series":[],"class_list":["post-14603","post","type-post","status-publish","format-standard","hentry","category-limones","tag-dinero","tag-dios","tag-hombre","tag-respuesta"],"episode_featured_image":false,"episode_player_image":"https:\/\/i0.wp.com\/quechilero.com\/blog\/imagenes\/podcast.png?fit=1831%2C1831&ssl=1","download_link":"","player_link":"","audio_player":false,"episode_data":{"playerMode":"dark","subscribeUrls":{"amazon":{"key":"amazon","url":"","label":"Amazon","class":"amazon","icon":"amazon.png"},"apple_podcasts":{"key":"apple_podcasts","url":"","label":"Apple Podcasts","class":"apple_podcasts","icon":"apple-podcasts.png"},"castbox":{"key":"castbox","url":"","label":"CastBox","class":"castbox","icon":"castbox.png"},"deezer":{"key":"deezer","url":"","label":"Deezer","class":"deezer","icon":"deezer.png"},"google_podcasts":{"key":"google_podcasts","url":"","label":"Google Podcasts","class":"google_podcasts","icon":"google-podcasts.png"},"listen_notes":{"key":"listen_notes","url":"","label":"Listen Notes","class":"listen_notes","icon":"listen-notes.png"},"pandora":{"key":"pandora","url":"","label":"Pandora","class":"pandora","icon":"pandora.png"},"podbean":{"key":"podbean","url":"","label":"Podbean","class":"podbean","icon":"podbean.png"},"podcast_republic":{"key":"podcast_republic","url":"","label":"Podcast Republic","class":"podcast_republic","icon":"podcast-republic.png"},"rss":{"key":"rss","url":"","label":"RSS","class":"rss","icon":"rss.png"},"spotify":{"key":"spotify","url":"","label":"Spotify","class":"spotify","icon":"spotify.png"},"stitcher":{"key":"stitcher","url":"","label":"Stitcher","class":"stitcher","icon":"stitcher.png"},"tunein":{"key":"tunein","url":"","label":"TuneIn","class":"tunein","icon":"tunein.png"},"youtube":{"key":"youtube","url":"","label":"YouTube","class":"youtube","icon":"youtube.png"},"iheartradio":{"key":"iheartradio","url":"","label":"iHeartRadio","class":"iheartradio","icon":"iheartradio.png"},"ivoox":{"key":"ivoox","url":"","label":"iVoox","class":"ivoox","icon":"ivoox.png"}},"rssFeedUrl":"https:\/\/quechilero.com\/blog\/feed\/podcast\/si-la-vida-nos-da-limones","embedCode":"<blockquote class=\"wp-embedded-content\" data-secret=\"IfjXDLvASf\"><a href=\"https:\/\/quechilero.com\/blog\/2012\/09\/25\/la-respuesta-es-si\/\">La respuesta es S\u00ed<\/a><\/blockquote><iframe sandbox=\"allow-scripts\" security=\"restricted\" src=\"https:\/\/quechilero.com\/blog\/2012\/09\/25\/la-respuesta-es-si\/embed\/#?secret=IfjXDLvASf\" width=\"500\" height=\"350\" title=\"\u00abLa respuesta es S\u00ed\u00bb \u2014 Si la Vida nos da Limones...\" data-secret=\"IfjXDLvASf\" frameborder=\"0\" marginwidth=\"0\" marginheight=\"0\" scrolling=\"no\" class=\"wp-embedded-content\"><\/iframe><script>\n\/*! This file is auto-generated *\/\n!function(d,l){\"use strict\";l.querySelector&&d.addEventListener&&\"undefined\"!=typeof URL&&(d.wp=d.wp||{},d.wp.receiveEmbedMessage||(d.wp.receiveEmbedMessage=function(e){var t=e.data;if((t||t.secret||t.message||t.value)&&!\/[^a-zA-Z0-9]\/.test(t.secret)){for(var s,r,n,a=l.querySelectorAll('iframe[data-secret=\"'+t.secret+'\"]'),o=l.querySelectorAll('blockquote[data-secret=\"'+t.secret+'\"]'),c=new RegExp(\"^https?:$\",\"i\"),i=0;i<o.length;i++)o[i].style.display=\"none\";for(i=0;i<a.length;i++)s=a[i],e.source===s.contentWindow&&(s.removeAttribute(\"style\"),\"height\"===t.message?(1e3<(r=parseInt(t.value,10))?r=1e3:~~r<200&&(r=200),s.height=r):\"link\"===t.message&&(r=new URL(s.getAttribute(\"src\")),n=new URL(t.value),c.test(n.protocol))&&n.host===r.host&&l.activeElement===s&&(d.top.location.href=t.value))}},d.addEventListener(\"message\",d.wp.receiveEmbedMessage,!1),l.addEventListener(\"DOMContentLoaded\",function(){for(var e,t,s=l.querySelectorAll(\"iframe.wp-embedded-content\"),r=0;r<s.length;r++)(t=(e=s[r]).getAttribute(\"data-secret\"))||(t=Math.random().toString(36).substring(2,12),e.src+=\"#?secret=\"+t,e.setAttribute(\"data-secret\",t)),e.contentWindow.postMessage({message:\"ready\",secret:t},\"*\")},!1)))}(window,document);\n\/\/# sourceURL=https:\/\/quechilero.com\/blog\/wp-includes\/js\/wp-embed.min.js\n<\/script>\n"},"jetpack_publicize_connections":[],"jetpack_shortlink":"https:\/\/wp.me\/pDKli-3Nx","jetpack_sharing_enabled":true,"jetpack-related-posts":[{"id":299,"url":"https:\/\/quechilero.com\/blog\/2006\/11\/01\/atender-la-llamada\/","url_meta":{"origin":14603,"position":0},"title":"Atender la llamada","author":"Pepe Barrascout Ortiz","date":"1 noviembre 2006","format":false,"excerpt":"En una noche de s\u00e1bado hace varias semanas, se encontraba un pastor trabajando hasta tarde, y decidi\u00f3 llamar a su esposa para avisarle que en ese momento sal\u00eda para irse a casa. Eran cerca de las 10:00 p.m., y a pesar que dej\u00f3 que sonara varias veces, su esposa no\u2026","rel":"","context":"En \u00abLimones\u00bb","block_context":{"text":"Limones","link":"https:\/\/quechilero.com\/blog\/category\/limones\/"},"img":{"alt_text":"","src":"","width":0,"height":0},"classes":[]},{"id":6452,"url":"https:\/\/quechilero.com\/blog\/2011\/02\/04\/el-hijo-malagradecido\/","url_meta":{"origin":14603,"position":1},"title":"El hijo malagradecido","author":"Pepe Barrascout Ortiz","date":"4 febrero 2011","format":false,"excerpt":"Se cuenta que una se\u00f1ora de edad, viviendo en gran pobreza, se quejaba de su hijo que viv\u00eda en Estados Unidos y que era rico. Dec\u00eda que \u00e9l era cruel y malagradecido. \"\u00bf\u00c9l nunca le manda dinero?\" -le preguntaron a ella. \"Ni un centavo...\" -contest\u00f3. \"Manda frecuentemente algunos retratos, pero\u2026","rel":"","context":"En \u00abLimones\u00bb","block_context":{"text":"Limones","link":"https:\/\/quechilero.com\/blog\/category\/limones\/"},"img":{"alt_text":"","src":"","width":0,"height":0},"classes":[]},{"id":19549,"url":"https:\/\/quechilero.com\/blog\/2014\/10\/31\/cuando-la-fruta-alcance\/","url_meta":{"origin":14603,"position":2},"title":"Cuando la fruta no alcance","author":"Pepe Barrascout Ortiz","date":"31 octubre 2014","format":false,"excerpt":"Una vez un grupo de tres hombres se perdi\u00f3 en la monta\u00f1a, y hab\u00eda solamente una fruta para alimentarlos a los tres, quienes casi desfallec\u00edan de hambre. Se les apareci\u00f3 entonces Dios y les dijo que probar\u00eda su sabidur\u00eda y que dependiendo de lo que mostraran les salvar\u00eda. Les pregunt\u00f3\u2026","rel":"","context":"En \u00abLimones\u00bb","block_context":{"text":"Limones","link":"https:\/\/quechilero.com\/blog\/category\/limones\/"},"img":{"alt_text":"","src":"","width":0,"height":0},"classes":[]},{"id":19652,"url":"https:\/\/quechilero.com\/blog\/2015\/01\/11\/fiel-su-palabra\/","url_meta":{"origin":14603,"position":3},"title":"Fiel a Su palabra","author":"Pepe Barrascout Ortiz","date":"11 enero 2015","format":false,"excerpt":"Aquel domingo por la ma\u00f1ana hac\u00eda mucho fr\u00edo. Un siervo del Se\u00f1or se dirig\u00eda a la capilla cuando se encontr\u00f3 con otro creyente, quien despu\u00e9s de saludarle, exclam\u00f3 medio tiritando: - \u00a1Vaya d\u00eda de fr\u00edo que nos hace hoy! - Oh, s\u00ed -contest\u00f3 el hombre de Dios- el Se\u00f1or sigue\u2026","rel":"","context":"En \u00abLimones\u00bb","block_context":{"text":"Limones","link":"https:\/\/quechilero.com\/blog\/category\/limones\/"},"img":{"alt_text":"","src":"","width":0,"height":0},"classes":[]},{"id":303,"url":"https:\/\/quechilero.com\/blog\/2006\/10\/28\/rezar-o-actuar\/","url_meta":{"origin":14603,"position":4},"title":"Rezar o actuar","author":"Pepe Barrascout Ortiz","date":"28 octubre 2006","format":false,"excerpt":"Si un misionero llega a tu iglesia y dice que necesita ayuda por un per\u00edodo corto de tiempo, \u00bforas o act\u00faas?. Si el director de j\u00f3venes dice que tu iglesia necesita algunos instrumentos musicales nuevos para el ministerio, \u00bforas o act\u00faas? Si un ministerio necesita ayuda en un comedor de\u2026","rel":"","context":"En \u00abLimones\u00bb","block_context":{"text":"Limones","link":"https:\/\/quechilero.com\/blog\/category\/limones\/"},"img":{"alt_text":"","src":"","width":0,"height":0},"classes":[]},{"id":14395,"url":"https:\/\/quechilero.com\/blog\/2012\/09\/11\/la-devocion-a-maria-auxiliadora\/","url_meta":{"origin":14603,"position":5},"title":"La devoci\u00f3n a Mar\u00eda Auxiliadora","author":"Pepe Barrascout Ortiz","date":"11 septiembre 2012","format":false,"excerpt":"El emperador Napole\u00f3n llevado por la ambici\u00f3n y el orgullo se atrevi\u00f3 a poner prisionero al Sumo Pont\u00edfice, el Papa P\u00edo VII. Varios a\u00f1os llevaba en prisi\u00f3n el Vicario de Cristo y no se ve\u00edan esperanzas de obtener la libertad, pues el emperador era el m\u00e1s poderoso gobernante de ese\u2026","rel":"","context":"En \u00abLimones\u00bb","block_context":{"text":"Limones","link":"https:\/\/quechilero.com\/blog\/category\/limones\/"},"img":{"alt_text":"","src":"","width":0,"height":0},"classes":[]}],"jetpack_featured_media_url":"","_links":{"self":[{"href":"https:\/\/quechilero.com\/blog\/wp-json\/wp\/v2\/posts\/14603","targetHints":{"allow":["GET"]}}],"collection":[{"href":"https:\/\/quechilero.com\/blog\/wp-json\/wp\/v2\/posts"}],"about":[{"href":"https:\/\/quechilero.com\/blog\/wp-json\/wp\/v2\/types\/post"}],"author":[{"embeddable":true,"href":"https:\/\/quechilero.com\/blog\/wp-json\/wp\/v2\/users\/1"}],"replies":[{"embeddable":true,"href":"https:\/\/quechilero.com\/blog\/wp-json\/wp\/v2\/comments?post=14603"}],"version-history":[{"count":0,"href":"https:\/\/quechilero.com\/blog\/wp-json\/wp\/v2\/posts\/14603\/revisions"}],"wp:attachment":[{"href":"https:\/\/quechilero.com\/blog\/wp-json\/wp\/v2\/media?parent=14603"}],"wp:term":[{"taxonomy":"category","embeddable":true,"href":"https:\/\/quechilero.com\/blog\/wp-json\/wp\/v2\/categories?post=14603"},{"taxonomy":"post_tag","embeddable":true,"href":"https:\/\/quechilero.com\/blog\/wp-json\/wp\/v2\/tags?post=14603"},{"taxonomy":"series","embeddable":true,"href":"https:\/\/quechilero.com\/blog\/wp-json\/wp\/v2\/series?post=14603"}],"curies":[{"name":"wp","href":"https:\/\/api.w.org\/{rel}","templated":true}]}}