{"id":14394,"date":"2012-09-10T08:00:39","date_gmt":"2012-09-10T14:00:39","guid":{"rendered":"http:\/\/quechilero.com\/blog\/?p=14394"},"modified":"2012-09-10T08:00:39","modified_gmt":"2012-09-10T14:00:39","slug":"no-te-aferres-al-pecado","status":"publish","type":"post","link":"https:\/\/quechilero.com\/blog\/2012\/09\/10\/no-te-aferres-al-pecado\/","title":{"rendered":"No te aferres al pecado"},"content":{"rendered":"<p>Se cuenta la historia de un hombre que estaba muy cansado y decidi\u00f3 descansar en las ramas de un \u00e1rbol. Encontr\u00f3 un buen lugar y tuvo un buen descanso. Dorm\u00eda tan a gusto que se le olvid\u00f3 que estaba en una rama. Pasaron las horas y ya hab\u00eda oscurecido cuando despert\u00f3 de un salto. Olvid\u00e1ndose que estaba en una rama, comenz\u00f3 a caer. Mientras ca\u00eda, su mano abierta agarr\u00f3 una rama, y la apret\u00f3 fuertemente. Estando colgado all\u00ed, escuch\u00f3 una voz que le dec\u00eda: \u00absuelta la rama\u00bb, pero como hab\u00eda tanta oscuridad, \u00e9l no se atrevi\u00f3 a soltarla. Aquel hombre permaneci\u00f3 colgado hasta el amanecer s\u00f3lo para descubrir que estaba a pocos cent\u00edmetros del suelo. Estuvo colgado en aquel \u00e1rbol toda la noche experimentando un fuerte dolor y un gran cansancio, cuando pudo haberse dejado caer al suelo sin problemas.<\/p>\n<p>Nosotros tambi\u00e9n a veces nos aferramos al pecado. Nos sentimos cansados y condenados por mucho tiempo. Sin embargo, s\u00f3lo estamos a \u00abpocos cent\u00edmetros\u00bb del perd\u00f3n y de experimentar la paz con Dios. Vivamos hoy en paz al confesar y arrepentirnos de nuestros pecados. No debemos permitir que la verg\u00fcenza de confesar impida la paz interior y el gozo de ser perdonados. Que Dios nos ayude a tratar con el pecado inmediatamente.<\/p>\n","protected":false},"excerpt":{"rendered":"<p>Se cuenta la historia de un hombre que estaba muy cansado y decidi\u00f3 descansar en las ramas de un \u00e1rbol. Encontr\u00f3 un buen lugar y tuvo un buen descanso. Dorm\u00eda tan a gusto que se le olvid\u00f3 que estaba en una rama. Pasaron las horas y ya hab\u00eda oscurecido cuando despert\u00f3 de un salto. Olvid\u00e1ndose &#8230; <a title=\"No te aferres al pecado\" class=\"read-more\" href=\"https:\/\/quechilero.com\/blog\/2012\/09\/10\/no-te-aferres-al-pecado\/\" aria-label=\"Leer m\u00e1s sobre No te aferres al pecado\">Leer m\u00e1s<\/a><\/p>\n","protected":false},"author":1,"featured_media":0,"comment_status":"open","ping_status":"open","sticky":false,"template":"","format":"standard","meta":{"advanced_seo_description":"","jetpack_seo_html_title":"","jetpack_seo_noindex":false,"jetpack_seo_schema_type":"","episode_type":"","audio_file":"","podmotor_file_id":"","podmotor_episode_id":"","cover_image":"","cover_image_id":"","duration":"","filesize":"","filesize_raw":"","date_recorded":"","explicit":"","block":"","_jetpack_newsletter_access":"","_jetpack_dont_email_post_to_subs":false,"_jetpack_newsletter_tier_id":0,"_jetpack_memberships_contains_paywalled_content":false,"_jetpack_feature_clip_id":0,"_jetpack_memberships_contains_paid_content":false,"footnotes":"","jetpack_publicize_message":"","jetpack_publicize_feature_enabled":true,"jetpack_social_post_already_shared":false,"jetpack_social_options":{"image_generator_settings":{"template":"highway","default_image_id":0,"font":"","enabled":false},"version":2},"jetpack_post_was_ever_published":false},"categories":[2],"tags":[51,17,18,40,21,5],"series":[],"class_list":["post-14394","post","type-post","status-publish","format-standard","hentry","category-limones","tag-dios","tag-historia","tag-hombre","tag-paz","tag-problema","tag-tiempo"],"episode_featured_image":false,"episode_player_image":"https:\/\/i0.wp.com\/quechilero.com\/blog\/imagenes\/podcast.png?fit=1831%2C1831&ssl=1","download_link":"","player_link":"","audio_player":false,"episode_data":{"playerMode":"dark","subscribeUrls":{"amazon":{"key":"amazon","url":"","label":"Amazon","class":"amazon","icon":"amazon.png"},"apple_podcasts":{"key":"apple_podcasts","url":"","label":"Apple Podcasts","class":"apple_podcasts","icon":"apple-podcasts.png"},"castbox":{"key":"castbox","url":"","label":"CastBox","class":"castbox","icon":"castbox.png"},"deezer":{"key":"deezer","url":"","label":"Deezer","class":"deezer","icon":"deezer.png"},"google_podcasts":{"key":"google_podcasts","url":"","label":"Google Podcasts","class":"google_podcasts","icon":"google-podcasts.png"},"listen_notes":{"key":"listen_notes","url":"","label":"Listen Notes","class":"listen_notes","icon":"listen-notes.png"},"pandora":{"key":"pandora","url":"","label":"Pandora","class":"pandora","icon":"pandora.png"},"podbean":{"key":"podbean","url":"","label":"Podbean","class":"podbean","icon":"podbean.png"},"podcast_republic":{"key":"podcast_republic","url":"","label":"Podcast Republic","class":"podcast_republic","icon":"podcast-republic.png"},"rss":{"key":"rss","url":"","label":"RSS","class":"rss","icon":"rss.png"},"spotify":{"key":"spotify","url":"","label":"Spotify","class":"spotify","icon":"spotify.png"},"stitcher":{"key":"stitcher","url":"","label":"Stitcher","class":"stitcher","icon":"stitcher.png"},"tunein":{"key":"tunein","url":"","label":"TuneIn","class":"tunein","icon":"tunein.png"},"youtube":{"key":"youtube","url":"","label":"YouTube","class":"youtube","icon":"youtube.png"},"iheartradio":{"key":"iheartradio","url":"","label":"iHeartRadio","class":"iheartradio","icon":"iheartradio.png"},"ivoox":{"key":"ivoox","url":"","label":"iVoox","class":"ivoox","icon":"ivoox.png"}},"rssFeedUrl":"https:\/\/quechilero.com\/blog\/feed\/podcast\/si-la-vida-nos-da-limones","embedCode":"<blockquote class=\"wp-embedded-content\" data-secret=\"QE4QgTCswk\"><a href=\"https:\/\/quechilero.com\/blog\/2012\/09\/10\/no-te-aferres-al-pecado\/\">No te aferres al pecado<\/a><\/blockquote><iframe sandbox=\"allow-scripts\" security=\"restricted\" src=\"https:\/\/quechilero.com\/blog\/2012\/09\/10\/no-te-aferres-al-pecado\/embed\/#?secret=QE4QgTCswk\" width=\"500\" height=\"350\" title=\"\u00abNo te aferres al pecado\u00bb \u2014 Si la Vida nos da Limones...\" data-secret=\"QE4QgTCswk\" frameborder=\"0\" marginwidth=\"0\" marginheight=\"0\" scrolling=\"no\" class=\"wp-embedded-content\"><\/iframe><script>\n\/*! This file is auto-generated *\/\n!function(d,l){\"use strict\";l.querySelector&&d.addEventListener&&\"undefined\"!=typeof URL&&(d.wp=d.wp||{},d.wp.receiveEmbedMessage||(d.wp.receiveEmbedMessage=function(e){var t=e.data;if((t||t.secret||t.message||t.value)&&!\/[^a-zA-Z0-9]\/.test(t.secret)){for(var s,r,n,a=l.querySelectorAll('iframe[data-secret=\"'+t.secret+'\"]'),o=l.querySelectorAll('blockquote[data-secret=\"'+t.secret+'\"]'),c=new RegExp(\"^https?:$\",\"i\"),i=0;i<o.length;i++)o[i].style.display=\"none\";for(i=0;i<a.length;i++)s=a[i],e.source===s.contentWindow&&(s.removeAttribute(\"style\"),\"height\"===t.message?(1e3<(r=parseInt(t.value,10))?r=1e3:~~r<200&&(r=200),s.height=r):\"link\"===t.message&&(r=new URL(s.getAttribute(\"src\")),n=new URL(t.value),c.test(n.protocol))&&n.host===r.host&&l.activeElement===s&&(d.top.location.href=t.value))}},d.addEventListener(\"message\",d.wp.receiveEmbedMessage,!1),l.addEventListener(\"DOMContentLoaded\",function(){for(var e,t,s=l.querySelectorAll(\"iframe.wp-embedded-content\"),r=0;r<s.length;r++)(t=(e=s[r]).getAttribute(\"data-secret\"))||(t=Math.random().toString(36).substring(2,12),e.src+=\"#?secret=\"+t,e.setAttribute(\"data-secret\",t)),e.contentWindow.postMessage({message:\"ready\",secret:t},\"*\")},!1)))}(window,document);\n\/\/# sourceURL=https:\/\/quechilero.com\/blog\/wp-includes\/js\/wp-embed.min.js\n<\/script>\n"},"jetpack_publicize_connections":[],"jetpack_shortlink":"https:\/\/wp.me\/pDKli-3Ka","jetpack_sharing_enabled":true,"jetpack-related-posts":[{"id":16735,"url":"https:\/\/quechilero.com\/blog\/2013\/05\/31\/el-%ef%bb%bfarbol-de-manzanas\/","url_meta":{"origin":14394,"position":0},"title":"El \ufeff\u00e1rbol de manzanas","author":"Pepe Barrascout Ortiz","date":"31 mayo 2013","format":false,"excerpt":"Hace mucho tiempo, exist\u00eda un enorme \u00e1rbol de manzanas. Un peque\u00f1o ni\u00f1o lo amaba mucho y todos los d\u00edas jugaba alrededor de \u00e9l. Trepaba al \u00e1rbol hasta el tope, com\u00eda sus manzanas y tomaba una siesta bajo su sombra. \u00c9l amaba al \u00e1rbol y el \u00e1rbol amaba al ni\u00f1o. Pas\u00f3\u2026","rel":"","context":"En \u00abLimones\u00bb","block_context":{"text":"Limones","link":"https:\/\/quechilero.com\/blog\/category\/limones\/"},"img":{"alt_text":"","src":"","width":0,"height":0},"classes":[]},{"id":21591,"url":"https:\/\/quechilero.com\/blog\/2015\/09\/17\/el-arbol-de-los-problemas\/","url_meta":{"origin":14394,"position":1},"title":"El \u00e1rbol de los problemas","author":"Pepe Barrascout Ortiz","date":"17 septiembre 2015","format":false,"excerpt":"Hab\u00eda contratado un carpintero para que me ayudara a restaurar la abandonada casa de mis abuelos, ubicada en medio del campo. La idea de mudarme all\u00ed era mi sue\u00f1o, estaba muy agotado con el trabajo, necesitaba paz y estar en contacto con la naturaleza. En su primer d\u00eda, al carpintero\u2026","rel":"","context":"En \u00abLimones\u00bb","block_context":{"text":"Limones","link":"https:\/\/quechilero.com\/blog\/category\/limones\/"},"img":{"alt_text":"","src":"","width":0,"height":0},"classes":[]},{"id":14890,"url":"https:\/\/quechilero.com\/blog\/2012\/10\/25\/buscando-centavos\/","url_meta":{"origin":14394,"position":2},"title":"Buscando centavos","author":"Pepe Barrascout Ortiz","date":"25 octubre 2012","format":false,"excerpt":"Un d\u00eda un muchachito estaba caminando cuando descubri\u00f3 un centavo de cobre brillando en el polvo. Lo recogi\u00f3 y lo sostuvo con entusiasmo. \u00a1El centavo era suyo y no le hab\u00eda costado nada! Desde ese d\u00eda, dondequiera que caminaba, manten\u00eda gacha la cabeza, sus ojos inspeccionando atentamente el suelo en\u2026","rel":"","context":"En \u00abLimones\u00bb","block_context":{"text":"Limones","link":"https:\/\/quechilero.com\/blog\/category\/limones\/"},"img":{"alt_text":"","src":"","width":0,"height":0},"classes":[]},{"id":521,"url":"https:\/\/quechilero.com\/blog\/2007\/04\/16\/lecciones-gerenciales-de-la-naturaleza\/","url_meta":{"origin":14394,"position":3},"title":"Lecciones Gerenciales de la Naturaleza","author":"Pepe Barrascout Ortiz","date":"16 abril 2007","format":false,"excerpt":"Lecci\u00f3n 1 Un cuervo estaba sentado en un \u00e1rbol, sin hacer nada en todo el d\u00eda. Un conejito vio al cuervo y le pregunt\u00f3: \"\u00bfPodr\u00eda yo tambien sentarme, sin hacer nada, todo el d\u00eda?\" El cuervo respondi\u00f3: \"Claro. \u00bfPor qu\u00e9 no?\" El conejito se tumb\u00f3 a la sombra del \u00e1rbol\u2026","rel":"","context":"En \u00abLimones\u00bb","block_context":{"text":"Limones","link":"https:\/\/quechilero.com\/blog\/category\/limones\/"},"img":{"alt_text":"","src":"","width":0,"height":0},"classes":[]},{"id":17727,"url":"https:\/\/quechilero.com\/blog\/2014\/02\/09\/invierno\/","url_meta":{"origin":14394,"position":4},"title":"Invierno","author":"Pepe Barrascout Ortiz","date":"9 febrero 2014","format":false,"excerpt":"Recuerdo que un invierno mi padre necesitaba le\u00f1a, as\u00ed que busc\u00f3 un \u00e1rbol muerto y lo cort\u00f3. Pero luego, en la primavera, vio desolado que al tronco marchito de ese \u00e1rbol le brotaron renuevos. Mi padre dijo: \"Yo estaba seguro de que ese \u00e1rbol estaba muerto. Hab\u00eda perdido todas las\u2026","rel":"","context":"En \u00abLimones\u00bb","block_context":{"text":"Limones","link":"https:\/\/quechilero.com\/blog\/category\/limones\/"},"img":{"alt_text":"","src":"","width":0,"height":0},"classes":[]},{"id":17322,"url":"https:\/\/quechilero.com\/blog\/2013\/10\/06\/un-%ef%bb%bfcaracter-demasiado-debil\/","url_meta":{"origin":14394,"position":5},"title":"Un \ufeffcar\u00e1cter demasiado d\u00e9bil","author":"Pepe Barrascout Ortiz","date":"6 octubre 2013","format":false,"excerpt":"Hab\u00eda una vez un viejo campesino que viv\u00eda del producto de algunos mu de tierra que \u00e9l mismo cultivaba. Era un hombre d\u00e9bil de car\u00e1cter, pero tomaba su debilidad con esp\u00edritu apacible. Un d\u00eda fueron a decirle: - Su vecino ha metido su vaca en el campo de usted y\u2026","rel":"","context":"En \u00abLimones\u00bb","block_context":{"text":"Limones","link":"https:\/\/quechilero.com\/blog\/category\/limones\/"},"img":{"alt_text":"","src":"","width":0,"height":0},"classes":[]}],"jetpack_featured_media_url":"","_links":{"self":[{"href":"https:\/\/quechilero.com\/blog\/wp-json\/wp\/v2\/posts\/14394","targetHints":{"allow":["GET"]}}],"collection":[{"href":"https:\/\/quechilero.com\/blog\/wp-json\/wp\/v2\/posts"}],"about":[{"href":"https:\/\/quechilero.com\/blog\/wp-json\/wp\/v2\/types\/post"}],"author":[{"embeddable":true,"href":"https:\/\/quechilero.com\/blog\/wp-json\/wp\/v2\/users\/1"}],"replies":[{"embeddable":true,"href":"https:\/\/quechilero.com\/blog\/wp-json\/wp\/v2\/comments?post=14394"}],"version-history":[{"count":0,"href":"https:\/\/quechilero.com\/blog\/wp-json\/wp\/v2\/posts\/14394\/revisions"}],"wp:attachment":[{"href":"https:\/\/quechilero.com\/blog\/wp-json\/wp\/v2\/media?parent=14394"}],"wp:term":[{"taxonomy":"category","embeddable":true,"href":"https:\/\/quechilero.com\/blog\/wp-json\/wp\/v2\/categories?post=14394"},{"taxonomy":"post_tag","embeddable":true,"href":"https:\/\/quechilero.com\/blog\/wp-json\/wp\/v2\/tags?post=14394"},{"taxonomy":"series","embeddable":true,"href":"https:\/\/quechilero.com\/blog\/wp-json\/wp\/v2\/series?post=14394"}],"curies":[{"name":"wp","href":"https:\/\/api.w.org\/{rel}","templated":true}]}}