{"id":142,"date":"2006-08-15T15:26:21","date_gmt":"2006-08-15T21:26:21","guid":{"rendered":"http:\/\/quechilero.com\/blog\/2006\/08\/15\/la-feria-de-jocotenango\/"},"modified":"2006-08-15T15:26:21","modified_gmt":"2006-08-15T21:26:21","slug":"la-feria-de-jocotenango","status":"publish","type":"post","link":"https:\/\/quechilero.com\/blog\/2006\/08\/15\/la-feria-de-jocotenango\/","title":{"rendered":"La Feria de Jocotenango"},"content":{"rendered":"<p><a target=\"_new\" title=\"Photo Sharing\" href=\"http:\/\/www.flickr.com\/photos\/pepejaguar\/216296044\/\"><img data-recalc-dims=\"1\" loading=\"lazy\" decoding=\"async\" width=\"447\" height=\"335\" border=\"0\" alt=\"Feria de Jocotenango\" src=\"https:\/\/i0.wp.com\/static.flickr.com\/86\/216296044_700b3b4c75_o.jpg?resize=447%2C335\" \/><\/a><\/p>\n<p>Esta actividad es celebrada todos los a\u00f1os en las inmediaciones del Hip\u00f3dromo del Norte, durante el mes de agosto. Sin embargo, primero se ubic\u00f3 en el \u00e1rea del Cerrito del Carmen. La festividad, que conmemora a la Virgen de la Asunci\u00f3n, se lleva a cabo en todas las comunidades en donde esta advocaci\u00f3n de Mar\u00eda es patrona. Es as\u00ed como Joyabaj, Nebaj, Asunci\u00f3n Mita, Tactic, Chiquimula, Santa Eulalia, Cantel, Jocotenango, Tacan\u00e1, Guazacap\u00e1n y Solol\u00e1, poseen sus propias Ferias de Jocotenango.<\/p>\n<p>La fiesta popular que la ciudad celebra en honor a la Virgen se remonta al a\u00f1o de 1620. Luego, a causa de los terremotos de 1773 y el posterior abandono de Santiago de los Caballeros de Guatemala, la feria se traslad\u00f3 al Valle de la Hermita siguiendo a la Virgen a su nueva locaci\u00f3n el 23 de mayo de 1776. La imagen reposa en la iglesia del mismo nombre, ubicada en la zona dos.<\/p>\n<p>Seg\u00fan Miguel \u00c1lvarez Ar\u00e9valo, el acontecimiento era la principal actividad social durante el siglo XIX. Manuel Salazar se\u00f1ala que los presidentes Jos\u00e9 Mar\u00eda Reyna Barrios y Manuel Estrada Cabrera impulsaron con energ\u00eda la festividad. Durante el mandato de este \u00faltimo se erigieron el Mapa en Relieve y el Monumento a Minerva, que dieron realce al \u00e1rea que era visitada por la alta sociedad de la \u00e9poca.<\/p>\n<p>Los t\u00edpicos salones de baile, las exposiciones artesanales o las ganaderas y las marimbas ?que eran antes la tradici\u00f3n ya no figuran? apunta \u00c1lvarez, quien es el cronista de la capital. La natural evoluci\u00f3n cultural ha propiciado que se fueran perdiendo elementos caracter\u00edsticos dando lugar a que se establezcan otros.<\/p>\n<p class=\"content\"><a target=\"_blank\" href=\"http:\/\/revistarecrearte.com\/modules.php?name=News&#038;file=article&#038;sid=128\">Texto original<\/a>.<br \/>\n<a target=\"_blank\" href=\"http:\/\/romerogt.delaermita.com\/blog\/2006\/08\/13\/feria-de-jocotenango-asuncion\/\">Fotograf\u00eda original Mauricio Romero<\/a>.<\/p>\n","protected":false},"excerpt":{"rendered":"<p>Esta actividad es celebrada todos los a\u00f1os en las inmediaciones del Hip\u00f3dromo del Norte, durante el mes de agosto. Sin embargo, primero se ubic\u00f3 en el \u00e1rea del Cerrito del Carmen. La festividad, que conmemora a la Virgen de la Asunci\u00f3n, se lleva a cabo en todas las comunidades en donde esta advocaci\u00f3n de Mar\u00eda &#8230; <a title=\"La Feria de Jocotenango\" class=\"read-more\" href=\"https:\/\/quechilero.com\/blog\/2006\/08\/15\/la-feria-de-jocotenango\/\" aria-label=\"Leer m\u00e1s sobre La Feria de Jocotenango\">Leer m\u00e1s<\/a><\/p>\n","protected":false},"author":1,"featured_media":0,"comment_status":"open","ping_status":"open","sticky":false,"template":"","format":"standard","meta":{"advanced_seo_description":"","jetpack_seo_html_title":"","jetpack_seo_noindex":false,"jetpack_seo_schema_type":"","episode_type":"","audio_file":"","podmotor_file_id":"","podmotor_episode_id":"","cover_image":"","cover_image_id":"","duration":"","filesize":"","filesize_raw":"","date_recorded":"","explicit":"","block":"","_jetpack_newsletter_access":"","_jetpack_dont_email_post_to_subs":false,"_jetpack_newsletter_tier_id":0,"_jetpack_memberships_contains_paywalled_content":false,"_jetpack_feature_clip_id":0,"_jetpack_memberships_contains_paid_content":false,"footnotes":"","jetpack_publicize_message":"","jetpack_publicize_feature_enabled":true,"jetpack_social_post_already_shared":false,"jetpack_social_options":{"image_generator_settings":{"template":"highway","default_image_id":0,"font":"","enabled":false},"version":2},"jetpack_post_was_ever_published":false},"categories":[2],"tags":[4,71,8,10,47,24],"series":[],"class_list":["post-142","post","type-post","status-publish","format-standard","hentry","category-limones","tag-blog","tag-energia","tag-fotografia","tag-guatemala","tag-mapa","tag-vida"],"episode_featured_image":false,"episode_player_image":"https:\/\/i0.wp.com\/quechilero.com\/blog\/imagenes\/podcast.png?fit=1831%2C1831&ssl=1","download_link":"","player_link":"","audio_player":false,"episode_data":{"playerMode":"dark","subscribeUrls":{"amazon":{"key":"amazon","url":"","label":"Amazon","class":"amazon","icon":"amazon.png"},"apple_podcasts":{"key":"apple_podcasts","url":"","label":"Apple Podcasts","class":"apple_podcasts","icon":"apple-podcasts.png"},"castbox":{"key":"castbox","url":"","label":"CastBox","class":"castbox","icon":"castbox.png"},"deezer":{"key":"deezer","url":"","label":"Deezer","class":"deezer","icon":"deezer.png"},"google_podcasts":{"key":"google_podcasts","url":"","label":"Google Podcasts","class":"google_podcasts","icon":"google-podcasts.png"},"listen_notes":{"key":"listen_notes","url":"","label":"Listen Notes","class":"listen_notes","icon":"listen-notes.png"},"pandora":{"key":"pandora","url":"","label":"Pandora","class":"pandora","icon":"pandora.png"},"podbean":{"key":"podbean","url":"","label":"Podbean","class":"podbean","icon":"podbean.png"},"podcast_republic":{"key":"podcast_republic","url":"","label":"Podcast Republic","class":"podcast_republic","icon":"podcast-republic.png"},"rss":{"key":"rss","url":"","label":"RSS","class":"rss","icon":"rss.png"},"spotify":{"key":"spotify","url":"","label":"Spotify","class":"spotify","icon":"spotify.png"},"stitcher":{"key":"stitcher","url":"","label":"Stitcher","class":"stitcher","icon":"stitcher.png"},"tunein":{"key":"tunein","url":"","label":"TuneIn","class":"tunein","icon":"tunein.png"},"youtube":{"key":"youtube","url":"","label":"YouTube","class":"youtube","icon":"youtube.png"},"iheartradio":{"key":"iheartradio","url":"","label":"iHeartRadio","class":"iheartradio","icon":"iheartradio.png"},"ivoox":{"key":"ivoox","url":"","label":"iVoox","class":"ivoox","icon":"ivoox.png"}},"rssFeedUrl":"https:\/\/quechilero.com\/blog\/feed\/podcast\/si-la-vida-nos-da-limones","embedCode":"<blockquote class=\"wp-embedded-content\" data-secret=\"kOCkQuyhBG\"><a href=\"https:\/\/quechilero.com\/blog\/2006\/08\/15\/la-feria-de-jocotenango\/\">La Feria de Jocotenango<\/a><\/blockquote><iframe sandbox=\"allow-scripts\" security=\"restricted\" src=\"https:\/\/quechilero.com\/blog\/2006\/08\/15\/la-feria-de-jocotenango\/embed\/#?secret=kOCkQuyhBG\" width=\"500\" height=\"350\" title=\"\u00abLa Feria de Jocotenango\u00bb \u2014 Si la Vida nos da Limones...\" data-secret=\"kOCkQuyhBG\" frameborder=\"0\" marginwidth=\"0\" marginheight=\"0\" scrolling=\"no\" class=\"wp-embedded-content\"><\/iframe><script>\n\/*! This file is auto-generated *\/\n!function(d,l){\"use strict\";l.querySelector&&d.addEventListener&&\"undefined\"!=typeof URL&&(d.wp=d.wp||{},d.wp.receiveEmbedMessage||(d.wp.receiveEmbedMessage=function(e){var t=e.data;if((t||t.secret||t.message||t.value)&&!\/[^a-zA-Z0-9]\/.test(t.secret)){for(var s,r,n,a=l.querySelectorAll('iframe[data-secret=\"'+t.secret+'\"]'),o=l.querySelectorAll('blockquote[data-secret=\"'+t.secret+'\"]'),c=new RegExp(\"^https?:$\",\"i\"),i=0;i<o.length;i++)o[i].style.display=\"none\";for(i=0;i<a.length;i++)s=a[i],e.source===s.contentWindow&&(s.removeAttribute(\"style\"),\"height\"===t.message?(1e3<(r=parseInt(t.value,10))?r=1e3:~~r<200&&(r=200),s.height=r):\"link\"===t.message&&(r=new URL(s.getAttribute(\"src\")),n=new URL(t.value),c.test(n.protocol))&&n.host===r.host&&l.activeElement===s&&(d.top.location.href=t.value))}},d.addEventListener(\"message\",d.wp.receiveEmbedMessage,!1),l.addEventListener(\"DOMContentLoaded\",function(){for(var e,t,s=l.querySelectorAll(\"iframe.wp-embedded-content\"),r=0;r<s.length;r++)(t=(e=s[r]).getAttribute(\"data-secret\"))||(t=Math.random().toString(36).substring(2,12),e.src+=\"#?secret=\"+t,e.setAttribute(\"data-secret\",t)),e.contentWindow.postMessage({message:\"ready\",secret:t},\"*\")},!1)))}(window,document);\n\/\/# sourceURL=https:\/\/quechilero.com\/blog\/wp-includes\/js\/wp-embed.min.js\n<\/script>\n"},"jetpack_publicize_connections":[],"jetpack_shortlink":"https:\/\/wp.me\/pDKli-2i","jetpack_sharing_enabled":true,"jetpack-related-posts":[{"id":5485,"url":"https:\/\/quechilero.com\/blog\/2010\/08\/15\/virgen-de-la-asuncion-2\/","url_meta":{"origin":142,"position":0},"title":"Virgen de la Asunci\u00f3n","author":"Pepe Barrascout Ortiz","date":"15 agosto 2010","format":false,"excerpt":"Hoy 15 de agosto, celebramos el d\u00eda de La Virgen de la Asunci\u00f3n, hagamos una oraci\u00f3n, con nuestras peticiones personales, pero en especial, por la paz de Guatemala, para que nos proteja, como Madre de Dios y Madre Nuestra, interceda por todos nosotros, para que recibamos la dicha de ver\u2026","rel":"","context":"En \u00abLimones\u00bb","block_context":{"text":"Limones","link":"https:\/\/quechilero.com\/blog\/category\/limones\/"},"img":{"alt_text":"","src":"https:\/\/i0.wp.com\/i392.photobucket.com\/albums\/pp7\/pepejaguar\/blog\/AsunciondelaVirgen.jpg?resize=350%2C200","width":350,"height":200},"classes":[]},{"id":14366,"url":"https:\/\/quechilero.com\/blog\/2012\/08\/15\/santisima-virgen-de-la-asuncion\/","url_meta":{"origin":142,"position":1},"title":"Sant\u00edsima Virgen de la Asunci\u00f3n","author":"Pepe Barrascout Ortiz","date":"15 agosto 2012","format":false,"excerpt":"Al cielo vais, Se\u00f1ora, y alla os reciben con alegre canto. \u00a1Oh quien pudiera ahora asirse a vuestro manto para subir con vos al monte santo! De angeles sois llevada de quien servida sois desde la cuna, de estrellas coronada: \u00a1 Tal Reina habra ninguna, pues os calza los pies\u2026","rel":"","context":"En \u00abLimones\u00bb","block_context":{"text":"Limones","link":"https:\/\/quechilero.com\/blog\/category\/limones\/"},"img":{"alt_text":"","src":"","width":0,"height":0},"classes":[]},{"id":807,"url":"https:\/\/quechilero.com\/blog\/2007\/12\/08\/virgen-de-concepcion\/","url_meta":{"origin":142,"position":2},"title":"Virgen de Concepci\u00f3n","author":"Pepe Barrascout Ortiz","date":"8 diciembre 2007","format":false,"excerpt":"Desde 1854, cada 8 de diciembre se conmemora el D\u00eda de la Inmaculada Concepci\u00f3n de Mar\u00eda. La importancia de esta fecha para los cat\u00f3licos es muy grande. Formalmente, el D\u00eda de la Inmaculada Concepci\u00f3n fue declarado el 8 de diciembre de 1854, por el Papa en ejercicio en este entonces,\u2026","rel":"","context":"En \u00abLimones\u00bb","block_context":{"text":"Limones","link":"https:\/\/quechilero.com\/blog\/category\/limones\/"},"img":{"alt_text":"Virgen de Concepci\u00f3n","src":"https:\/\/i0.wp.com\/img141.imageshack.us\/img141\/3083\/3167152484a8214dec0ag4.jpg?resize=350%2C200","width":350,"height":200},"classes":[]},{"id":212,"url":"https:\/\/quechilero.com\/blog\/2006\/09\/08\/feliz-cumpleanos-virgen-maria\/","url_meta":{"origin":142,"position":3},"title":"Feliz Cumplea\u00f1os Virgen Mar\u00eda","author":"Pepe Barrascout Ortiz","date":"8 septiembre 2006","format":false,"excerpt":"La Virgen Mar\u00eda fue la Madre de Jes\u00fas y, con este hecho, se cumplieron las Escrituras y todo lo dicho por los profetas. Dios escogi\u00f3 a esta mujer para ser la Madre de su Hijo. Con ella se aproxim\u00f3 la hora de la salvaci\u00f3n. Por esta raz\u00f3n la Iglesia celebra\u2026","rel":"","context":"En \u00abLimones\u00bb","block_context":{"text":"Limones","link":"https:\/\/quechilero.com\/blog\/category\/limones\/"},"img":{"alt_text":"Virgen Mar\u00eda y Jes\u00fas","src":"https:\/\/i0.wp.com\/static.flickr.com\/80\/237816042_af63aaefeb.jpg?resize=350%2C200","width":350,"height":200},"classes":[]},{"id":1502,"url":"https:\/\/quechilero.com\/blog\/2008\/08\/15\/la-asuncion-de-la-virgen-santisima\/","url_meta":{"origin":142,"position":4},"title":"La Asunci\u00f3n de la Virgen Sant\u00edsima","author":"Pepe Barrascout Ortiz","date":"15 agosto 2008","format":false,"excerpt":"El Papa P\u00edo XII bajo la inspiraci\u00f3n del Esp\u00edritu Santo, y despu\u00e9s de consultar con todos los obispos de la Iglesia Cat\u00f3lica, y de escuchar el sentir de los fieles, el primero de Nov. de 1950, defini\u00f3 solemnemente con su suprema autoridad apost\u00f3lica, el dogma de la Asunci\u00f3n de Mar\u00eda.\u2026","rel":"","context":"En \u00abLimones\u00bb","block_context":{"text":"Limones","link":"https:\/\/quechilero.com\/blog\/category\/limones\/"},"img":{"alt_text":"Asunci\u00f3n de la Virgen, Tiziano, Santa Maria gloriosa dei Frari ","src":"https:\/\/i0.wp.com\/img175.imageshack.us\/img175\/1396\/302pxtizian041eg6.jpg?resize=350%2C200","width":350,"height":200},"classes":[]},{"id":3569,"url":"https:\/\/quechilero.com\/blog\/2009\/08\/15\/virgen-de-la-asuncion\/","url_meta":{"origin":142,"position":5},"title":"Virgen de la Asunci\u00f3n","author":"Pepe Barrascout Ortiz","date":"15 agosto 2009","format":false,"excerpt":"Explicaci\u00f3n de la fiesta La Asunci\u00f3n es un mensaje de esperanza que nos hace pensar en la dicha de alcanzar el Cielo, la gloria de Dios y en la alegr\u00eda de tener una madre que ha alcanzado la meta a la que nosotros caminamos. Este d\u00eda, recordamos que Mar\u00eda es\u2026","rel":"","context":"En \u00abLimones\u00bb","block_context":{"text":"Limones","link":"https:\/\/quechilero.com\/blog\/category\/limones\/"},"img":{"alt_text":"","src":"","width":0,"height":0},"classes":[]}],"jetpack_featured_media_url":"","_links":{"self":[{"href":"https:\/\/quechilero.com\/blog\/wp-json\/wp\/v2\/posts\/142","targetHints":{"allow":["GET"]}}],"collection":[{"href":"https:\/\/quechilero.com\/blog\/wp-json\/wp\/v2\/posts"}],"about":[{"href":"https:\/\/quechilero.com\/blog\/wp-json\/wp\/v2\/types\/post"}],"author":[{"embeddable":true,"href":"https:\/\/quechilero.com\/blog\/wp-json\/wp\/v2\/users\/1"}],"replies":[{"embeddable":true,"href":"https:\/\/quechilero.com\/blog\/wp-json\/wp\/v2\/comments?post=142"}],"version-history":[{"count":0,"href":"https:\/\/quechilero.com\/blog\/wp-json\/wp\/v2\/posts\/142\/revisions"}],"wp:attachment":[{"href":"https:\/\/quechilero.com\/blog\/wp-json\/wp\/v2\/media?parent=142"}],"wp:term":[{"taxonomy":"category","embeddable":true,"href":"https:\/\/quechilero.com\/blog\/wp-json\/wp\/v2\/categories?post=142"},{"taxonomy":"post_tag","embeddable":true,"href":"https:\/\/quechilero.com\/blog\/wp-json\/wp\/v2\/tags?post=142"},{"taxonomy":"series","embeddable":true,"href":"https:\/\/quechilero.com\/blog\/wp-json\/wp\/v2\/series?post=142"}],"curies":[{"name":"wp","href":"https:\/\/api.w.org\/{rel}","templated":true}]}}