{"id":1419,"date":"2008-08-10T09:00:54","date_gmt":"2008-08-10T15:00:54","guid":{"rendered":"http:\/\/quechilero.com\/blog\/?p=1419"},"modified":"2008-08-10T09:00:54","modified_gmt":"2008-08-10T15:00:54","slug":"1972-2","status":"publish","type":"post","link":"https:\/\/quechilero.com\/blog\/2008\/08\/10\/1972-2\/","title":{"rendered":"1972"},"content":{"rendered":"<p><strong>10 de agosto 1972<\/strong>, en a\u00f1os anteriores he escrito algo relacionado con esta fecha, por ejemplo <a title=\"Dia Noj\" href=\"http:\/\/quechilero.com\/blog\/2006\/08\/10\/dia-noj\/\" target=\"_blank\"><strong>El d\u00eda No&#8217;j<\/strong><\/a>, o tambi\u00e9n algunas <a title=\"1972\" href=\"http:\/\/quechilero.com\/blog\/2006\/08\/11\/1972\/\">efem\u00e9rides relacionadas con la fecha y el a\u00f1o<\/a>, tambi\u00e9n escrib\u00ed algo sobre el lugar <a title=\"Mapa en Relieve\" href=\"http:\/\/quechilero.com\/blog\/2006\/08\/11\/mapa-en-relieve\/\">donde me manten\u00eda cuando ni\u00f1o<\/a>.<\/p>\n<p>A manera de efem\u00e9ride gr\u00e1fica, ahora publico algunas im\u00e1genes, junto a las de <a title=\"En la v\u00edspera\" href=\"http:\/\/quechilero.com\/blog\/2008\/08\/09\/en-la-vispera\/\"><strong>la v\u00edspera<\/strong><\/a>, con algunos <strong>\u00edconos<\/strong> representativos de este a\u00f1o, especial para mi.<\/p>\n<p><strong>Avances en los medios de transporte:<\/strong><\/p>\n<p><em>Arriba:<\/em> El <strong>Apolo 16<\/strong>, desde <em>1969<\/em>, (otro a\u00f1o especial para mi), la humanidad con su ingenio envi\u00f3 varias misiones tripuladas a La Luna, el <strong>Apolo 16<\/strong>, aluniz\u00f3 el 16 de abril de 1972, casi cuatro meses antes de mi nacimiento.<\/p>\n<p><em>En medio:<\/em> el <strong>Concorde<\/strong> en la gloria de su apogeo, redujo como nunca antes, la distancia entre <em>Inglaterra y Estados Unidos<\/em>, con tan solo 4 horas de vuelo, se pod\u00eda desayunar en Nueva York, asistir a una reuni\u00f3n en Par\u00eds y regresar para la cena a Manhattan. Hoy el <strong>Concorde<\/strong> ya no surca el atl\u00e1ntico, debido a sus altos costos de operaci\u00f3n.<\/p>\n<p><em>Abajo:<\/em> las bicicletas siempre me han apasionado y la <strong>Schwinn Suburban<\/strong>, fue el modelo comercial que los j\u00f3venes de 1972 ten\u00edan en sus hogares y con los que se divert\u00edan. <em>Observar el detalle de la cadena: color azul.<\/em><\/p>\n<p><a href=\"http:\/\/img384.imageshack.us\/my.php?image=unodo4.jpg\"><img data-recalc-dims=\"1\" loading=\"lazy\" decoding=\"async\" class=\"alignnone\" src=\"https:\/\/i0.wp.com\/img384.imageshack.us\/img384\/6964\/unodo4.jpg?resize=500%2C750\" alt=\"\" width=\"500\" height=\"750\" \/><\/a><\/p>\n<p><!--more--><em>Abajo:<\/em> La potente <strong>Kawasaki H2 750<\/strong>, en esta \u00e9poca donde la <em>gasolina no era un problema<\/em>, los motores potentes y las motocicletas veloces eran comunes de ver en las carreteras.<\/p>\n<p><em>En medio:<\/em> <strong>Vespa Rallie 200<\/strong>, la cl\u00e1sica <em>motoneta<\/em> para uso dom\u00e9stico, percursora de las actuales <em>Pasolas<\/em>.<\/p>\n<p><em>Mas abajo:<\/em> El <strong>Festival del Dolar<\/strong>, con monedas conmemorativas<\/p>\n<p><a href=\"http:\/\/img413.imageshack.us\/my.php?image=unoio0.jpg\"><img data-recalc-dims=\"1\" loading=\"lazy\" decoding=\"async\" class=\"alignnone\" src=\"https:\/\/i0.wp.com\/img413.imageshack.us\/img413\/1413\/unoio0.jpg?resize=500%2C750\" alt=\"\" width=\"500\" height=\"750\" \/><\/a><\/p>\n<p><em>A continuaci\u00f3n:<\/em> el inicio de lo que ser\u00eda la industria del video juego, <strong>Pong<\/strong>, conocido como el <em>Ping-pong<\/em>, fue uno de los primero video juegos de la historia, que lejos quedaron esos tiempos de los <em>juegos simples<\/em>, sin muertos, ni vidas.<\/p>\n<p><em>En medio:<\/em> <strong>PP<\/strong> <em>(Pepe)<\/em> <strong>Preston Guild, commemorative<\/strong> de 1972.<\/p>\n<p><em>Abajo:<\/em> Cartel anunciando los <strong>Juegos Ol\u00edmpicos<\/strong> en <em>Munich, Alemania<\/em>, del 26 de agosto al 10 de septiembre de <strong>1972<\/strong>.<\/p>\n<p><a href=\"http:\/\/img155.imageshack.us\/my.php?image=unokc0.jpg\"><img data-recalc-dims=\"1\" loading=\"lazy\" decoding=\"async\" class=\"alignnone\" src=\"https:\/\/i0.wp.com\/img155.imageshack.us\/img155\/9585\/unokc0.jpg?resize=500%2C750\" alt=\"\" width=\"500\" height=\"750\" \/><\/a><\/p>\n<p><strong>Comics:<\/strong><\/p>\n<p><em>Izquierda:<\/em> Edici\u00f3n especial de enero 1972, n\u00famero 245, con <em>100 espectaculares p\u00e1ginas.<\/em><\/p>\n<p><em>Derecha:<\/em> Edici\u00f3n regular de agosto 1972, n\u00famero 255. N\u00f3tense los precios de estos c\u00f3mics.<\/p>\n<p><a href=\"http:\/\/img217.imageshack.us\/my.php?image=unohm5.jpg\"><img data-recalc-dims=\"1\" loading=\"lazy\" decoding=\"async\" class=\"alignnone\" src=\"https:\/\/i0.wp.com\/img217.imageshack.us\/img217\/9207\/unohm5.jpg?resize=500%2C373\" alt=\"\" width=\"500\" height=\"373\" \/><\/a><\/p>\n<p><strong>Cer\u00e1mica:<\/strong><\/p>\n<p><em>A continuaci\u00f3n:<\/em> <strong>Navidad de 1972<\/strong>, recuerdo conmemorativo.<\/p>\n<p><em>En medio:<\/em>Vajilla que muestra una pintura de <strong>Cupido<\/strong> y de dos <em>aves enamoradas<\/em>.<\/p>\n<p><em>Al final:<\/em> Venados 1972, <strong>D\u00eda de la madre.<\/strong><\/p>\n<p><a href=\"http:\/\/img292.imageshack.us\/my.php?image=unomn9.jpg\"><img data-recalc-dims=\"1\" loading=\"lazy\" decoding=\"async\" class=\"alignnone\" src=\"https:\/\/i0.wp.com\/img292.imageshack.us\/img292\/7591\/unomn9.jpg?resize=500%2C1117\" alt=\"\" width=\"500\" height=\"1117\" \/><\/a><\/p>\n<p>Nos vemos el pr\u00f3ximo a\u00f1o, si <strong>Dios lo permite<\/strong> <em>y con la intercesi\u00f3n de Nuestra Madre, la <\/em><strong>Virgen Mar\u00eda Sant\u00edsima.<\/strong> Saludos a todos<\/p>\n","protected":false},"excerpt":{"rendered":"<p>10 de agosto 1972, en a\u00f1os anteriores he escrito algo relacionado con esta fecha, por ejemplo El d\u00eda No&#8217;j, o tambi\u00e9n algunas efem\u00e9rides relacionadas con la fecha y el a\u00f1o, tambi\u00e9n escrib\u00ed algo sobre el lugar donde me manten\u00eda cuando ni\u00f1o. A manera de efem\u00e9ride gr\u00e1fica, ahora publico algunas im\u00e1genes, junto a las de la &#8230; <a title=\"1972\" class=\"read-more\" href=\"https:\/\/quechilero.com\/blog\/2008\/08\/10\/1972-2\/\" aria-label=\"Leer m\u00e1s sobre 1972\">Leer m\u00e1s<\/a><\/p>\n","protected":false},"author":1,"featured_media":0,"comment_status":"open","ping_status":"open","sticky":false,"template":"","format":"standard","meta":{"advanced_seo_description":"","jetpack_seo_html_title":"","jetpack_seo_noindex":false,"jetpack_seo_schema_type":"","episode_type":"","audio_file":"","podmotor_file_id":"","podmotor_episode_id":"","cover_image":"","cover_image_id":"","duration":"","filesize":"","filesize_raw":"","date_recorded":"","explicit":"","block":"","_jetpack_newsletter_access":"","_jetpack_dont_email_post_to_subs":false,"_jetpack_newsletter_tier_id":0,"_jetpack_memberships_contains_paywalled_content":false,"_jetpack_feature_clip_id":0,"_jetpack_memberships_contains_paid_content":false,"footnotes":"","jetpack_publicize_message":"","jetpack_publicize_feature_enabled":true,"jetpack_social_post_already_shared":false,"jetpack_social_options":{"image_generator_settings":{"template":"highway","default_image_id":0,"font":"","enabled":false},"version":2},"jetpack_post_was_ever_published":false},"categories":[2],"tags":[15,4,51,32,17,39,47,21,5,24,25,80],"series":[],"class_list":["post-1419","post","type-post","status-publish","format-standard","hentry","category-limones","tag-amor","tag-blog","tag-dios","tag-especial","tag-historia","tag-madre","tag-mapa","tag-problema","tag-tiempo","tag-vida","tag-video","tag-virgen-maria"],"episode_featured_image":false,"episode_player_image":"https:\/\/i0.wp.com\/quechilero.com\/blog\/imagenes\/podcast.png?fit=1831%2C1831&ssl=1","download_link":"","player_link":"","audio_player":false,"episode_data":{"playerMode":"dark","subscribeUrls":{"amazon":{"key":"amazon","url":"","label":"Amazon","class":"amazon","icon":"amazon.png"},"apple_podcasts":{"key":"apple_podcasts","url":"","label":"Apple Podcasts","class":"apple_podcasts","icon":"apple-podcasts.png"},"castbox":{"key":"castbox","url":"","label":"CastBox","class":"castbox","icon":"castbox.png"},"deezer":{"key":"deezer","url":"","label":"Deezer","class":"deezer","icon":"deezer.png"},"google_podcasts":{"key":"google_podcasts","url":"","label":"Google Podcasts","class":"google_podcasts","icon":"google-podcasts.png"},"listen_notes":{"key":"listen_notes","url":"","label":"Listen Notes","class":"listen_notes","icon":"listen-notes.png"},"pandora":{"key":"pandora","url":"","label":"Pandora","class":"pandora","icon":"pandora.png"},"podbean":{"key":"podbean","url":"","label":"Podbean","class":"podbean","icon":"podbean.png"},"podcast_republic":{"key":"podcast_republic","url":"","label":"Podcast Republic","class":"podcast_republic","icon":"podcast-republic.png"},"rss":{"key":"rss","url":"","label":"RSS","class":"rss","icon":"rss.png"},"spotify":{"key":"spotify","url":"","label":"Spotify","class":"spotify","icon":"spotify.png"},"stitcher":{"key":"stitcher","url":"","label":"Stitcher","class":"stitcher","icon":"stitcher.png"},"tunein":{"key":"tunein","url":"","label":"TuneIn","class":"tunein","icon":"tunein.png"},"youtube":{"key":"youtube","url":"","label":"YouTube","class":"youtube","icon":"youtube.png"},"iheartradio":{"key":"iheartradio","url":"","label":"iHeartRadio","class":"iheartradio","icon":"iheartradio.png"},"ivoox":{"key":"ivoox","url":"","label":"iVoox","class":"ivoox","icon":"ivoox.png"}},"rssFeedUrl":"https:\/\/quechilero.com\/blog\/feed\/podcast\/si-la-vida-nos-da-limones","embedCode":"<blockquote class=\"wp-embedded-content\" data-secret=\"oIjvNq6ytb\"><a href=\"https:\/\/quechilero.com\/blog\/2008\/08\/10\/1972-2\/\">1972<\/a><\/blockquote><iframe sandbox=\"allow-scripts\" security=\"restricted\" src=\"https:\/\/quechilero.com\/blog\/2008\/08\/10\/1972-2\/embed\/#?secret=oIjvNq6ytb\" width=\"500\" height=\"350\" title=\"\u00ab1972\u00bb \u2014 Si la Vida nos da Limones...\" data-secret=\"oIjvNq6ytb\" frameborder=\"0\" marginwidth=\"0\" marginheight=\"0\" scrolling=\"no\" class=\"wp-embedded-content\"><\/iframe><script>\n\/*! This file is auto-generated *\/\n!function(d,l){\"use strict\";l.querySelector&&d.addEventListener&&\"undefined\"!=typeof URL&&(d.wp=d.wp||{},d.wp.receiveEmbedMessage||(d.wp.receiveEmbedMessage=function(e){var t=e.data;if((t||t.secret||t.message||t.value)&&!\/[^a-zA-Z0-9]\/.test(t.secret)){for(var s,r,n,a=l.querySelectorAll('iframe[data-secret=\"'+t.secret+'\"]'),o=l.querySelectorAll('blockquote[data-secret=\"'+t.secret+'\"]'),c=new RegExp(\"^https?:$\",\"i\"),i=0;i<o.length;i++)o[i].style.display=\"none\";for(i=0;i<a.length;i++)s=a[i],e.source===s.contentWindow&&(s.removeAttribute(\"style\"),\"height\"===t.message?(1e3<(r=parseInt(t.value,10))?r=1e3:~~r<200&&(r=200),s.height=r):\"link\"===t.message&&(r=new URL(s.getAttribute(\"src\")),n=new URL(t.value),c.test(n.protocol))&&n.host===r.host&&l.activeElement===s&&(d.top.location.href=t.value))}},d.addEventListener(\"message\",d.wp.receiveEmbedMessage,!1),l.addEventListener(\"DOMContentLoaded\",function(){for(var e,t,s=l.querySelectorAll(\"iframe.wp-embedded-content\"),r=0;r<s.length;r++)(t=(e=s[r]).getAttribute(\"data-secret\"))||(t=Math.random().toString(36).substring(2,12),e.src+=\"#?secret=\"+t,e.setAttribute(\"data-secret\",t)),e.contentWindow.postMessage({message:\"ready\",secret:t},\"*\")},!1)))}(window,document);\n\/\/# sourceURL=https:\/\/quechilero.com\/blog\/wp-includes\/js\/wp-embed.min.js\n<\/script>\n"},"jetpack_publicize_connections":[],"jetpack_shortlink":"https:\/\/wp.me\/pDKli-mT","jetpack_sharing_enabled":true,"jetpack-related-posts":[{"id":18063,"url":"https:\/\/quechilero.com\/blog\/2014\/08\/10\/como-te-cambia-la-vida-ser-papa\/","url_meta":{"origin":1419,"position":0},"title":"Como te cambia la vida ser pap\u00e1","author":"Pepe Barrascout Ortiz","date":"10 agosto 2014","format":false,"excerpt":"No hay duda que una de las cosas mas importantes en la vida de cualquier persona, es el d\u00eda en que se convierte en padre. Como te cambia la vida ser pap\u00e1, b\u00e1sicamente es mas que un cambio, es un inicio totalmente nuevo, el tener bajo su cargo y responsabilidad\u2026","rel":"","context":"En \u00abLimones\u00bb","block_context":{"text":"Limones","link":"https:\/\/quechilero.com\/blog\/category\/limones\/"},"img":{"alt_text":"","src":"https:\/\/i0.wp.com\/img.youtube.com\/vi\/-prOqP8AxAA\/0.jpg?resize=350%2C200","width":350,"height":200},"classes":[]},{"id":137,"url":"https:\/\/quechilero.com\/blog\/2006\/08\/11\/1972\/","url_meta":{"origin":1419,"position":1},"title":"1972","author":"Pepe Barrascout Ortiz","date":"11 agosto 2006","format":false,"excerpt":"Nunca me hab\u00eda puesto a pensar que tantas cosas hab\u00edan pasado en este a\u00f1o, por supuesto que la mas importante para mi, es que en esos d\u00edas fue que nac\u00ed. Dando una revisadita r\u00e1pida en los buscadores m\u00e1s famosos de internet encontr\u00e9 un listado de cosas interesantes relacionadas con el\u2026","rel":"","context":"En \u00abLimones\u00bb","block_context":{"text":"Limones","link":"https:\/\/quechilero.com\/blog\/category\/limones\/"},"img":{"alt_text":"","src":"","width":0,"height":0},"classes":[]},{"id":1055,"url":"https:\/\/quechilero.com\/blog\/2008\/08\/18\/comunion-en-la-luna\/","url_meta":{"origin":1419,"position":2},"title":"Comuni\u00f3n en la luna","author":"Pepe Barrascout Ortiz","date":"18 agosto 2008","format":false,"excerpt":"El Apolo 11 aluniz\u00f3 sobre la superficie de la luna el 20 de julio de 1969. La mayor\u00eda de nosotros estamos familiarizados con la hist\u00f3rica declaraci\u00f3n de Armstrong cuando pis\u00f3 la superficie lunar: \"Es un peque\u00f1o paso para un hombre; un gran salto para la humanidad\". Pero muy pocas personas\u2026","rel":"","context":"En \u00abLimones\u00bb","block_context":{"text":"Limones","link":"https:\/\/quechilero.com\/blog\/category\/limones\/"},"img":{"alt_text":"","src":"","width":0,"height":0},"classes":[]},{"id":1361,"url":"https:\/\/quechilero.com\/blog\/2008\/08\/09\/en-la-vispera\/","url_meta":{"origin":1419,"position":3},"title":"En la v\u00edspera","author":"Pepe Barrascout Ortiz","date":"9 agosto 2008","format":false,"excerpt":"En la v\u00edspera del aniversario de mi natalicio, presento una selecci\u00f3n de fotograf\u00edas de distintos \u00edconos representativos del a\u00f1o en que pas\u00e9 a formar parte de este planeta 1972. El a\u00f1o anterior coment\u00e9 algo sobre Un Nuevo D\u00eda, el cual invito a leer nuevamente. Abajo: Ford Mustang Mach1, cl\u00e1sico entre\u2026","rel":"","context":"En \u00abLimones\u00bb","block_context":{"text":"Limones","link":"https:\/\/quechilero.com\/blog\/category\/limones\/"},"img":{"alt_text":"","src":"https:\/\/i0.wp.com\/img242.imageshack.us\/img242\/5227\/unovk8.jpg?resize=350%2C200","width":350,"height":200},"classes":[]},{"id":3253,"url":"https:\/\/quechilero.com\/blog\/2009\/08\/16\/maraton-de-blogs-el-chiltepe\/","url_meta":{"origin":1419,"position":4},"title":"Marat\u00f3n de Blogs: El Chiltepe","author":"Pepe Barrascout Ortiz","date":"16 agosto 2009","format":false,"excerpt":"Me gusta mucho leer blogs relacionados con el dise\u00f1o gr\u00e1fico o industrial y entre estos destaca definitivamente El Chiltepe, que es dirigido por Alejandra Barahona, una gran dise\u00f1adora guatemalteca que ha destacado enormemente en el extranjero, exponiendo muchas de sus ilustraciones, en importantes galer\u00edas de Estados Unidos y Europa. Desde\u2026","rel":"","context":"En \u00abBlogs de Guatemala\u00bb","block_context":{"text":"Blogs de Guatemala","link":"https:\/\/quechilero.com\/blog\/category\/blogs-de-guatemala\/"},"img":{"alt_text":"Marat\u00f3n de Blogs 2009","src":"https:\/\/i0.wp.com\/i392.photobucket.com\/albums\/pp7\/pepejaguar\/maraton2009\/maraton2009.jpg?resize=350%2C200","width":350,"height":200,"srcset":"https:\/\/i0.wp.com\/i392.photobucket.com\/albums\/pp7\/pepejaguar\/maraton2009\/maraton2009.jpg?resize=350%2C200 1x, https:\/\/i0.wp.com\/i392.photobucket.com\/albums\/pp7\/pepejaguar\/maraton2009\/maraton2009.jpg?resize=525%2C300 1.5x"},"classes":[]},{"id":12970,"url":"https:\/\/quechilero.com\/blog\/2012\/03\/27\/caminata-terrenal\/","url_meta":{"origin":1419,"position":5},"title":"Caminata Terrenal","author":"Pepe Barrascout Ortiz","date":"27 marzo 2012","format":false,"excerpt":"Despu\u00e9s de la misi\u00f3n del Apolo XV, el coronel James Irwin relat\u00f3 algunos de los puntos sobresalientes de su experiencia. Cont\u00f3 de sus cuerpos sin peso flotando libres en la c\u00e1psula espacial, el semic\u00edrculo en aumento de la tierra como se ve desde la luna, y el descenso triunfal de\u2026","rel":"","context":"En \u00abLimones\u00bb","block_context":{"text":"Limones","link":"https:\/\/quechilero.com\/blog\/category\/limones\/"},"img":{"alt_text":"","src":"","width":0,"height":0},"classes":[]}],"jetpack_featured_media_url":"","_links":{"self":[{"href":"https:\/\/quechilero.com\/blog\/wp-json\/wp\/v2\/posts\/1419","targetHints":{"allow":["GET"]}}],"collection":[{"href":"https:\/\/quechilero.com\/blog\/wp-json\/wp\/v2\/posts"}],"about":[{"href":"https:\/\/quechilero.com\/blog\/wp-json\/wp\/v2\/types\/post"}],"author":[{"embeddable":true,"href":"https:\/\/quechilero.com\/blog\/wp-json\/wp\/v2\/users\/1"}],"replies":[{"embeddable":true,"href":"https:\/\/quechilero.com\/blog\/wp-json\/wp\/v2\/comments?post=1419"}],"version-history":[{"count":0,"href":"https:\/\/quechilero.com\/blog\/wp-json\/wp\/v2\/posts\/1419\/revisions"}],"wp:attachment":[{"href":"https:\/\/quechilero.com\/blog\/wp-json\/wp\/v2\/media?parent=1419"}],"wp:term":[{"taxonomy":"category","embeddable":true,"href":"https:\/\/quechilero.com\/blog\/wp-json\/wp\/v2\/categories?post=1419"},{"taxonomy":"post_tag","embeddable":true,"href":"https:\/\/quechilero.com\/blog\/wp-json\/wp\/v2\/tags?post=1419"},{"taxonomy":"series","embeddable":true,"href":"https:\/\/quechilero.com\/blog\/wp-json\/wp\/v2\/series?post=1419"}],"curies":[{"name":"wp","href":"https:\/\/api.w.org\/{rel}","templated":true}]}}