{"id":14029,"date":"2012-07-01T08:00:28","date_gmt":"2012-07-01T14:00:28","guid":{"rendered":"http:\/\/quechilero.com\/blog\/?p=14029"},"modified":"2012-07-01T08:00:28","modified_gmt":"2012-07-01T14:00:28","slug":"de-caminar","status":"publish","type":"post","link":"https:\/\/quechilero.com\/blog\/2012\/07\/01\/de-caminar\/","title":{"rendered":"De caminar"},"content":{"rendered":"<p>Dos hombres caminan por la playa. Uno de ellos hace esto porque, en virtud de problemas de coraz\u00f3n, el m\u00e9dico aconsej\u00f3 los paseos matinales. El otro est\u00e1 all\u00ed porque la caminata es uno de los grandes placeres de su vida.<\/p>\n<p>El hombre con problemas de coraz\u00f3n comenta: \u00ab\u00a1Quisiera que esto acabe enseguida! \u00a1Es aburrid\u00edsimo andar por la playa!\u00bb. El otro no entiende el comentario; en su mundo, las caminatas son agradables.<\/p>\n<p>El hombre con problemas de coraz\u00f3n pod\u00eda sacar provecho de lo que le sucede en la vida. Cualquier actividad tocada por el amor, es motivo de placer y j\u00fabilo.<\/p>\n<p>Pero \u00e9l no lo consigue; la caminata es un tratamiento m\u00e9dico, nada m\u00e1s. Por eso, su hora y media de alegr\u00eda se transforma en suplicio y tormento.<\/p>\n<p><em><strong>Del libro \u00abMaktub\u00bb, de Paulo Coelho<\/strong><\/em><\/p>\n","protected":false},"excerpt":{"rendered":"<p>Dos hombres caminan por la playa. Uno de ellos hace esto porque, en virtud de problemas de coraz\u00f3n, el m\u00e9dico aconsej\u00f3 los paseos matinales. El otro est\u00e1 all\u00ed porque la caminata es uno de los grandes placeres de su vida. El hombre con problemas de coraz\u00f3n comenta: \u00ab\u00a1Quisiera que esto acabe enseguida! \u00a1Es aburrid\u00edsimo andar &#8230; <a title=\"De caminar\" class=\"read-more\" href=\"https:\/\/quechilero.com\/blog\/2012\/07\/01\/de-caminar\/\" aria-label=\"Leer m\u00e1s sobre De caminar\">Leer m\u00e1s<\/a><\/p>\n","protected":false},"author":1,"featured_media":0,"comment_status":"open","ping_status":"open","sticky":false,"template":"","format":"standard","meta":{"advanced_seo_description":"","jetpack_seo_html_title":"","jetpack_seo_noindex":false,"jetpack_seo_schema_type":"","episode_type":"","audio_file":"","podmotor_file_id":"","podmotor_episode_id":"","cover_image":"","cover_image_id":"","duration":"","filesize":"","filesize_raw":"","date_recorded":"","explicit":"","block":"","_jetpack_newsletter_access":"","_jetpack_dont_email_post_to_subs":false,"_jetpack_newsletter_tier_id":0,"_jetpack_memberships_contains_paywalled_content":false,"_jetpack_feature_clip_id":0,"_jetpack_memberships_contains_paid_content":false,"footnotes":"","jetpack_publicize_message":"","jetpack_publicize_feature_enabled":true,"jetpack_social_post_already_shared":false,"jetpack_social_options":{"image_generator_settings":{"template":"highway","default_image_id":0,"font":"","enabled":false},"version":2},"jetpack_post_was_ever_published":false},"categories":[2],"tags":[87,15,18,72,21,24],"series":[],"class_list":["post-14029","post","type-post","status-publish","format-standard","hentry","category-limones","tag-alegria","tag-amor","tag-hombre","tag-libro","tag-problema","tag-vida"],"episode_featured_image":false,"episode_player_image":"https:\/\/i0.wp.com\/quechilero.com\/blog\/imagenes\/podcast.png?fit=1831%2C1831&ssl=1","download_link":"","player_link":"","audio_player":false,"episode_data":{"playerMode":"dark","subscribeUrls":{"amazon":{"key":"amazon","url":"","label":"Amazon","class":"amazon","icon":"amazon.png"},"apple_podcasts":{"key":"apple_podcasts","url":"","label":"Apple Podcasts","class":"apple_podcasts","icon":"apple-podcasts.png"},"castbox":{"key":"castbox","url":"","label":"CastBox","class":"castbox","icon":"castbox.png"},"deezer":{"key":"deezer","url":"","label":"Deezer","class":"deezer","icon":"deezer.png"},"google_podcasts":{"key":"google_podcasts","url":"","label":"Google Podcasts","class":"google_podcasts","icon":"google-podcasts.png"},"listen_notes":{"key":"listen_notes","url":"","label":"Listen Notes","class":"listen_notes","icon":"listen-notes.png"},"pandora":{"key":"pandora","url":"","label":"Pandora","class":"pandora","icon":"pandora.png"},"podbean":{"key":"podbean","url":"","label":"Podbean","class":"podbean","icon":"podbean.png"},"podcast_republic":{"key":"podcast_republic","url":"","label":"Podcast Republic","class":"podcast_republic","icon":"podcast-republic.png"},"rss":{"key":"rss","url":"","label":"RSS","class":"rss","icon":"rss.png"},"spotify":{"key":"spotify","url":"","label":"Spotify","class":"spotify","icon":"spotify.png"},"stitcher":{"key":"stitcher","url":"","label":"Stitcher","class":"stitcher","icon":"stitcher.png"},"tunein":{"key":"tunein","url":"","label":"TuneIn","class":"tunein","icon":"tunein.png"},"youtube":{"key":"youtube","url":"","label":"YouTube","class":"youtube","icon":"youtube.png"},"iheartradio":{"key":"iheartradio","url":"","label":"iHeartRadio","class":"iheartradio","icon":"iheartradio.png"},"ivoox":{"key":"ivoox","url":"","label":"iVoox","class":"ivoox","icon":"ivoox.png"}},"rssFeedUrl":"https:\/\/quechilero.com\/blog\/feed\/podcast\/si-la-vida-nos-da-limones","embedCode":"<blockquote class=\"wp-embedded-content\" data-secret=\"Ku6wmrxg0w\"><a href=\"https:\/\/quechilero.com\/blog\/2012\/07\/01\/de-caminar\/\">De caminar<\/a><\/blockquote><iframe sandbox=\"allow-scripts\" security=\"restricted\" src=\"https:\/\/quechilero.com\/blog\/2012\/07\/01\/de-caminar\/embed\/#?secret=Ku6wmrxg0w\" width=\"500\" height=\"350\" title=\"\u00abDe caminar\u00bb \u2014 Si la Vida nos da Limones...\" data-secret=\"Ku6wmrxg0w\" frameborder=\"0\" marginwidth=\"0\" marginheight=\"0\" scrolling=\"no\" class=\"wp-embedded-content\"><\/iframe><script>\n\/*! This file is auto-generated *\/\n!function(d,l){\"use strict\";l.querySelector&&d.addEventListener&&\"undefined\"!=typeof URL&&(d.wp=d.wp||{},d.wp.receiveEmbedMessage||(d.wp.receiveEmbedMessage=function(e){var t=e.data;if((t||t.secret||t.message||t.value)&&!\/[^a-zA-Z0-9]\/.test(t.secret)){for(var s,r,n,a=l.querySelectorAll('iframe[data-secret=\"'+t.secret+'\"]'),o=l.querySelectorAll('blockquote[data-secret=\"'+t.secret+'\"]'),c=new RegExp(\"^https?:$\",\"i\"),i=0;i<o.length;i++)o[i].style.display=\"none\";for(i=0;i<a.length;i++)s=a[i],e.source===s.contentWindow&&(s.removeAttribute(\"style\"),\"height\"===t.message?(1e3<(r=parseInt(t.value,10))?r=1e3:~~r<200&&(r=200),s.height=r):\"link\"===t.message&&(r=new URL(s.getAttribute(\"src\")),n=new URL(t.value),c.test(n.protocol))&&n.host===r.host&&l.activeElement===s&&(d.top.location.href=t.value))}},d.addEventListener(\"message\",d.wp.receiveEmbedMessage,!1),l.addEventListener(\"DOMContentLoaded\",function(){for(var e,t,s=l.querySelectorAll(\"iframe.wp-embedded-content\"),r=0;r<s.length;r++)(t=(e=s[r]).getAttribute(\"data-secret\"))||(t=Math.random().toString(36).substring(2,12),e.src+=\"#?secret=\"+t,e.setAttribute(\"data-secret\",t)),e.contentWindow.postMessage({message:\"ready\",secret:t},\"*\")},!1)))}(window,document);\n\/\/# sourceURL=https:\/\/quechilero.com\/blog\/wp-includes\/js\/wp-embed.min.js\n<\/script>\n"},"jetpack_publicize_connections":[],"jetpack_shortlink":"https:\/\/wp.me\/pDKli-3Eh","jetpack_sharing_enabled":true,"jetpack-related-posts":[{"id":12970,"url":"https:\/\/quechilero.com\/blog\/2012\/03\/27\/caminata-terrenal\/","url_meta":{"origin":14029,"position":0},"title":"Caminata Terrenal","author":"Pepe Barrascout Ortiz","date":"27 marzo 2012","format":false,"excerpt":"Despu\u00e9s de la misi\u00f3n del Apolo XV, el coronel James Irwin relat\u00f3 algunos de los puntos sobresalientes de su experiencia. Cont\u00f3 de sus cuerpos sin peso flotando libres en la c\u00e1psula espacial, el semic\u00edrculo en aumento de la tierra como se ve desde la luna, y el descenso triunfal de\u2026","rel":"","context":"En \u00abLimones\u00bb","block_context":{"text":"Limones","link":"https:\/\/quechilero.com\/blog\/category\/limones\/"},"img":{"alt_text":"","src":"","width":0,"height":0},"classes":[]},{"id":421,"url":"https:\/\/quechilero.com\/blog\/2007\/02\/01\/el-problema\/","url_meta":{"origin":14029,"position":1},"title":"El Problema","author":"Pepe Barrascout Ortiz","date":"1 febrero 2007","format":false,"excerpt":"? Cuentan que cierto d\u00eda en un monasterio Zen-Budista, los monjes se encontraron con la muerte de uno de sus guardianes y fue preciso encontrar un substituto. El Gran Maestro convoc\u00f3 a todos los disc\u00edpulos para determinar qui\u00e9n ser\u00eda el nuevo centinela. El Maestro, con mucha tranquilidad y calma, dijo:\u2026","rel":"","context":"En \u00abLimones\u00bb","block_context":{"text":"Limones","link":"https:\/\/quechilero.com\/blog\/category\/limones\/"},"img":{"alt_text":"","src":"","width":0,"height":0},"classes":[]},{"id":566,"url":"https:\/\/quechilero.com\/blog\/2007\/06\/03\/el-problema-2\/","url_meta":{"origin":14029,"position":2},"title":"El Problema","author":"Pepe Barrascout Ortiz","date":"3 junio 2007","format":false,"excerpt":"\"Cuentan que cierto d\u00eda en un monasterio Zen-Budista, los monjes se encontraron con la muerte de uno de sus guardianes y fue preciso encontrar un substituto. El Gran Maestro convoc\u00f3 a todos los disc\u00edpulos para determinar qui\u00e9n ser\u00eda el nuevo centinela. El Maestro, con mucha tranquilidad y calma, dijo: -\u2026","rel":"","context":"En \u00abLimones\u00bb","block_context":{"text":"Limones","link":"https:\/\/quechilero.com\/blog\/category\/limones\/"},"img":{"alt_text":"","src":"","width":0,"height":0},"classes":[]},{"id":568,"url":"https:\/\/quechilero.com\/blog\/2007\/06\/05\/el-corazon-de-una-mujer\/","url_meta":{"origin":14029,"position":3},"title":"El coraz\u00f3n de una mujer","author":"Pepe Barrascout Ortiz","date":"5 junio 2007","format":false,"excerpt":"Cuando el Se\u00f1or hizo a la mujer, era su sexto d\u00eda de trabajo haciendo horas extras... Un \u00c1ngel apareci\u00f3 y dijo \"\u00bfPor qu\u00e9 pasas tanto tiempo en \u00e9sta?\" Y el Se\u00f1or le contest\u00f3 diciendo: \"Has visto el formulario de especificaciones que tiene? Tiene que ser completamente lavable, pero no pl\u00e1stica,\u2026","rel":"","context":"En \u00abLimones\u00bb","block_context":{"text":"Limones","link":"https:\/\/quechilero.com\/blog\/category\/limones\/"},"img":{"alt_text":"","src":"","width":0,"height":0},"classes":[]},{"id":11459,"url":"https:\/\/quechilero.com\/blog\/2011\/12\/24\/oracion-de-bendicion-para-la-cena-de-navidad\/","url_meta":{"origin":14029,"position":4},"title":"Oraci\u00f3n de Bendici\u00f3n para la Cena de Navidad","author":"Pepe Barrascout Ortiz","date":"24 diciembre 2011","format":false,"excerpt":"Bendice, Se\u00f1or, nuestra mesa.\u00a0Bendice la fraternidad y la armon\u00eda que hay\u00a0entre nosotros. Danos alegr\u00eda, paz, salud, pan\u2026 durante\u00a0toda nuestra vida. Danos fuerza y ternura para ser hombres y\u00a0mujeres justos donde haya buenos d\u00edas y muchas noches-buenas, como \u00e9sta y la que celebraremos con nuestras familias el 24 de diciembre. Queremos\u2026","rel":"","context":"En \u00abLimones\u00bb","block_context":{"text":"Limones","link":"https:\/\/quechilero.com\/blog\/category\/limones\/"},"img":{"alt_text":"","src":"","width":0,"height":0},"classes":[]},{"id":2788,"url":"https:\/\/quechilero.com\/blog\/2009\/06\/10\/la-palabra-shalom\/","url_meta":{"origin":14029,"position":5},"title":"La palabra SHALOM","author":"Pepe Barrascout Ortiz","date":"10 junio 2009","format":false,"excerpt":"SHALOM es una palabra hebrea que acostumbra a traducirse al portugu\u00e9s\/espa\u00f1ol como \"paz\". Es verdad... Pero su profundidad y significado tiene un alcance mucho mayor. En su ra\u00edz semita (sh-l-m) significa \"estar lleno, sentirse completo, abarcado, en plenitud\". SHALOM no es una simple ausencia de conflicto, entre naciones o entre\u2026","rel":"","context":"En \u00abLimones\u00bb","block_context":{"text":"Limones","link":"https:\/\/quechilero.com\/blog\/category\/limones\/"},"img":{"alt_text":"","src":"","width":0,"height":0},"classes":[]}],"jetpack_featured_media_url":"","_links":{"self":[{"href":"https:\/\/quechilero.com\/blog\/wp-json\/wp\/v2\/posts\/14029","targetHints":{"allow":["GET"]}}],"collection":[{"href":"https:\/\/quechilero.com\/blog\/wp-json\/wp\/v2\/posts"}],"about":[{"href":"https:\/\/quechilero.com\/blog\/wp-json\/wp\/v2\/types\/post"}],"author":[{"embeddable":true,"href":"https:\/\/quechilero.com\/blog\/wp-json\/wp\/v2\/users\/1"}],"replies":[{"embeddable":true,"href":"https:\/\/quechilero.com\/blog\/wp-json\/wp\/v2\/comments?post=14029"}],"version-history":[{"count":0,"href":"https:\/\/quechilero.com\/blog\/wp-json\/wp\/v2\/posts\/14029\/revisions"}],"wp:attachment":[{"href":"https:\/\/quechilero.com\/blog\/wp-json\/wp\/v2\/media?parent=14029"}],"wp:term":[{"taxonomy":"category","embeddable":true,"href":"https:\/\/quechilero.com\/blog\/wp-json\/wp\/v2\/categories?post=14029"},{"taxonomy":"post_tag","embeddable":true,"href":"https:\/\/quechilero.com\/blog\/wp-json\/wp\/v2\/tags?post=14029"},{"taxonomy":"series","embeddable":true,"href":"https:\/\/quechilero.com\/blog\/wp-json\/wp\/v2\/series?post=14029"}],"curies":[{"name":"wp","href":"https:\/\/api.w.org\/{rel}","templated":true}]}}