{"id":13838,"date":"2012-07-02T08:00:23","date_gmt":"2012-07-02T14:00:23","guid":{"rendered":"http:\/\/quechilero.com\/blog\/?p=13838"},"modified":"2012-07-02T08:00:23","modified_gmt":"2012-07-02T14:00:23","slug":"flashmob-carmina-burana","status":"publish","type":"post","link":"https:\/\/quechilero.com\/blog\/2012\/07\/02\/flashmob-carmina-burana\/","title":{"rendered":"Flashmob Carmina Burana"},"content":{"rendered":"<p><span class=\"embed-youtube\" style=\"text-align:center; display: block;\"><iframe loading=\"lazy\" class=\"youtube-player\" width=\"1200\" height=\"675\" src=\"https:\/\/www.youtube.com\/embed\/PJNp5UKRtbQ?version=3&#038;rel=1&#038;showsearch=0&#038;showinfo=1&#038;iv_load_policy=1&#038;fs=1&#038;hl=es-ES&#038;autohide=2&#038;wmode=transparent\" allowfullscreen=\"true\" style=\"border:0;\" sandbox=\"allow-scripts allow-same-origin allow-popups allow-presentation allow-popups-to-escape-sandbox\"><\/iframe><\/span><\/p>\n<p>Los solistas, el coro y la orquesta de la Volksoper de Viena, ofreci\u00f3 a los pasajeros y transe\u00fantes de la estaci\u00f3n de trenes y buses \u00d6BB local una actuaci\u00f3n especial. Los artistas se separaron y se mezclaron entre la multitud. De repente<em> \u00abtranse\u00fante\u00bb<\/em>, comenz\u00f3 y luego m\u00e1s <em>\u00abtranse\u00fantes<\/em>\u00bb siguieron interpretando <em>Carmina Burana<\/em>, deleitando a los pasajeros, con este fabuloso montaje.<\/p>\n<p>Que agradable ha de ser, que lo sorprendan a uno de esta forma tan ingeniosa y curiosa, dando unos minutos de frescura, a la agitada vida moderna. Mas que interesante, la reacci\u00f3n del p\u00fablico.<\/p>\n<p>\u00bfAlguna vez veremos algo similar en nuestras estaciones de buses en Guatemala?, \u00bfser\u00e1 apreciado por los transe\u00fantes y pasajeros?<\/p>\n","protected":false},"excerpt":{"rendered":"<p>Los solistas, el coro y la orquesta de la Volksoper de Viena, ofreci\u00f3 a los pasajeros y transe\u00fantes de la estaci\u00f3n de trenes y buses \u00d6BB local una actuaci\u00f3n especial. Los artistas se separaron y se mezclaron entre la multitud. De repente \u00abtranse\u00fante\u00bb, comenz\u00f3 y luego m\u00e1s \u00abtranse\u00fantes\u00bb siguieron interpretando Carmina Burana, deleitando a los &#8230; <a title=\"Flashmob Carmina Burana\" class=\"read-more\" href=\"https:\/\/quechilero.com\/blog\/2012\/07\/02\/flashmob-carmina-burana\/\" aria-label=\"Leer m\u00e1s sobre Flashmob Carmina Burana\">Leer m\u00e1s<\/a><\/p>\n","protected":false},"author":1,"featured_media":0,"comment_status":"open","ping_status":"open","sticky":false,"template":"","format":"standard","meta":{"advanced_seo_description":"","jetpack_seo_html_title":"","jetpack_seo_noindex":false,"jetpack_seo_schema_type":"","episode_type":"","audio_file":"","podmotor_file_id":"","podmotor_episode_id":"","cover_image":"","cover_image_id":"","duration":"","filesize":"","filesize_raw":"","date_recorded":"","explicit":"","block":"","_jetpack_newsletter_access":"","_jetpack_dont_email_post_to_subs":false,"_jetpack_newsletter_tier_id":0,"_jetpack_memberships_contains_paywalled_content":false,"_jetpack_feature_clip_id":0,"_jetpack_memberships_contains_paid_content":false,"footnotes":"","jetpack_publicize_message":"","jetpack_publicize_feature_enabled":true,"jetpack_social_post_already_shared":false,"jetpack_social_options":{"image_generator_settings":{"template":"highway","default_image_id":0,"font":"","enabled":false},"version":2},"jetpack_post_was_ever_published":false},"categories":[2],"tags":[14,32,10,24,53],"series":[],"class_list":["post-13838","post","type-post","status-publish","format-standard","hentry","category-limones","tag-accion","tag-especial","tag-guatemala","tag-vida","tag-youtube"],"episode_featured_image":false,"episode_player_image":"https:\/\/i0.wp.com\/quechilero.com\/blog\/imagenes\/podcast.png?fit=1831%2C1831&ssl=1","download_link":"","player_link":"","audio_player":false,"episode_data":{"playerMode":"dark","subscribeUrls":{"amazon":{"key":"amazon","url":"","label":"Amazon","class":"amazon","icon":"amazon.png"},"apple_podcasts":{"key":"apple_podcasts","url":"","label":"Apple Podcasts","class":"apple_podcasts","icon":"apple-podcasts.png"},"castbox":{"key":"castbox","url":"","label":"CastBox","class":"castbox","icon":"castbox.png"},"deezer":{"key":"deezer","url":"","label":"Deezer","class":"deezer","icon":"deezer.png"},"google_podcasts":{"key":"google_podcasts","url":"","label":"Google Podcasts","class":"google_podcasts","icon":"google-podcasts.png"},"listen_notes":{"key":"listen_notes","url":"","label":"Listen Notes","class":"listen_notes","icon":"listen-notes.png"},"pandora":{"key":"pandora","url":"","label":"Pandora","class":"pandora","icon":"pandora.png"},"podbean":{"key":"podbean","url":"","label":"Podbean","class":"podbean","icon":"podbean.png"},"podcast_republic":{"key":"podcast_republic","url":"","label":"Podcast Republic","class":"podcast_republic","icon":"podcast-republic.png"},"rss":{"key":"rss","url":"","label":"RSS","class":"rss","icon":"rss.png"},"spotify":{"key":"spotify","url":"","label":"Spotify","class":"spotify","icon":"spotify.png"},"stitcher":{"key":"stitcher","url":"","label":"Stitcher","class":"stitcher","icon":"stitcher.png"},"tunein":{"key":"tunein","url":"","label":"TuneIn","class":"tunein","icon":"tunein.png"},"youtube":{"key":"youtube","url":"","label":"YouTube","class":"youtube","icon":"youtube.png"},"iheartradio":{"key":"iheartradio","url":"","label":"iHeartRadio","class":"iheartradio","icon":"iheartradio.png"},"ivoox":{"key":"ivoox","url":"","label":"iVoox","class":"ivoox","icon":"ivoox.png"}},"rssFeedUrl":"https:\/\/quechilero.com\/blog\/feed\/podcast\/si-la-vida-nos-da-limones","embedCode":"<blockquote class=\"wp-embedded-content\" data-secret=\"p2wC9Ap6a2\"><a href=\"https:\/\/quechilero.com\/blog\/2012\/07\/02\/flashmob-carmina-burana\/\">Flashmob Carmina Burana<\/a><\/blockquote><iframe sandbox=\"allow-scripts\" security=\"restricted\" src=\"https:\/\/quechilero.com\/blog\/2012\/07\/02\/flashmob-carmina-burana\/embed\/#?secret=p2wC9Ap6a2\" width=\"500\" height=\"350\" title=\"\u00abFlashmob Carmina Burana\u00bb \u2014 Si la Vida nos da Limones...\" data-secret=\"p2wC9Ap6a2\" frameborder=\"0\" marginwidth=\"0\" marginheight=\"0\" scrolling=\"no\" class=\"wp-embedded-content\"><\/iframe><script>\n\/*! This file is auto-generated *\/\n!function(d,l){\"use strict\";l.querySelector&&d.addEventListener&&\"undefined\"!=typeof URL&&(d.wp=d.wp||{},d.wp.receiveEmbedMessage||(d.wp.receiveEmbedMessage=function(e){var t=e.data;if((t||t.secret||t.message||t.value)&&!\/[^a-zA-Z0-9]\/.test(t.secret)){for(var s,r,n,a=l.querySelectorAll('iframe[data-secret=\"'+t.secret+'\"]'),o=l.querySelectorAll('blockquote[data-secret=\"'+t.secret+'\"]'),c=new RegExp(\"^https?:$\",\"i\"),i=0;i<o.length;i++)o[i].style.display=\"none\";for(i=0;i<a.length;i++)s=a[i],e.source===s.contentWindow&&(s.removeAttribute(\"style\"),\"height\"===t.message?(1e3<(r=parseInt(t.value,10))?r=1e3:~~r<200&&(r=200),s.height=r):\"link\"===t.message&&(r=new URL(s.getAttribute(\"src\")),n=new URL(t.value),c.test(n.protocol))&&n.host===r.host&&l.activeElement===s&&(d.top.location.href=t.value))}},d.addEventListener(\"message\",d.wp.receiveEmbedMessage,!1),l.addEventListener(\"DOMContentLoaded\",function(){for(var e,t,s=l.querySelectorAll(\"iframe.wp-embedded-content\"),r=0;r<s.length;r++)(t=(e=s[r]).getAttribute(\"data-secret\"))||(t=Math.random().toString(36).substring(2,12),e.src+=\"#?secret=\"+t,e.setAttribute(\"data-secret\",t)),e.contentWindow.postMessage({message:\"ready\",secret:t},\"*\")},!1)))}(window,document);\n\/\/# sourceURL=https:\/\/quechilero.com\/blog\/wp-includes\/js\/wp-embed.min.js\n<\/script>\n"},"jetpack_publicize_connections":[],"jetpack_shortlink":"https:\/\/wp.me\/pDKli-3Bc","jetpack_sharing_enabled":true,"jetpack-related-posts":[{"id":13899,"url":"https:\/\/quechilero.com\/blog\/2012\/08\/07\/carmina-burana-o-fortuna\/","url_meta":{"origin":13838,"position":0},"title":"Carmina Burana: O Fortuna","author":"Pepe Barrascout Ortiz","date":"7 agosto 2012","format":false,"excerpt":"https:\/\/youtu.be\/GD3VsesSBsw Carmina Burana: O Fortuna Carl Off \u00a0-\u00a0Orquesta dirigida por Andr\u00e9 Rieu [izquierda]Original en lat\u00edn O Fortuna velut luna, statu variabilis, semper crescis aut decrescis; vita detestabilis nunc obdurat et tunc curat ludo mentis aciem, egestatem, potestatem dissolvit ut glaciem. Sors immanis et inanis, rota tu volubilis, status malus, vana\u2026","rel":"","context":"En \u00abLimones\u00bb","block_context":{"text":"Limones","link":"https:\/\/quechilero.com\/blog\/category\/limones\/"},"img":{"alt_text":"","src":"https:\/\/i0.wp.com\/img.youtube.com\/vi\/GD3VsesSBsw\/0.jpg?resize=350%2C200","width":350,"height":200},"classes":[]},{"id":3158,"url":"https:\/\/quechilero.com\/blog\/2009\/09\/07\/baby-baby-baby\/","url_meta":{"origin":13838,"position":1},"title":"Baby, baby, baby","author":"Pepe Barrascout Ortiz","date":"7 septiembre 2009","format":false,"excerpt":"El tema, Baby, baby, baby, el lugar, la calle Montorgueil en Par\u00eds a las 14:07, en esta secuencia de un poco mas de 4 minutos, se puede ver a 4 mujeres que caminan desnudas, por esta calle europea, ante el asombro de los transe\u00fantes. De haber sido grabado este video\u2026","rel":"","context":"En \u00abLimones\u00bb","block_context":{"text":"Limones","link":"https:\/\/quechilero.com\/blog\/category\/limones\/"},"img":{"alt_text":"","src":"","width":0,"height":0},"classes":[]},{"id":75,"url":"https:\/\/quechilero.com\/blog\/2006\/07\/29\/antigua-de-pelicula\/","url_meta":{"origin":13838,"position":2},"title":"Antigua de Pel\u00edcula","author":"Pepe Barrascout Ortiz","date":"29 julio 2006","format":false,"excerpt":"\"Gracias por su comprensi\u00f3n. Estamos filmando una pel\u00edcula; es muy importante su paciencia; no toque su bocina\". Estas palabras se le\u00edan en las esquinas de varias calles en Antigua Guatemala, as\u00ed como en los vidrios de los veh\u00edculos de los miembros de la producci\u00f3n. Se est\u00e1 filmando en la ciudad\u2026","rel":"","context":"En \u00abLimones\u00bb","block_context":{"text":"Limones","link":"https:\/\/quechilero.com\/blog\/category\/limones\/"},"img":{"alt_text":"Palladin","src":"https:\/\/i0.wp.com\/static.flickr.com\/59\/200796388_913c133c80_o.jpg?resize=350%2C200","width":350,"height":200},"classes":[]},{"id":16048,"url":"https:\/\/quechilero.com\/blog\/2013\/02\/25\/el-tren-de-la-vida\/","url_meta":{"origin":13838,"position":3},"title":"El Tren de la Vida","author":"Pepe Barrascout Ortiz","date":"25 febrero 2013","format":false,"excerpt":"Un amigo me habl\u00f3 de un libro que comparaba la vida con un viaje en tren. Un viaje muy interesante al ser bien interpretado. Exactamente as\u00ed, la vida no pasa de ser eso, un viaje en tren lleno de embarques y desembarques, algunos accidentes, sorpresas agradables en algunos momentos y,\u2026","rel":"","context":"En \u00abLimones\u00bb","block_context":{"text":"Limones","link":"https:\/\/quechilero.com\/blog\/category\/limones\/"},"img":{"alt_text":"","src":"","width":0,"height":0},"classes":[]},{"id":16582,"url":"https:\/\/quechilero.com\/blog\/2013\/04\/09\/videoblog-calor-lluvia-pamaxan-y-su-mal-servicio-episodio-005\/","url_meta":{"origin":13838,"position":4},"title":"VideoBlog: Calor, lluvia, Pamaxan y su mal servicio. Episodio 005","author":"Pepe Barrascout Ortiz","date":"9 abril 2013","format":false,"excerpt":"https:\/\/youtu.be\/ypWQsE6Srew VideoBlog:\u00a0Calor, lluvia, Pamaxan y su mal servicio El clima caracter\u00edstico de la\u00a0costa sur es la lluvia que en cualquier momento puede aparecer, no siempre ni necesariamente se respetan las temporadas y estaciones clim\u00e1ticas por todos conocidas. La topograf\u00eda propia de la regi\u00f3n, y su ubicaci\u00f3n cerca de la l\u00ednea\u2026","rel":"","context":"En \u00abVideoBlog\u00bb","block_context":{"text":"VideoBlog","link":"https:\/\/quechilero.com\/blog\/category\/videoblog\/"},"img":{"alt_text":"","src":"https:\/\/i0.wp.com\/img.youtube.com\/vi\/ypWQsE6Srew\/0.jpg?resize=350%2C200","width":350,"height":200},"classes":[]},{"id":71,"url":"https:\/\/quechilero.com\/blog\/2006\/07\/27\/emetra\/","url_meta":{"origin":13838,"position":5},"title":"Emetra &#8211; PMT","author":"Pepe Barrascout Ortiz","date":"27 julio 2006","format":false,"excerpt":"A todos en alguna oportunidad, para bien o para mal, nos ha tocado hablar con alg\u00fan integrante de la Polic\u00eda Municipal de Tr\u00e1nsito de la capital. Algunos talvez a las 3 de la ma\u00f1ana despu\u00e9s de una parranda y han sido multados por exceso de velocidad, por manejar en estado\u2026","rel":"","context":"En \u00abLimones\u00bb","block_context":{"text":"Limones","link":"https:\/\/quechilero.com\/blog\/category\/limones\/"},"img":{"alt_text":"","src":"","width":0,"height":0},"classes":[]}],"jetpack_featured_media_url":"","_links":{"self":[{"href":"https:\/\/quechilero.com\/blog\/wp-json\/wp\/v2\/posts\/13838","targetHints":{"allow":["GET"]}}],"collection":[{"href":"https:\/\/quechilero.com\/blog\/wp-json\/wp\/v2\/posts"}],"about":[{"href":"https:\/\/quechilero.com\/blog\/wp-json\/wp\/v2\/types\/post"}],"author":[{"embeddable":true,"href":"https:\/\/quechilero.com\/blog\/wp-json\/wp\/v2\/users\/1"}],"replies":[{"embeddable":true,"href":"https:\/\/quechilero.com\/blog\/wp-json\/wp\/v2\/comments?post=13838"}],"version-history":[{"count":0,"href":"https:\/\/quechilero.com\/blog\/wp-json\/wp\/v2\/posts\/13838\/revisions"}],"wp:attachment":[{"href":"https:\/\/quechilero.com\/blog\/wp-json\/wp\/v2\/media?parent=13838"}],"wp:term":[{"taxonomy":"category","embeddable":true,"href":"https:\/\/quechilero.com\/blog\/wp-json\/wp\/v2\/categories?post=13838"},{"taxonomy":"post_tag","embeddable":true,"href":"https:\/\/quechilero.com\/blog\/wp-json\/wp\/v2\/tags?post=13838"},{"taxonomy":"series","embeddable":true,"href":"https:\/\/quechilero.com\/blog\/wp-json\/wp\/v2\/series?post=13838"}],"curies":[{"name":"wp","href":"https:\/\/api.w.org\/{rel}","templated":true}]}}