{"id":1381,"date":"2008-10-18T11:58:42","date_gmt":"2008-10-18T17:58:42","guid":{"rendered":"http:\/\/quechilero.com\/blog\/?p=1381"},"modified":"2008-10-18T11:58:42","modified_gmt":"2008-10-18T17:58:42","slug":"importancia-de-la-buena-comunicacion","status":"publish","type":"post","link":"https:\/\/quechilero.com\/blog\/2008\/10\/18\/importancia-de-la-buena-comunicacion\/","title":{"rendered":"Importancia de la buena comunicaci\u00f3n"},"content":{"rendered":"<p>A manera de <strong>historia c\u00f3mica<\/strong>, para ejemplificar la <strong>importancia de la buena comunicaci\u00f3n<\/strong> y sobre todo de no andar <strong>suponiendo cosas<\/strong>.<\/p>\n<blockquote><p>Un joven llamado Luis se siente atra\u00eddo por Ana. \u00c9l le propone ir juntos al cine, ella acepta, se lo pasan bien. Unas pocas noches despu\u00e9s el la invita a ir a cenar, y de nuevo est\u00e1n a gusto. Siguen vi\u00e9ndose regularmente, y un tiempo despu\u00e9s ninguno de ellos ve a ninguna otra persona. Entonces, una noche cuando van hacia casa, un pensamiento se le ocurre a Ana y sin pensarlo realmente, ella dice:<\/p>\n<p><em>&#8211; Te das cuenta de que justo hoy hace seis meses que nos vemos?<\/em><\/p>\n<p>Y entonces se hace el silencio en el carro. A Ana le parece un silencio estruendoso.<\/p>\n<p>Ella piensa: <em>-Vaya, me pregunto si le habr\u00e1 molestado que yo haya dicho eso. Quiz\u00e1s se siente restringido por nuestra relaci\u00f3n; quiz\u00e1s crea que yo estoy tratando de forzarle a alguna clase de obligaci\u00f3n que \u00e9l no desea, o sobre la que no est\u00e1 muy seguro.-<\/em><\/p>\n<p>Y Luis esta pensando: <em>-Vaya. Seis meses.-<\/em><\/p>\n<p>Y Ana piensa: <em>-Pero yo tampoco estoy segura de querer esta clase de relaci\u00f3n. A veces me gustar\u00eda tener un poco m\u00e1s de libertad, para tener tiempo de pensar sobre lo que yo realmente quiero que nos mantenga en la direcci\u00f3n a la que nos estamos dirigiendo lentamente&#8230;, quiero decir, \u00bfhacia d\u00f3nde vamos? \u00bfVamos simplemente a seguir vi\u00e9ndonos en este nivel de intimidad? \u00bfNos dirigimos hacia el matrimonio? \u00bfHijos? \u00bfUna vida juntos? \u00bfEstoy preparada para este nivel de compromiso? \u00bfEs que conozco realmente a esta persona? &#8211;<\/em><\/p>\n<p>Y Luis piensa: <em>-&#8230; As\u00ed que eso significa que fue&#8230; veamos&#8230; febrero cuando comenzamos a salir, que fue justo despu\u00e9s de dejar el carro en el taller, o sea que&#8230; veamos el cuenta kil\u00f3metros&#8230; \u00a1cabal pues!, tengo que cambiarle el aceite al carro.-<\/em><\/p>\n<p>Y Ana piensa: <em>-Est\u00e1 disgustado. Puedo verlo en su cara. Quiz\u00e1s estoy interpretando esto completamente mal. Quiz\u00e1s quiere m\u00e1s de nuestra relaci\u00f3n, m\u00e1s intimidad, m\u00e1s compromiso; quiz\u00e1s \u00e9l ha notado -antes que yo- que yo estaba sintiendo algunas reservas. S\u00ed, apuesto a que es eso. Por eso es tan reluctante a decir nada sobre sus propios sentimientos. Tiene miedo de ser rechazado.-<\/em><\/p>\n<p>Y Luis piensa: <em>-Y voy a tener que decirles que me miren la transmisi\u00f3n otra vez. No me importa lo que esos imb\u00e9ciles digan, todav\u00eda no cambia bien. Y esta vez ser\u00e1 mejor que no intenten echarle la culpa al fr\u00edo. \u00bfQu\u00e9 fr\u00edo? Hay 30 grados fuera, y esta cosa cambia como un cami\u00f3n de basura, y yo les pago a esos ladrones incompetentes 5,000 quetzales.-<\/em><\/p>\n<p>Y Ana est\u00e1 pensando: <em>-Est\u00e1 enfadado. Y no puedo culparle. Yo estar\u00eda enfadada, tambi\u00e9n. Dios, me siento tan culpable, haci\u00e9ndole pasar por esto, pero no puedo evitar sentirme como me siento. Simple y llanamente, no estoy segura.-<\/em><\/p>\n<p>Y Luis piensa: <em>-Probablemente me dir\u00e1n que s\u00f3lo tiene tres meses de garant\u00eda. S\u00ed, eso es justo lo que van a decirme, los capullos.-<\/em><\/p><\/blockquote>\n<p>\u00bfcomo creen <strong>que termina<\/strong> esta historia?.<\/p>\n","protected":false},"excerpt":{"rendered":"<p>A manera de historia c\u00f3mica, para ejemplificar la importancia de la buena comunicaci\u00f3n y sobre todo de no andar suponiendo cosas. Un joven llamado Luis se siente atra\u00eddo por Ana. \u00c9l le propone ir juntos al cine, ella acepta, se lo pasan bien. Unas pocas noches despu\u00e9s el la invita a ir a cenar, y &#8230; <a title=\"Importancia de la buena comunicaci\u00f3n\" class=\"read-more\" href=\"https:\/\/quechilero.com\/blog\/2008\/10\/18\/importancia-de-la-buena-comunicacion\/\" aria-label=\"Leer m\u00e1s sobre Importancia de la buena comunicaci\u00f3n\">Leer m\u00e1s<\/a><\/p>\n","protected":false},"author":1,"featured_media":0,"comment_status":"open","ping_status":"open","sticky":false,"template":"","format":"standard","meta":{"advanced_seo_description":"","jetpack_seo_html_title":"","jetpack_seo_noindex":false,"jetpack_seo_schema_type":"","episode_type":"","audio_file":"","podmotor_file_id":"","podmotor_episode_id":"","cover_image":"","cover_image_id":"","duration":"","filesize":"","filesize_raw":"","date_recorded":"","explicit":"","block":"","_jetpack_newsletter_access":"","_jetpack_dont_email_post_to_subs":false,"_jetpack_newsletter_tier_id":0,"_jetpack_memberships_contains_paywalled_content":false,"_jetpack_feature_clip_id":0,"_jetpack_memberships_contains_paid_content":false,"footnotes":"","jetpack_publicize_message":"","jetpack_publicize_feature_enabled":true,"jetpack_social_post_already_shared":false,"jetpack_social_options":{"image_generator_settings":{"template":"highway","default_image_id":0,"font":"","enabled":false},"version":2},"jetpack_post_was_ever_published":false},"categories":[2],"tags":[12,51,17,82,5,24],"series":[],"class_list":["post-1381","post","type-post","status-publish","format-standard","hentry","category-limones","tag-cosas","tag-dios","tag-historia","tag-sentimiento","tag-tiempo","tag-vida"],"episode_featured_image":false,"episode_player_image":"https:\/\/i0.wp.com\/quechilero.com\/blog\/imagenes\/podcast.png?fit=1831%2C1831&ssl=1","download_link":"","player_link":"","audio_player":false,"episode_data":{"playerMode":"dark","subscribeUrls":{"amazon":{"key":"amazon","url":"","label":"Amazon","class":"amazon","icon":"amazon.png"},"apple_podcasts":{"key":"apple_podcasts","url":"","label":"Apple Podcasts","class":"apple_podcasts","icon":"apple-podcasts.png"},"castbox":{"key":"castbox","url":"","label":"CastBox","class":"castbox","icon":"castbox.png"},"deezer":{"key":"deezer","url":"","label":"Deezer","class":"deezer","icon":"deezer.png"},"google_podcasts":{"key":"google_podcasts","url":"","label":"Google Podcasts","class":"google_podcasts","icon":"google-podcasts.png"},"listen_notes":{"key":"listen_notes","url":"","label":"Listen Notes","class":"listen_notes","icon":"listen-notes.png"},"pandora":{"key":"pandora","url":"","label":"Pandora","class":"pandora","icon":"pandora.png"},"podbean":{"key":"podbean","url":"","label":"Podbean","class":"podbean","icon":"podbean.png"},"podcast_republic":{"key":"podcast_republic","url":"","label":"Podcast Republic","class":"podcast_republic","icon":"podcast-republic.png"},"rss":{"key":"rss","url":"","label":"RSS","class":"rss","icon":"rss.png"},"spotify":{"key":"spotify","url":"","label":"Spotify","class":"spotify","icon":"spotify.png"},"stitcher":{"key":"stitcher","url":"","label":"Stitcher","class":"stitcher","icon":"stitcher.png"},"tunein":{"key":"tunein","url":"","label":"TuneIn","class":"tunein","icon":"tunein.png"},"youtube":{"key":"youtube","url":"","label":"YouTube","class":"youtube","icon":"youtube.png"},"iheartradio":{"key":"iheartradio","url":"","label":"iHeartRadio","class":"iheartradio","icon":"iheartradio.png"},"ivoox":{"key":"ivoox","url":"","label":"iVoox","class":"ivoox","icon":"ivoox.png"}},"rssFeedUrl":"https:\/\/quechilero.com\/blog\/feed\/podcast\/si-la-vida-nos-da-limones","embedCode":"<blockquote class=\"wp-embedded-content\" data-secret=\"wHZ9IKaKsW\"><a href=\"https:\/\/quechilero.com\/blog\/2008\/10\/18\/importancia-de-la-buena-comunicacion\/\">Importancia de la buena comunicaci\u00f3n<\/a><\/blockquote><iframe sandbox=\"allow-scripts\" security=\"restricted\" src=\"https:\/\/quechilero.com\/blog\/2008\/10\/18\/importancia-de-la-buena-comunicacion\/embed\/#?secret=wHZ9IKaKsW\" width=\"500\" height=\"350\" title=\"\u00abImportancia de la buena comunicaci\u00f3n\u00bb \u2014 Si la Vida nos da Limones...\" data-secret=\"wHZ9IKaKsW\" frameborder=\"0\" marginwidth=\"0\" marginheight=\"0\" scrolling=\"no\" class=\"wp-embedded-content\"><\/iframe><script>\n\/*! This file is auto-generated *\/\n!function(d,l){\"use strict\";l.querySelector&&d.addEventListener&&\"undefined\"!=typeof URL&&(d.wp=d.wp||{},d.wp.receiveEmbedMessage||(d.wp.receiveEmbedMessage=function(e){var t=e.data;if((t||t.secret||t.message||t.value)&&!\/[^a-zA-Z0-9]\/.test(t.secret)){for(var s,r,n,a=l.querySelectorAll('iframe[data-secret=\"'+t.secret+'\"]'),o=l.querySelectorAll('blockquote[data-secret=\"'+t.secret+'\"]'),c=new RegExp(\"^https?:$\",\"i\"),i=0;i<o.length;i++)o[i].style.display=\"none\";for(i=0;i<a.length;i++)s=a[i],e.source===s.contentWindow&&(s.removeAttribute(\"style\"),\"height\"===t.message?(1e3<(r=parseInt(t.value,10))?r=1e3:~~r<200&&(r=200),s.height=r):\"link\"===t.message&&(r=new URL(s.getAttribute(\"src\")),n=new URL(t.value),c.test(n.protocol))&&n.host===r.host&&l.activeElement===s&&(d.top.location.href=t.value))}},d.addEventListener(\"message\",d.wp.receiveEmbedMessage,!1),l.addEventListener(\"DOMContentLoaded\",function(){for(var e,t,s=l.querySelectorAll(\"iframe.wp-embedded-content\"),r=0;r<s.length;r++)(t=(e=s[r]).getAttribute(\"data-secret\"))||(t=Math.random().toString(36).substring(2,12),e.src+=\"#?secret=\"+t,e.setAttribute(\"data-secret\",t)),e.contentWindow.postMessage({message:\"ready\",secret:t},\"*\")},!1)))}(window,document);\n\/\/# sourceURL=https:\/\/quechilero.com\/blog\/wp-includes\/js\/wp-embed.min.js\n<\/script>\n"},"jetpack_publicize_connections":[],"jetpack_shortlink":"https:\/\/wp.me\/pDKli-mh","jetpack_sharing_enabled":true,"jetpack-related-posts":[{"id":66,"url":"https:\/\/quechilero.com\/blog\/2006\/07\/30\/porque-mtv-no-es-bueno-para-los-padres\/","url_meta":{"origin":1381,"position":0},"title":"Porqu\u00e9 MTv no es bueno para los padres.","author":"Pepe Barrascout Ortiz","date":"30 julio 2006","format":false,"excerpt":"Interesante relato urbano adaptado que encontr\u00e9 navegano por la red: Fragemento de una charla en autobus en Argentina: Ana: No s\u00e9 que hacer. Mi vieja lleg\u00f3 ri\u00e9ndose mientras me dec\u00eda que hab\u00eda visto un programa en Mtv que seg\u00fan ella se llama ?Cuidado que tu cuarto te invado? Vicky: tu\u2026","rel":"","context":"En \u00abLimones\u00bb","block_context":{"text":"Limones","link":"https:\/\/quechilero.com\/blog\/category\/limones\/"},"img":{"alt_text":"","src":"","width":0,"height":0},"classes":[]},{"id":5222,"url":"https:\/\/quechilero.com\/blog\/2010\/08\/07\/maraton-de-blogs-casiopea-4\/","url_meta":{"origin":1381,"position":1},"title":"Marat\u00f3n de Blogs: Casiopea 4","author":"Pepe Barrascout Ortiz","date":"7 agosto 2010","format":false,"excerpt":"En la mitolog\u00eda griega, Casiopea era la esposa del rey Cefeo de Etiop\u00eda y madre con \u00e9l de Andr\u00f3meda, cuya belleza ella ensalzaba por encima de la de las Nereidas. Este orgullo fue la causa de todas sus desgracias, pues Poseid\u00f3n envi\u00f3 un monstruo al pa\u00eds que devast\u00f3 sus tierras,\u2026","rel":"","context":"En \u00abBlogs de Guatemala\u00bb","block_context":{"text":"Blogs de Guatemala","link":"https:\/\/quechilero.com\/blog\/category\/blogs-de-guatemala\/"},"img":{"alt_text":"","src":"https:\/\/i0.wp.com\/i392.photobucket.com\/albums\/pp7\/pepejaguar\/maraton\/casiopea4.png?resize=350%2C200","width":350,"height":200,"srcset":"https:\/\/i0.wp.com\/i392.photobucket.com\/albums\/pp7\/pepejaguar\/maraton\/casiopea4.png?resize=350%2C200 1x, https:\/\/i0.wp.com\/i392.photobucket.com\/albums\/pp7\/pepejaguar\/maraton\/casiopea4.png?resize=525%2C300 1.5x"},"classes":[]},{"id":11420,"url":"https:\/\/quechilero.com\/blog\/2011\/12\/09\/encontro-al-buen-samaritano\/","url_meta":{"origin":1381,"position":2},"title":"Encontr\u00f3 al Buen Samaritano","author":"Pepe Barrascout Ortiz","date":"9 diciembre 2011","format":false,"excerpt":"Una mujer llamada Ana Smith lleg\u00f3 al hogar de una familia muy pobre en donde el jefe de la familia estaba enfermo sufriendo agudos dolores. La mujer entr\u00f3 a visitar este hogar con el prop\u00f3sito de hablarles algo acerca de Cristo. Pero el hombre de muy mal talante dijo a\u2026","rel":"","context":"En \u00abLimones\u00bb","block_context":{"text":"Limones","link":"https:\/\/quechilero.com\/blog\/category\/limones\/"},"img":{"alt_text":"","src":"","width":0,"height":0},"classes":[]},{"id":31903,"url":"https:\/\/quechilero.com\/blog\/2023\/08\/03\/casi-nula-la-comunicacion-institucional-del-gimnasio\/","url_meta":{"origin":1381,"position":3},"title":"Casi nula la comunicaci\u00f3n institucional del gimnasio","author":"Pepe Barrascout Ortiz","date":"3 agosto 2023","format":false,"excerpt":"Amigos, en cualquier relaci\u00f3n, ya sea comercial, sentimental, laboral, etc, la comunicaci\u00f3n es la base fundamental del \u00e9xito en esa relaci\u00f3n. Desafortunadamente, de las peores cosas que tiene el gimnasio, son las comunicaciones oficiales. Es que no hay nada que sea m\u00e1s ineficiente que recibir informaci\u00f3n importante del gimnasio. El\u2026","rel":"","context":"En \u00abDaily Gym\u00bb","block_context":{"text":"Daily Gym","link":"https:\/\/quechilero.com\/blog\/category\/podcast\/daily-gym\/"},"img":{"alt_text":"Daily Gym Podcast","src":"https:\/\/i0.wp.com\/quechilero.com\/blog\/imagenes\/DailyGym.jpg?fit=1200%2C675&ssl=1&resize=350%2C200","width":350,"height":200,"srcset":"https:\/\/i0.wp.com\/quechilero.com\/blog\/imagenes\/DailyGym.jpg?fit=1200%2C675&ssl=1&resize=350%2C200 1x, https:\/\/i0.wp.com\/quechilero.com\/blog\/imagenes\/DailyGym.jpg?fit=1200%2C675&ssl=1&resize=525%2C300 1.5x, https:\/\/i0.wp.com\/quechilero.com\/blog\/imagenes\/DailyGym.jpg?fit=1200%2C675&ssl=1&resize=700%2C400 2x, https:\/\/i0.wp.com\/quechilero.com\/blog\/imagenes\/DailyGym.jpg?fit=1200%2C675&ssl=1&resize=1050%2C600 3x"},"classes":[]},{"id":16348,"url":"https:\/\/quechilero.com\/blog\/2013\/03\/19\/un-momento-de-silencio-como-san-jose\/","url_meta":{"origin":1381,"position":4},"title":"Un momento de silencio&#8230; como San Jos\u00e9","author":"Pepe Barrascout Ortiz","date":"19 marzo 2013","format":false,"excerpt":"As\u00ed como hay dolor y alegr\u00eda, as\u00ed como hay inquietud y paz; as\u00ed el hombre tiene en su vida dos cauces por donde transcurre su existencia: La palabra y el silencio. La palabra, del lat\u00edn par\u00e1bola, es la facultad natural de hablar. Solo el hombre disfruta de la palabra. La\u2026","rel":"","context":"En \u00abLimones\u00bb","block_context":{"text":"Limones","link":"https:\/\/quechilero.com\/blog\/category\/limones\/"},"img":{"alt_text":"","src":"","width":0,"height":0},"classes":[]},{"id":16359,"url":"https:\/\/quechilero.com\/blog\/2013\/03\/30\/del-miedo-y-el-deseo\/","url_meta":{"origin":1381,"position":5},"title":"Del miedo y el deseo","author":"Pepe Barrascout Ortiz","date":"30 marzo 2013","format":false,"excerpt":"Ana Sharp, autora de \"La Magia del Camino Real\", la responsable de acompa\u00f1ar a Shirley MacLaine por el Camino de Santiago, me dijo cierta noche: \"El miedo es un deseo oculto. Inconscientemente, pasamos la vida intentando probar que nuestros padres estaban acertados, porque ellos nos dieron la cosa m\u00e1s importante:\u2026","rel":"","context":"En \u00abLimones\u00bb","block_context":{"text":"Limones","link":"https:\/\/quechilero.com\/blog\/category\/limones\/"},"img":{"alt_text":"","src":"","width":0,"height":0},"classes":[]}],"jetpack_featured_media_url":"","_links":{"self":[{"href":"https:\/\/quechilero.com\/blog\/wp-json\/wp\/v2\/posts\/1381","targetHints":{"allow":["GET"]}}],"collection":[{"href":"https:\/\/quechilero.com\/blog\/wp-json\/wp\/v2\/posts"}],"about":[{"href":"https:\/\/quechilero.com\/blog\/wp-json\/wp\/v2\/types\/post"}],"author":[{"embeddable":true,"href":"https:\/\/quechilero.com\/blog\/wp-json\/wp\/v2\/users\/1"}],"replies":[{"embeddable":true,"href":"https:\/\/quechilero.com\/blog\/wp-json\/wp\/v2\/comments?post=1381"}],"version-history":[{"count":0,"href":"https:\/\/quechilero.com\/blog\/wp-json\/wp\/v2\/posts\/1381\/revisions"}],"wp:attachment":[{"href":"https:\/\/quechilero.com\/blog\/wp-json\/wp\/v2\/media?parent=1381"}],"wp:term":[{"taxonomy":"category","embeddable":true,"href":"https:\/\/quechilero.com\/blog\/wp-json\/wp\/v2\/categories?post=1381"},{"taxonomy":"post_tag","embeddable":true,"href":"https:\/\/quechilero.com\/blog\/wp-json\/wp\/v2\/tags?post=1381"},{"taxonomy":"series","embeddable":true,"href":"https:\/\/quechilero.com\/blog\/wp-json\/wp\/v2\/series?post=1381"}],"curies":[{"name":"wp","href":"https:\/\/api.w.org\/{rel}","templated":true}]}}